{"id":942393,"date":"2026-01-14T21:05:00","date_gmt":"2026-01-14T20:05:00","guid":{"rendered":"https:\/\/gradski.me\/?p=909118"},"modified":"2026-01-14T21:05:00","modified_gmt":"2026-01-14T20:05:00","slug":"za-tri-dana-na-skijalistu-kolasin-1600-prodato-3-000-ski-pasova","status":"publish","type":"post","link":"https:\/\/dmcsrb.com\/en\/ekonomija\/za-tri-dana-na-skijalistu-kolasin-1600-prodato-3-000-ski-pasova\/","title":{"rendered":"Za tri dana na Skijali\u0161tu Kola\u0161in 1600 prodato 3.000 ski-pasova"},"content":{"rendered":"<p>Kako sada stvari stoje, produ\u017eetka raspusta nema, jer je Ministarstvo prosvjete odbilo zahtjev Skijali\u0161ta da pomjere po\u010detak drugog polugodi\u0161ta. Iz tog preduze\u0107a nijesu \u017eeljeli da komentari\u0161u taj stav, ali apeluju na Ministarstvo da za narednu sezonu razmotre tu mogu\u0107nost.<\/p>\n\n\n\n<p>Do tada, iz na\u0161eg najve\u0107eg ski-rizorta poru\u010duju da su u saradnji s Nacionalnom i Turisti\u010dkom organizacijom Glavnog grada, kao i Privrednom komorom organizovali besplatan prevoz do Skijali\u0161ta iz Podgorice. Ski-bus \u0107e voziti ljubitelje snijega svakog utorka i \u010detvrtka, a kre\u0107u sjutra. Kola\u0161inci tu olak\u0161icu koriste ve\u0107 od 31. decembra.<\/p>\n\n\n\n<p>Medenica isti\u010de da je oisjeta izuzetna, budu\u0107i da prethodne sezone nijesu ile ba\u0161 uspje\u0161ne.<\/p>\n\n\n\n<p>&#8220;Svi smo se u\u017eeljeli snijega. Ove godine je malo kasnio, ali opet je na vrijeme i posjeta je izuzetna. Mi smo prethodna tri dana imali ne\u0161to oko 3.000 skija\u0161a i mislim da je to dobar rezultat&#8221;, kazao je on.<\/p>\n\n\n\n<p>Istakao je da je na stazi oko 30 centimetara utabanog snijega.<\/p>\n\n\n\n<p>&#8220;Sad ve\u0107 je oko od 21. (januara) o\u010dekujemo dodatne koli\u010dine snijega, za kraj mjeseca imamo jo\u0161 nekih najava. Mislim da \u0107e ova sezona najmanje trajati do kraja februara. Tih 40 dana \u0107e nam garantovati jednu mirniju godinu u odnosu na prethodne&#8221;, naveo je Medinica.<\/p>","protected":false},"excerpt":{"rendered":"<p>Ljubitelji snijega ovih dana nadokna\u0111uju propu\u0161tene skija\u0161ke dane u Crnoj Gori. Za tri dana na Skijali\u0161tu Kola\u0161in 1600 prodato je 3.000 ski-pasova. Direktor Skijali\u0161ta Crne Gore Bojan Medenica o\u010dekuje da \u0107e sezona trajati do kraja februara.<\/p>","protected":false},"author":1,"featured_media":906819,"comment_status":"open","ping_status":"open","sticky":false,"template":"","format":"standard","meta":{"_acf_changed":false,"footnotes":""},"categories":[27],"tags":[289,10660,5499],"naslovna":[],"class_list":["post-942393","post","type-post","status-publish","format-standard","has-post-thumbnail","hentry","category-ekonomija","tag-kolasin-2","tag-kolasin-1600","tag-ski-centar"],"acf":[],"yoast_head":"<!-- This site is optimized with the Yoast SEO plugin v27.4 - https:\/\/yoast.com\/product\/yoast-seo-wordpress\/ -->\n<title>Za tri dana na Skijali\u0161tu Kola\u0161in 1600 prodato 3.000 ski-pasova - dmcsrb.com<\/title>\n<meta name=\"robots\" content=\"index, follow, max-snippet:-1, max-image-preview:large, max-video-preview:-1\" \/>\n<link rel=\"canonical\" href=\"https:\/\/dmcsrb.com\/en\/ekonomija\/za-tri-dana-na-skijalistu-kolasin-1600-prodato-3-000-ski-pasova\/\" \/>\n<meta property=\"og:locale\" content=\"en_GB\" \/>\n<meta property=\"og:type\" content=\"article\" \/>\n<meta property=\"og:title\" content=\"Za tri dana na Skijali\u0161tu Kola\u0161in 1600 prodato 3.000 ski-pasova - dmcsrb.com\" \/>\n<meta property=\"og:description\" content=\"Ljubitelji snijega ovih dana nadokna\u0111uju propu\u0161tene skija\u0161ke dane u Crnoj Gori. Za tri dana na Skijali\u0161tu Kola\u0161in 1600 prodato je 3.000 ski-pasova. Direktor Skijali\u0161ta Crne Gore Bojan Medenica o\u010dekuje da \u0107e sezona trajati do kraja februara.\" \/>\n<meta property=\"og:url\" content=\"https:\/\/dmcsrb.com\/en\/ekonomija\/za-tri-dana-na-skijalistu-kolasin-1600-prodato-3-000-ski-pasova\/\" \/>\n<meta property=\"og:site_name\" content=\"dmcsrb.com\" \/>\n<meta property=\"article:published_time\" content=\"2026-01-14T20:05:00+00:00\" \/>\n<meta property=\"og:image\" content=\"https:\/\/dmcsrb.com\/wp-content\/uploads\/2026\/01\/Ski-centar-Kolasin-1600-foto-mediabiro.webp\" \/>\n\t<meta property=\"og:image:width\" content=\"1165\" \/>\n\t<meta property=\"og:image:height\" content=\"642\" \/>\n\t<meta property=\"og:image:type\" content=\"image\/jpeg\" \/>\n<meta name=\"author\" content=\"dmcsrbija.com@gmail.com\" \/>\n<meta name=\"twitter:card\" content=\"summary_large_image\" \/>\n<meta name=\"twitter:label1\" content=\"Written by\" \/>\n\t<meta name=\"twitter:data1\" content=\"dmcsrbija.com@gmail.com\" \/>\n\t<meta name=\"twitter:label2\" content=\"Estimated reading time\" \/>\n\t<meta name=\"twitter:data2\" content=\"1 minute\" \/>\n<script type=\"application\/ld+json\" class=\"yoast-schema-graph\">{\"@context\":\"https:\\\/\\\/schema.org\",\"@graph\":[{\"@type\":\"Article\",\"@id\":\"https:\\\/\\\/dmcsrb.com\\\/ekonomija\\\/za-tri-dana-na-skijalistu-kolasin-1600-prodato-3-000-ski-pasova\\\/#article\",\"isPartOf\":{\"@id\":\"https:\\\/\\\/dmcsrb.com\\\/ekonomija\\\/za-tri-dana-na-skijalistu-kolasin-1600-prodato-3-000-ski-pasova\\\/\"},\"author\":{\"name\":\"dmcsrbija.com@gmail.com\",\"@id\":\"https:\\\/\\\/dmcsrb.com\\\/#\\\/schema\\\/person\\\/5c39170f12db1b8b457732d0b5c854e2\"},\"headline\":\"Za tri dana na Skijali\u0161tu Kola\u0161in 1600 prodato 3.000 ski-pasova\",\"datePublished\":\"2026-01-14T20:05:00+00:00\",\"mainEntityOfPage\":{\"@id\":\"https:\\\/\\\/dmcsrb.com\\\/ekonomija\\\/za-tri-dana-na-skijalistu-kolasin-1600-prodato-3-000-ski-pasova\\\/\"},\"wordCount\":224,\"commentCount\":0,\"image\":{\"@id\":\"https:\\\/\\\/dmcsrb.com\\\/ekonomija\\\/za-tri-dana-na-skijalistu-kolasin-1600-prodato-3-000-ski-pasova\\\/#primaryimage\"},\"thumbnailUrl\":\"https:\\\/\\\/dmcsrb.com\\\/wp-content\\\/uploads\\\/2026\\\/01\\\/Ski-centar-Kolasin-1600-foto-mediabiro.webp\",\"keywords\":[\"kOLA\u0160IN\",\"Kola\u0161in 1600\",\"ski centar\"],\"articleSection\":[\"Ekonomija\"],\"inLanguage\":\"en-GB\",\"potentialAction\":[{\"@type\":\"CommentAction\",\"name\":\"Comment\",\"target\":[\"https:\\\/\\\/dmcsrb.com\\\/ekonomija\\\/za-tri-dana-na-skijalistu-kolasin-1600-prodato-3-000-ski-pasova\\\/#respond\"]}]},{\"@type\":\"WebPage\",\"@id\":\"https:\\\/\\\/dmcsrb.com\\\/ekonomija\\\/za-tri-dana-na-skijalistu-kolasin-1600-prodato-3-000-ski-pasova\\\/\",\"url\":\"https:\\\/\\\/dmcsrb.com\\\/ekonomija\\\/za-tri-dana-na-skijalistu-kolasin-1600-prodato-3-000-ski-pasova\\\/\",\"name\":\"Za tri dana na Skijali\u0161tu Kola\u0161in 1600 prodato 3.000 ski-pasova - dmcsrb.com\",\"isPartOf\":{\"@id\":\"https:\\\/\\\/dmcsrb.com\\\/#website\"},\"primaryImageOfPage\":{\"@id\":\"https:\\\/\\\/dmcsrb.com\\\/ekonomija\\\/za-tri-dana-na-skijalistu-kolasin-1600-prodato-3-000-ski-pasova\\\/#primaryimage\"},\"image\":{\"@id\":\"https:\\\/\\\/dmcsrb.com\\\/ekonomija\\\/za-tri-dana-na-skijalistu-kolasin-1600-prodato-3-000-ski-pasova\\\/#primaryimage\"},\"thumbnailUrl\":\"https:\\\/\\\/dmcsrb.com\\\/wp-content\\\/uploads\\\/2026\\\/01\\\/Ski-centar-Kolasin-1600-foto-mediabiro.webp\",\"datePublished\":\"2026-01-14T20:05:00+00:00\",\"author\":{\"@id\":\"https:\\\/\\\/dmcsrb.com\\\/#\\\/schema\\\/person\\\/5c39170f12db1b8b457732d0b5c854e2\"},\"breadcrumb\":{\"@id\":\"https:\\\/\\\/dmcsrb.com\\\/ekonomija\\\/za-tri-dana-na-skijalistu-kolasin-1600-prodato-3-000-ski-pasova\\\/#breadcrumb\"},\"inLanguage\":\"en-GB\",\"potentialAction\":[{\"@type\":\"ReadAction\",\"target\":[\"https:\\\/\\\/dmcsrb.com\\\/ekonomija\\\/za-tri-dana-na-skijalistu-kolasin-1600-prodato-3-000-ski-pasova\\\/\"]}]},{\"@type\":\"ImageObject\",\"inLanguage\":\"en-GB\",\"@id\":\"https:\\\/\\\/dmcsrb.com\\\/ekonomija\\\/za-tri-dana-na-skijalistu-kolasin-1600-prodato-3-000-ski-pasova\\\/#primaryimage\",\"url\":\"https:\\\/\\\/dmcsrb.com\\\/wp-content\\\/uploads\\\/2026\\\/01\\\/Ski-centar-Kolasin-1600-foto-mediabiro.webp\",\"contentUrl\":\"https:\\\/\\\/dmcsrb.com\\\/wp-content\\\/uploads\\\/2026\\\/01\\\/Ski-centar-Kolasin-1600-foto-mediabiro.webp\",\"width\":1165,\"height\":642,\"caption\":\"Foto: Mediabiro\"},{\"@type\":\"BreadcrumbList\",\"@id\":\"https:\\\/\\\/dmcsrb.com\\\/ekonomija\\\/za-tri-dana-na-skijalistu-kolasin-1600-prodato-3-000-ski-pasova\\\/#breadcrumb\",\"itemListElement\":[{\"@type\":\"ListItem\",\"position\":1,\"name\":\"Home\",\"item\":\"https:\\\/\\\/dmcsrb.com\\\/\"},{\"@type\":\"ListItem\",\"position\":2,\"name\":\"Za tri dana na Skijali\u0161tu Kola\u0161in 1600 prodato 3.000 ski-pasova\"}]},{\"@type\":\"WebSite\",\"@id\":\"https:\\\/\\\/dmcsrb.com\\\/#website\",\"url\":\"https:\\\/\\\/dmcsrb.com\\\/\",\"name\":\"dmcsrb.com\",\"description\":\"\",\"potentialAction\":[{\"@type\":\"SearchAction\",\"target\":{\"@type\":\"EntryPoint\",\"urlTemplate\":\"https:\\\/\\\/dmcsrb.com\\\/?s={search_term_string}\"},\"query-input\":{\"@type\":\"PropertyValueSpecification\",\"valueRequired\":true,\"valueName\":\"search_term_string\"}}],\"inLanguage\":\"en-GB\"},{\"@type\":\"Person\",\"@id\":\"https:\\\/\\\/dmcsrb.com\\\/#\\\/schema\\\/person\\\/5c39170f12db1b8b457732d0b5c854e2\",\"name\":\"dmcsrbija.com@gmail.com\",\"image\":{\"@type\":\"ImageObject\",\"inLanguage\":\"en-GB\",\"@id\":\"https:\\\/\\\/secure.gravatar.com\\\/avatar\\\/68592660ad6347fad0fb587f8d5d8f1a7b44961362f56e4f2cd524feb87e9069?s=96&d=mm&r=g\",\"url\":\"https:\\\/\\\/secure.gravatar.com\\\/avatar\\\/68592660ad6347fad0fb587f8d5d8f1a7b44961362f56e4f2cd524feb87e9069?s=96&d=mm&r=g\",\"contentUrl\":\"https:\\\/\\\/secure.gravatar.com\\\/avatar\\\/68592660ad6347fad0fb587f8d5d8f1a7b44961362f56e4f2cd524feb87e9069?s=96&d=mm&r=g\",\"caption\":\"dmcsrbija.com@gmail.com\"},\"sameAs\":[\"https:\\\/\\\/dmcsrb.com\"],\"url\":\"https:\\\/\\\/dmcsrb.com\\\/en\\\/author\\\/dmcsrbija-comgmail-com\\\/\"}]}<\/script>\n<!-- \/ Yoast SEO plugin. -->","yoast_head_json":{"title":"Za tri dana na Skijali\u0161tu Kola\u0161in 1600 prodato 3.000 ski-pasova - dmcsrb.com","robots":{"index":"index","follow":"follow","max-snippet":"max-snippet:-1","max-image-preview":"max-image-preview:large","max-video-preview":"max-video-preview:-1"},"canonical":"https:\/\/dmcsrb.com\/en\/ekonomija\/za-tri-dana-na-skijalistu-kolasin-1600-prodato-3-000-ski-pasova\/","og_locale":"en_GB","og_type":"article","og_title":"Za tri dana na Skijali\u0161tu Kola\u0161in 1600 prodato 3.000 ski-pasova - dmcsrb.com","og_description":"Ljubitelji snijega ovih dana nadokna\u0111uju propu\u0161tene skija\u0161ke dane u Crnoj Gori. Za tri dana na Skijali\u0161tu Kola\u0161in 1600 prodato je 3.000 ski-pasova. Direktor Skijali\u0161ta Crne Gore Bojan Medenica o\u010dekuje da \u0107e sezona trajati do kraja februara.","og_url":"https:\/\/dmcsrb.com\/en\/ekonomija\/za-tri-dana-na-skijalistu-kolasin-1600-prodato-3-000-ski-pasova\/","og_site_name":"dmcsrb.com","article_published_time":"2026-01-14T20:05:00+00:00","og_image":[{"width":1165,"height":642,"url":"https:\/\/dmcsrb.com\/wp-content\/uploads\/2026\/01\/Ski-centar-Kolasin-1600-foto-mediabiro.webp","type":"image\/jpeg"}],"author":"dmcsrbija.com@gmail.com","twitter_card":"summary_large_image","twitter_misc":{"Written by":"dmcsrbija.com@gmail.com","Estimated reading time":"1 minute"},"schema":{"@context":"https:\/\/schema.org","@graph":[{"@type":"Article","@id":"https:\/\/dmcsrb.com\/ekonomija\/za-tri-dana-na-skijalistu-kolasin-1600-prodato-3-000-ski-pasova\/#article","isPartOf":{"@id":"https:\/\/dmcsrb.com\/ekonomija\/za-tri-dana-na-skijalistu-kolasin-1600-prodato-3-000-ski-pasova\/"},"author":{"name":"dmcsrbija.com@gmail.com","@id":"https:\/\/dmcsrb.com\/#\/schema\/person\/5c39170f12db1b8b457732d0b5c854e2"},"headline":"Za tri dana na Skijali\u0161tu Kola\u0161in 1600 prodato 3.000 ski-pasova","datePublished":"2026-01-14T20:05:00+00:00","mainEntityOfPage":{"@id":"https:\/\/dmcsrb.com\/ekonomija\/za-tri-dana-na-skijalistu-kolasin-1600-prodato-3-000-ski-pasova\/"},"wordCount":224,"commentCount":0,"image":{"@id":"https:\/\/dmcsrb.com\/ekonomija\/za-tri-dana-na-skijalistu-kolasin-1600-prodato-3-000-ski-pasova\/#primaryimage"},"thumbnailUrl":"https:\/\/dmcsrb.com\/wp-content\/uploads\/2026\/01\/Ski-centar-Kolasin-1600-foto-mediabiro.webp","keywords":["kOLA\u0160IN","Kola\u0161in 1600","ski centar"],"articleSection":["Ekonomija"],"inLanguage":"en-GB","potentialAction":[{"@type":"CommentAction","name":"Comment","target":["https:\/\/dmcsrb.com\/ekonomija\/za-tri-dana-na-skijalistu-kolasin-1600-prodato-3-000-ski-pasova\/#respond"]}]},{"@type":"WebPage","@id":"https:\/\/dmcsrb.com\/ekonomija\/za-tri-dana-na-skijalistu-kolasin-1600-prodato-3-000-ski-pasova\/","url":"https:\/\/dmcsrb.com\/ekonomija\/za-tri-dana-na-skijalistu-kolasin-1600-prodato-3-000-ski-pasova\/","name":"Za tri dana na Skijali\u0161tu Kola\u0161in 1600 prodato 3.000 ski-pasova - dmcsrb.com","isPartOf":{"@id":"https:\/\/dmcsrb.com\/#website"},"primaryImageOfPage":{"@id":"https:\/\/dmcsrb.com\/ekonomija\/za-tri-dana-na-skijalistu-kolasin-1600-prodato-3-000-ski-pasova\/#primaryimage"},"image":{"@id":"https:\/\/dmcsrb.com\/ekonomija\/za-tri-dana-na-skijalistu-kolasin-1600-prodato-3-000-ski-pasova\/#primaryimage"},"thumbnailUrl":"https:\/\/dmcsrb.com\/wp-content\/uploads\/2026\/01\/Ski-centar-Kolasin-1600-foto-mediabiro.webp","datePublished":"2026-01-14T20:05:00+00:00","author":{"@id":"https:\/\/dmcsrb.com\/#\/schema\/person\/5c39170f12db1b8b457732d0b5c854e2"},"breadcrumb":{"@id":"https:\/\/dmcsrb.com\/ekonomija\/za-tri-dana-na-skijalistu-kolasin-1600-prodato-3-000-ski-pasova\/#breadcrumb"},"inLanguage":"en-GB","potentialAction":[{"@type":"ReadAction","target":["https:\/\/dmcsrb.com\/ekonomija\/za-tri-dana-na-skijalistu-kolasin-1600-prodato-3-000-ski-pasova\/"]}]},{"@type":"ImageObject","inLanguage":"en-GB","@id":"https:\/\/dmcsrb.com\/ekonomija\/za-tri-dana-na-skijalistu-kolasin-1600-prodato-3-000-ski-pasova\/#primaryimage","url":"https:\/\/dmcsrb.com\/wp-content\/uploads\/2026\/01\/Ski-centar-Kolasin-1600-foto-mediabiro.webp","contentUrl":"https:\/\/dmcsrb.com\/wp-content\/uploads\/2026\/01\/Ski-centar-Kolasin-1600-foto-mediabiro.webp","width":1165,"height":642,"caption":"Foto: Mediabiro"},{"@type":"BreadcrumbList","@id":"https:\/\/dmcsrb.com\/ekonomija\/za-tri-dana-na-skijalistu-kolasin-1600-prodato-3-000-ski-pasova\/#breadcrumb","itemListElement":[{"@type":"ListItem","position":1,"name":"Home","item":"https:\/\/dmcsrb.com\/"},{"@type":"ListItem","position":2,"name":"Za tri dana na Skijali\u0161tu Kola\u0161in 1600 prodato 3.000 ski-pasova"}]},{"@type":"WebSite","@id":"https:\/\/dmcsrb.com\/#website","url":"https:\/\/dmcsrb.com\/","name":"dmcsrb.com","description":"","potentialAction":[{"@type":"SearchAction","target":{"@type":"EntryPoint","urlTemplate":"https:\/\/dmcsrb.com\/?s={search_term_string}"},"query-input":{"@type":"PropertyValueSpecification","valueRequired":true,"valueName":"search_term_string"}}],"inLanguage":"en-GB"},{"@type":"Person","@id":"https:\/\/dmcsrb.com\/#\/schema\/person\/5c39170f12db1b8b457732d0b5c854e2","name":"dmcsrbija.com@gmail.com","image":{"@type":"ImageObject","inLanguage":"en-GB","@id":"https:\/\/secure.gravatar.com\/avatar\/68592660ad6347fad0fb587f8d5d8f1a7b44961362f56e4f2cd524feb87e9069?s=96&d=mm&r=g","url":"https:\/\/secure.gravatar.com\/avatar\/68592660ad6347fad0fb587f8d5d8f1a7b44961362f56e4f2cd524feb87e9069?s=96&d=mm&r=g","contentUrl":"https:\/\/secure.gravatar.com\/avatar\/68592660ad6347fad0fb587f8d5d8f1a7b44961362f56e4f2cd524feb87e9069?s=96&d=mm&r=g","caption":"dmcsrbija.com@gmail.com"},"sameAs":["https:\/\/dmcsrb.com"],"url":"https:\/\/dmcsrb.com\/en\/author\/dmcsrbija-comgmail-com\/"}]}},"_links":{"self":[{"href":"https:\/\/dmcsrb.com\/en\/wp-json\/wp\/v2\/posts\/942393","targetHints":{"allow":["GET"]}}],"collection":[{"href":"https:\/\/dmcsrb.com\/en\/wp-json\/wp\/v2\/posts"}],"about":[{"href":"https:\/\/dmcsrb.com\/en\/wp-json\/wp\/v2\/types\/post"}],"author":[{"embeddable":true,"href":"https:\/\/dmcsrb.com\/en\/wp-json\/wp\/v2\/users\/1"}],"replies":[{"embeddable":true,"href":"https:\/\/dmcsrb.com\/en\/wp-json\/wp\/v2\/comments?post=942393"}],"version-history":[{"count":0,"href":"https:\/\/dmcsrb.com\/en\/wp-json\/wp\/v2\/posts\/942393\/revisions"}],"wp:featuredmedia":[{"embeddable":true,"href":"https:\/\/dmcsrb.com\/en\/wp-json\/wp\/v2\/media\/906819"}],"wp:attachment":[{"href":"https:\/\/dmcsrb.com\/en\/wp-json\/wp\/v2\/media?parent=942393"}],"wp:term":[{"taxonomy":"category","embeddable":true,"href":"https:\/\/dmcsrb.com\/en\/wp-json\/wp\/v2\/categories?post=942393"},{"taxonomy":"post_tag","embeddable":true,"href":"https:\/\/dmcsrb.com\/en\/wp-json\/wp\/v2\/tags?post=942393"},{"taxonomy":"naslovna","embeddable":true,"href":"https:\/\/dmcsrb.com\/en\/wp-json\/wp\/v2\/naslovna?post=942393"}],"curies":[{"name":"wp","href":"https:\/\/api.w.org\/{rel}","templated":true}]}}