{"id":942388,"date":"2026-01-14T19:50:00","date_gmt":"2026-01-14T18:50:00","guid":{"rendered":"https:\/\/gradski.me\/?p=909082"},"modified":"2026-01-14T19:50:00","modified_gmt":"2026-01-14T18:50:00","slug":"poraz-od-bugarske-odluka-u-trecem-kolu","status":"publish","type":"post","link":"https:\/\/dmcsrb.com\/en\/sport\/poraz-od-bugarske-odluka-u-trecem-kolu\/","title":{"rendered":"Poraz od Bugarske, odluka u tre\u0107em kolu"},"content":{"rendered":"<p>Bila je ovo prilika da izabranice&nbsp;<strong>Milana Milo\u0161evi\u0107a<\/strong>&nbsp;protiv vrlo kvalitetnog protivnika, vjerovatno i prvog favorita turnira, naprave korak ka polufinalu, ali \u0107e za epilog morati da sa\u010dekaju tre\u0107u rundu. Crna Gora igra sa Kosovom, ali je i zainteresovana za ishod duela Bugarske i Gr\u010dke.<\/p>\n\n\n\n<p>Po\u010dele su sjajno&nbsp;<strong>Anastasija Koprivica<\/strong>&nbsp;i drugarice, prvi set u dvorani koja nosi ime \u010duvenog bugarskog revolucionara pjesnika i publiciste Hrista Boteva, kao da je bio nastavak me\u010d prvog kola sa Gr\u010dkom.<\/p>\n\n\n\n<p>Veliki preokret napravila je Crna Gora u utorak, od 0:2 stigla do 3:2, a ispunjene samopouzdanjem i poletom na\u0161e djevojke su nadigrale doma\u0107ina u prvom setu.<\/p>\n\n\n\n<p>Poeni Anastasije Koprivice i&nbsp;<strong>Elene \u010colakovi\u0107<\/strong>&nbsp;bili su klju\u010dni da na\u0161a selekcija od 11:10 ode na 14:10, potom i na 15:11, 16:12 i napravi razliku. Doma\u0107in se jeste vra\u0107ao (17:17) ali niti jednom vi\u0161e nije poveo u prvom setu. Poeni Koprovice, pa dva servisa Elene \u010colakovi\u0107 i na\u0161e su se na\u0161le u zagrljaju \u2013 sa 22:21 oti\u0161le su na 25:21 i proslavile vo\u0111stvo 1:0.<\/p>\n\n\n\n<p>Ve\u0107 po\u010detkom drugog seta, me\u0111utim, vidjelo se koliko je naporan me\u010d sa Grkinjama dan ranije ostavio traga. Vo\u0111stvo Bugarki od 4:0 kao da je naslutilo epilog \u2013 razlika je rasla, za krajnjih 25:15, a Crna Gora je ve\u0107 sredinom tog dijela igre mislila na klju\u010dni, tre\u0107i set.<\/p>\n\n\n\n<p>On je i zaista bio presudan. Sve \u0161to su imale dale su na\u0161e djevojke, od po\u010detka su bile u vo\u0111stvu, kontrolisale i igru i rezultat, vodile su 10:7, 13:9, pa maksimalnih 16:10, ali nisu izdr\u017eale do kraja.<\/p>\n\n\n\n<p>Doma\u0107e su se vra\u0107ale u igru, izjedna\u010dile na 20:20, a onda kod vo\u0111stva 23:22 za Crnu Goru vezale tri poena i osvojile tre\u0107i set.<\/p>\n\n\n\n<p>Demoralisane ovakvim epilogom, mlade crnogorske odbojka\u0161ice ostale su bez energije i \u010detvrti set kao da je prohujao pored njih \u2013 25:9 za Bugarsku, koja je sa dvije pobjede ve\u0107 osigurala plasman u polufinale.<\/p>\n\n\n\n<p>Na\u0161im igra\u010dicama ostaje da se oporave i pripreme se za me\u010d tre\u0107eg kola sa Kosovom (sjutra, 14 sati), a onda i sa\u010dekaju ishod duela Bugarske i Gr\u010dke.<\/p>\n\n\n\n<p>Svi se nadaju da \u0107e Bugarska u posljednjem kolu opravdati epitet favorita i pobijediti Gr\u010dku, \u0161to bi uz obavezan trijumf nad Kosovom bilo dovoljno za plasman u polufinale.<\/p>\n\n\n\n<h3 class=\"wp-block-heading\">CRNA GORA \u2013 BUGARSKA 1:3 <strong>(25:21, 15:25, 23:25, 9:25)<\/strong><\/h3>\n\n\n\n<p><strong>Sofija&nbsp;<\/strong>\u2013 SC \u201cHristo Botev\u201d. Gledalaca: 270. Sudije:&nbsp;<strong>Predrag Baland\u017ei\u0107&nbsp;<\/strong>(Srbija) i&nbsp;<strong>Eleni Danilidu&nbsp;<\/strong>(Gr\u010dka).<\/p>\n\n\n\n<p>Montenegro<strong>: Jovovi\u0107, Leki\u0107 1, Krasni\u0107i, Gudelj, Strikovi\u0107 (libero), Duleti\u0107 6, To\u0161i\u0107 (libero), \u0106orovi\u0107 8, \u0110uki\u0107 2, Pekovi\u0107&nbsp; 2, Glavanovi\u0107 6, \u010colakovi\u0107 8, Koprivica 15, Milivojevi\u0107.&nbsp;<\/strong>Selektor<strong>: Milan Milo\u0161evi\u0107.<\/strong><\/p>\n\n\n\n<p>Bugarska<strong>: Aleksieva 2, Stanislavova, Vel\u010deva 11, Todorova 13, Petrova 1, Popova 11, Genduzova, Ivanova 6, Rikova, Veneva 19, Rusinova, Stefanova (liber), Naneva 12, Koleva (libero).&nbsp;<\/strong>Selektor:<strong>&nbsp;Atanas Petrov.<\/strong><\/p>","protected":false},"excerpt":{"rendered":"<p>Mlade crnogorske odbojka\u0161ice pora\u017eene su od doma\u0107e\u00a0Bugarske u Sofiji sa 3:1 (21:25, 25:15, 25:23, 25:9) u drugom kolu\u00a0CEV zonskih kvalifikacija za Evropsko prvenstvo 2026.<\/p>","protected":false},"author":1,"featured_media":942718,"comment_status":"open","ping_status":"open","sticky":false,"template":"","format":"standard","meta":{"_acf_changed":false,"footnotes":""},"categories":[148],"tags":[16006,15939,528],"naslovna":[],"class_list":["post-942388","post","type-post","status-publish","format-standard","has-post-thumbnail","hentry","category-sport","tag-cev-zonske-kvalifikacije-za-ep","tag-mlada-zenska-odbojkaska-reprezentacija-crne-gore","tag-odbojka"],"acf":[],"yoast_head":"<!-- This site is optimized with the Yoast SEO plugin v27.4 - https:\/\/yoast.com\/product\/yoast-seo-wordpress\/ -->\n<title>Poraz od Bugarske, odluka u tre\u0107em kolu - dmcsrb.com<\/title>\n<meta name=\"robots\" content=\"index, follow, max-snippet:-1, max-image-preview:large, max-video-preview:-1\" \/>\n<link rel=\"canonical\" href=\"https:\/\/dmcsrb.com\/en\/sport\/poraz-od-bugarske-odluka-u-trecem-kolu\/\" \/>\n<meta property=\"og:locale\" content=\"en_GB\" \/>\n<meta property=\"og:type\" content=\"article\" \/>\n<meta property=\"og:title\" content=\"Poraz od Bugarske, odluka u tre\u0107em kolu - dmcsrb.com\" \/>\n<meta property=\"og:description\" content=\"Mlade crnogorske odbojka\u0161ice pora\u017eene su od doma\u0107e\u00a0Bugarske u Sofiji sa 3:1 (21:25, 25:15, 25:23, 25:9) u drugom kolu\u00a0CEV zonskih kvalifikacija za Evropsko prvenstvo 2026.\" \/>\n<meta property=\"og:url\" content=\"https:\/\/dmcsrb.com\/en\/sport\/poraz-od-bugarske-odluka-u-trecem-kolu\/\" \/>\n<meta property=\"og:site_name\" content=\"dmcsrb.com\" \/>\n<meta property=\"article:published_time\" content=\"2026-01-14T18:50:00+00:00\" \/>\n<meta property=\"og:image\" content=\"https:\/\/dmcsrb.com\/wp-content\/uploads\/2026\/01\/Odbojkasice-CEV-.webp\" \/>\n\t<meta property=\"og:image:width\" content=\"2000\" \/>\n\t<meta property=\"og:image:height\" content=\"1333\" \/>\n\t<meta property=\"og:image:type\" content=\"image\/jpeg\" \/>\n<meta name=\"author\" content=\"dmcsrbija.com@gmail.com\" \/>\n<meta name=\"twitter:card\" content=\"summary_large_image\" \/>\n<meta name=\"twitter:label1\" content=\"Written by\" \/>\n\t<meta name=\"twitter:data1\" content=\"dmcsrbija.com@gmail.com\" \/>\n\t<meta name=\"twitter:label2\" content=\"Estimated reading time\" \/>\n\t<meta name=\"twitter:data2\" content=\"2 minutes\" \/>\n<script type=\"application\/ld+json\" class=\"yoast-schema-graph\">{\"@context\":\"https:\\\/\\\/schema.org\",\"@graph\":[{\"@type\":\"Article\",\"@id\":\"https:\\\/\\\/dmcsrb.com\\\/sport\\\/poraz-od-bugarske-odluka-u-trecem-kolu\\\/#article\",\"isPartOf\":{\"@id\":\"https:\\\/\\\/dmcsrb.com\\\/sport\\\/poraz-od-bugarske-odluka-u-trecem-kolu\\\/\"},\"author\":{\"name\":\"dmcsrbija.com@gmail.com\",\"@id\":\"https:\\\/\\\/dmcsrb.com\\\/#\\\/schema\\\/person\\\/5c39170f12db1b8b457732d0b5c854e2\"},\"headline\":\"Poraz od Bugarske, odluka u tre\u0107em kolu\",\"datePublished\":\"2026-01-14T18:50:00+00:00\",\"mainEntityOfPage\":{\"@id\":\"https:\\\/\\\/dmcsrb.com\\\/sport\\\/poraz-od-bugarske-odluka-u-trecem-kolu\\\/\"},\"wordCount\":466,\"commentCount\":0,\"image\":{\"@id\":\"https:\\\/\\\/dmcsrb.com\\\/sport\\\/poraz-od-bugarske-odluka-u-trecem-kolu\\\/#primaryimage\"},\"thumbnailUrl\":\"https:\\\/\\\/dmcsrb.com\\\/wp-content\\\/uploads\\\/2026\\\/01\\\/Odbojkasice-CEV-.webp\",\"keywords\":[\"CEV zonske kvalifikacije za EP\",\"Mlada \u017eenska odbojka\u0161ka reprezentacija Crne Gore\",\"odbojka\"],\"articleSection\":[\"Sport\"],\"inLanguage\":\"en-GB\",\"potentialAction\":[{\"@type\":\"CommentAction\",\"name\":\"Comment\",\"target\":[\"https:\\\/\\\/dmcsrb.com\\\/sport\\\/poraz-od-bugarske-odluka-u-trecem-kolu\\\/#respond\"]}]},{\"@type\":\"WebPage\",\"@id\":\"https:\\\/\\\/dmcsrb.com\\\/sport\\\/poraz-od-bugarske-odluka-u-trecem-kolu\\\/\",\"url\":\"https:\\\/\\\/dmcsrb.com\\\/sport\\\/poraz-od-bugarske-odluka-u-trecem-kolu\\\/\",\"name\":\"Poraz od Bugarske, odluka u tre\u0107em kolu - dmcsrb.com\",\"isPartOf\":{\"@id\":\"https:\\\/\\\/dmcsrb.com\\\/#website\"},\"primaryImageOfPage\":{\"@id\":\"https:\\\/\\\/dmcsrb.com\\\/sport\\\/poraz-od-bugarske-odluka-u-trecem-kolu\\\/#primaryimage\"},\"image\":{\"@id\":\"https:\\\/\\\/dmcsrb.com\\\/sport\\\/poraz-od-bugarske-odluka-u-trecem-kolu\\\/#primaryimage\"},\"thumbnailUrl\":\"https:\\\/\\\/dmcsrb.com\\\/wp-content\\\/uploads\\\/2026\\\/01\\\/Odbojkasice-CEV-.webp\",\"datePublished\":\"2026-01-14T18:50:00+00:00\",\"author\":{\"@id\":\"https:\\\/\\\/dmcsrb.com\\\/#\\\/schema\\\/person\\\/5c39170f12db1b8b457732d0b5c854e2\"},\"breadcrumb\":{\"@id\":\"https:\\\/\\\/dmcsrb.com\\\/sport\\\/poraz-od-bugarske-odluka-u-trecem-kolu\\\/#breadcrumb\"},\"inLanguage\":\"en-GB\",\"potentialAction\":[{\"@type\":\"ReadAction\",\"target\":[\"https:\\\/\\\/dmcsrb.com\\\/sport\\\/poraz-od-bugarske-odluka-u-trecem-kolu\\\/\"]}]},{\"@type\":\"ImageObject\",\"inLanguage\":\"en-GB\",\"@id\":\"https:\\\/\\\/dmcsrb.com\\\/sport\\\/poraz-od-bugarske-odluka-u-trecem-kolu\\\/#primaryimage\",\"url\":\"https:\\\/\\\/dmcsrb.com\\\/wp-content\\\/uploads\\\/2026\\\/01\\\/Odbojkasice-CEV-.webp\",\"contentUrl\":\"https:\\\/\\\/dmcsrb.com\\\/wp-content\\\/uploads\\\/2026\\\/01\\\/Odbojkasice-CEV-.webp\",\"width\":2000,\"height\":1333,\"caption\":\"Foto: CEV\"},{\"@type\":\"BreadcrumbList\",\"@id\":\"https:\\\/\\\/dmcsrb.com\\\/sport\\\/poraz-od-bugarske-odluka-u-trecem-kolu\\\/#breadcrumb\",\"itemListElement\":[{\"@type\":\"ListItem\",\"position\":1,\"name\":\"Home\",\"item\":\"https:\\\/\\\/dmcsrb.com\\\/\"},{\"@type\":\"ListItem\",\"position\":2,\"name\":\"Poraz od Bugarske, odluka u tre\u0107em kolu\"}]},{\"@type\":\"WebSite\",\"@id\":\"https:\\\/\\\/dmcsrb.com\\\/#website\",\"url\":\"https:\\\/\\\/dmcsrb.com\\\/\",\"name\":\"dmcsrb.com\",\"description\":\"\",\"potentialAction\":[{\"@type\":\"SearchAction\",\"target\":{\"@type\":\"EntryPoint\",\"urlTemplate\":\"https:\\\/\\\/dmcsrb.com\\\/?s={search_term_string}\"},\"query-input\":{\"@type\":\"PropertyValueSpecification\",\"valueRequired\":true,\"valueName\":\"search_term_string\"}}],\"inLanguage\":\"en-GB\"},{\"@type\":\"Person\",\"@id\":\"https:\\\/\\\/dmcsrb.com\\\/#\\\/schema\\\/person\\\/5c39170f12db1b8b457732d0b5c854e2\",\"name\":\"dmcsrbija.com@gmail.com\",\"image\":{\"@type\":\"ImageObject\",\"inLanguage\":\"en-GB\",\"@id\":\"https:\\\/\\\/secure.gravatar.com\\\/avatar\\\/68592660ad6347fad0fb587f8d5d8f1a7b44961362f56e4f2cd524feb87e9069?s=96&d=mm&r=g\",\"url\":\"https:\\\/\\\/secure.gravatar.com\\\/avatar\\\/68592660ad6347fad0fb587f8d5d8f1a7b44961362f56e4f2cd524feb87e9069?s=96&d=mm&r=g\",\"contentUrl\":\"https:\\\/\\\/secure.gravatar.com\\\/avatar\\\/68592660ad6347fad0fb587f8d5d8f1a7b44961362f56e4f2cd524feb87e9069?s=96&d=mm&r=g\",\"caption\":\"dmcsrbija.com@gmail.com\"},\"sameAs\":[\"https:\\\/\\\/dmcsrb.com\"],\"url\":\"https:\\\/\\\/dmcsrb.com\\\/en\\\/author\\\/dmcsrbija-comgmail-com\\\/\"}]}<\/script>\n<!-- \/ Yoast SEO plugin. -->","yoast_head_json":{"title":"Poraz od Bugarske, odluka u tre\u0107em kolu - dmcsrb.com","robots":{"index":"index","follow":"follow","max-snippet":"max-snippet:-1","max-image-preview":"max-image-preview:large","max-video-preview":"max-video-preview:-1"},"canonical":"https:\/\/dmcsrb.com\/en\/sport\/poraz-od-bugarske-odluka-u-trecem-kolu\/","og_locale":"en_GB","og_type":"article","og_title":"Poraz od Bugarske, odluka u tre\u0107em kolu - dmcsrb.com","og_description":"Mlade crnogorske odbojka\u0161ice pora\u017eene su od doma\u0107e\u00a0Bugarske u Sofiji sa 3:1 (21:25, 25:15, 25:23, 25:9) u drugom kolu\u00a0CEV zonskih kvalifikacija za Evropsko prvenstvo 2026.","og_url":"https:\/\/dmcsrb.com\/en\/sport\/poraz-od-bugarske-odluka-u-trecem-kolu\/","og_site_name":"dmcsrb.com","article_published_time":"2026-01-14T18:50:00+00:00","og_image":[{"width":2000,"height":1333,"url":"https:\/\/dmcsrb.com\/wp-content\/uploads\/2026\/01\/Odbojkasice-CEV-.webp","type":"image\/jpeg"}],"author":"dmcsrbija.com@gmail.com","twitter_card":"summary_large_image","twitter_misc":{"Written by":"dmcsrbija.com@gmail.com","Estimated reading time":"2 minutes"},"schema":{"@context":"https:\/\/schema.org","@graph":[{"@type":"Article","@id":"https:\/\/dmcsrb.com\/sport\/poraz-od-bugarske-odluka-u-trecem-kolu\/#article","isPartOf":{"@id":"https:\/\/dmcsrb.com\/sport\/poraz-od-bugarske-odluka-u-trecem-kolu\/"},"author":{"name":"dmcsrbija.com@gmail.com","@id":"https:\/\/dmcsrb.com\/#\/schema\/person\/5c39170f12db1b8b457732d0b5c854e2"},"headline":"Poraz od Bugarske, odluka u tre\u0107em kolu","datePublished":"2026-01-14T18:50:00+00:00","mainEntityOfPage":{"@id":"https:\/\/dmcsrb.com\/sport\/poraz-od-bugarske-odluka-u-trecem-kolu\/"},"wordCount":466,"commentCount":0,"image":{"@id":"https:\/\/dmcsrb.com\/sport\/poraz-od-bugarske-odluka-u-trecem-kolu\/#primaryimage"},"thumbnailUrl":"https:\/\/dmcsrb.com\/wp-content\/uploads\/2026\/01\/Odbojkasice-CEV-.webp","keywords":["CEV zonske kvalifikacije za EP","Mlada \u017eenska odbojka\u0161ka reprezentacija Crne Gore","odbojka"],"articleSection":["Sport"],"inLanguage":"en-GB","potentialAction":[{"@type":"CommentAction","name":"Comment","target":["https:\/\/dmcsrb.com\/sport\/poraz-od-bugarske-odluka-u-trecem-kolu\/#respond"]}]},{"@type":"WebPage","@id":"https:\/\/dmcsrb.com\/sport\/poraz-od-bugarske-odluka-u-trecem-kolu\/","url":"https:\/\/dmcsrb.com\/sport\/poraz-od-bugarske-odluka-u-trecem-kolu\/","name":"Poraz od Bugarske, odluka u tre\u0107em kolu - dmcsrb.com","isPartOf":{"@id":"https:\/\/dmcsrb.com\/#website"},"primaryImageOfPage":{"@id":"https:\/\/dmcsrb.com\/sport\/poraz-od-bugarske-odluka-u-trecem-kolu\/#primaryimage"},"image":{"@id":"https:\/\/dmcsrb.com\/sport\/poraz-od-bugarske-odluka-u-trecem-kolu\/#primaryimage"},"thumbnailUrl":"https:\/\/dmcsrb.com\/wp-content\/uploads\/2026\/01\/Odbojkasice-CEV-.webp","datePublished":"2026-01-14T18:50:00+00:00","author":{"@id":"https:\/\/dmcsrb.com\/#\/schema\/person\/5c39170f12db1b8b457732d0b5c854e2"},"breadcrumb":{"@id":"https:\/\/dmcsrb.com\/sport\/poraz-od-bugarske-odluka-u-trecem-kolu\/#breadcrumb"},"inLanguage":"en-GB","potentialAction":[{"@type":"ReadAction","target":["https:\/\/dmcsrb.com\/sport\/poraz-od-bugarske-odluka-u-trecem-kolu\/"]}]},{"@type":"ImageObject","inLanguage":"en-GB","@id":"https:\/\/dmcsrb.com\/sport\/poraz-od-bugarske-odluka-u-trecem-kolu\/#primaryimage","url":"https:\/\/dmcsrb.com\/wp-content\/uploads\/2026\/01\/Odbojkasice-CEV-.webp","contentUrl":"https:\/\/dmcsrb.com\/wp-content\/uploads\/2026\/01\/Odbojkasice-CEV-.webp","width":2000,"height":1333,"caption":"Foto: CEV"},{"@type":"BreadcrumbList","@id":"https:\/\/dmcsrb.com\/sport\/poraz-od-bugarske-odluka-u-trecem-kolu\/#breadcrumb","itemListElement":[{"@type":"ListItem","position":1,"name":"Home","item":"https:\/\/dmcsrb.com\/"},{"@type":"ListItem","position":2,"name":"Poraz od Bugarske, odluka u tre\u0107em kolu"}]},{"@type":"WebSite","@id":"https:\/\/dmcsrb.com\/#website","url":"https:\/\/dmcsrb.com\/","name":"dmcsrb.com","description":"","potentialAction":[{"@type":"SearchAction","target":{"@type":"EntryPoint","urlTemplate":"https:\/\/dmcsrb.com\/?s={search_term_string}"},"query-input":{"@type":"PropertyValueSpecification","valueRequired":true,"valueName":"search_term_string"}}],"inLanguage":"en-GB"},{"@type":"Person","@id":"https:\/\/dmcsrb.com\/#\/schema\/person\/5c39170f12db1b8b457732d0b5c854e2","name":"dmcsrbija.com@gmail.com","image":{"@type":"ImageObject","inLanguage":"en-GB","@id":"https:\/\/secure.gravatar.com\/avatar\/68592660ad6347fad0fb587f8d5d8f1a7b44961362f56e4f2cd524feb87e9069?s=96&d=mm&r=g","url":"https:\/\/secure.gravatar.com\/avatar\/68592660ad6347fad0fb587f8d5d8f1a7b44961362f56e4f2cd524feb87e9069?s=96&d=mm&r=g","contentUrl":"https:\/\/secure.gravatar.com\/avatar\/68592660ad6347fad0fb587f8d5d8f1a7b44961362f56e4f2cd524feb87e9069?s=96&d=mm&r=g","caption":"dmcsrbija.com@gmail.com"},"sameAs":["https:\/\/dmcsrb.com"],"url":"https:\/\/dmcsrb.com\/en\/author\/dmcsrbija-comgmail-com\/"}]}},"_links":{"self":[{"href":"https:\/\/dmcsrb.com\/en\/wp-json\/wp\/v2\/posts\/942388","targetHints":{"allow":["GET"]}}],"collection":[{"href":"https:\/\/dmcsrb.com\/en\/wp-json\/wp\/v2\/posts"}],"about":[{"href":"https:\/\/dmcsrb.com\/en\/wp-json\/wp\/v2\/types\/post"}],"author":[{"embeddable":true,"href":"https:\/\/dmcsrb.com\/en\/wp-json\/wp\/v2\/users\/1"}],"replies":[{"embeddable":true,"href":"https:\/\/dmcsrb.com\/en\/wp-json\/wp\/v2\/comments?post=942388"}],"version-history":[{"count":0,"href":"https:\/\/dmcsrb.com\/en\/wp-json\/wp\/v2\/posts\/942388\/revisions"}],"wp:featuredmedia":[{"embeddable":true,"href":"https:\/\/dmcsrb.com\/en\/wp-json\/wp\/v2\/media\/942718"}],"wp:attachment":[{"href":"https:\/\/dmcsrb.com\/en\/wp-json\/wp\/v2\/media?parent=942388"}],"wp:term":[{"taxonomy":"category","embeddable":true,"href":"https:\/\/dmcsrb.com\/en\/wp-json\/wp\/v2\/categories?post=942388"},{"taxonomy":"post_tag","embeddable":true,"href":"https:\/\/dmcsrb.com\/en\/wp-json\/wp\/v2\/tags?post=942388"},{"taxonomy":"naslovna","embeddable":true,"href":"https:\/\/dmcsrb.com\/en\/wp-json\/wp\/v2\/naslovna?post=942388"}],"curies":[{"name":"wp","href":"https:\/\/api.w.org\/{rel}","templated":true}]}}