{"id":942380,"date":"2026-01-14T19:08:48","date_gmt":"2026-01-14T18:08:48","guid":{"rendered":"https:\/\/gradski.me\/?p=909034"},"modified":"2026-01-14T19:08:48","modified_gmt":"2026-01-14T18:08:48","slug":"video-inicijativa-dajkovica-za-smjenu-mujovica-i-raspustanje-skupstine-bez-podrske-odbornika","status":"publish","type":"post","link":"https:\/\/dmcsrb.com\/en\/podgorica\/video-inicijativa-dajkovica-za-smjenu-mujovica-i-raspustanje-skupstine-bez-podrske-odbornika\/","title":{"rendered":"(VIDEO) Inicijativa Dajkovi\u0107a za smjenu Mujovi\u0107a i raspu\u0161tanje Skup\u0161tine bez podr\u0161ke odbornika"},"content":{"rendered":"<p><\/p>\n\n\n\n<p>Izlazak Slobodne Crne Gore iz vlasti u Glavnom gradu uslijedio je nakon \u0161to je gradona\u010delnik Sa\u0161a Mujovi\u0107 suspendovao njenog lidera \u2013 rukovodioca Slu\u017ebe za gra\u0111ane Vladislava Dajkovi\u0107a jer je, u radno vrijeme, prisustvovao protestu u Botunu 31. decembra pro\u0161le godine. Iz vladaju\u0107e ve\u0107ine poru\u010duju da inicijativa, koju su ju\u010de najavili iz te partije \u2013 o skra\u0107enju mandata gradona\u010delniku i Skup\u0161tini Glavnog grada, nije formalno podnesena i da o njoj nije bilo razgovora unutar koalicije.<\/p>\n\n\n\n<p>&#8220;Takva inicijativa, koliko mi je poznato, jo\u0161 uvijek nije podnesena, niti je nama, kao najve\u0107em odborni\u010dkom klubu u okviru koalicije Za budu\u0107nost Podgorice, najavljena, niti se o njoj diskutovalo u okviru same koalicije. Smatram da bi takve inicijative prvo trebalo da budu razmotrene unutar koalicije, a tek potom da se zatra\u017ei izja\u0161njenje. U svakom slu\u010daju, u ovom trenutku ne vidimo razloge za razrje\u0161enje, niti za podr\u0161ku jednoj takvoj inicijativi&#8221;, saop\u0161tio je odbornik Mitar \u0160u\u0161i\u0107.<\/p>\n\n\n\n<p>Demokrate poru\u010duju da najava nema politi\u010dku te\u017einu i ne odra\u017eava volju ve\u0107ine.<\/p>\n\n\n\n<p>&#8220;Ne smatram da pomenuta inicijativa ima posebnu te\u017einu, s obzirom na to da je, prema javno dostupnim informacijama, za sada podr\u017eava samo jedan odbornik. To jasno pokazuje da ona ne predstavlja volju aktuelne parlamentarne ve\u0107ine u Podgorici. Bez obzira na to \u0161to ova inicijativa trenutno nije ni dio skup\u0161tinske procedure, Demokrate unaprijed zauzimaju jasan stav da \u0107e biti protiv nje, jer smatramo da nijesu ispunjeni uslovi za izja\u0161njavanje o smjeni profesora dr Sa\u0161e Mujovi\u0107a. Cijenimo da je gradona\u010delnik Mujovi\u0107 svoj posao do sada obavljao \u010dasno, po\u0161teno i profesionalno, prije svega u interesu svih gra\u0111ana Podgorice&#8221;, istakao odbornik Mitar Paunovi\u0107.<\/p>\n\n\n\n<p>A upravo je interes gra\u0111ana najva\u017eniji, isti\u010du u Pokretu za Podgoricu.<\/p>\n\n\n\n<p>&#8220;\u0160to se ti\u010de inicijative za smjenu gradona\u010delnika, mislim da je ovo prije svega pitanje za DNP, koji je ve\u0107 kroz saop\u0161tenje uskratio podr\u0161ku gradona\u010delniku Podgorice, pa o\u010dekujemo da se sada jasno izjasne i o toj inicijativi, ali i da uka\u017eu na razloge uskracivanja povjerenja, odnosno da objasne kako je takav potez dobar za Glavni grad i na koji na\u010din ne\u0107e usporiti njegov razvoj. Pokret za Podgoricu \u0107e inicijativu, ukoliko formalno stigne, razmotriti na nivou odborni\u010dkog kluba i koorinacionog tijela i kao odgovoran politi\u010dki subjekt ne\u0107e se voditi politi\u010dkim prepucavanjima, ve\u0107 isklju\u010divo, kao i do sada, interesom gra\u0111ana&#8221;, poru\u010dio je Milo\u0161 Krstovi\u0107 iz Pokreta za Podgoricu.<\/p>\n\n\n\n<p>Dok u najve\u0107oj opozicionoj partiji DPS-u \u2013 nijesu htjeli da daju komentar, kao ni u pokretu Preokret, iz Stranke evropskog progresa navode da inicijativu Dajkovi\u0107a formalno nijesu vidjeli, niti dobili, ali da svakako ne\u0107e podr\u017eavati njegove \u017eelje.\u00a0<\/p>\n\n\n\n<p>&#8220;Mi nijesmo skloni, kao partija, da pratimo inicijative politi\u010dkog subjekta koji predstavlja gospodin Dajkovi\u0107. Ali, svakako, to \u0107e biti predmet odlu\u010divanja na\u0161ih partijskih organa, kao i neke druge inicijative koje su bile upu\u0107ene Skup\u0161tini Glavnog grada. U svakom slu\u010daju, da zaklju\u010dim, mi kao ozbiljan politi\u010dki subjekt o toj inicijativi i njenom sadr\u017eaju odredi\u0107emo se na osnovu odluka partijskih organa. Ali, iz mog li\u010dnog ugla, mislim da sigurno ne\u0107emo podr\u017eati ono \u0161to su \u017eelje gospodina Dajkovi\u0107a&#8221;, kazao je odbornik SEP-a Ilija Mugo\u0161a.<\/p>\n\n\n\n<p>Kada je rije\u010d o politi\u010dkoj stabilnosti, Demokrate imaju jasan stav.<\/p>\n\n\n\n<p>&#8220;Poru\u010dujem svim politi\u010dkim subjektima da se u svom djelovanju vode interesima Glavnog grada, a ne sitnim politikantskim i dnevnopoliti\u010dkim interesima. Apelujem da politiku stavimo po strani i da se fokusiramo na rje\u0161avanje problema koji su od stvarnog zna\u010daja za gra\u0111ane \u2013 krupnih infrastrukturnih pitanja, saobra\u0107ajnih i komunalnih problema, kao i svih izazova koji su naslije\u0111eni iz prethodnih decenija&#8221;, navodi Paunovi\u0107.<\/p>\n\n\n\n<p>Iz civilnog sektora upozoravaju da izlazak jednog odbornika ne mo\u017ee ugroziti vlast, ali mo\u017ee ote\u017eati funkcionisanje gradske uprave.<\/p>\n\n\n\n<p>&#8220;Ne mogu uticati na vlast &#8211; ni na centralnom nivou, ni na lokalu jer su prvi naredni lokalni izbori &#8211; sredina naredne godine. Mogu na lokalu samo ote\u017eaju funkcionisanje lokalne vlasti, pa se to mo\u017ee odraziti lo\u0161e na gra\u0111ane. Podgori\u010dka vlast bi onda vjerovatno tra\u017eila nove saveznike za podr\u0161ku&#8221;, navodi Ines Mrdovi\u0107 iz Akcije za socijalnu pravdu. <\/p>\n\n\n\n<p>Iako je ve\u0107ina u Skup\u0161tini Glavnog grada smanjena, iz vladaju\u0107ih partija poru\u010duju da politi\u010dka stabilnost nije ugro\u017eena. Da li \u0107e Podgorica funkcionisati sa tijesnom ve\u0107inom ili \u0107e vlast tra\u017eiti dodatnu podr\u0161ku, ostaje da vidimo.<\/p>\n\n\n\n<figure class=\"wp-block-embed is-type-video is-provider-youtube wp-block-embed-youtube wp-embed-aspect-4-3 wp-has-aspect-ratio\"><div class=\"wp-block-embed__wrapper\">\n<iframe loading=\"lazy\" title=\"Inicijativa Dajkovi\u0107a za smjenu Mujovi\u0107a i raspu\u0161tanje Skup\u0161tine bez podr\u0161ke odbornika\" width=\"500\" height=\"281\" src=\"https:\/\/www.youtube.com\/embed\/KTW70IE_VQ4?feature=oembed\" frameborder=\"0\" allow=\"accelerometer; autoplay; clipboard-write; encrypted-media; gyroscope; picture-in-picture; web-share\" referrerpolicy=\"strict-origin-when-cross-origin\" allowfullscreen><\/iframe>\n<\/div><\/figure>","protected":false},"excerpt":{"rendered":"<p>Najavljena inicijativa Slobodne Crne Gore, koja je ju\u010de iza\u0161la iz vlasti u Podgorici \u2013 za skra\u0107enje mandata gradona\u010delniku i Skup\u0161tini Glavnog grada, nema podr\u0161ku vladaju\u0107ih partija, ali ni nekih opozicionih. <\/p>","protected":false},"author":1,"featured_media":793711,"comment_status":"open","ping_status":"open","sticky":false,"template":"","format":"standard","meta":{"_acf_changed":false,"footnotes":""},"categories":[56],"tags":[7345,174,575,6419],"naslovna":[],"class_list":["post-942380","post","type-post","status-publish","format-standard","has-post-thumbnail","hentry","category-podgorica","tag-inicijativa","tag-sasa-mujovic","tag-so-podgorica","tag-vladislav-dajkovic"],"acf":[],"yoast_head":"<!-- This site is optimized with the Yoast SEO plugin v27.0 - https:\/\/yoast.com\/product\/yoast-seo-wordpress\/ -->\n<title>(VIDEO) Inicijativa Dajkovi\u0107a za smjenu Mujovi\u0107a i raspu\u0161tanje Skup\u0161tine bez podr\u0161ke odbornika - dmcsrb.com<\/title>\n<meta name=\"robots\" content=\"index, follow, max-snippet:-1, max-image-preview:large, max-video-preview:-1\" \/>\n<link rel=\"canonical\" href=\"https:\/\/dmcsrb.com\/en\/podgorica\/video-inicijativa-dajkovica-za-smjenu-mujovica-i-raspustanje-skupstine-bez-podrske-odbornika\/\" \/>\n<meta property=\"og:locale\" content=\"en_GB\" \/>\n<meta property=\"og:type\" content=\"article\" \/>\n<meta property=\"og:title\" content=\"(VIDEO) Inicijativa Dajkovi\u0107a za smjenu Mujovi\u0107a i raspu\u0161tanje Skup\u0161tine bez podr\u0161ke odbornika - dmcsrb.com\" \/>\n<meta property=\"og:description\" content=\"Najavljena inicijativa Slobodne Crne Gore, koja je ju\u010de iza\u0161la iz vlasti u Podgorici \u2013 za skra\u0107enje mandata gradona\u010delniku i Skup\u0161tini Glavnog grada, nema podr\u0161ku vladaju\u0107ih partija, ali ni nekih opozicionih.\" \/>\n<meta property=\"og:url\" content=\"https:\/\/dmcsrb.com\/en\/podgorica\/video-inicijativa-dajkovica-za-smjenu-mujovica-i-raspustanje-skupstine-bez-podrske-odbornika\/\" \/>\n<meta property=\"og:site_name\" content=\"dmcsrb.com\" \/>\n<meta property=\"article:published_time\" content=\"2026-01-14T18:08:48+00:00\" \/>\n<meta property=\"og:image\" content=\"https:\/\/dmcsrb.com\/wp-content\/uploads\/2025\/07\/Sasa-Mujovic-Foto-Glavni-grad-Podgorica.webp\" \/>\n\t<meta property=\"og:image:width\" content=\"1000\" \/>\n\t<meta property=\"og:image:height\" content=\"555\" \/>\n\t<meta property=\"og:image:type\" content=\"image\/jpeg\" \/>\n<meta name=\"author\" content=\"dmcsrbija.com@gmail.com\" \/>\n<meta name=\"twitter:card\" content=\"summary_large_image\" \/>\n<meta name=\"twitter:label1\" content=\"Written by\" \/>\n\t<meta name=\"twitter:data1\" content=\"dmcsrbija.com@gmail.com\" \/>\n\t<meta name=\"twitter:label2\" content=\"Estimated reading time\" \/>\n\t<meta name=\"twitter:data2\" content=\"4 minutes\" \/>\n<script type=\"application\/ld+json\" class=\"yoast-schema-graph\">{\"@context\":\"https:\/\/schema.org\",\"@graph\":[{\"@type\":\"Article\",\"@id\":\"https:\/\/dmcsrb.com\/podgorica\/video-inicijativa-dajkovica-za-smjenu-mujovica-i-raspustanje-skupstine-bez-podrske-odbornika\/#article\",\"isPartOf\":{\"@id\":\"https:\/\/dmcsrb.com\/podgorica\/video-inicijativa-dajkovica-za-smjenu-mujovica-i-raspustanje-skupstine-bez-podrske-odbornika\/\"},\"author\":{\"name\":\"dmcsrbija.com@gmail.com\",\"@id\":\"https:\/\/dmcsrb.com\/#\/schema\/person\/5c39170f12db1b8b457732d0b5c854e2\"},\"headline\":\"(VIDEO) Inicijativa Dajkovi\u0107a za smjenu Mujovi\u0107a i raspu\u0161tanje Skup\u0161tine bez podr\u0161ke odbornika\",\"datePublished\":\"2026-01-14T18:08:48+00:00\",\"mainEntityOfPage\":{\"@id\":\"https:\/\/dmcsrb.com\/podgorica\/video-inicijativa-dajkovica-za-smjenu-mujovica-i-raspustanje-skupstine-bez-podrske-odbornika\/\"},\"wordCount\":794,\"commentCount\":0,\"image\":{\"@id\":\"https:\/\/dmcsrb.com\/podgorica\/video-inicijativa-dajkovica-za-smjenu-mujovica-i-raspustanje-skupstine-bez-podrske-odbornika\/#primaryimage\"},\"thumbnailUrl\":\"https:\/\/dmcsrb.com\/wp-content\/uploads\/2025\/07\/Sasa-Mujovic-Foto-Glavni-grad-Podgorica.webp\",\"keywords\":[\"inicijativa\",\"Sa\u0161a Mujovi\u0107\",\"SO Podgorica\",\"Vladislav Dajkovi\u0107\"],\"articleSection\":[\"Podgorica\"],\"inLanguage\":\"en-GB\",\"potentialAction\":[{\"@type\":\"CommentAction\",\"name\":\"Comment\",\"target\":[\"https:\/\/dmcsrb.com\/podgorica\/video-inicijativa-dajkovica-za-smjenu-mujovica-i-raspustanje-skupstine-bez-podrske-odbornika\/#respond\"]}]},{\"@type\":\"WebPage\",\"@id\":\"https:\/\/dmcsrb.com\/podgorica\/video-inicijativa-dajkovica-za-smjenu-mujovica-i-raspustanje-skupstine-bez-podrske-odbornika\/\",\"url\":\"https:\/\/dmcsrb.com\/podgorica\/video-inicijativa-dajkovica-za-smjenu-mujovica-i-raspustanje-skupstine-bez-podrske-odbornika\/\",\"name\":\"(VIDEO) Inicijativa Dajkovi\u0107a za smjenu Mujovi\u0107a i raspu\u0161tanje Skup\u0161tine bez podr\u0161ke odbornika - dmcsrb.com\",\"isPartOf\":{\"@id\":\"https:\/\/dmcsrb.com\/#website\"},\"primaryImageOfPage\":{\"@id\":\"https:\/\/dmcsrb.com\/podgorica\/video-inicijativa-dajkovica-za-smjenu-mujovica-i-raspustanje-skupstine-bez-podrske-odbornika\/#primaryimage\"},\"image\":{\"@id\":\"https:\/\/dmcsrb.com\/podgorica\/video-inicijativa-dajkovica-za-smjenu-mujovica-i-raspustanje-skupstine-bez-podrske-odbornika\/#primaryimage\"},\"thumbnailUrl\":\"https:\/\/dmcsrb.com\/wp-content\/uploads\/2025\/07\/Sasa-Mujovic-Foto-Glavni-grad-Podgorica.webp\",\"datePublished\":\"2026-01-14T18:08:48+00:00\",\"author\":{\"@id\":\"https:\/\/dmcsrb.com\/#\/schema\/person\/5c39170f12db1b8b457732d0b5c854e2\"},\"breadcrumb\":{\"@id\":\"https:\/\/dmcsrb.com\/podgorica\/video-inicijativa-dajkovica-za-smjenu-mujovica-i-raspustanje-skupstine-bez-podrske-odbornika\/#breadcrumb\"},\"inLanguage\":\"en-GB\",\"potentialAction\":[{\"@type\":\"ReadAction\",\"target\":[\"https:\/\/dmcsrb.com\/podgorica\/video-inicijativa-dajkovica-za-smjenu-mujovica-i-raspustanje-skupstine-bez-podrske-odbornika\/\"]}]},{\"@type\":\"ImageObject\",\"inLanguage\":\"en-GB\",\"@id\":\"https:\/\/dmcsrb.com\/podgorica\/video-inicijativa-dajkovica-za-smjenu-mujovica-i-raspustanje-skupstine-bez-podrske-odbornika\/#primaryimage\",\"url\":\"https:\/\/dmcsrb.com\/wp-content\/uploads\/2025\/07\/Sasa-Mujovic-Foto-Glavni-grad-Podgorica.webp\",\"contentUrl\":\"https:\/\/dmcsrb.com\/wp-content\/uploads\/2025\/07\/Sasa-Mujovic-Foto-Glavni-grad-Podgorica.webp\",\"width\":1000,\"height\":555,\"caption\":\"Foto: Glavni grad\"},{\"@type\":\"BreadcrumbList\",\"@id\":\"https:\/\/dmcsrb.com\/podgorica\/video-inicijativa-dajkovica-za-smjenu-mujovica-i-raspustanje-skupstine-bez-podrske-odbornika\/#breadcrumb\",\"itemListElement\":[{\"@type\":\"ListItem\",\"position\":1,\"name\":\"Home\",\"item\":\"https:\/\/dmcsrb.com\/\"},{\"@type\":\"ListItem\",\"position\":2,\"name\":\"(VIDEO) Inicijativa Dajkovi\u0107a za smjenu Mujovi\u0107a i raspu\u0161tanje Skup\u0161tine bez podr\u0161ke odbornika\"}]},{\"@type\":\"WebSite\",\"@id\":\"https:\/\/dmcsrb.com\/#website\",\"url\":\"https:\/\/dmcsrb.com\/\",\"name\":\"dmcsrb.com\",\"description\":\"\",\"potentialAction\":[{\"@type\":\"SearchAction\",\"target\":{\"@type\":\"EntryPoint\",\"urlTemplate\":\"https:\/\/dmcsrb.com\/?s={search_term_string}\"},\"query-input\":{\"@type\":\"PropertyValueSpecification\",\"valueRequired\":true,\"valueName\":\"search_term_string\"}}],\"inLanguage\":\"en-GB\"},{\"@type\":\"Person\",\"@id\":\"https:\/\/dmcsrb.com\/#\/schema\/person\/5c39170f12db1b8b457732d0b5c854e2\",\"name\":\"dmcsrbija.com@gmail.com\",\"image\":{\"@type\":\"ImageObject\",\"inLanguage\":\"en-GB\",\"@id\":\"https:\/\/dmcsrb.com\/#\/schema\/person\/image\/\",\"url\":\"https:\/\/secure.gravatar.com\/avatar\/68592660ad6347fad0fb587f8d5d8f1a7b44961362f56e4f2cd524feb87e9069?s=96&d=mm&r=g\",\"contentUrl\":\"https:\/\/secure.gravatar.com\/avatar\/68592660ad6347fad0fb587f8d5d8f1a7b44961362f56e4f2cd524feb87e9069?s=96&d=mm&r=g\",\"caption\":\"dmcsrbija.com@gmail.com\"},\"sameAs\":[\"https:\/\/dmcsrb.com\"],\"url\":\"https:\/\/dmcsrb.com\/en\/author\/dmcsrbija-comgmail-com\/\"}]}<\/script>\n<!-- \/ Yoast SEO plugin. -->","yoast_head_json":{"title":"(VIDEO) Inicijativa Dajkovi\u0107a za smjenu Mujovi\u0107a i raspu\u0161tanje Skup\u0161tine bez podr\u0161ke odbornika - dmcsrb.com","robots":{"index":"index","follow":"follow","max-snippet":"max-snippet:-1","max-image-preview":"max-image-preview:large","max-video-preview":"max-video-preview:-1"},"canonical":"https:\/\/dmcsrb.com\/en\/podgorica\/video-inicijativa-dajkovica-za-smjenu-mujovica-i-raspustanje-skupstine-bez-podrske-odbornika\/","og_locale":"en_GB","og_type":"article","og_title":"(VIDEO) Inicijativa Dajkovi\u0107a za smjenu Mujovi\u0107a i raspu\u0161tanje Skup\u0161tine bez podr\u0161ke odbornika - dmcsrb.com","og_description":"Najavljena inicijativa Slobodne Crne Gore, koja je ju\u010de iza\u0161la iz vlasti u Podgorici \u2013 za skra\u0107enje mandata gradona\u010delniku i Skup\u0161tini Glavnog grada, nema podr\u0161ku vladaju\u0107ih partija, ali ni nekih opozicionih.","og_url":"https:\/\/dmcsrb.com\/en\/podgorica\/video-inicijativa-dajkovica-za-smjenu-mujovica-i-raspustanje-skupstine-bez-podrske-odbornika\/","og_site_name":"dmcsrb.com","article_published_time":"2026-01-14T18:08:48+00:00","og_image":[{"width":1000,"height":555,"url":"https:\/\/dmcsrb.com\/wp-content\/uploads\/2025\/07\/Sasa-Mujovic-Foto-Glavni-grad-Podgorica.webp","type":"image\/jpeg"}],"author":"dmcsrbija.com@gmail.com","twitter_card":"summary_large_image","twitter_misc":{"Written by":"dmcsrbija.com@gmail.com","Estimated reading time":"4 minutes"},"schema":{"@context":"https:\/\/schema.org","@graph":[{"@type":"Article","@id":"https:\/\/dmcsrb.com\/podgorica\/video-inicijativa-dajkovica-za-smjenu-mujovica-i-raspustanje-skupstine-bez-podrske-odbornika\/#article","isPartOf":{"@id":"https:\/\/dmcsrb.com\/podgorica\/video-inicijativa-dajkovica-za-smjenu-mujovica-i-raspustanje-skupstine-bez-podrske-odbornika\/"},"author":{"name":"dmcsrbija.com@gmail.com","@id":"https:\/\/dmcsrb.com\/#\/schema\/person\/5c39170f12db1b8b457732d0b5c854e2"},"headline":"(VIDEO) Inicijativa Dajkovi\u0107a za smjenu Mujovi\u0107a i raspu\u0161tanje Skup\u0161tine bez podr\u0161ke odbornika","datePublished":"2026-01-14T18:08:48+00:00","mainEntityOfPage":{"@id":"https:\/\/dmcsrb.com\/podgorica\/video-inicijativa-dajkovica-za-smjenu-mujovica-i-raspustanje-skupstine-bez-podrske-odbornika\/"},"wordCount":794,"commentCount":0,"image":{"@id":"https:\/\/dmcsrb.com\/podgorica\/video-inicijativa-dajkovica-za-smjenu-mujovica-i-raspustanje-skupstine-bez-podrske-odbornika\/#primaryimage"},"thumbnailUrl":"https:\/\/dmcsrb.com\/wp-content\/uploads\/2025\/07\/Sasa-Mujovic-Foto-Glavni-grad-Podgorica.webp","keywords":["inicijativa","Sa\u0161a Mujovi\u0107","SO Podgorica","Vladislav Dajkovi\u0107"],"articleSection":["Podgorica"],"inLanguage":"en-GB","potentialAction":[{"@type":"CommentAction","name":"Comment","target":["https:\/\/dmcsrb.com\/podgorica\/video-inicijativa-dajkovica-za-smjenu-mujovica-i-raspustanje-skupstine-bez-podrske-odbornika\/#respond"]}]},{"@type":"WebPage","@id":"https:\/\/dmcsrb.com\/podgorica\/video-inicijativa-dajkovica-za-smjenu-mujovica-i-raspustanje-skupstine-bez-podrske-odbornika\/","url":"https:\/\/dmcsrb.com\/podgorica\/video-inicijativa-dajkovica-za-smjenu-mujovica-i-raspustanje-skupstine-bez-podrske-odbornika\/","name":"(VIDEO) Inicijativa Dajkovi\u0107a za smjenu Mujovi\u0107a i raspu\u0161tanje Skup\u0161tine bez podr\u0161ke odbornika - dmcsrb.com","isPartOf":{"@id":"https:\/\/dmcsrb.com\/#website"},"primaryImageOfPage":{"@id":"https:\/\/dmcsrb.com\/podgorica\/video-inicijativa-dajkovica-za-smjenu-mujovica-i-raspustanje-skupstine-bez-podrske-odbornika\/#primaryimage"},"image":{"@id":"https:\/\/dmcsrb.com\/podgorica\/video-inicijativa-dajkovica-za-smjenu-mujovica-i-raspustanje-skupstine-bez-podrske-odbornika\/#primaryimage"},"thumbnailUrl":"https:\/\/dmcsrb.com\/wp-content\/uploads\/2025\/07\/Sasa-Mujovic-Foto-Glavni-grad-Podgorica.webp","datePublished":"2026-01-14T18:08:48+00:00","author":{"@id":"https:\/\/dmcsrb.com\/#\/schema\/person\/5c39170f12db1b8b457732d0b5c854e2"},"breadcrumb":{"@id":"https:\/\/dmcsrb.com\/podgorica\/video-inicijativa-dajkovica-za-smjenu-mujovica-i-raspustanje-skupstine-bez-podrske-odbornika\/#breadcrumb"},"inLanguage":"en-GB","potentialAction":[{"@type":"ReadAction","target":["https:\/\/dmcsrb.com\/podgorica\/video-inicijativa-dajkovica-za-smjenu-mujovica-i-raspustanje-skupstine-bez-podrske-odbornika\/"]}]},{"@type":"ImageObject","inLanguage":"en-GB","@id":"https:\/\/dmcsrb.com\/podgorica\/video-inicijativa-dajkovica-za-smjenu-mujovica-i-raspustanje-skupstine-bez-podrske-odbornika\/#primaryimage","url":"https:\/\/dmcsrb.com\/wp-content\/uploads\/2025\/07\/Sasa-Mujovic-Foto-Glavni-grad-Podgorica.webp","contentUrl":"https:\/\/dmcsrb.com\/wp-content\/uploads\/2025\/07\/Sasa-Mujovic-Foto-Glavni-grad-Podgorica.webp","width":1000,"height":555,"caption":"Foto: Glavni grad"},{"@type":"BreadcrumbList","@id":"https:\/\/dmcsrb.com\/podgorica\/video-inicijativa-dajkovica-za-smjenu-mujovica-i-raspustanje-skupstine-bez-podrske-odbornika\/#breadcrumb","itemListElement":[{"@type":"ListItem","position":1,"name":"Home","item":"https:\/\/dmcsrb.com\/"},{"@type":"ListItem","position":2,"name":"(VIDEO) Inicijativa Dajkovi\u0107a za smjenu Mujovi\u0107a i raspu\u0161tanje Skup\u0161tine bez podr\u0161ke odbornika"}]},{"@type":"WebSite","@id":"https:\/\/dmcsrb.com\/#website","url":"https:\/\/dmcsrb.com\/","name":"dmcsrb.com","description":"","potentialAction":[{"@type":"SearchAction","target":{"@type":"EntryPoint","urlTemplate":"https:\/\/dmcsrb.com\/?s={search_term_string}"},"query-input":{"@type":"PropertyValueSpecification","valueRequired":true,"valueName":"search_term_string"}}],"inLanguage":"en-GB"},{"@type":"Person","@id":"https:\/\/dmcsrb.com\/#\/schema\/person\/5c39170f12db1b8b457732d0b5c854e2","name":"dmcsrbija.com@gmail.com","image":{"@type":"ImageObject","inLanguage":"en-GB","@id":"https:\/\/dmcsrb.com\/#\/schema\/person\/image\/","url":"https:\/\/secure.gravatar.com\/avatar\/68592660ad6347fad0fb587f8d5d8f1a7b44961362f56e4f2cd524feb87e9069?s=96&d=mm&r=g","contentUrl":"https:\/\/secure.gravatar.com\/avatar\/68592660ad6347fad0fb587f8d5d8f1a7b44961362f56e4f2cd524feb87e9069?s=96&d=mm&r=g","caption":"dmcsrbija.com@gmail.com"},"sameAs":["https:\/\/dmcsrb.com"],"url":"https:\/\/dmcsrb.com\/en\/author\/dmcsrbija-comgmail-com\/"}]}},"_links":{"self":[{"href":"https:\/\/dmcsrb.com\/en\/wp-json\/wp\/v2\/posts\/942380","targetHints":{"allow":["GET"]}}],"collection":[{"href":"https:\/\/dmcsrb.com\/en\/wp-json\/wp\/v2\/posts"}],"about":[{"href":"https:\/\/dmcsrb.com\/en\/wp-json\/wp\/v2\/types\/post"}],"author":[{"embeddable":true,"href":"https:\/\/dmcsrb.com\/en\/wp-json\/wp\/v2\/users\/1"}],"replies":[{"embeddable":true,"href":"https:\/\/dmcsrb.com\/en\/wp-json\/wp\/v2\/comments?post=942380"}],"version-history":[{"count":0,"href":"https:\/\/dmcsrb.com\/en\/wp-json\/wp\/v2\/posts\/942380\/revisions"}],"wp:featuredmedia":[{"embeddable":true,"href":"https:\/\/dmcsrb.com\/en\/wp-json\/wp\/v2\/media\/793711"}],"wp:attachment":[{"href":"https:\/\/dmcsrb.com\/en\/wp-json\/wp\/v2\/media?parent=942380"}],"wp:term":[{"taxonomy":"category","embeddable":true,"href":"https:\/\/dmcsrb.com\/en\/wp-json\/wp\/v2\/categories?post=942380"},{"taxonomy":"post_tag","embeddable":true,"href":"https:\/\/dmcsrb.com\/en\/wp-json\/wp\/v2\/tags?post=942380"},{"taxonomy":"naslovna","embeddable":true,"href":"https:\/\/dmcsrb.com\/en\/wp-json\/wp\/v2\/naslovna?post=942380"}],"curies":[{"name":"wp","href":"https:\/\/api.w.org\/{rel}","templated":true}]}}