{"id":942376,"date":"2026-01-14T19:14:00","date_gmt":"2026-01-14T18:14:00","guid":{"rendered":"https:\/\/gradski.me\/?p=908878"},"modified":"2026-01-14T19:14:00","modified_gmt":"2026-01-14T18:14:00","slug":"video-bozovic-svako-drugo-dijete-predskolskog-uzrasta-u-crnoj-gori-nije-vakcinisano-mmr-vakcinom","status":"publish","type":"post","link":"https:\/\/dmcsrb.com\/en\/drustvo\/video-bozovic-svako-drugo-dijete-predskolskog-uzrasta-u-crnoj-gori-nije-vakcinisano-mmr-vakcinom\/","title":{"rendered":"(VIDEO) Bo\u017eovi\u0107: Svako drugo dijete pred\u0161kolskog uzrasta u Crnoj Gori nije vakcinisano MMR vakcinom"},"content":{"rendered":"<p><\/p>\n\n\n\n<p>Svako drugo dijete pred\u0161kolskog uzrasta u Crnoj Gori nije vakcinisano MMR vakcinom, isti\u010de epidemiolo\u0161kinja Instituta za javno zdravlje Marija Bo\u017eovi\u0107. Upozorava da zabrinjavaju\u0107e nizak obuhvat vakcinacije neminovno vodi epidemiji. &nbsp;<\/p>\n\n\n\n<p>&#8220;Posljedice toga zaista nisu bezazlene. Mi mo\u017eemo o\u010dekivati ne samo epidemiju morbila i rubeole i zau\u0161ki jer vakcina \u0161titi od te tri bolesti. Zna\u010di, djeca su nam neza\u0161ti\u0107ena od te tri bolesti. Mi toliko insistiramo na vakcinaciji da ne bi do\u0161lo do komplikacija&#8221;, istakla je epidemiolo\u0161kinja IJZCG-a Marija Bo\u017eovi\u0107.<\/p>\n\n\n\n<p>A komplikacije su, ka\u017ee, naro\u010dito kod morbila, veoma izra\u017eene.<\/p>\n\n\n\n<p>&#8220;Kod 30 odsto oboljelih od morbila javljaju se komplikacije i to ne blage, nego komplikacije koje dovode do hospitalizacije, nekada i smrtnog ishoda. Imali smo primjere kada je bila epidemija u Bosni, kada je bilo nekoliko smrtnih slu\u010dajeva kod djece, \u0161to ne smijemo zanemariti, posebno kada to mo\u017eemo sprije\u010diti vakcinom&#8221;, zaklju\u010dila je Bo\u017eovi\u0107.<\/p>\n\n\n\n<p>Iz Instituta za javno zdravlje navode da je manje vakcinisanih u centralnom i ju\u017enom predjelu Crne Gore.<\/p>\n\n\n\n<p>Prema dostupnim podacima,&nbsp;od marta do 31. decembra 2025. godine u Crnoj Gori nije zabilje\u017een nijedan novi slu\u010daj morbila, dok je u prva tri mjeseca pro\u0161le godine registrovano 12 oboljelih.<\/p>\n\n\n\n<figure class=\"wp-block-embed is-type-video is-provider-youtube wp-block-embed-youtube wp-embed-aspect-16-9 wp-has-aspect-ratio\"><div class=\"wp-block-embed__wrapper\">\n<iframe loading=\"lazy\" title=\"Bo\u017eovi\u0107: Svako drugo dijete pred\u0161kolskog uzrasta u Crnoj Gori nije vakcinisano MMR vakcinom\" width=\"500\" height=\"281\" src=\"https:\/\/www.youtube.com\/embed\/F80G1eHJsw8?feature=oembed\" frameborder=\"0\" allow=\"accelerometer; autoplay; clipboard-write; encrypted-media; gyroscope; picture-in-picture; web-share\" referrerpolicy=\"strict-origin-when-cross-origin\" allowfullscreen><\/iframe>\n<\/div><\/figure>","protected":false},"excerpt":{"rendered":"<p>Obaveznu MMR vakcinu protiv tri zarazne bolesti \u2013 morbila, rubeole i zau\u0161ki \u2013 u Crnoj Gori nije primilo ukupno\u00a031.409 djece uzrasta od jedne do 18 godina, pokazuju najnoviji podaci Instituta za javno zdravlje. Iz Instituta upozoravaju da bi to moglo imati ozbiljne posljedice po zdravlje djece.<\/p>","protected":false},"author":1,"featured_media":942706,"comment_status":"open","ping_status":"open","sticky":false,"template":"","format":"standard","meta":{"_acf_changed":false,"footnotes":""},"categories":[2],"tags":[3753,15803,16002],"naslovna":[],"class_list":["post-942376","post","type-post","status-publish","format-standard","has-post-thumbnail","hentry","category-drustvo","tag-ijzcg","tag-marija-bozovic","tag-mmr-vakcine"],"acf":[],"yoast_head":"<!-- This site is optimized with the Yoast SEO plugin v27.4 - https:\/\/yoast.com\/product\/yoast-seo-wordpress\/ -->\n<title>(VIDEO) Bo\u017eovi\u0107: Svako drugo dijete pred\u0161kolskog uzrasta u Crnoj Gori nije vakcinisano MMR vakcinom - dmcsrb.com<\/title>\n<meta name=\"robots\" content=\"index, follow, max-snippet:-1, max-image-preview:large, max-video-preview:-1\" \/>\n<link rel=\"canonical\" href=\"https:\/\/dmcsrb.com\/en\/drustvo\/video-bozovic-svako-drugo-dijete-predskolskog-uzrasta-u-crnoj-gori-nije-vakcinisano-mmr-vakcinom\/\" \/>\n<meta property=\"og:locale\" content=\"en_GB\" \/>\n<meta property=\"og:type\" content=\"article\" \/>\n<meta property=\"og:title\" content=\"(VIDEO) Bo\u017eovi\u0107: Svako drugo dijete pred\u0161kolskog uzrasta u Crnoj Gori nije vakcinisano MMR vakcinom - dmcsrb.com\" \/>\n<meta property=\"og:description\" content=\"Obaveznu MMR vakcinu protiv tri zarazne bolesti \u2013 morbila, rubeole i zau\u0161ki \u2013 u Crnoj Gori nije primilo ukupno\u00a031.409 djece uzrasta od jedne do 18 godina, pokazuju najnoviji podaci Instituta za javno zdravlje. Iz Instituta upozoravaju da bi to moglo imati ozbiljne posljedice po zdravlje djece.\" \/>\n<meta property=\"og:url\" content=\"https:\/\/dmcsrb.com\/en\/drustvo\/video-bozovic-svako-drugo-dijete-predskolskog-uzrasta-u-crnoj-gori-nije-vakcinisano-mmr-vakcinom\/\" \/>\n<meta property=\"og:site_name\" content=\"dmcsrb.com\" \/>\n<meta property=\"article:published_time\" content=\"2026-01-14T18:14:00+00:00\" \/>\n<meta property=\"og:image\" content=\"https:\/\/dmcsrb.com\/wp-content\/uploads\/2026\/01\/bozovic-5.webp\" \/>\n\t<meta property=\"og:image:width\" content=\"1365\" \/>\n\t<meta property=\"og:image:height\" content=\"865\" \/>\n\t<meta property=\"og:image:type\" content=\"image\/jpeg\" \/>\n<meta name=\"author\" content=\"dmcsrbija.com@gmail.com\" \/>\n<meta name=\"twitter:card\" content=\"summary_large_image\" \/>\n<meta name=\"twitter:label1\" content=\"Written by\" \/>\n\t<meta name=\"twitter:data1\" content=\"dmcsrbija.com@gmail.com\" \/>\n\t<meta name=\"twitter:label2\" content=\"Estimated reading time\" \/>\n\t<meta name=\"twitter:data2\" content=\"1 minute\" \/>\n<script type=\"application\/ld+json\" class=\"yoast-schema-graph\">{\"@context\":\"https:\\\/\\\/schema.org\",\"@graph\":[{\"@type\":\"Article\",\"@id\":\"https:\\\/\\\/dmcsrb.com\\\/drustvo\\\/video-bozovic-svako-drugo-dijete-predskolskog-uzrasta-u-crnoj-gori-nije-vakcinisano-mmr-vakcinom\\\/#article\",\"isPartOf\":{\"@id\":\"https:\\\/\\\/dmcsrb.com\\\/drustvo\\\/video-bozovic-svako-drugo-dijete-predskolskog-uzrasta-u-crnoj-gori-nije-vakcinisano-mmr-vakcinom\\\/\"},\"author\":{\"name\":\"dmcsrbija.com@gmail.com\",\"@id\":\"https:\\\/\\\/dmcsrb.com\\\/#\\\/schema\\\/person\\\/5c39170f12db1b8b457732d0b5c854e2\"},\"headline\":\"(VIDEO) Bo\u017eovi\u0107: Svako drugo dijete pred\u0161kolskog uzrasta u Crnoj Gori nije vakcinisano MMR vakcinom\",\"datePublished\":\"2026-01-14T18:14:00+00:00\",\"mainEntityOfPage\":{\"@id\":\"https:\\\/\\\/dmcsrb.com\\\/drustvo\\\/video-bozovic-svako-drugo-dijete-predskolskog-uzrasta-u-crnoj-gori-nije-vakcinisano-mmr-vakcinom\\\/\"},\"wordCount\":233,\"commentCount\":0,\"image\":{\"@id\":\"https:\\\/\\\/dmcsrb.com\\\/drustvo\\\/video-bozovic-svako-drugo-dijete-predskolskog-uzrasta-u-crnoj-gori-nije-vakcinisano-mmr-vakcinom\\\/#primaryimage\"},\"thumbnailUrl\":\"https:\\\/\\\/dmcsrb.com\\\/wp-content\\\/uploads\\\/2026\\\/01\\\/bozovic-5.webp\",\"keywords\":[\"IJZCG\",\"Marija Bo\u017eovi\u0107\",\"MMR vakcine\"],\"articleSection\":[\"Dru\u0161tvo\"],\"inLanguage\":\"en-GB\",\"potentialAction\":[{\"@type\":\"CommentAction\",\"name\":\"Comment\",\"target\":[\"https:\\\/\\\/dmcsrb.com\\\/drustvo\\\/video-bozovic-svako-drugo-dijete-predskolskog-uzrasta-u-crnoj-gori-nije-vakcinisano-mmr-vakcinom\\\/#respond\"]}]},{\"@type\":\"WebPage\",\"@id\":\"https:\\\/\\\/dmcsrb.com\\\/drustvo\\\/video-bozovic-svako-drugo-dijete-predskolskog-uzrasta-u-crnoj-gori-nije-vakcinisano-mmr-vakcinom\\\/\",\"url\":\"https:\\\/\\\/dmcsrb.com\\\/drustvo\\\/video-bozovic-svako-drugo-dijete-predskolskog-uzrasta-u-crnoj-gori-nije-vakcinisano-mmr-vakcinom\\\/\",\"name\":\"(VIDEO) Bo\u017eovi\u0107: Svako drugo dijete pred\u0161kolskog uzrasta u Crnoj Gori nije vakcinisano MMR vakcinom - dmcsrb.com\",\"isPartOf\":{\"@id\":\"https:\\\/\\\/dmcsrb.com\\\/#website\"},\"primaryImageOfPage\":{\"@id\":\"https:\\\/\\\/dmcsrb.com\\\/drustvo\\\/video-bozovic-svako-drugo-dijete-predskolskog-uzrasta-u-crnoj-gori-nije-vakcinisano-mmr-vakcinom\\\/#primaryimage\"},\"image\":{\"@id\":\"https:\\\/\\\/dmcsrb.com\\\/drustvo\\\/video-bozovic-svako-drugo-dijete-predskolskog-uzrasta-u-crnoj-gori-nije-vakcinisano-mmr-vakcinom\\\/#primaryimage\"},\"thumbnailUrl\":\"https:\\\/\\\/dmcsrb.com\\\/wp-content\\\/uploads\\\/2026\\\/01\\\/bozovic-5.webp\",\"datePublished\":\"2026-01-14T18:14:00+00:00\",\"author\":{\"@id\":\"https:\\\/\\\/dmcsrb.com\\\/#\\\/schema\\\/person\\\/5c39170f12db1b8b457732d0b5c854e2\"},\"breadcrumb\":{\"@id\":\"https:\\\/\\\/dmcsrb.com\\\/drustvo\\\/video-bozovic-svako-drugo-dijete-predskolskog-uzrasta-u-crnoj-gori-nije-vakcinisano-mmr-vakcinom\\\/#breadcrumb\"},\"inLanguage\":\"en-GB\",\"potentialAction\":[{\"@type\":\"ReadAction\",\"target\":[\"https:\\\/\\\/dmcsrb.com\\\/drustvo\\\/video-bozovic-svako-drugo-dijete-predskolskog-uzrasta-u-crnoj-gori-nije-vakcinisano-mmr-vakcinom\\\/\"]}]},{\"@type\":\"ImageObject\",\"inLanguage\":\"en-GB\",\"@id\":\"https:\\\/\\\/dmcsrb.com\\\/drustvo\\\/video-bozovic-svako-drugo-dijete-predskolskog-uzrasta-u-crnoj-gori-nije-vakcinisano-mmr-vakcinom\\\/#primaryimage\",\"url\":\"https:\\\/\\\/dmcsrb.com\\\/wp-content\\\/uploads\\\/2026\\\/01\\\/bozovic-5.webp\",\"contentUrl\":\"https:\\\/\\\/dmcsrb.com\\\/wp-content\\\/uploads\\\/2026\\\/01\\\/bozovic-5.webp\",\"width\":1365,\"height\":865,\"caption\":\"foto: RTV PG\"},{\"@type\":\"BreadcrumbList\",\"@id\":\"https:\\\/\\\/dmcsrb.com\\\/drustvo\\\/video-bozovic-svako-drugo-dijete-predskolskog-uzrasta-u-crnoj-gori-nije-vakcinisano-mmr-vakcinom\\\/#breadcrumb\",\"itemListElement\":[{\"@type\":\"ListItem\",\"position\":1,\"name\":\"Home\",\"item\":\"https:\\\/\\\/dmcsrb.com\\\/\"},{\"@type\":\"ListItem\",\"position\":2,\"name\":\"(VIDEO) Bo\u017eovi\u0107: Svako drugo dijete pred\u0161kolskog uzrasta u Crnoj Gori nije vakcinisano MMR vakcinom\"}]},{\"@type\":\"WebSite\",\"@id\":\"https:\\\/\\\/dmcsrb.com\\\/#website\",\"url\":\"https:\\\/\\\/dmcsrb.com\\\/\",\"name\":\"dmcsrb.com\",\"description\":\"\",\"potentialAction\":[{\"@type\":\"SearchAction\",\"target\":{\"@type\":\"EntryPoint\",\"urlTemplate\":\"https:\\\/\\\/dmcsrb.com\\\/?s={search_term_string}\"},\"query-input\":{\"@type\":\"PropertyValueSpecification\",\"valueRequired\":true,\"valueName\":\"search_term_string\"}}],\"inLanguage\":\"en-GB\"},{\"@type\":\"Person\",\"@id\":\"https:\\\/\\\/dmcsrb.com\\\/#\\\/schema\\\/person\\\/5c39170f12db1b8b457732d0b5c854e2\",\"name\":\"dmcsrbija.com@gmail.com\",\"image\":{\"@type\":\"ImageObject\",\"inLanguage\":\"en-GB\",\"@id\":\"https:\\\/\\\/secure.gravatar.com\\\/avatar\\\/68592660ad6347fad0fb587f8d5d8f1a7b44961362f56e4f2cd524feb87e9069?s=96&d=mm&r=g\",\"url\":\"https:\\\/\\\/secure.gravatar.com\\\/avatar\\\/68592660ad6347fad0fb587f8d5d8f1a7b44961362f56e4f2cd524feb87e9069?s=96&d=mm&r=g\",\"contentUrl\":\"https:\\\/\\\/secure.gravatar.com\\\/avatar\\\/68592660ad6347fad0fb587f8d5d8f1a7b44961362f56e4f2cd524feb87e9069?s=96&d=mm&r=g\",\"caption\":\"dmcsrbija.com@gmail.com\"},\"sameAs\":[\"https:\\\/\\\/dmcsrb.com\"],\"url\":\"https:\\\/\\\/dmcsrb.com\\\/en\\\/author\\\/dmcsrbija-comgmail-com\\\/\"}]}<\/script>\n<!-- \/ Yoast SEO plugin. -->","yoast_head_json":{"title":"(VIDEO) Bo\u017eovi\u0107: Svako drugo dijete pred\u0161kolskog uzrasta u Crnoj Gori nije vakcinisano MMR vakcinom - dmcsrb.com","robots":{"index":"index","follow":"follow","max-snippet":"max-snippet:-1","max-image-preview":"max-image-preview:large","max-video-preview":"max-video-preview:-1"},"canonical":"https:\/\/dmcsrb.com\/en\/drustvo\/video-bozovic-svako-drugo-dijete-predskolskog-uzrasta-u-crnoj-gori-nije-vakcinisano-mmr-vakcinom\/","og_locale":"en_GB","og_type":"article","og_title":"(VIDEO) Bo\u017eovi\u0107: Svako drugo dijete pred\u0161kolskog uzrasta u Crnoj Gori nije vakcinisano MMR vakcinom - dmcsrb.com","og_description":"Obaveznu MMR vakcinu protiv tri zarazne bolesti \u2013 morbila, rubeole i zau\u0161ki \u2013 u Crnoj Gori nije primilo ukupno\u00a031.409 djece uzrasta od jedne do 18 godina, pokazuju najnoviji podaci Instituta za javno zdravlje. Iz Instituta upozoravaju da bi to moglo imati ozbiljne posljedice po zdravlje djece.","og_url":"https:\/\/dmcsrb.com\/en\/drustvo\/video-bozovic-svako-drugo-dijete-predskolskog-uzrasta-u-crnoj-gori-nije-vakcinisano-mmr-vakcinom\/","og_site_name":"dmcsrb.com","article_published_time":"2026-01-14T18:14:00+00:00","og_image":[{"width":1365,"height":865,"url":"https:\/\/dmcsrb.com\/wp-content\/uploads\/2026\/01\/bozovic-5.webp","type":"image\/jpeg"}],"author":"dmcsrbija.com@gmail.com","twitter_card":"summary_large_image","twitter_misc":{"Written by":"dmcsrbija.com@gmail.com","Estimated reading time":"1 minute"},"schema":{"@context":"https:\/\/schema.org","@graph":[{"@type":"Article","@id":"https:\/\/dmcsrb.com\/drustvo\/video-bozovic-svako-drugo-dijete-predskolskog-uzrasta-u-crnoj-gori-nije-vakcinisano-mmr-vakcinom\/#article","isPartOf":{"@id":"https:\/\/dmcsrb.com\/drustvo\/video-bozovic-svako-drugo-dijete-predskolskog-uzrasta-u-crnoj-gori-nije-vakcinisano-mmr-vakcinom\/"},"author":{"name":"dmcsrbija.com@gmail.com","@id":"https:\/\/dmcsrb.com\/#\/schema\/person\/5c39170f12db1b8b457732d0b5c854e2"},"headline":"(VIDEO) Bo\u017eovi\u0107: Svako drugo dijete pred\u0161kolskog uzrasta u Crnoj Gori nije vakcinisano MMR vakcinom","datePublished":"2026-01-14T18:14:00+00:00","mainEntityOfPage":{"@id":"https:\/\/dmcsrb.com\/drustvo\/video-bozovic-svako-drugo-dijete-predskolskog-uzrasta-u-crnoj-gori-nije-vakcinisano-mmr-vakcinom\/"},"wordCount":233,"commentCount":0,"image":{"@id":"https:\/\/dmcsrb.com\/drustvo\/video-bozovic-svako-drugo-dijete-predskolskog-uzrasta-u-crnoj-gori-nije-vakcinisano-mmr-vakcinom\/#primaryimage"},"thumbnailUrl":"https:\/\/dmcsrb.com\/wp-content\/uploads\/2026\/01\/bozovic-5.webp","keywords":["IJZCG","Marija Bo\u017eovi\u0107","MMR vakcine"],"articleSection":["Dru\u0161tvo"],"inLanguage":"en-GB","potentialAction":[{"@type":"CommentAction","name":"Comment","target":["https:\/\/dmcsrb.com\/drustvo\/video-bozovic-svako-drugo-dijete-predskolskog-uzrasta-u-crnoj-gori-nije-vakcinisano-mmr-vakcinom\/#respond"]}]},{"@type":"WebPage","@id":"https:\/\/dmcsrb.com\/drustvo\/video-bozovic-svako-drugo-dijete-predskolskog-uzrasta-u-crnoj-gori-nije-vakcinisano-mmr-vakcinom\/","url":"https:\/\/dmcsrb.com\/drustvo\/video-bozovic-svako-drugo-dijete-predskolskog-uzrasta-u-crnoj-gori-nije-vakcinisano-mmr-vakcinom\/","name":"(VIDEO) Bo\u017eovi\u0107: Svako drugo dijete pred\u0161kolskog uzrasta u Crnoj Gori nije vakcinisano MMR vakcinom - dmcsrb.com","isPartOf":{"@id":"https:\/\/dmcsrb.com\/#website"},"primaryImageOfPage":{"@id":"https:\/\/dmcsrb.com\/drustvo\/video-bozovic-svako-drugo-dijete-predskolskog-uzrasta-u-crnoj-gori-nije-vakcinisano-mmr-vakcinom\/#primaryimage"},"image":{"@id":"https:\/\/dmcsrb.com\/drustvo\/video-bozovic-svako-drugo-dijete-predskolskog-uzrasta-u-crnoj-gori-nije-vakcinisano-mmr-vakcinom\/#primaryimage"},"thumbnailUrl":"https:\/\/dmcsrb.com\/wp-content\/uploads\/2026\/01\/bozovic-5.webp","datePublished":"2026-01-14T18:14:00+00:00","author":{"@id":"https:\/\/dmcsrb.com\/#\/schema\/person\/5c39170f12db1b8b457732d0b5c854e2"},"breadcrumb":{"@id":"https:\/\/dmcsrb.com\/drustvo\/video-bozovic-svako-drugo-dijete-predskolskog-uzrasta-u-crnoj-gori-nije-vakcinisano-mmr-vakcinom\/#breadcrumb"},"inLanguage":"en-GB","potentialAction":[{"@type":"ReadAction","target":["https:\/\/dmcsrb.com\/drustvo\/video-bozovic-svako-drugo-dijete-predskolskog-uzrasta-u-crnoj-gori-nije-vakcinisano-mmr-vakcinom\/"]}]},{"@type":"ImageObject","inLanguage":"en-GB","@id":"https:\/\/dmcsrb.com\/drustvo\/video-bozovic-svako-drugo-dijete-predskolskog-uzrasta-u-crnoj-gori-nije-vakcinisano-mmr-vakcinom\/#primaryimage","url":"https:\/\/dmcsrb.com\/wp-content\/uploads\/2026\/01\/bozovic-5.webp","contentUrl":"https:\/\/dmcsrb.com\/wp-content\/uploads\/2026\/01\/bozovic-5.webp","width":1365,"height":865,"caption":"foto: RTV PG"},{"@type":"BreadcrumbList","@id":"https:\/\/dmcsrb.com\/drustvo\/video-bozovic-svako-drugo-dijete-predskolskog-uzrasta-u-crnoj-gori-nije-vakcinisano-mmr-vakcinom\/#breadcrumb","itemListElement":[{"@type":"ListItem","position":1,"name":"Home","item":"https:\/\/dmcsrb.com\/"},{"@type":"ListItem","position":2,"name":"(VIDEO) Bo\u017eovi\u0107: Svako drugo dijete pred\u0161kolskog uzrasta u Crnoj Gori nije vakcinisano MMR vakcinom"}]},{"@type":"WebSite","@id":"https:\/\/dmcsrb.com\/#website","url":"https:\/\/dmcsrb.com\/","name":"dmcsrb.com","description":"","potentialAction":[{"@type":"SearchAction","target":{"@type":"EntryPoint","urlTemplate":"https:\/\/dmcsrb.com\/?s={search_term_string}"},"query-input":{"@type":"PropertyValueSpecification","valueRequired":true,"valueName":"search_term_string"}}],"inLanguage":"en-GB"},{"@type":"Person","@id":"https:\/\/dmcsrb.com\/#\/schema\/person\/5c39170f12db1b8b457732d0b5c854e2","name":"dmcsrbija.com@gmail.com","image":{"@type":"ImageObject","inLanguage":"en-GB","@id":"https:\/\/secure.gravatar.com\/avatar\/68592660ad6347fad0fb587f8d5d8f1a7b44961362f56e4f2cd524feb87e9069?s=96&d=mm&r=g","url":"https:\/\/secure.gravatar.com\/avatar\/68592660ad6347fad0fb587f8d5d8f1a7b44961362f56e4f2cd524feb87e9069?s=96&d=mm&r=g","contentUrl":"https:\/\/secure.gravatar.com\/avatar\/68592660ad6347fad0fb587f8d5d8f1a7b44961362f56e4f2cd524feb87e9069?s=96&d=mm&r=g","caption":"dmcsrbija.com@gmail.com"},"sameAs":["https:\/\/dmcsrb.com"],"url":"https:\/\/dmcsrb.com\/en\/author\/dmcsrbija-comgmail-com\/"}]}},"_links":{"self":[{"href":"https:\/\/dmcsrb.com\/en\/wp-json\/wp\/v2\/posts\/942376","targetHints":{"allow":["GET"]}}],"collection":[{"href":"https:\/\/dmcsrb.com\/en\/wp-json\/wp\/v2\/posts"}],"about":[{"href":"https:\/\/dmcsrb.com\/en\/wp-json\/wp\/v2\/types\/post"}],"author":[{"embeddable":true,"href":"https:\/\/dmcsrb.com\/en\/wp-json\/wp\/v2\/users\/1"}],"replies":[{"embeddable":true,"href":"https:\/\/dmcsrb.com\/en\/wp-json\/wp\/v2\/comments?post=942376"}],"version-history":[{"count":0,"href":"https:\/\/dmcsrb.com\/en\/wp-json\/wp\/v2\/posts\/942376\/revisions"}],"wp:featuredmedia":[{"embeddable":true,"href":"https:\/\/dmcsrb.com\/en\/wp-json\/wp\/v2\/media\/942706"}],"wp:attachment":[{"href":"https:\/\/dmcsrb.com\/en\/wp-json\/wp\/v2\/media?parent=942376"}],"wp:term":[{"taxonomy":"category","embeddable":true,"href":"https:\/\/dmcsrb.com\/en\/wp-json\/wp\/v2\/categories?post=942376"},{"taxonomy":"post_tag","embeddable":true,"href":"https:\/\/dmcsrb.com\/en\/wp-json\/wp\/v2\/tags?post=942376"},{"taxonomy":"naslovna","embeddable":true,"href":"https:\/\/dmcsrb.com\/en\/wp-json\/wp\/v2\/naslovna?post=942376"}],"curies":[{"name":"wp","href":"https:\/\/api.w.org\/{rel}","templated":true}]}}