{"id":942369,"date":"2026-01-14T18:57:01","date_gmt":"2026-01-14T17:57:01","guid":{"rendered":"https:\/\/gradski.me\/?p=908828"},"modified":"2026-01-14T18:57:01","modified_gmt":"2026-01-14T17:57:01","slug":"pobjegao-mjesanac-vuka-i-psa","status":"publish","type":"post","link":"https:\/\/dmcsrb.com\/en\/drustvo\/pobjegao-mjesanac-vuka-i-psa\/","title":{"rendered":"Jurili vuka, uhvatili haskija"},"content":{"rendered":"<p>&#8220;Kao \u0161to smo bili u prilici da vidimo, kru\u017eile su slike i snimci po dru\u0161tvenim mre\u017eama, zabrinutih gra\u0111ana da je u pitanju vuk koji je kru\u017eio po Bloku 9. Me\u0111utim ispostavilo se da ipak nije u pitanju ova divlja \u017eivotinja, ve\u0107 jedan vlasni\u010dki pas, rase haski&#8221;, saop\u0161tila je za na\u0161u televiziju direktorka azila, Ma\u0161a Jovanovi\u0107.<\/p>\n\n\n\n<p>Isti\u010de da se vlasnik u me\u0111uvremenu javio, ali da pas nije \u010dipovan pa samim tim nije mogu\u0107e utvrditi vlasni\u0161tvo i poziva sve vlasnike pasa da \u010dipuju svoje ljubimce, kako ne bismo dolazili u ove situacije, gdje se \u0161iri panika me\u0111u gra\u0111anima.<\/p>\n\n\n\n<p>&#8220;Nadle\u017ene institucije, &#8220;Komunalna policija&#8221; i &#8220;Komunalna inspekcija&#8221;, koje su zadu\u017eene za sve \u017eivotinje koje se nalaze na javnoj povr\u0161ini i treba da izdaju naloge i reaguju u ovim situacijama. \u0160to se ti\u010de ovoga slu\u010daja kolege su iza\u0161le na teren, a meni se javila jedna zabrinuta gra\u0111anka, i ja sam ih poslala da iza\u0111u na teren kako bi se sprije\u010dila i smanjila na najmanju mogu\u0107u mjeru panika me\u0111u ljudima&#8221;, kazala nam je Jovanovi\u0107.<\/p>\n\n\n\n<p>Dodaje da je ve\u0107ina stanovni\u0161tva mislila da je to vuk, kao i da postoji osoba koja u tom dijelu grada dr\u017ei divlje \u017eivotinje i nada se da \u0107e nadle\u017ene slu\u017ebe reagovati i na to.<\/p>\n\n\n\n<p>Podsjetimo, gra\u0111anski aktivista Aleksandar Dragi\u0107evi\u0107 objavio je na dru\u0161tvenim mre\u017eama da je u podgori\u010dkom naselju Tolo\u0161i odbjegao mje\u0161anac vuka i psa, odnosno &#8220;vu\u010diji pas&#8221;.<\/p>\n\n\n\n<p>&#8220;U Podgorici, u Tolo\u0161ima je odbjegao hibrid vuka i psa. Posljednji put vi\u0111en u blizini hotela Perla. Nadle\u017eni rade na hvatanju&#8221;, napisao je Dragi\u0107evi\u0107 na Fejsbuk nalogu.<\/p>\n\n\n\n<p><\/p>","protected":false},"excerpt":{"rendered":"<p>Kako je potvr\u0111eno iz &#8220;\u010cisto\u0107e&#8221; za RTV Podgorica haski koji je danas nestao je prona\u0111en i smje\u0161ten u podgori\u010dki azil. Ranije su brojni mediji i korisnici dru\u0161tvenih mre\u017ea, objavili da se tra\u017ei vuk koji luta gradom.<\/p>","protected":false},"author":1,"featured_media":908965,"comment_status":"open","ping_status":"open","sticky":false,"template":"","format":"standard","meta":{"_acf_changed":false,"footnotes":""},"categories":[2],"tags":[2647,95,5983,3828,31,15993],"naslovna":[],"class_list":["post-942369","post","type-post","status-publish","format-standard","has-post-thumbnail","hentry","category-drustvo","tag-aleksandar-dragicevic","tag-crna-gora","tag-masa-jovanovic","tag-pas","tag-podgorica","tag-vuk"],"acf":[],"yoast_head":"<!-- This site is optimized with the Yoast SEO plugin v27.0 - https:\/\/yoast.com\/product\/yoast-seo-wordpress\/ -->\n<title>Jurili vuka, uhvatili haskija - dmcsrb.com<\/title>\n<meta name=\"robots\" content=\"index, follow, max-snippet:-1, max-image-preview:large, max-video-preview:-1\" \/>\n<link rel=\"canonical\" href=\"https:\/\/dmcsrb.com\/en\/drustvo\/pobjegao-mjesanac-vuka-i-psa\/\" \/>\n<meta property=\"og:locale\" content=\"en_GB\" \/>\n<meta property=\"og:type\" content=\"article\" \/>\n<meta property=\"og:title\" content=\"Jurili vuka, uhvatili haskija - dmcsrb.com\" \/>\n<meta property=\"og:description\" content=\"Kako je potvr\u0111eno iz &quot;\u010cisto\u0107e&quot; za RTV Podgorica haski koji je danas nestao je prona\u0111en i smje\u0161ten u podgori\u010dki azil. Ranije su brojni mediji i korisnici dru\u0161tvenih mre\u017ea, objavili da se tra\u017ei vuk koji luta gradom.\" \/>\n<meta property=\"og:url\" content=\"https:\/\/dmcsrb.com\/en\/drustvo\/pobjegao-mjesanac-vuka-i-psa\/\" \/>\n<meta property=\"og:site_name\" content=\"dmcsrb.com\" \/>\n<meta property=\"article:published_time\" content=\"2026-01-14T17:57:01+00:00\" \/>\n<meta property=\"og:image\" content=\"https:\/\/dmcsrb.com\/wp-content\/uploads\/2026\/01\/vuk.webp\" \/>\n\t<meta property=\"og:image:width\" content=\"1272\" \/>\n\t<meta property=\"og:image:height\" content=\"853\" \/>\n\t<meta property=\"og:image:type\" content=\"image\/jpeg\" \/>\n<meta name=\"author\" content=\"dmcsrbija.com@gmail.com\" \/>\n<meta name=\"twitter:card\" content=\"summary_large_image\" \/>\n<meta name=\"twitter:label1\" content=\"Written by\" \/>\n\t<meta name=\"twitter:data1\" content=\"dmcsrbija.com@gmail.com\" \/>\n\t<meta name=\"twitter:label2\" content=\"Estimated reading time\" \/>\n\t<meta name=\"twitter:data2\" content=\"1 minute\" \/>\n<script type=\"application\/ld+json\" class=\"yoast-schema-graph\">{\"@context\":\"https:\/\/schema.org\",\"@graph\":[{\"@type\":\"Article\",\"@id\":\"https:\/\/dmcsrb.com\/drustvo\/pobjegao-mjesanac-vuka-i-psa\/#article\",\"isPartOf\":{\"@id\":\"https:\/\/dmcsrb.com\/drustvo\/pobjegao-mjesanac-vuka-i-psa\/\"},\"author\":{\"name\":\"dmcsrbija.com@gmail.com\",\"@id\":\"https:\/\/dmcsrb.com\/#\/schema\/person\/5c39170f12db1b8b457732d0b5c854e2\"},\"headline\":\"Jurili vuka, uhvatili haskija\",\"datePublished\":\"2026-01-14T17:57:01+00:00\",\"mainEntityOfPage\":{\"@id\":\"https:\/\/dmcsrb.com\/drustvo\/pobjegao-mjesanac-vuka-i-psa\/\"},\"wordCount\":300,\"commentCount\":0,\"image\":{\"@id\":\"https:\/\/dmcsrb.com\/drustvo\/pobjegao-mjesanac-vuka-i-psa\/#primaryimage\"},\"thumbnailUrl\":\"https:\/\/dmcsrb.com\/wp-content\/uploads\/2026\/01\/vuk.webp\",\"keywords\":[\"Aleksandar Dragi\u0107evi\u0107\",\"Crna Gora\",\"Ma\u0161a Jovanovi\u0107\",\"pas\",\"Podgorica\",\"Vuk\"],\"articleSection\":[\"Dru\u0161tvo\"],\"inLanguage\":\"en-GB\",\"potentialAction\":[{\"@type\":\"CommentAction\",\"name\":\"Comment\",\"target\":[\"https:\/\/dmcsrb.com\/drustvo\/pobjegao-mjesanac-vuka-i-psa\/#respond\"]}]},{\"@type\":\"WebPage\",\"@id\":\"https:\/\/dmcsrb.com\/drustvo\/pobjegao-mjesanac-vuka-i-psa\/\",\"url\":\"https:\/\/dmcsrb.com\/drustvo\/pobjegao-mjesanac-vuka-i-psa\/\",\"name\":\"Jurili vuka, uhvatili haskija - dmcsrb.com\",\"isPartOf\":{\"@id\":\"https:\/\/dmcsrb.com\/#website\"},\"primaryImageOfPage\":{\"@id\":\"https:\/\/dmcsrb.com\/drustvo\/pobjegao-mjesanac-vuka-i-psa\/#primaryimage\"},\"image\":{\"@id\":\"https:\/\/dmcsrb.com\/drustvo\/pobjegao-mjesanac-vuka-i-psa\/#primaryimage\"},\"thumbnailUrl\":\"https:\/\/dmcsrb.com\/wp-content\/uploads\/2026\/01\/vuk.webp\",\"datePublished\":\"2026-01-14T17:57:01+00:00\",\"author\":{\"@id\":\"https:\/\/dmcsrb.com\/#\/schema\/person\/5c39170f12db1b8b457732d0b5c854e2\"},\"breadcrumb\":{\"@id\":\"https:\/\/dmcsrb.com\/drustvo\/pobjegao-mjesanac-vuka-i-psa\/#breadcrumb\"},\"inLanguage\":\"en-GB\",\"potentialAction\":[{\"@type\":\"ReadAction\",\"target\":[\"https:\/\/dmcsrb.com\/drustvo\/pobjegao-mjesanac-vuka-i-psa\/\"]}]},{\"@type\":\"ImageObject\",\"inLanguage\":\"en-GB\",\"@id\":\"https:\/\/dmcsrb.com\/drustvo\/pobjegao-mjesanac-vuka-i-psa\/#primaryimage\",\"url\":\"https:\/\/dmcsrb.com\/wp-content\/uploads\/2026\/01\/vuk.webp\",\"contentUrl\":\"https:\/\/dmcsrb.com\/wp-content\/uploads\/2026\/01\/vuk.webp\",\"width\":1272,\"height\":853,\"caption\":\"Foto: RTV PG\"},{\"@type\":\"BreadcrumbList\",\"@id\":\"https:\/\/dmcsrb.com\/drustvo\/pobjegao-mjesanac-vuka-i-psa\/#breadcrumb\",\"itemListElement\":[{\"@type\":\"ListItem\",\"position\":1,\"name\":\"Home\",\"item\":\"https:\/\/dmcsrb.com\/\"},{\"@type\":\"ListItem\",\"position\":2,\"name\":\"Jurili vuka, uhvatili haskija\"}]},{\"@type\":\"WebSite\",\"@id\":\"https:\/\/dmcsrb.com\/#website\",\"url\":\"https:\/\/dmcsrb.com\/\",\"name\":\"dmcsrb.com\",\"description\":\"\",\"potentialAction\":[{\"@type\":\"SearchAction\",\"target\":{\"@type\":\"EntryPoint\",\"urlTemplate\":\"https:\/\/dmcsrb.com\/?s={search_term_string}\"},\"query-input\":{\"@type\":\"PropertyValueSpecification\",\"valueRequired\":true,\"valueName\":\"search_term_string\"}}],\"inLanguage\":\"en-GB\"},{\"@type\":\"Person\",\"@id\":\"https:\/\/dmcsrb.com\/#\/schema\/person\/5c39170f12db1b8b457732d0b5c854e2\",\"name\":\"dmcsrbija.com@gmail.com\",\"image\":{\"@type\":\"ImageObject\",\"inLanguage\":\"en-GB\",\"@id\":\"https:\/\/dmcsrb.com\/#\/schema\/person\/image\/\",\"url\":\"https:\/\/secure.gravatar.com\/avatar\/68592660ad6347fad0fb587f8d5d8f1a7b44961362f56e4f2cd524feb87e9069?s=96&d=mm&r=g\",\"contentUrl\":\"https:\/\/secure.gravatar.com\/avatar\/68592660ad6347fad0fb587f8d5d8f1a7b44961362f56e4f2cd524feb87e9069?s=96&d=mm&r=g\",\"caption\":\"dmcsrbija.com@gmail.com\"},\"sameAs\":[\"https:\/\/dmcsrb.com\"],\"url\":\"https:\/\/dmcsrb.com\/en\/author\/dmcsrbija-comgmail-com\/\"}]}<\/script>\n<!-- \/ Yoast SEO plugin. -->","yoast_head_json":{"title":"Jurili vuka, uhvatili haskija - dmcsrb.com","robots":{"index":"index","follow":"follow","max-snippet":"max-snippet:-1","max-image-preview":"max-image-preview:large","max-video-preview":"max-video-preview:-1"},"canonical":"https:\/\/dmcsrb.com\/en\/drustvo\/pobjegao-mjesanac-vuka-i-psa\/","og_locale":"en_GB","og_type":"article","og_title":"Jurili vuka, uhvatili haskija - dmcsrb.com","og_description":"Kako je potvr\u0111eno iz \"\u010cisto\u0107e\" za RTV Podgorica haski koji je danas nestao je prona\u0111en i smje\u0161ten u podgori\u010dki azil. Ranije su brojni mediji i korisnici dru\u0161tvenih mre\u017ea, objavili da se tra\u017ei vuk koji luta gradom.","og_url":"https:\/\/dmcsrb.com\/en\/drustvo\/pobjegao-mjesanac-vuka-i-psa\/","og_site_name":"dmcsrb.com","article_published_time":"2026-01-14T17:57:01+00:00","og_image":[{"width":1272,"height":853,"url":"https:\/\/dmcsrb.com\/wp-content\/uploads\/2026\/01\/vuk.webp","type":"image\/jpeg"}],"author":"dmcsrbija.com@gmail.com","twitter_card":"summary_large_image","twitter_misc":{"Written by":"dmcsrbija.com@gmail.com","Estimated reading time":"1 minute"},"schema":{"@context":"https:\/\/schema.org","@graph":[{"@type":"Article","@id":"https:\/\/dmcsrb.com\/drustvo\/pobjegao-mjesanac-vuka-i-psa\/#article","isPartOf":{"@id":"https:\/\/dmcsrb.com\/drustvo\/pobjegao-mjesanac-vuka-i-psa\/"},"author":{"name":"dmcsrbija.com@gmail.com","@id":"https:\/\/dmcsrb.com\/#\/schema\/person\/5c39170f12db1b8b457732d0b5c854e2"},"headline":"Jurili vuka, uhvatili haskija","datePublished":"2026-01-14T17:57:01+00:00","mainEntityOfPage":{"@id":"https:\/\/dmcsrb.com\/drustvo\/pobjegao-mjesanac-vuka-i-psa\/"},"wordCount":300,"commentCount":0,"image":{"@id":"https:\/\/dmcsrb.com\/drustvo\/pobjegao-mjesanac-vuka-i-psa\/#primaryimage"},"thumbnailUrl":"https:\/\/dmcsrb.com\/wp-content\/uploads\/2026\/01\/vuk.webp","keywords":["Aleksandar Dragi\u0107evi\u0107","Crna Gora","Ma\u0161a Jovanovi\u0107","pas","Podgorica","Vuk"],"articleSection":["Dru\u0161tvo"],"inLanguage":"en-GB","potentialAction":[{"@type":"CommentAction","name":"Comment","target":["https:\/\/dmcsrb.com\/drustvo\/pobjegao-mjesanac-vuka-i-psa\/#respond"]}]},{"@type":"WebPage","@id":"https:\/\/dmcsrb.com\/drustvo\/pobjegao-mjesanac-vuka-i-psa\/","url":"https:\/\/dmcsrb.com\/drustvo\/pobjegao-mjesanac-vuka-i-psa\/","name":"Jurili vuka, uhvatili haskija - dmcsrb.com","isPartOf":{"@id":"https:\/\/dmcsrb.com\/#website"},"primaryImageOfPage":{"@id":"https:\/\/dmcsrb.com\/drustvo\/pobjegao-mjesanac-vuka-i-psa\/#primaryimage"},"image":{"@id":"https:\/\/dmcsrb.com\/drustvo\/pobjegao-mjesanac-vuka-i-psa\/#primaryimage"},"thumbnailUrl":"https:\/\/dmcsrb.com\/wp-content\/uploads\/2026\/01\/vuk.webp","datePublished":"2026-01-14T17:57:01+00:00","author":{"@id":"https:\/\/dmcsrb.com\/#\/schema\/person\/5c39170f12db1b8b457732d0b5c854e2"},"breadcrumb":{"@id":"https:\/\/dmcsrb.com\/drustvo\/pobjegao-mjesanac-vuka-i-psa\/#breadcrumb"},"inLanguage":"en-GB","potentialAction":[{"@type":"ReadAction","target":["https:\/\/dmcsrb.com\/drustvo\/pobjegao-mjesanac-vuka-i-psa\/"]}]},{"@type":"ImageObject","inLanguage":"en-GB","@id":"https:\/\/dmcsrb.com\/drustvo\/pobjegao-mjesanac-vuka-i-psa\/#primaryimage","url":"https:\/\/dmcsrb.com\/wp-content\/uploads\/2026\/01\/vuk.webp","contentUrl":"https:\/\/dmcsrb.com\/wp-content\/uploads\/2026\/01\/vuk.webp","width":1272,"height":853,"caption":"Foto: RTV PG"},{"@type":"BreadcrumbList","@id":"https:\/\/dmcsrb.com\/drustvo\/pobjegao-mjesanac-vuka-i-psa\/#breadcrumb","itemListElement":[{"@type":"ListItem","position":1,"name":"Home","item":"https:\/\/dmcsrb.com\/"},{"@type":"ListItem","position":2,"name":"Jurili vuka, uhvatili haskija"}]},{"@type":"WebSite","@id":"https:\/\/dmcsrb.com\/#website","url":"https:\/\/dmcsrb.com\/","name":"dmcsrb.com","description":"","potentialAction":[{"@type":"SearchAction","target":{"@type":"EntryPoint","urlTemplate":"https:\/\/dmcsrb.com\/?s={search_term_string}"},"query-input":{"@type":"PropertyValueSpecification","valueRequired":true,"valueName":"search_term_string"}}],"inLanguage":"en-GB"},{"@type":"Person","@id":"https:\/\/dmcsrb.com\/#\/schema\/person\/5c39170f12db1b8b457732d0b5c854e2","name":"dmcsrbija.com@gmail.com","image":{"@type":"ImageObject","inLanguage":"en-GB","@id":"https:\/\/dmcsrb.com\/#\/schema\/person\/image\/","url":"https:\/\/secure.gravatar.com\/avatar\/68592660ad6347fad0fb587f8d5d8f1a7b44961362f56e4f2cd524feb87e9069?s=96&d=mm&r=g","contentUrl":"https:\/\/secure.gravatar.com\/avatar\/68592660ad6347fad0fb587f8d5d8f1a7b44961362f56e4f2cd524feb87e9069?s=96&d=mm&r=g","caption":"dmcsrbija.com@gmail.com"},"sameAs":["https:\/\/dmcsrb.com"],"url":"https:\/\/dmcsrb.com\/en\/author\/dmcsrbija-comgmail-com\/"}]}},"_links":{"self":[{"href":"https:\/\/dmcsrb.com\/en\/wp-json\/wp\/v2\/posts\/942369","targetHints":{"allow":["GET"]}}],"collection":[{"href":"https:\/\/dmcsrb.com\/en\/wp-json\/wp\/v2\/posts"}],"about":[{"href":"https:\/\/dmcsrb.com\/en\/wp-json\/wp\/v2\/types\/post"}],"author":[{"embeddable":true,"href":"https:\/\/dmcsrb.com\/en\/wp-json\/wp\/v2\/users\/1"}],"replies":[{"embeddable":true,"href":"https:\/\/dmcsrb.com\/en\/wp-json\/wp\/v2\/comments?post=942369"}],"version-history":[{"count":0,"href":"https:\/\/dmcsrb.com\/en\/wp-json\/wp\/v2\/posts\/942369\/revisions"}],"wp:featuredmedia":[{"embeddable":true,"href":"https:\/\/dmcsrb.com\/en\/wp-json\/wp\/v2\/media\/908965"}],"wp:attachment":[{"href":"https:\/\/dmcsrb.com\/en\/wp-json\/wp\/v2\/media?parent=942369"}],"wp:term":[{"taxonomy":"category","embeddable":true,"href":"https:\/\/dmcsrb.com\/en\/wp-json\/wp\/v2\/categories?post=942369"},{"taxonomy":"post_tag","embeddable":true,"href":"https:\/\/dmcsrb.com\/en\/wp-json\/wp\/v2\/tags?post=942369"},{"taxonomy":"naslovna","embeddable":true,"href":"https:\/\/dmcsrb.com\/en\/wp-json\/wp\/v2\/naslovna?post=942369"}],"curies":[{"name":"wp","href":"https:\/\/api.w.org\/{rel}","templated":true}]}}