{"id":942358,"date":"2026-01-14T15:59:00","date_gmt":"2026-01-14T14:59:00","guid":{"rendered":"https:\/\/gradski.me\/?p=908757"},"modified":"2026-01-14T15:59:00","modified_gmt":"2026-01-14T14:59:00","slug":"kovacevic-sudi-u-torinu-jecmenica-supervizor-u-mariboru-ivanovic-u-lugosu","status":"publish","type":"post","link":"https:\/\/dmcsrb.com\/en\/sport\/kovacevic-sudi-u-torinu-jecmenica-supervizor-u-mariboru-ivanovic-u-lugosu\/","title":{"rendered":"Kova\u010devi\u0107 sudi u Torinu, Je\u010dmenica supervizor u Mariboru, Ivanovi\u0107 u Lugo\u0161u"},"content":{"rendered":"<p><strong>Kova\u010devi\u0107<\/strong>&nbsp;\u0107e biti prvi sudija na revan\u0161 utakmici osmine finala CEV Kupa, u kojoj \u0107e Kjeri u Torinu ugostiti francuski Nansi. Utakmica se igra od 20 sati, a drugi sudija bi\u0107e Slovak&nbsp;<strong>Miroslav Jura\u010dek<\/strong>.<\/p>\n\n\n\n<p>Direktor mu\u0161kih selekcija u Odbojka\u0161kom savezu Crne Gore,&nbsp;<strong>Ivan Je\u010dmenica<\/strong>, bi\u0107e supervizor tako\u0111e na revan\u0161u osmine finala CEV Kupa odbojka\u0161ica, u kom \u0107e OTP Bank Branik do\u010dekati Bielsko-Bialu u Mariboru, od 18 sati.<\/p>\n\n\n\n<p>Istog dana&nbsp;<strong>Sa\u0161a Ivanovi\u0107<\/strong>&nbsp;obavlja\u0107e ulogu supervizora na revan\u0161u osmine finala CEV \u010celend\u017e kupa u Lugo\u0161u, u kom \u0107e istoimeni rumunski tim do\u010dekati ekipu GEN-I Volleyja iz Slovenije, od 17.30 h.<\/p>","protected":false},"excerpt":{"rendered":"<p>Crnogorski internacionalac\u00a0Slobodan Kova\u010devi\u0107\u00a0delegiran je za sudiju me\u010da CEV Kupa u Torinu, a ulogu supervizora na utakmicama CEV Kupa i CEV \u010celend\u017e kupa ima\u0107e Ivan Je\u010dmenica i Sa\u0161a Ivanovi\u0107.<\/p>","protected":false},"author":1,"featured_media":942680,"comment_status":"open","ping_status":"open","sticky":false,"template":"","format":"standard","meta":{"_acf_changed":false,"footnotes":""},"categories":[148],"tags":[1902,5844,527,528,217,14172,1976],"naslovna":[],"class_list":["post-942358","post","type-post","status-publish","format-standard","has-post-thumbnail","hentry","category-sport","tag-cev-celendz-kup","tag-cev-kup","tag-ivan-jecmenica","tag-odbojka","tag-oscg","tag-sasa-ivanovic","tag-slobodan-kovacevic-2"],"acf":[],"yoast_head":"<!-- This site is optimized with the Yoast SEO plugin v27.4 - https:\/\/yoast.com\/product\/yoast-seo-wordpress\/ -->\n<title>Kova\u010devi\u0107 sudi u Torinu, Je\u010dmenica supervizor u Mariboru, Ivanovi\u0107 u Lugo\u0161u - dmcsrb.com<\/title>\n<meta name=\"robots\" content=\"index, follow, max-snippet:-1, max-image-preview:large, max-video-preview:-1\" \/>\n<link rel=\"canonical\" href=\"https:\/\/dmcsrb.com\/en\/sport\/kovacevic-sudi-u-torinu-jecmenica-supervizor-u-mariboru-ivanovic-u-lugosu\/\" \/>\n<meta property=\"og:locale\" content=\"en_GB\" \/>\n<meta property=\"og:type\" content=\"article\" \/>\n<meta property=\"og:title\" content=\"Kova\u010devi\u0107 sudi u Torinu, Je\u010dmenica supervizor u Mariboru, Ivanovi\u0107 u Lugo\u0161u - dmcsrb.com\" \/>\n<meta property=\"og:description\" content=\"Crnogorski internacionalac\u00a0Slobodan Kova\u010devi\u0107\u00a0delegiran je za sudiju me\u010da CEV Kupa u Torinu, a ulogu supervizora na utakmicama CEV Kupa i CEV \u010celend\u017e kupa ima\u0107e Ivan Je\u010dmenica i Sa\u0161a Ivanovi\u0107.\" \/>\n<meta property=\"og:url\" content=\"https:\/\/dmcsrb.com\/en\/sport\/kovacevic-sudi-u-torinu-jecmenica-supervizor-u-mariboru-ivanovic-u-lugosu\/\" \/>\n<meta property=\"og:site_name\" content=\"dmcsrb.com\" \/>\n<meta property=\"article:published_time\" content=\"2026-01-14T14:59:00+00:00\" \/>\n<meta property=\"og:image\" content=\"https:\/\/dmcsrb.com\/wp-content\/uploads\/2026\/01\/Slobodan-Kovacevic-OSCG.webp\" \/>\n\t<meta property=\"og:image:width\" content=\"2000\" \/>\n\t<meta property=\"og:image:height\" content=\"1333\" \/>\n\t<meta property=\"og:image:type\" content=\"image\/jpeg\" \/>\n<meta name=\"author\" content=\"dmcsrbija.com@gmail.com\" \/>\n<meta name=\"twitter:card\" content=\"summary_large_image\" \/>\n<meta name=\"twitter:label1\" content=\"Written by\" \/>\n\t<meta name=\"twitter:data1\" content=\"dmcsrbija.com@gmail.com\" \/>\n\t<meta name=\"twitter:label2\" content=\"Estimated reading time\" \/>\n\t<meta name=\"twitter:data2\" content=\"1 minute\" \/>\n<script type=\"application\/ld+json\" class=\"yoast-schema-graph\">{\"@context\":\"https:\\\/\\\/schema.org\",\"@graph\":[{\"@type\":\"Article\",\"@id\":\"https:\\\/\\\/dmcsrb.com\\\/en\\\/sport\\\/kovacevic-sudi-u-torinu-jecmenica-supervizor-u-mariboru-ivanovic-u-lugosu\\\/#article\",\"isPartOf\":{\"@id\":\"https:\\\/\\\/dmcsrb.com\\\/en\\\/sport\\\/kovacevic-sudi-u-torinu-jecmenica-supervizor-u-mariboru-ivanovic-u-lugosu\\\/\"},\"author\":{\"name\":\"dmcsrbija.com@gmail.com\",\"@id\":\"https:\\\/\\\/dmcsrb.com\\\/#\\\/schema\\\/person\\\/5c39170f12db1b8b457732d0b5c854e2\"},\"headline\":\"Kova\u010devi\u0107 sudi u Torinu, Je\u010dmenica supervizor u Mariboru, Ivanovi\u0107 u Lugo\u0161u\",\"datePublished\":\"2026-01-14T14:59:00+00:00\",\"mainEntityOfPage\":{\"@id\":\"https:\\\/\\\/dmcsrb.com\\\/en\\\/sport\\\/kovacevic-sudi-u-torinu-jecmenica-supervizor-u-mariboru-ivanovic-u-lugosu\\\/\"},\"wordCount\":130,\"commentCount\":0,\"image\":{\"@id\":\"https:\\\/\\\/dmcsrb.com\\\/en\\\/sport\\\/kovacevic-sudi-u-torinu-jecmenica-supervizor-u-mariboru-ivanovic-u-lugosu\\\/#primaryimage\"},\"thumbnailUrl\":\"https:\\\/\\\/dmcsrb.com\\\/wp-content\\\/uploads\\\/2026\\\/01\\\/Slobodan-Kovacevic-OSCG.webp\",\"keywords\":[\"CEV \u010celend\u017e kup\",\"CEV Kup\",\"Ivan Je\u010dmenica\",\"odbojka\",\"OSCG\",\"Sa\u0161a Ivanovi\u0107\",\"Slobodan Kova\u010devi\u0107\"],\"articleSection\":[\"Sport\"],\"inLanguage\":\"en-GB\",\"potentialAction\":[{\"@type\":\"CommentAction\",\"name\":\"Comment\",\"target\":[\"https:\\\/\\\/dmcsrb.com\\\/en\\\/sport\\\/kovacevic-sudi-u-torinu-jecmenica-supervizor-u-mariboru-ivanovic-u-lugosu\\\/#respond\"]}]},{\"@type\":\"WebPage\",\"@id\":\"https:\\\/\\\/dmcsrb.com\\\/en\\\/sport\\\/kovacevic-sudi-u-torinu-jecmenica-supervizor-u-mariboru-ivanovic-u-lugosu\\\/\",\"url\":\"https:\\\/\\\/dmcsrb.com\\\/en\\\/sport\\\/kovacevic-sudi-u-torinu-jecmenica-supervizor-u-mariboru-ivanovic-u-lugosu\\\/\",\"name\":\"Kova\u010devi\u0107 sudi u Torinu, Je\u010dmenica supervizor u Mariboru, Ivanovi\u0107 u Lugo\u0161u - dmcsrb.com\",\"isPartOf\":{\"@id\":\"https:\\\/\\\/dmcsrb.com\\\/#website\"},\"primaryImageOfPage\":{\"@id\":\"https:\\\/\\\/dmcsrb.com\\\/en\\\/sport\\\/kovacevic-sudi-u-torinu-jecmenica-supervizor-u-mariboru-ivanovic-u-lugosu\\\/#primaryimage\"},\"image\":{\"@id\":\"https:\\\/\\\/dmcsrb.com\\\/en\\\/sport\\\/kovacevic-sudi-u-torinu-jecmenica-supervizor-u-mariboru-ivanovic-u-lugosu\\\/#primaryimage\"},\"thumbnailUrl\":\"https:\\\/\\\/dmcsrb.com\\\/wp-content\\\/uploads\\\/2026\\\/01\\\/Slobodan-Kovacevic-OSCG.webp\",\"datePublished\":\"2026-01-14T14:59:00+00:00\",\"author\":{\"@id\":\"https:\\\/\\\/dmcsrb.com\\\/#\\\/schema\\\/person\\\/5c39170f12db1b8b457732d0b5c854e2\"},\"breadcrumb\":{\"@id\":\"https:\\\/\\\/dmcsrb.com\\\/en\\\/sport\\\/kovacevic-sudi-u-torinu-jecmenica-supervizor-u-mariboru-ivanovic-u-lugosu\\\/#breadcrumb\"},\"inLanguage\":\"en-GB\",\"potentialAction\":[{\"@type\":\"ReadAction\",\"target\":[\"https:\\\/\\\/dmcsrb.com\\\/en\\\/sport\\\/kovacevic-sudi-u-torinu-jecmenica-supervizor-u-mariboru-ivanovic-u-lugosu\\\/\"]}]},{\"@type\":\"ImageObject\",\"inLanguage\":\"en-GB\",\"@id\":\"https:\\\/\\\/dmcsrb.com\\\/en\\\/sport\\\/kovacevic-sudi-u-torinu-jecmenica-supervizor-u-mariboru-ivanovic-u-lugosu\\\/#primaryimage\",\"url\":\"https:\\\/\\\/dmcsrb.com\\\/wp-content\\\/uploads\\\/2026\\\/01\\\/Slobodan-Kovacevic-OSCG.webp\",\"contentUrl\":\"https:\\\/\\\/dmcsrb.com\\\/wp-content\\\/uploads\\\/2026\\\/01\\\/Slobodan-Kovacevic-OSCG.webp\",\"width\":2000,\"height\":1333,\"caption\":\"Foto: OSCG\"},{\"@type\":\"BreadcrumbList\",\"@id\":\"https:\\\/\\\/dmcsrb.com\\\/en\\\/sport\\\/kovacevic-sudi-u-torinu-jecmenica-supervizor-u-mariboru-ivanovic-u-lugosu\\\/#breadcrumb\",\"itemListElement\":[{\"@type\":\"ListItem\",\"position\":1,\"name\":\"Home\",\"item\":\"https:\\\/\\\/dmcsrb.com\\\/\"},{\"@type\":\"ListItem\",\"position\":2,\"name\":\"Kova\u010devi\u0107 sudi u Torinu, Je\u010dmenica supervizor u Mariboru, Ivanovi\u0107 u Lugo\u0161u\"}]},{\"@type\":\"WebSite\",\"@id\":\"https:\\\/\\\/dmcsrb.com\\\/#website\",\"url\":\"https:\\\/\\\/dmcsrb.com\\\/\",\"name\":\"dmcsrb.com\",\"description\":\"\",\"potentialAction\":[{\"@type\":\"SearchAction\",\"target\":{\"@type\":\"EntryPoint\",\"urlTemplate\":\"https:\\\/\\\/dmcsrb.com\\\/?s={search_term_string}\"},\"query-input\":{\"@type\":\"PropertyValueSpecification\",\"valueRequired\":true,\"valueName\":\"search_term_string\"}}],\"inLanguage\":\"en-GB\"},{\"@type\":\"Person\",\"@id\":\"https:\\\/\\\/dmcsrb.com\\\/#\\\/schema\\\/person\\\/5c39170f12db1b8b457732d0b5c854e2\",\"name\":\"dmcsrbija.com@gmail.com\",\"image\":{\"@type\":\"ImageObject\",\"inLanguage\":\"en-GB\",\"@id\":\"https:\\\/\\\/secure.gravatar.com\\\/avatar\\\/68592660ad6347fad0fb587f8d5d8f1a7b44961362f56e4f2cd524feb87e9069?s=96&d=mm&r=g\",\"url\":\"https:\\\/\\\/secure.gravatar.com\\\/avatar\\\/68592660ad6347fad0fb587f8d5d8f1a7b44961362f56e4f2cd524feb87e9069?s=96&d=mm&r=g\",\"contentUrl\":\"https:\\\/\\\/secure.gravatar.com\\\/avatar\\\/68592660ad6347fad0fb587f8d5d8f1a7b44961362f56e4f2cd524feb87e9069?s=96&d=mm&r=g\",\"caption\":\"dmcsrbija.com@gmail.com\"},\"sameAs\":[\"https:\\\/\\\/dmcsrb.com\"],\"url\":\"https:\\\/\\\/dmcsrb.com\\\/en\\\/author\\\/dmcsrbija-comgmail-com\\\/\"}]}<\/script>\n<!-- \/ Yoast SEO plugin. -->","yoast_head_json":{"title":"Kova\u010devi\u0107 sudi u Torinu, Je\u010dmenica supervizor u Mariboru, Ivanovi\u0107 u Lugo\u0161u - dmcsrb.com","robots":{"index":"index","follow":"follow","max-snippet":"max-snippet:-1","max-image-preview":"max-image-preview:large","max-video-preview":"max-video-preview:-1"},"canonical":"https:\/\/dmcsrb.com\/en\/sport\/kovacevic-sudi-u-torinu-jecmenica-supervizor-u-mariboru-ivanovic-u-lugosu\/","og_locale":"en_GB","og_type":"article","og_title":"Kova\u010devi\u0107 sudi u Torinu, Je\u010dmenica supervizor u Mariboru, Ivanovi\u0107 u Lugo\u0161u - dmcsrb.com","og_description":"Crnogorski internacionalac\u00a0Slobodan Kova\u010devi\u0107\u00a0delegiran je za sudiju me\u010da CEV Kupa u Torinu, a ulogu supervizora na utakmicama CEV Kupa i CEV \u010celend\u017e kupa ima\u0107e Ivan Je\u010dmenica i Sa\u0161a Ivanovi\u0107.","og_url":"https:\/\/dmcsrb.com\/en\/sport\/kovacevic-sudi-u-torinu-jecmenica-supervizor-u-mariboru-ivanovic-u-lugosu\/","og_site_name":"dmcsrb.com","article_published_time":"2026-01-14T14:59:00+00:00","og_image":[{"width":2000,"height":1333,"url":"https:\/\/dmcsrb.com\/wp-content\/uploads\/2026\/01\/Slobodan-Kovacevic-OSCG.webp","type":"image\/jpeg"}],"author":"dmcsrbija.com@gmail.com","twitter_card":"summary_large_image","twitter_misc":{"Written by":"dmcsrbija.com@gmail.com","Estimated reading time":"1 minute"},"schema":{"@context":"https:\/\/schema.org","@graph":[{"@type":"Article","@id":"https:\/\/dmcsrb.com\/en\/sport\/kovacevic-sudi-u-torinu-jecmenica-supervizor-u-mariboru-ivanovic-u-lugosu\/#article","isPartOf":{"@id":"https:\/\/dmcsrb.com\/en\/sport\/kovacevic-sudi-u-torinu-jecmenica-supervizor-u-mariboru-ivanovic-u-lugosu\/"},"author":{"name":"dmcsrbija.com@gmail.com","@id":"https:\/\/dmcsrb.com\/#\/schema\/person\/5c39170f12db1b8b457732d0b5c854e2"},"headline":"Kova\u010devi\u0107 sudi u Torinu, Je\u010dmenica supervizor u Mariboru, Ivanovi\u0107 u Lugo\u0161u","datePublished":"2026-01-14T14:59:00+00:00","mainEntityOfPage":{"@id":"https:\/\/dmcsrb.com\/en\/sport\/kovacevic-sudi-u-torinu-jecmenica-supervizor-u-mariboru-ivanovic-u-lugosu\/"},"wordCount":130,"commentCount":0,"image":{"@id":"https:\/\/dmcsrb.com\/en\/sport\/kovacevic-sudi-u-torinu-jecmenica-supervizor-u-mariboru-ivanovic-u-lugosu\/#primaryimage"},"thumbnailUrl":"https:\/\/dmcsrb.com\/wp-content\/uploads\/2026\/01\/Slobodan-Kovacevic-OSCG.webp","keywords":["CEV \u010celend\u017e kup","CEV Kup","Ivan Je\u010dmenica","odbojka","OSCG","Sa\u0161a Ivanovi\u0107","Slobodan Kova\u010devi\u0107"],"articleSection":["Sport"],"inLanguage":"en-GB","potentialAction":[{"@type":"CommentAction","name":"Comment","target":["https:\/\/dmcsrb.com\/en\/sport\/kovacevic-sudi-u-torinu-jecmenica-supervizor-u-mariboru-ivanovic-u-lugosu\/#respond"]}]},{"@type":"WebPage","@id":"https:\/\/dmcsrb.com\/en\/sport\/kovacevic-sudi-u-torinu-jecmenica-supervizor-u-mariboru-ivanovic-u-lugosu\/","url":"https:\/\/dmcsrb.com\/en\/sport\/kovacevic-sudi-u-torinu-jecmenica-supervizor-u-mariboru-ivanovic-u-lugosu\/","name":"Kova\u010devi\u0107 sudi u Torinu, Je\u010dmenica supervizor u Mariboru, Ivanovi\u0107 u Lugo\u0161u - dmcsrb.com","isPartOf":{"@id":"https:\/\/dmcsrb.com\/#website"},"primaryImageOfPage":{"@id":"https:\/\/dmcsrb.com\/en\/sport\/kovacevic-sudi-u-torinu-jecmenica-supervizor-u-mariboru-ivanovic-u-lugosu\/#primaryimage"},"image":{"@id":"https:\/\/dmcsrb.com\/en\/sport\/kovacevic-sudi-u-torinu-jecmenica-supervizor-u-mariboru-ivanovic-u-lugosu\/#primaryimage"},"thumbnailUrl":"https:\/\/dmcsrb.com\/wp-content\/uploads\/2026\/01\/Slobodan-Kovacevic-OSCG.webp","datePublished":"2026-01-14T14:59:00+00:00","author":{"@id":"https:\/\/dmcsrb.com\/#\/schema\/person\/5c39170f12db1b8b457732d0b5c854e2"},"breadcrumb":{"@id":"https:\/\/dmcsrb.com\/en\/sport\/kovacevic-sudi-u-torinu-jecmenica-supervizor-u-mariboru-ivanovic-u-lugosu\/#breadcrumb"},"inLanguage":"en-GB","potentialAction":[{"@type":"ReadAction","target":["https:\/\/dmcsrb.com\/en\/sport\/kovacevic-sudi-u-torinu-jecmenica-supervizor-u-mariboru-ivanovic-u-lugosu\/"]}]},{"@type":"ImageObject","inLanguage":"en-GB","@id":"https:\/\/dmcsrb.com\/en\/sport\/kovacevic-sudi-u-torinu-jecmenica-supervizor-u-mariboru-ivanovic-u-lugosu\/#primaryimage","url":"https:\/\/dmcsrb.com\/wp-content\/uploads\/2026\/01\/Slobodan-Kovacevic-OSCG.webp","contentUrl":"https:\/\/dmcsrb.com\/wp-content\/uploads\/2026\/01\/Slobodan-Kovacevic-OSCG.webp","width":2000,"height":1333,"caption":"Foto: OSCG"},{"@type":"BreadcrumbList","@id":"https:\/\/dmcsrb.com\/en\/sport\/kovacevic-sudi-u-torinu-jecmenica-supervizor-u-mariboru-ivanovic-u-lugosu\/#breadcrumb","itemListElement":[{"@type":"ListItem","position":1,"name":"Home","item":"https:\/\/dmcsrb.com\/"},{"@type":"ListItem","position":2,"name":"Kova\u010devi\u0107 sudi u Torinu, Je\u010dmenica supervizor u Mariboru, Ivanovi\u0107 u Lugo\u0161u"}]},{"@type":"WebSite","@id":"https:\/\/dmcsrb.com\/#website","url":"https:\/\/dmcsrb.com\/","name":"dmcsrb.com","description":"","potentialAction":[{"@type":"SearchAction","target":{"@type":"EntryPoint","urlTemplate":"https:\/\/dmcsrb.com\/?s={search_term_string}"},"query-input":{"@type":"PropertyValueSpecification","valueRequired":true,"valueName":"search_term_string"}}],"inLanguage":"en-GB"},{"@type":"Person","@id":"https:\/\/dmcsrb.com\/#\/schema\/person\/5c39170f12db1b8b457732d0b5c854e2","name":"dmcsrbija.com@gmail.com","image":{"@type":"ImageObject","inLanguage":"en-GB","@id":"https:\/\/secure.gravatar.com\/avatar\/68592660ad6347fad0fb587f8d5d8f1a7b44961362f56e4f2cd524feb87e9069?s=96&d=mm&r=g","url":"https:\/\/secure.gravatar.com\/avatar\/68592660ad6347fad0fb587f8d5d8f1a7b44961362f56e4f2cd524feb87e9069?s=96&d=mm&r=g","contentUrl":"https:\/\/secure.gravatar.com\/avatar\/68592660ad6347fad0fb587f8d5d8f1a7b44961362f56e4f2cd524feb87e9069?s=96&d=mm&r=g","caption":"dmcsrbija.com@gmail.com"},"sameAs":["https:\/\/dmcsrb.com"],"url":"https:\/\/dmcsrb.com\/en\/author\/dmcsrbija-comgmail-com\/"}]}},"_links":{"self":[{"href":"https:\/\/dmcsrb.com\/en\/wp-json\/wp\/v2\/posts\/942358","targetHints":{"allow":["GET"]}}],"collection":[{"href":"https:\/\/dmcsrb.com\/en\/wp-json\/wp\/v2\/posts"}],"about":[{"href":"https:\/\/dmcsrb.com\/en\/wp-json\/wp\/v2\/types\/post"}],"author":[{"embeddable":true,"href":"https:\/\/dmcsrb.com\/en\/wp-json\/wp\/v2\/users\/1"}],"replies":[{"embeddable":true,"href":"https:\/\/dmcsrb.com\/en\/wp-json\/wp\/v2\/comments?post=942358"}],"version-history":[{"count":0,"href":"https:\/\/dmcsrb.com\/en\/wp-json\/wp\/v2\/posts\/942358\/revisions"}],"wp:featuredmedia":[{"embeddable":true,"href":"https:\/\/dmcsrb.com\/en\/wp-json\/wp\/v2\/media\/942680"}],"wp:attachment":[{"href":"https:\/\/dmcsrb.com\/en\/wp-json\/wp\/v2\/media?parent=942358"}],"wp:term":[{"taxonomy":"category","embeddable":true,"href":"https:\/\/dmcsrb.com\/en\/wp-json\/wp\/v2\/categories?post=942358"},{"taxonomy":"post_tag","embeddable":true,"href":"https:\/\/dmcsrb.com\/en\/wp-json\/wp\/v2\/tags?post=942358"},{"taxonomy":"naslovna","embeddable":true,"href":"https:\/\/dmcsrb.com\/en\/wp-json\/wp\/v2\/naslovna?post=942358"}],"curies":[{"name":"wp","href":"https:\/\/api.w.org\/{rel}","templated":true}]}}