{"id":942339,"date":"2026-01-14T14:33:00","date_gmt":"2026-01-14T13:33:00","guid":{"rendered":"https:\/\/gradski.me\/?p=908686"},"modified":"2026-01-14T14:33:00","modified_gmt":"2026-01-14T13:33:00","slug":"scekic-felten-nezavisnost-acv-jaca-sigurnost-u-vazdusnom-sabracaju","status":"publish","type":"post","link":"https:\/\/dmcsrb.com\/en\/ekonomija\/scekic-felten-nezavisnost-acv-jaca-sigurnost-u-vazdusnom-sabracaju\/","title":{"rendered":"\u0160\u0107eki\u0107 &#8211; Felten: Nezavisnost ACV ja\u010da sigurnost u vazdu\u0161nom sabra\u0107aju"},"content":{"rendered":"<p><\/p>\n\n\n\n<p><\/p>\n\n\n\n<p>Na sastanku je, kako navode iz ACV, razgovarano o produbljivanju saradnje u dijelu sna\u017eenja ekspertskih kapaciteta Agencije, a konkretno o mogu\u0107nosti podr\u0161ke u vezi sa digitalizacijom odre\u0111enih procesa, sa ciljem dodatnog unapre\u0111enja nadzorne funkcije ACV.<\/p>\n\n\n\n<p>Diskutovano je o ostvarenom u poglavlju 14 &#8211; Saobra\u0107ajna politika, posebno u dijelu nadle\u017enosti ACV, u cilju \u0161to skorijeg zatvaranja zna\u010dajnog poglavlja na putu u\u010dlanjenja Crne Gore u EU.<\/p>\n\n\n\n<p>U tom kontekstu, sagovornici su saglasni da budu\u0107i Zakon o vazdu\u0161nom saobra\u0107aju, koji je u proceduri kod nadle\u017enih institucija, treba da zadr\u017ei organizacionu, kadrovsku i finansijsku nezavisnost Agencije.<\/p>\n\n\n\n<p>\u201cVa\u017eno je odr\u017eati ulogu ACV kao nezavisnog regulatora i nadzornog organa, u interesu ja\u010danja sigurnosti i bezbjednosti vazdu\u0161nog saobra\u0107aja\u201d, zaklju\u010dili su Felten i \u0160\u0107eki\u0107.<\/p>\n\n\n\n<p>\u0160\u0107eki\u0107 je informisao ambasadora i o aktivnostima i rezultatima rada ACV, kao i uspje\u0161nim kontrolnim misijama, od kojih su posljednje Agencije Evropske unije za sigurnost vazduhoplovstva (EASA) u oblastima licenciranja vazduhoplovnog osoblja i izdavanja medicinskih uvjerenja te Evropske komisije u domenu bezbjednosti.<\/p>\n\n\n\n<p>Direktor Agencije, sa saradnicom Magdalenom Vuk\u010devi\u0107, zahvalio je njema\u010dkom ambasadoru i njegovim saradnicima na gostoprimstvu, poru\u010duju\u0107i da ACV ostaje pouzdan partner evropskim i me\u0111unarodnim partnerima.<\/p>","protected":false},"excerpt":{"rendered":"<p>Crnogorska vazduhoplovna vlast posve\u0107ena je unapre\u0111enju sistema sigurnosti i bezbjednosti u vazdu\u0161nom saobra\u0107aju, ocijenili su njema\u010dki ambasador u Crnoj Gori, Peter Felten i direktor Agencije za civilno vazduhoplovstvo (ACV), Ivan \u0160\u0107eki\u0107.<\/p>","protected":false},"author":1,"featured_media":942670,"comment_status":"open","ping_status":"open","sticky":false,"template":"","format":"standard","meta":{"_acf_changed":false,"footnotes":""},"categories":[27],"tags":[1568,1569,1920],"naslovna":[],"class_list":["post-942339","post","type-post","status-publish","format-standard","has-post-thumbnail","hentry","category-ekonomija","tag-acv","tag-ivan-scekic","tag-peter-felten"],"acf":[],"yoast_head":"<!-- This site is optimized with the Yoast SEO plugin v27.4 - https:\/\/yoast.com\/product\/yoast-seo-wordpress\/ -->\n<title>\u0160\u0107eki\u0107 - Felten: Nezavisnost ACV ja\u010da sigurnost u vazdu\u0161nom sabra\u0107aju - dmcsrb.com<\/title>\n<meta name=\"robots\" content=\"index, follow, max-snippet:-1, max-image-preview:large, max-video-preview:-1\" \/>\n<link rel=\"canonical\" href=\"https:\/\/dmcsrb.com\/en\/ekonomija\/scekic-felten-nezavisnost-acv-jaca-sigurnost-u-vazdusnom-sabracaju\/\" \/>\n<meta property=\"og:locale\" content=\"en_GB\" \/>\n<meta property=\"og:type\" content=\"article\" \/>\n<meta property=\"og:title\" content=\"\u0160\u0107eki\u0107 - Felten: Nezavisnost ACV ja\u010da sigurnost u vazdu\u0161nom sabra\u0107aju - dmcsrb.com\" \/>\n<meta property=\"og:description\" content=\"Crnogorska vazduhoplovna vlast posve\u0107ena je unapre\u0111enju sistema sigurnosti i bezbjednosti u vazdu\u0161nom saobra\u0107aju, ocijenili su njema\u010dki ambasador u Crnoj Gori, Peter Felten i direktor Agencije za civilno vazduhoplovstvo (ACV), Ivan \u0160\u0107eki\u0107.\" \/>\n<meta property=\"og:url\" content=\"https:\/\/dmcsrb.com\/en\/ekonomija\/scekic-felten-nezavisnost-acv-jaca-sigurnost-u-vazdusnom-sabracaju\/\" \/>\n<meta property=\"og:site_name\" content=\"dmcsrb.com\" \/>\n<meta property=\"article:published_time\" content=\"2026-01-14T13:33:00+00:00\" \/>\n<meta property=\"og:image\" content=\"https:\/\/dmcsrb.com\/wp-content\/uploads\/2026\/01\/Felten-i-Scekic-foto-ACV.webp\" \/>\n\t<meta property=\"og:image:width\" content=\"710\" \/>\n\t<meta property=\"og:image:height\" content=\"518\" \/>\n\t<meta property=\"og:image:type\" content=\"image\/jpeg\" \/>\n<meta name=\"author\" content=\"dmcsrbija.com@gmail.com\" \/>\n<meta name=\"twitter:card\" content=\"summary_large_image\" \/>\n<meta name=\"twitter:label1\" content=\"Written by\" \/>\n\t<meta name=\"twitter:data1\" content=\"dmcsrbija.com@gmail.com\" \/>\n\t<meta name=\"twitter:label2\" content=\"Estimated reading time\" \/>\n\t<meta name=\"twitter:data2\" content=\"1 minute\" \/>\n<script type=\"application\/ld+json\" class=\"yoast-schema-graph\">{\"@context\":\"https:\\\/\\\/schema.org\",\"@graph\":[{\"@type\":\"Article\",\"@id\":\"https:\\\/\\\/dmcsrb.com\\\/ekonomija\\\/scekic-felten-nezavisnost-acv-jaca-sigurnost-u-vazdusnom-sabracaju\\\/#article\",\"isPartOf\":{\"@id\":\"https:\\\/\\\/dmcsrb.com\\\/ekonomija\\\/scekic-felten-nezavisnost-acv-jaca-sigurnost-u-vazdusnom-sabracaju\\\/\"},\"author\":{\"name\":\"dmcsrbija.com@gmail.com\",\"@id\":\"https:\\\/\\\/dmcsrb.com\\\/#\\\/schema\\\/person\\\/5c39170f12db1b8b457732d0b5c854e2\"},\"headline\":\"\u0160\u0107eki\u0107 &#8211; Felten: Nezavisnost ACV ja\u010da sigurnost u vazdu\u0161nom sabra\u0107aju\",\"datePublished\":\"2026-01-14T13:33:00+00:00\",\"mainEntityOfPage\":{\"@id\":\"https:\\\/\\\/dmcsrb.com\\\/ekonomija\\\/scekic-felten-nezavisnost-acv-jaca-sigurnost-u-vazdusnom-sabracaju\\\/\"},\"wordCount\":221,\"commentCount\":0,\"image\":{\"@id\":\"https:\\\/\\\/dmcsrb.com\\\/ekonomija\\\/scekic-felten-nezavisnost-acv-jaca-sigurnost-u-vazdusnom-sabracaju\\\/#primaryimage\"},\"thumbnailUrl\":\"https:\\\/\\\/dmcsrb.com\\\/wp-content\\\/uploads\\\/2026\\\/01\\\/Felten-i-Scekic-foto-ACV.webp\",\"keywords\":[\"ACV\",\"Ivan \u0160\u0107eki\u0107\",\"Peter Felten\"],\"articleSection\":[\"Ekonomija\"],\"inLanguage\":\"en-GB\",\"potentialAction\":[{\"@type\":\"CommentAction\",\"name\":\"Comment\",\"target\":[\"https:\\\/\\\/dmcsrb.com\\\/ekonomija\\\/scekic-felten-nezavisnost-acv-jaca-sigurnost-u-vazdusnom-sabracaju\\\/#respond\"]}]},{\"@type\":\"WebPage\",\"@id\":\"https:\\\/\\\/dmcsrb.com\\\/ekonomija\\\/scekic-felten-nezavisnost-acv-jaca-sigurnost-u-vazdusnom-sabracaju\\\/\",\"url\":\"https:\\\/\\\/dmcsrb.com\\\/ekonomija\\\/scekic-felten-nezavisnost-acv-jaca-sigurnost-u-vazdusnom-sabracaju\\\/\",\"name\":\"\u0160\u0107eki\u0107 - Felten: Nezavisnost ACV ja\u010da sigurnost u vazdu\u0161nom sabra\u0107aju - dmcsrb.com\",\"isPartOf\":{\"@id\":\"https:\\\/\\\/dmcsrb.com\\\/#website\"},\"primaryImageOfPage\":{\"@id\":\"https:\\\/\\\/dmcsrb.com\\\/ekonomija\\\/scekic-felten-nezavisnost-acv-jaca-sigurnost-u-vazdusnom-sabracaju\\\/#primaryimage\"},\"image\":{\"@id\":\"https:\\\/\\\/dmcsrb.com\\\/ekonomija\\\/scekic-felten-nezavisnost-acv-jaca-sigurnost-u-vazdusnom-sabracaju\\\/#primaryimage\"},\"thumbnailUrl\":\"https:\\\/\\\/dmcsrb.com\\\/wp-content\\\/uploads\\\/2026\\\/01\\\/Felten-i-Scekic-foto-ACV.webp\",\"datePublished\":\"2026-01-14T13:33:00+00:00\",\"author\":{\"@id\":\"https:\\\/\\\/dmcsrb.com\\\/#\\\/schema\\\/person\\\/5c39170f12db1b8b457732d0b5c854e2\"},\"breadcrumb\":{\"@id\":\"https:\\\/\\\/dmcsrb.com\\\/ekonomija\\\/scekic-felten-nezavisnost-acv-jaca-sigurnost-u-vazdusnom-sabracaju\\\/#breadcrumb\"},\"inLanguage\":\"en-GB\",\"potentialAction\":[{\"@type\":\"ReadAction\",\"target\":[\"https:\\\/\\\/dmcsrb.com\\\/ekonomija\\\/scekic-felten-nezavisnost-acv-jaca-sigurnost-u-vazdusnom-sabracaju\\\/\"]}]},{\"@type\":\"ImageObject\",\"inLanguage\":\"en-GB\",\"@id\":\"https:\\\/\\\/dmcsrb.com\\\/ekonomija\\\/scekic-felten-nezavisnost-acv-jaca-sigurnost-u-vazdusnom-sabracaju\\\/#primaryimage\",\"url\":\"https:\\\/\\\/dmcsrb.com\\\/wp-content\\\/uploads\\\/2026\\\/01\\\/Felten-i-Scekic-foto-ACV.webp\",\"contentUrl\":\"https:\\\/\\\/dmcsrb.com\\\/wp-content\\\/uploads\\\/2026\\\/01\\\/Felten-i-Scekic-foto-ACV.webp\",\"width\":710,\"height\":518,\"caption\":\"Foto: ACV\"},{\"@type\":\"BreadcrumbList\",\"@id\":\"https:\\\/\\\/dmcsrb.com\\\/ekonomija\\\/scekic-felten-nezavisnost-acv-jaca-sigurnost-u-vazdusnom-sabracaju\\\/#breadcrumb\",\"itemListElement\":[{\"@type\":\"ListItem\",\"position\":1,\"name\":\"Home\",\"item\":\"https:\\\/\\\/dmcsrb.com\\\/\"},{\"@type\":\"ListItem\",\"position\":2,\"name\":\"\u0160\u0107eki\u0107 &#8211; Felten: Nezavisnost ACV ja\u010da sigurnost u vazdu\u0161nom sabra\u0107aju\"}]},{\"@type\":\"WebSite\",\"@id\":\"https:\\\/\\\/dmcsrb.com\\\/#website\",\"url\":\"https:\\\/\\\/dmcsrb.com\\\/\",\"name\":\"dmcsrb.com\",\"description\":\"\",\"potentialAction\":[{\"@type\":\"SearchAction\",\"target\":{\"@type\":\"EntryPoint\",\"urlTemplate\":\"https:\\\/\\\/dmcsrb.com\\\/?s={search_term_string}\"},\"query-input\":{\"@type\":\"PropertyValueSpecification\",\"valueRequired\":true,\"valueName\":\"search_term_string\"}}],\"inLanguage\":\"en-GB\"},{\"@type\":\"Person\",\"@id\":\"https:\\\/\\\/dmcsrb.com\\\/#\\\/schema\\\/person\\\/5c39170f12db1b8b457732d0b5c854e2\",\"name\":\"dmcsrbija.com@gmail.com\",\"image\":{\"@type\":\"ImageObject\",\"inLanguage\":\"en-GB\",\"@id\":\"https:\\\/\\\/secure.gravatar.com\\\/avatar\\\/68592660ad6347fad0fb587f8d5d8f1a7b44961362f56e4f2cd524feb87e9069?s=96&d=mm&r=g\",\"url\":\"https:\\\/\\\/secure.gravatar.com\\\/avatar\\\/68592660ad6347fad0fb587f8d5d8f1a7b44961362f56e4f2cd524feb87e9069?s=96&d=mm&r=g\",\"contentUrl\":\"https:\\\/\\\/secure.gravatar.com\\\/avatar\\\/68592660ad6347fad0fb587f8d5d8f1a7b44961362f56e4f2cd524feb87e9069?s=96&d=mm&r=g\",\"caption\":\"dmcsrbija.com@gmail.com\"},\"sameAs\":[\"https:\\\/\\\/dmcsrb.com\"],\"url\":\"https:\\\/\\\/dmcsrb.com\\\/en\\\/author\\\/dmcsrbija-comgmail-com\\\/\"}]}<\/script>\n<!-- \/ Yoast SEO plugin. -->","yoast_head_json":{"title":"\u0160\u0107eki\u0107 - Felten: Nezavisnost ACV ja\u010da sigurnost u vazdu\u0161nom sabra\u0107aju - dmcsrb.com","robots":{"index":"index","follow":"follow","max-snippet":"max-snippet:-1","max-image-preview":"max-image-preview:large","max-video-preview":"max-video-preview:-1"},"canonical":"https:\/\/dmcsrb.com\/en\/ekonomija\/scekic-felten-nezavisnost-acv-jaca-sigurnost-u-vazdusnom-sabracaju\/","og_locale":"en_GB","og_type":"article","og_title":"\u0160\u0107eki\u0107 - Felten: Nezavisnost ACV ja\u010da sigurnost u vazdu\u0161nom sabra\u0107aju - dmcsrb.com","og_description":"Crnogorska vazduhoplovna vlast posve\u0107ena je unapre\u0111enju sistema sigurnosti i bezbjednosti u vazdu\u0161nom saobra\u0107aju, ocijenili su njema\u010dki ambasador u Crnoj Gori, Peter Felten i direktor Agencije za civilno vazduhoplovstvo (ACV), Ivan \u0160\u0107eki\u0107.","og_url":"https:\/\/dmcsrb.com\/en\/ekonomija\/scekic-felten-nezavisnost-acv-jaca-sigurnost-u-vazdusnom-sabracaju\/","og_site_name":"dmcsrb.com","article_published_time":"2026-01-14T13:33:00+00:00","og_image":[{"width":710,"height":518,"url":"https:\/\/dmcsrb.com\/wp-content\/uploads\/2026\/01\/Felten-i-Scekic-foto-ACV.webp","type":"image\/jpeg"}],"author":"dmcsrbija.com@gmail.com","twitter_card":"summary_large_image","twitter_misc":{"Written by":"dmcsrbija.com@gmail.com","Estimated reading time":"1 minute"},"schema":{"@context":"https:\/\/schema.org","@graph":[{"@type":"Article","@id":"https:\/\/dmcsrb.com\/ekonomija\/scekic-felten-nezavisnost-acv-jaca-sigurnost-u-vazdusnom-sabracaju\/#article","isPartOf":{"@id":"https:\/\/dmcsrb.com\/ekonomija\/scekic-felten-nezavisnost-acv-jaca-sigurnost-u-vazdusnom-sabracaju\/"},"author":{"name":"dmcsrbija.com@gmail.com","@id":"https:\/\/dmcsrb.com\/#\/schema\/person\/5c39170f12db1b8b457732d0b5c854e2"},"headline":"\u0160\u0107eki\u0107 &#8211; Felten: Nezavisnost ACV ja\u010da sigurnost u vazdu\u0161nom sabra\u0107aju","datePublished":"2026-01-14T13:33:00+00:00","mainEntityOfPage":{"@id":"https:\/\/dmcsrb.com\/ekonomija\/scekic-felten-nezavisnost-acv-jaca-sigurnost-u-vazdusnom-sabracaju\/"},"wordCount":221,"commentCount":0,"image":{"@id":"https:\/\/dmcsrb.com\/ekonomija\/scekic-felten-nezavisnost-acv-jaca-sigurnost-u-vazdusnom-sabracaju\/#primaryimage"},"thumbnailUrl":"https:\/\/dmcsrb.com\/wp-content\/uploads\/2026\/01\/Felten-i-Scekic-foto-ACV.webp","keywords":["ACV","Ivan \u0160\u0107eki\u0107","Peter Felten"],"articleSection":["Ekonomija"],"inLanguage":"en-GB","potentialAction":[{"@type":"CommentAction","name":"Comment","target":["https:\/\/dmcsrb.com\/ekonomija\/scekic-felten-nezavisnost-acv-jaca-sigurnost-u-vazdusnom-sabracaju\/#respond"]}]},{"@type":"WebPage","@id":"https:\/\/dmcsrb.com\/ekonomija\/scekic-felten-nezavisnost-acv-jaca-sigurnost-u-vazdusnom-sabracaju\/","url":"https:\/\/dmcsrb.com\/ekonomija\/scekic-felten-nezavisnost-acv-jaca-sigurnost-u-vazdusnom-sabracaju\/","name":"\u0160\u0107eki\u0107 - Felten: Nezavisnost ACV ja\u010da sigurnost u vazdu\u0161nom sabra\u0107aju - dmcsrb.com","isPartOf":{"@id":"https:\/\/dmcsrb.com\/#website"},"primaryImageOfPage":{"@id":"https:\/\/dmcsrb.com\/ekonomija\/scekic-felten-nezavisnost-acv-jaca-sigurnost-u-vazdusnom-sabracaju\/#primaryimage"},"image":{"@id":"https:\/\/dmcsrb.com\/ekonomija\/scekic-felten-nezavisnost-acv-jaca-sigurnost-u-vazdusnom-sabracaju\/#primaryimage"},"thumbnailUrl":"https:\/\/dmcsrb.com\/wp-content\/uploads\/2026\/01\/Felten-i-Scekic-foto-ACV.webp","datePublished":"2026-01-14T13:33:00+00:00","author":{"@id":"https:\/\/dmcsrb.com\/#\/schema\/person\/5c39170f12db1b8b457732d0b5c854e2"},"breadcrumb":{"@id":"https:\/\/dmcsrb.com\/ekonomija\/scekic-felten-nezavisnost-acv-jaca-sigurnost-u-vazdusnom-sabracaju\/#breadcrumb"},"inLanguage":"en-GB","potentialAction":[{"@type":"ReadAction","target":["https:\/\/dmcsrb.com\/ekonomija\/scekic-felten-nezavisnost-acv-jaca-sigurnost-u-vazdusnom-sabracaju\/"]}]},{"@type":"ImageObject","inLanguage":"en-GB","@id":"https:\/\/dmcsrb.com\/ekonomija\/scekic-felten-nezavisnost-acv-jaca-sigurnost-u-vazdusnom-sabracaju\/#primaryimage","url":"https:\/\/dmcsrb.com\/wp-content\/uploads\/2026\/01\/Felten-i-Scekic-foto-ACV.webp","contentUrl":"https:\/\/dmcsrb.com\/wp-content\/uploads\/2026\/01\/Felten-i-Scekic-foto-ACV.webp","width":710,"height":518,"caption":"Foto: ACV"},{"@type":"BreadcrumbList","@id":"https:\/\/dmcsrb.com\/ekonomija\/scekic-felten-nezavisnost-acv-jaca-sigurnost-u-vazdusnom-sabracaju\/#breadcrumb","itemListElement":[{"@type":"ListItem","position":1,"name":"Home","item":"https:\/\/dmcsrb.com\/"},{"@type":"ListItem","position":2,"name":"\u0160\u0107eki\u0107 &#8211; Felten: Nezavisnost ACV ja\u010da sigurnost u vazdu\u0161nom sabra\u0107aju"}]},{"@type":"WebSite","@id":"https:\/\/dmcsrb.com\/#website","url":"https:\/\/dmcsrb.com\/","name":"dmcsrb.com","description":"","potentialAction":[{"@type":"SearchAction","target":{"@type":"EntryPoint","urlTemplate":"https:\/\/dmcsrb.com\/?s={search_term_string}"},"query-input":{"@type":"PropertyValueSpecification","valueRequired":true,"valueName":"search_term_string"}}],"inLanguage":"en-GB"},{"@type":"Person","@id":"https:\/\/dmcsrb.com\/#\/schema\/person\/5c39170f12db1b8b457732d0b5c854e2","name":"dmcsrbija.com@gmail.com","image":{"@type":"ImageObject","inLanguage":"en-GB","@id":"https:\/\/secure.gravatar.com\/avatar\/68592660ad6347fad0fb587f8d5d8f1a7b44961362f56e4f2cd524feb87e9069?s=96&d=mm&r=g","url":"https:\/\/secure.gravatar.com\/avatar\/68592660ad6347fad0fb587f8d5d8f1a7b44961362f56e4f2cd524feb87e9069?s=96&d=mm&r=g","contentUrl":"https:\/\/secure.gravatar.com\/avatar\/68592660ad6347fad0fb587f8d5d8f1a7b44961362f56e4f2cd524feb87e9069?s=96&d=mm&r=g","caption":"dmcsrbija.com@gmail.com"},"sameAs":["https:\/\/dmcsrb.com"],"url":"https:\/\/dmcsrb.com\/en\/author\/dmcsrbija-comgmail-com\/"}]}},"_links":{"self":[{"href":"https:\/\/dmcsrb.com\/en\/wp-json\/wp\/v2\/posts\/942339","targetHints":{"allow":["GET"]}}],"collection":[{"href":"https:\/\/dmcsrb.com\/en\/wp-json\/wp\/v2\/posts"}],"about":[{"href":"https:\/\/dmcsrb.com\/en\/wp-json\/wp\/v2\/types\/post"}],"author":[{"embeddable":true,"href":"https:\/\/dmcsrb.com\/en\/wp-json\/wp\/v2\/users\/1"}],"replies":[{"embeddable":true,"href":"https:\/\/dmcsrb.com\/en\/wp-json\/wp\/v2\/comments?post=942339"}],"version-history":[{"count":0,"href":"https:\/\/dmcsrb.com\/en\/wp-json\/wp\/v2\/posts\/942339\/revisions"}],"wp:featuredmedia":[{"embeddable":true,"href":"https:\/\/dmcsrb.com\/en\/wp-json\/wp\/v2\/media\/942670"}],"wp:attachment":[{"href":"https:\/\/dmcsrb.com\/en\/wp-json\/wp\/v2\/media?parent=942339"}],"wp:term":[{"taxonomy":"category","embeddable":true,"href":"https:\/\/dmcsrb.com\/en\/wp-json\/wp\/v2\/categories?post=942339"},{"taxonomy":"post_tag","embeddable":true,"href":"https:\/\/dmcsrb.com\/en\/wp-json\/wp\/v2\/tags?post=942339"},{"taxonomy":"naslovna","embeddable":true,"href":"https:\/\/dmcsrb.com\/en\/wp-json\/wp\/v2\/naslovna?post=942339"}],"curies":[{"name":"wp","href":"https:\/\/api.w.org\/{rel}","templated":true}]}}