{"id":942332,"date":"2026-01-14T13:21:00","date_gmt":"2026-01-14T12:21:00","guid":{"rendered":"https:\/\/gradski.me\/?p=908647"},"modified":"2026-01-14T13:21:00","modified_gmt":"2026-01-14T12:21:00","slug":"bs-razmatra-mogucnost-da-trazi-mjesto-predsjednika-opstine-bijelo-polje","status":"publish","type":"post","link":"https:\/\/dmcsrb.com\/en\/politika\/bs-razmatra-mogucnost-da-trazi-mjesto-predsjednika-opstine-bijelo-polje\/","title":{"rendered":"BS razmatra mogu\u0107nost da tra\u017ei mjesto predsjednika Op\u0161tine Bijelo Polje"},"content":{"rendered":"<p><\/p>\n\n\n\n<p>Govore\u0107i o politi\u010dkoj situaciji u Bijelom Polju, Suljevi\u0107 je podsjetio da Bo\u0161nja\u010dka stranka od 2022. godine u\u010destvuje u lokalnoj vlasti sa Demokratskom partijom socijalista i Evropskim savezom.<\/p>\n\n\n\n<p>&#8220;Vlast je formirana 2022. godine. Postojala je mogu\u0107nost saradnje i sa drugim politi\u010dkim subjektima, ali smo se opredijelili za koaliciju sa DPS-om zbog proevropske i prodr\u017eavne politike, zajedni\u010dkih vrijednosti u vezi sa evropskim integracijama, razvojem demokratskog dru\u0161tva i \u010dlanstvom u NATO-u&#8221;, kazao je Suljevi\u0107 gostuju\u0107i u emisiji \u201eBudimo budni \u2013 pitajte Vladu\u201c na Prvom programu RTCG.<\/p>\n\n\n\n<p>On je naveo da su, nakon formiranja 44. Vlade na dr\u017eavnom nivou, uslijedili pritisci da se koalicija u Bijelom Polju raskine i preslika nova ve\u0107ina sa dr\u017eavnog na lokalni nivo.<\/p>\n\n\n\n<p>&#8220;Jasno smo poru\u010dili da na ucjenama i pritiscima ne mo\u017eemo da funkcioni\u0161emo. Mora postojati jasan razlog za raskid koalicije, a ne samo \u017eelja da se vlast sa dr\u017eavnog nivoa automatski prenese na lokalni&#8221;, rekao je Suljevi\u0107.<\/p>\n\n\n\n<p>Dodao je da su poku\u0161avali da postignu kompromis, ali da od sredine 2025. godine saradnja unutar lokalne vlasti nije funkcionisala kako su o\u010dekivali, posebno kada je rije\u010d o kapitalnim projektima.<\/p>\n\n\n\n<p>&#8220;Op\u0161tina Bijelo Polje nije kandidovala nijedan kapitalni projekat, a u sredinama gdje \u017eive Bo\u0161njaci nije posve\u0107ena dovoljna pa\u017enja realizaciji dogovorenih infrastrukturnih projekata. Sve je odlo\u017eeno za 2026. godinu&#8221;, naveo je on.<\/p>\n\n\n\n<p>Zbog nezadovoljstva radom aktuelnog predsjednika Op\u0161tine, Bo\u0161nja\u010dka stranka, kako je kazao Suljevi\u0107, razmatra mogu\u0107nost da predlo\u017ei da ta funkcija pripadne njihovom kadru.<\/p>\n\n\n\n<p>&#8220;Nezadovolji smo radom predsjednika Op\u0161tine Bijelo Polje i tu \u0107emo mo\u017eda i\u0107u u pri\u010du da predsjednik Op\u0161tine bude iz redova Bo\u0161nja\u010dke stranke kako bi smo mogli da realizujemo na\u0161 program, agendu i ono \u0161to smo 2022. godine obe\u0107ali gra\u0111anima da e\u0107mo da zavr\u0161imo u svom mandatu&#8221;, kazao je Suljevi\u0107.<\/p>\n\n\n\n<p>Ako se nastavi ovakvim tempom rada u 2025. godini, on je kazao da je siguran da do kraja mandata ne\u0107e ispuniti obe\u0107anja koja su dali.<\/p>","protected":false},"excerpt":{"rendered":"<p>Bo\u0161nja\u010dka stranka nezadovoljna je radom aktuelnog predsjednika Op\u0161tine Bijelo Polje i razmatra mogu\u0107nost da zatra\u017ei da ta funkcija ubudu\u0107e pripadne predstavniku te partije, kako bi se realizovao program i obe\u0107anja data gra\u0111anima. To je saop\u0161tio predsjednik Op\u0161tinskog odbora Bo\u0161nja\u010dke stranke i ministar regionalno-investicionog razvoja i saradnje sa NVO sektorom Ernad Suljevi\u0107.<\/p>","protected":false},"author":1,"featured_media":885732,"comment_status":"open","ping_status":"open","sticky":false,"template":"","format":"standard","meta":{"_acf_changed":false,"footnotes":""},"categories":[12],"tags":[6782,15973,15974],"naslovna":[],"class_list":["post-942332","post","type-post","status-publish","format-standard","has-post-thumbnail","hentry","category-politika","tag-bosnjacka-stranka","tag-ernad-suljevic","tag-opstina-bijelo-polje"],"acf":[],"yoast_head":"<!-- This site is optimized with the Yoast SEO plugin v27.4 - https:\/\/yoast.com\/product\/yoast-seo-wordpress\/ -->\n<title>BS razmatra mogu\u0107nost da tra\u017ei mjesto predsjednika Op\u0161tine Bijelo Polje - dmcsrb.com<\/title>\n<meta name=\"robots\" content=\"index, follow, max-snippet:-1, max-image-preview:large, max-video-preview:-1\" \/>\n<link rel=\"canonical\" href=\"https:\/\/dmcsrb.com\/en\/politika\/bs-razmatra-mogucnost-da-trazi-mjesto-predsjednika-opstine-bijelo-polje\/\" \/>\n<meta property=\"og:locale\" content=\"en_GB\" \/>\n<meta property=\"og:type\" content=\"article\" \/>\n<meta property=\"og:title\" content=\"BS razmatra mogu\u0107nost da tra\u017ei mjesto predsjednika Op\u0161tine Bijelo Polje - dmcsrb.com\" \/>\n<meta property=\"og:description\" content=\"Bo\u0161nja\u010dka stranka nezadovoljna je radom aktuelnog predsjednika Op\u0161tine Bijelo Polje i razmatra mogu\u0107nost da zatra\u017ei da ta funkcija ubudu\u0107e pripadne predstavniku te partije, kako bi se realizovao program i obe\u0107anja data gra\u0111anima. To je saop\u0161tio predsjednik Op\u0161tinskog odbora Bo\u0161nja\u010dke stranke i ministar regionalno-investicionog razvoja i saradnje sa NVO sektorom Ernad Suljevi\u0107.\" \/>\n<meta property=\"og:url\" content=\"https:\/\/dmcsrb.com\/en\/politika\/bs-razmatra-mogucnost-da-trazi-mjesto-predsjednika-opstine-bijelo-polje\/\" \/>\n<meta property=\"og:site_name\" content=\"dmcsrb.com\" \/>\n<meta property=\"article:published_time\" content=\"2026-01-14T12:21:00+00:00\" \/>\n<meta property=\"og:image\" content=\"https:\/\/dmcsrb.com\/wp-content\/uploads\/2025\/12\/Ernad-Suljevic-foto-Ministarstvo-regionalno-investicionog-razvoja.webp\" \/>\n\t<meta property=\"og:image:width\" content=\"689\" \/>\n\t<meta property=\"og:image:height\" content=\"497\" \/>\n\t<meta property=\"og:image:type\" content=\"image\/jpeg\" \/>\n<meta name=\"author\" content=\"dmcsrbija.com@gmail.com\" \/>\n<meta name=\"twitter:card\" content=\"summary_large_image\" \/>\n<meta name=\"twitter:label1\" content=\"Written by\" \/>\n\t<meta name=\"twitter:data1\" content=\"dmcsrbija.com@gmail.com\" \/>\n\t<meta name=\"twitter:label2\" content=\"Estimated reading time\" \/>\n\t<meta name=\"twitter:data2\" content=\"2 minutes\" \/>\n<script type=\"application\/ld+json\" class=\"yoast-schema-graph\">{\"@context\":\"https:\\\/\\\/schema.org\",\"@graph\":[{\"@type\":\"Article\",\"@id\":\"https:\\\/\\\/dmcsrb.com\\\/politika\\\/bs-razmatra-mogucnost-da-trazi-mjesto-predsjednika-opstine-bijelo-polje\\\/#article\",\"isPartOf\":{\"@id\":\"https:\\\/\\\/dmcsrb.com\\\/politika\\\/bs-razmatra-mogucnost-da-trazi-mjesto-predsjednika-opstine-bijelo-polje\\\/\"},\"author\":{\"name\":\"dmcsrbija.com@gmail.com\",\"@id\":\"https:\\\/\\\/dmcsrb.com\\\/#\\\/schema\\\/person\\\/5c39170f12db1b8b457732d0b5c854e2\"},\"headline\":\"BS razmatra mogu\u0107nost da tra\u017ei mjesto predsjednika Op\u0161tine Bijelo Polje\",\"datePublished\":\"2026-01-14T12:21:00+00:00\",\"mainEntityOfPage\":{\"@id\":\"https:\\\/\\\/dmcsrb.com\\\/politika\\\/bs-razmatra-mogucnost-da-trazi-mjesto-predsjednika-opstine-bijelo-polje\\\/\"},\"wordCount\":354,\"commentCount\":0,\"image\":{\"@id\":\"https:\\\/\\\/dmcsrb.com\\\/politika\\\/bs-razmatra-mogucnost-da-trazi-mjesto-predsjednika-opstine-bijelo-polje\\\/#primaryimage\"},\"thumbnailUrl\":\"https:\\\/\\\/dmcsrb.com\\\/wp-content\\\/uploads\\\/2025\\\/12\\\/Ernad-Suljevic-foto-Ministarstvo-regionalno-investicionog-razvoja.webp\",\"keywords\":[\"Bo\u0161nja\u010dka stranka\",\"Ernad Suljevi\u0107\",\"op\u0161tina bijelo polje\"],\"articleSection\":[\"Politika\"],\"inLanguage\":\"en-GB\",\"potentialAction\":[{\"@type\":\"CommentAction\",\"name\":\"Comment\",\"target\":[\"https:\\\/\\\/dmcsrb.com\\\/politika\\\/bs-razmatra-mogucnost-da-trazi-mjesto-predsjednika-opstine-bijelo-polje\\\/#respond\"]}]},{\"@type\":\"WebPage\",\"@id\":\"https:\\\/\\\/dmcsrb.com\\\/politika\\\/bs-razmatra-mogucnost-da-trazi-mjesto-predsjednika-opstine-bijelo-polje\\\/\",\"url\":\"https:\\\/\\\/dmcsrb.com\\\/politika\\\/bs-razmatra-mogucnost-da-trazi-mjesto-predsjednika-opstine-bijelo-polje\\\/\",\"name\":\"BS razmatra mogu\u0107nost da tra\u017ei mjesto predsjednika Op\u0161tine Bijelo Polje - dmcsrb.com\",\"isPartOf\":{\"@id\":\"https:\\\/\\\/dmcsrb.com\\\/#website\"},\"primaryImageOfPage\":{\"@id\":\"https:\\\/\\\/dmcsrb.com\\\/politika\\\/bs-razmatra-mogucnost-da-trazi-mjesto-predsjednika-opstine-bijelo-polje\\\/#primaryimage\"},\"image\":{\"@id\":\"https:\\\/\\\/dmcsrb.com\\\/politika\\\/bs-razmatra-mogucnost-da-trazi-mjesto-predsjednika-opstine-bijelo-polje\\\/#primaryimage\"},\"thumbnailUrl\":\"https:\\\/\\\/dmcsrb.com\\\/wp-content\\\/uploads\\\/2025\\\/12\\\/Ernad-Suljevic-foto-Ministarstvo-regionalno-investicionog-razvoja.webp\",\"datePublished\":\"2026-01-14T12:21:00+00:00\",\"author\":{\"@id\":\"https:\\\/\\\/dmcsrb.com\\\/#\\\/schema\\\/person\\\/5c39170f12db1b8b457732d0b5c854e2\"},\"breadcrumb\":{\"@id\":\"https:\\\/\\\/dmcsrb.com\\\/politika\\\/bs-razmatra-mogucnost-da-trazi-mjesto-predsjednika-opstine-bijelo-polje\\\/#breadcrumb\"},\"inLanguage\":\"en-GB\",\"potentialAction\":[{\"@type\":\"ReadAction\",\"target\":[\"https:\\\/\\\/dmcsrb.com\\\/politika\\\/bs-razmatra-mogucnost-da-trazi-mjesto-predsjednika-opstine-bijelo-polje\\\/\"]}]},{\"@type\":\"ImageObject\",\"inLanguage\":\"en-GB\",\"@id\":\"https:\\\/\\\/dmcsrb.com\\\/politika\\\/bs-razmatra-mogucnost-da-trazi-mjesto-predsjednika-opstine-bijelo-polje\\\/#primaryimage\",\"url\":\"https:\\\/\\\/dmcsrb.com\\\/wp-content\\\/uploads\\\/2025\\\/12\\\/Ernad-Suljevic-foto-Ministarstvo-regionalno-investicionog-razvoja.webp\",\"contentUrl\":\"https:\\\/\\\/dmcsrb.com\\\/wp-content\\\/uploads\\\/2025\\\/12\\\/Ernad-Suljevic-foto-Ministarstvo-regionalno-investicionog-razvoja.webp\",\"width\":689,\"height\":497,\"caption\":\"Foto: Ministarstvo regionalno-investicionog razvoja\"},{\"@type\":\"BreadcrumbList\",\"@id\":\"https:\\\/\\\/dmcsrb.com\\\/politika\\\/bs-razmatra-mogucnost-da-trazi-mjesto-predsjednika-opstine-bijelo-polje\\\/#breadcrumb\",\"itemListElement\":[{\"@type\":\"ListItem\",\"position\":1,\"name\":\"Home\",\"item\":\"https:\\\/\\\/dmcsrb.com\\\/\"},{\"@type\":\"ListItem\",\"position\":2,\"name\":\"BS razmatra mogu\u0107nost da tra\u017ei mjesto predsjednika Op\u0161tine Bijelo Polje\"}]},{\"@type\":\"WebSite\",\"@id\":\"https:\\\/\\\/dmcsrb.com\\\/#website\",\"url\":\"https:\\\/\\\/dmcsrb.com\\\/\",\"name\":\"dmcsrb.com\",\"description\":\"\",\"potentialAction\":[{\"@type\":\"SearchAction\",\"target\":{\"@type\":\"EntryPoint\",\"urlTemplate\":\"https:\\\/\\\/dmcsrb.com\\\/?s={search_term_string}\"},\"query-input\":{\"@type\":\"PropertyValueSpecification\",\"valueRequired\":true,\"valueName\":\"search_term_string\"}}],\"inLanguage\":\"en-GB\"},{\"@type\":\"Person\",\"@id\":\"https:\\\/\\\/dmcsrb.com\\\/#\\\/schema\\\/person\\\/5c39170f12db1b8b457732d0b5c854e2\",\"name\":\"dmcsrbija.com@gmail.com\",\"image\":{\"@type\":\"ImageObject\",\"inLanguage\":\"en-GB\",\"@id\":\"https:\\\/\\\/secure.gravatar.com\\\/avatar\\\/68592660ad6347fad0fb587f8d5d8f1a7b44961362f56e4f2cd524feb87e9069?s=96&d=mm&r=g\",\"url\":\"https:\\\/\\\/secure.gravatar.com\\\/avatar\\\/68592660ad6347fad0fb587f8d5d8f1a7b44961362f56e4f2cd524feb87e9069?s=96&d=mm&r=g\",\"contentUrl\":\"https:\\\/\\\/secure.gravatar.com\\\/avatar\\\/68592660ad6347fad0fb587f8d5d8f1a7b44961362f56e4f2cd524feb87e9069?s=96&d=mm&r=g\",\"caption\":\"dmcsrbija.com@gmail.com\"},\"sameAs\":[\"https:\\\/\\\/dmcsrb.com\"],\"url\":\"https:\\\/\\\/dmcsrb.com\\\/en\\\/author\\\/dmcsrbija-comgmail-com\\\/\"}]}<\/script>\n<!-- \/ Yoast SEO plugin. -->","yoast_head_json":{"title":"BS razmatra mogu\u0107nost da tra\u017ei mjesto predsjednika Op\u0161tine Bijelo Polje - dmcsrb.com","robots":{"index":"index","follow":"follow","max-snippet":"max-snippet:-1","max-image-preview":"max-image-preview:large","max-video-preview":"max-video-preview:-1"},"canonical":"https:\/\/dmcsrb.com\/en\/politika\/bs-razmatra-mogucnost-da-trazi-mjesto-predsjednika-opstine-bijelo-polje\/","og_locale":"en_GB","og_type":"article","og_title":"BS razmatra mogu\u0107nost da tra\u017ei mjesto predsjednika Op\u0161tine Bijelo Polje - dmcsrb.com","og_description":"Bo\u0161nja\u010dka stranka nezadovoljna je radom aktuelnog predsjednika Op\u0161tine Bijelo Polje i razmatra mogu\u0107nost da zatra\u017ei da ta funkcija ubudu\u0107e pripadne predstavniku te partije, kako bi se realizovao program i obe\u0107anja data gra\u0111anima. To je saop\u0161tio predsjednik Op\u0161tinskog odbora Bo\u0161nja\u010dke stranke i ministar regionalno-investicionog razvoja i saradnje sa NVO sektorom Ernad Suljevi\u0107.","og_url":"https:\/\/dmcsrb.com\/en\/politika\/bs-razmatra-mogucnost-da-trazi-mjesto-predsjednika-opstine-bijelo-polje\/","og_site_name":"dmcsrb.com","article_published_time":"2026-01-14T12:21:00+00:00","og_image":[{"width":689,"height":497,"url":"https:\/\/dmcsrb.com\/wp-content\/uploads\/2025\/12\/Ernad-Suljevic-foto-Ministarstvo-regionalno-investicionog-razvoja.webp","type":"image\/jpeg"}],"author":"dmcsrbija.com@gmail.com","twitter_card":"summary_large_image","twitter_misc":{"Written by":"dmcsrbija.com@gmail.com","Estimated reading time":"2 minutes"},"schema":{"@context":"https:\/\/schema.org","@graph":[{"@type":"Article","@id":"https:\/\/dmcsrb.com\/politika\/bs-razmatra-mogucnost-da-trazi-mjesto-predsjednika-opstine-bijelo-polje\/#article","isPartOf":{"@id":"https:\/\/dmcsrb.com\/politika\/bs-razmatra-mogucnost-da-trazi-mjesto-predsjednika-opstine-bijelo-polje\/"},"author":{"name":"dmcsrbija.com@gmail.com","@id":"https:\/\/dmcsrb.com\/#\/schema\/person\/5c39170f12db1b8b457732d0b5c854e2"},"headline":"BS razmatra mogu\u0107nost da tra\u017ei mjesto predsjednika Op\u0161tine Bijelo Polje","datePublished":"2026-01-14T12:21:00+00:00","mainEntityOfPage":{"@id":"https:\/\/dmcsrb.com\/politika\/bs-razmatra-mogucnost-da-trazi-mjesto-predsjednika-opstine-bijelo-polje\/"},"wordCount":354,"commentCount":0,"image":{"@id":"https:\/\/dmcsrb.com\/politika\/bs-razmatra-mogucnost-da-trazi-mjesto-predsjednika-opstine-bijelo-polje\/#primaryimage"},"thumbnailUrl":"https:\/\/dmcsrb.com\/wp-content\/uploads\/2025\/12\/Ernad-Suljevic-foto-Ministarstvo-regionalno-investicionog-razvoja.webp","keywords":["Bo\u0161nja\u010dka stranka","Ernad Suljevi\u0107","op\u0161tina bijelo polje"],"articleSection":["Politika"],"inLanguage":"en-GB","potentialAction":[{"@type":"CommentAction","name":"Comment","target":["https:\/\/dmcsrb.com\/politika\/bs-razmatra-mogucnost-da-trazi-mjesto-predsjednika-opstine-bijelo-polje\/#respond"]}]},{"@type":"WebPage","@id":"https:\/\/dmcsrb.com\/politika\/bs-razmatra-mogucnost-da-trazi-mjesto-predsjednika-opstine-bijelo-polje\/","url":"https:\/\/dmcsrb.com\/politika\/bs-razmatra-mogucnost-da-trazi-mjesto-predsjednika-opstine-bijelo-polje\/","name":"BS razmatra mogu\u0107nost da tra\u017ei mjesto predsjednika Op\u0161tine Bijelo Polje - dmcsrb.com","isPartOf":{"@id":"https:\/\/dmcsrb.com\/#website"},"primaryImageOfPage":{"@id":"https:\/\/dmcsrb.com\/politika\/bs-razmatra-mogucnost-da-trazi-mjesto-predsjednika-opstine-bijelo-polje\/#primaryimage"},"image":{"@id":"https:\/\/dmcsrb.com\/politika\/bs-razmatra-mogucnost-da-trazi-mjesto-predsjednika-opstine-bijelo-polje\/#primaryimage"},"thumbnailUrl":"https:\/\/dmcsrb.com\/wp-content\/uploads\/2025\/12\/Ernad-Suljevic-foto-Ministarstvo-regionalno-investicionog-razvoja.webp","datePublished":"2026-01-14T12:21:00+00:00","author":{"@id":"https:\/\/dmcsrb.com\/#\/schema\/person\/5c39170f12db1b8b457732d0b5c854e2"},"breadcrumb":{"@id":"https:\/\/dmcsrb.com\/politika\/bs-razmatra-mogucnost-da-trazi-mjesto-predsjednika-opstine-bijelo-polje\/#breadcrumb"},"inLanguage":"en-GB","potentialAction":[{"@type":"ReadAction","target":["https:\/\/dmcsrb.com\/politika\/bs-razmatra-mogucnost-da-trazi-mjesto-predsjednika-opstine-bijelo-polje\/"]}]},{"@type":"ImageObject","inLanguage":"en-GB","@id":"https:\/\/dmcsrb.com\/politika\/bs-razmatra-mogucnost-da-trazi-mjesto-predsjednika-opstine-bijelo-polje\/#primaryimage","url":"https:\/\/dmcsrb.com\/wp-content\/uploads\/2025\/12\/Ernad-Suljevic-foto-Ministarstvo-regionalno-investicionog-razvoja.webp","contentUrl":"https:\/\/dmcsrb.com\/wp-content\/uploads\/2025\/12\/Ernad-Suljevic-foto-Ministarstvo-regionalno-investicionog-razvoja.webp","width":689,"height":497,"caption":"Foto: Ministarstvo regionalno-investicionog razvoja"},{"@type":"BreadcrumbList","@id":"https:\/\/dmcsrb.com\/politika\/bs-razmatra-mogucnost-da-trazi-mjesto-predsjednika-opstine-bijelo-polje\/#breadcrumb","itemListElement":[{"@type":"ListItem","position":1,"name":"Home","item":"https:\/\/dmcsrb.com\/"},{"@type":"ListItem","position":2,"name":"BS razmatra mogu\u0107nost da tra\u017ei mjesto predsjednika Op\u0161tine Bijelo Polje"}]},{"@type":"WebSite","@id":"https:\/\/dmcsrb.com\/#website","url":"https:\/\/dmcsrb.com\/","name":"dmcsrb.com","description":"","potentialAction":[{"@type":"SearchAction","target":{"@type":"EntryPoint","urlTemplate":"https:\/\/dmcsrb.com\/?s={search_term_string}"},"query-input":{"@type":"PropertyValueSpecification","valueRequired":true,"valueName":"search_term_string"}}],"inLanguage":"en-GB"},{"@type":"Person","@id":"https:\/\/dmcsrb.com\/#\/schema\/person\/5c39170f12db1b8b457732d0b5c854e2","name":"dmcsrbija.com@gmail.com","image":{"@type":"ImageObject","inLanguage":"en-GB","@id":"https:\/\/secure.gravatar.com\/avatar\/68592660ad6347fad0fb587f8d5d8f1a7b44961362f56e4f2cd524feb87e9069?s=96&d=mm&r=g","url":"https:\/\/secure.gravatar.com\/avatar\/68592660ad6347fad0fb587f8d5d8f1a7b44961362f56e4f2cd524feb87e9069?s=96&d=mm&r=g","contentUrl":"https:\/\/secure.gravatar.com\/avatar\/68592660ad6347fad0fb587f8d5d8f1a7b44961362f56e4f2cd524feb87e9069?s=96&d=mm&r=g","caption":"dmcsrbija.com@gmail.com"},"sameAs":["https:\/\/dmcsrb.com"],"url":"https:\/\/dmcsrb.com\/en\/author\/dmcsrbija-comgmail-com\/"}]}},"_links":{"self":[{"href":"https:\/\/dmcsrb.com\/en\/wp-json\/wp\/v2\/posts\/942332","targetHints":{"allow":["GET"]}}],"collection":[{"href":"https:\/\/dmcsrb.com\/en\/wp-json\/wp\/v2\/posts"}],"about":[{"href":"https:\/\/dmcsrb.com\/en\/wp-json\/wp\/v2\/types\/post"}],"author":[{"embeddable":true,"href":"https:\/\/dmcsrb.com\/en\/wp-json\/wp\/v2\/users\/1"}],"replies":[{"embeddable":true,"href":"https:\/\/dmcsrb.com\/en\/wp-json\/wp\/v2\/comments?post=942332"}],"version-history":[{"count":0,"href":"https:\/\/dmcsrb.com\/en\/wp-json\/wp\/v2\/posts\/942332\/revisions"}],"wp:featuredmedia":[{"embeddable":true,"href":"https:\/\/dmcsrb.com\/en\/wp-json\/wp\/v2\/media\/885732"}],"wp:attachment":[{"href":"https:\/\/dmcsrb.com\/en\/wp-json\/wp\/v2\/media?parent=942332"}],"wp:term":[{"taxonomy":"category","embeddable":true,"href":"https:\/\/dmcsrb.com\/en\/wp-json\/wp\/v2\/categories?post=942332"},{"taxonomy":"post_tag","embeddable":true,"href":"https:\/\/dmcsrb.com\/en\/wp-json\/wp\/v2\/tags?post=942332"},{"taxonomy":"naslovna","embeddable":true,"href":"https:\/\/dmcsrb.com\/en\/wp-json\/wp\/v2\/naslovna?post=942332"}],"curies":[{"name":"wp","href":"https:\/\/api.w.org\/{rel}","templated":true}]}}