{"id":942327,"date":"2026-01-14T12:30:06","date_gmt":"2026-01-14T11:30:06","guid":{"rendered":"https:\/\/gradski.me\/?p=908628"},"modified":"2026-01-14T12:30:06","modified_gmt":"2026-01-14T11:30:06","slug":"krivicna-prijava-protiv-jedne-osobe-zbog-nanosenja-teskih-tjelesnih-povreda-u-tivtu","status":"publish","type":"post","link":"https:\/\/dmcsrb.com\/en\/hronika\/krivicna-prijava-protiv-jedne-osobe-zbog-nanosenja-teskih-tjelesnih-povreda-u-tivtu\/","title":{"rendered":"Krivi\u010dna prijava protiv jedne osobe zbog nano\u0161enja te\u0161kih tjelesnih povreda u Tivtu"},"content":{"rendered":"<p><\/p>\n\n\n\n<p><br><\/p>\n\n\n\n<p>\u201cNaime, 1. januara oko 2 \u010dasa poslije pono\u0107i na tivatskom \u0161etali\u0161tu Pine, u alkoholisanom stanju , bez prethodnog sukoba ili nesuglasica, jedno tada nepoznato lice fizi\u010dki je napalo o\u0161te\u0107enog, zadaju\u0107i mu udarac u predjelu glave nakon \u010dega je o\u0161te\u0107eni pao na tlo, a ovo lice mu zadalo jo\u0161 jedan udarac tako\u0111e u istom predjelu\u201d, preciziraju iz UP.<\/p>\n\n\n\n<p>O\u0161te\u0107enom je ovom prilikom napsla nosna kost, prema izvje\u0161taju ljekara specijaliste koji ga je pregledao u Klini\u010dko bolni\u010dkom centru Kotor.<\/p>\n\n\n\n<p>\u201cSlu\u017ebenici tivatske policije su preduzeli intenzivne aktivnosti na rasvjetljavanju ovoga doga\u0111aja, sa svim upoznali tu\u017eioca u Osnovnom dr\u017eavnom tu\u017eila\u0161tvu u Kotoru koji je kvalifikovao krivi\u010dno djelo te\u0161ka tjelesna povreda, te su sveobuhvatnim radnjama na terenu do\u0161li do sumnje da je izvr\u0161ilac ovoga djela lice L.R. (20). Po nalogu postupaju\u0107eg tu\u017eioca protiv L.R. je podnijeta krivi\u010dna prijava u redovnom postupku\u201d, zaklju\u010duje se u saop\u0161tenju.<\/p>\n\n\n\n<p><\/p>","protected":false},"excerpt":{"rendered":"<p>Iz Uprave policije saop\u0161teno je da je tivatska policija rasvijetlila doga\u0111aj od 1. januara 2026. godine kada je na \u0161etali\u0161tu Pine jedna osoba zadobila te\u0161ke tjelesne povrede \u2013 naprsnu\u0107e nosne kosti. Kako navode, policija je podnijela krivi\u010dnu prijavu protiv L.R. (20), koji se sumnji\u010di da je izvr\u0161io ovo krivi\u010dno djelo.<\/p>","protected":false},"author":1,"featured_media":827157,"comment_status":"open","ping_status":"open","sticky":false,"template":"","format":"standard","meta":{"_acf_changed":false,"footnotes":""},"categories":[17],"tags":[2975,15970],"naslovna":[],"class_list":["post-942327","post","type-post","status-publish","format-standard","has-post-thumbnail","hentry","category-hronika","tag-prijava","tag-tjelesne-povrede"],"acf":[],"yoast_head":"<!-- This site is optimized with the Yoast SEO plugin v27.0 - https:\/\/yoast.com\/product\/yoast-seo-wordpress\/ -->\n<title>Krivi\u010dna prijava protiv jedne osobe zbog nano\u0161enja te\u0161kih tjelesnih povreda u Tivtu - dmcsrb.com<\/title>\n<meta name=\"robots\" content=\"index, follow, max-snippet:-1, max-image-preview:large, max-video-preview:-1\" \/>\n<link rel=\"canonical\" href=\"https:\/\/dmcsrb.com\/en\/hronika\/krivicna-prijava-protiv-jedne-osobe-zbog-nanosenja-teskih-tjelesnih-povreda-u-tivtu\/\" \/>\n<meta property=\"og:locale\" content=\"en_GB\" \/>\n<meta property=\"og:type\" content=\"article\" \/>\n<meta property=\"og:title\" content=\"Krivi\u010dna prijava protiv jedne osobe zbog nano\u0161enja te\u0161kih tjelesnih povreda u Tivtu - dmcsrb.com\" \/>\n<meta property=\"og:description\" content=\"Iz Uprave policije saop\u0161teno je da je tivatska policija rasvijetlila doga\u0111aj od 1. januara 2026. godine kada je na \u0161etali\u0161tu Pine jedna osoba zadobila te\u0161ke tjelesne povrede \u2013 naprsnu\u0107e nosne kosti. Kako navode, policija je podnijela krivi\u010dnu prijavu protiv L.R. (20), koji se sumnji\u010di da je izvr\u0161io ovo krivi\u010dno djelo.\" \/>\n<meta property=\"og:url\" content=\"https:\/\/dmcsrb.com\/en\/hronika\/krivicna-prijava-protiv-jedne-osobe-zbog-nanosenja-teskih-tjelesnih-povreda-u-tivtu\/\" \/>\n<meta property=\"og:site_name\" content=\"dmcsrb.com\" \/>\n<meta property=\"article:published_time\" content=\"2026-01-14T11:30:06+00:00\" \/>\n<meta property=\"og:image\" content=\"https:\/\/dmcsrb.com\/wp-content\/uploads\/2025\/09\/policija-rotacija.jpeg\" \/>\n\t<meta property=\"og:image:width\" content=\"1280\" \/>\n\t<meta property=\"og:image:height\" content=\"853\" \/>\n\t<meta property=\"og:image:type\" content=\"image\/jpeg\" \/>\n<meta name=\"author\" content=\"dmcsrbija.com@gmail.com\" \/>\n<meta name=\"twitter:card\" content=\"summary_large_image\" \/>\n<meta name=\"twitter:label1\" content=\"Written by\" \/>\n\t<meta name=\"twitter:data1\" content=\"dmcsrbija.com@gmail.com\" \/>\n\t<meta name=\"twitter:label2\" content=\"Estimated reading time\" \/>\n\t<meta name=\"twitter:data2\" content=\"1 minute\" \/>\n<script type=\"application\/ld+json\" class=\"yoast-schema-graph\">{\"@context\":\"https:\/\/schema.org\",\"@graph\":[{\"@type\":\"Article\",\"@id\":\"https:\/\/dmcsrb.com\/hronika\/krivicna-prijava-protiv-jedne-osobe-zbog-nanosenja-teskih-tjelesnih-povreda-u-tivtu\/#article\",\"isPartOf\":{\"@id\":\"https:\/\/dmcsrb.com\/hronika\/krivicna-prijava-protiv-jedne-osobe-zbog-nanosenja-teskih-tjelesnih-povreda-u-tivtu\/\"},\"author\":{\"name\":\"dmcsrbija.com@gmail.com\",\"@id\":\"https:\/\/dmcsrb.com\/#\/schema\/person\/5c39170f12db1b8b457732d0b5c854e2\"},\"headline\":\"Krivi\u010dna prijava protiv jedne osobe zbog nano\u0161enja te\u0161kih tjelesnih povreda u Tivtu\",\"datePublished\":\"2026-01-14T11:30:06+00:00\",\"mainEntityOfPage\":{\"@id\":\"https:\/\/dmcsrb.com\/hronika\/krivicna-prijava-protiv-jedne-osobe-zbog-nanosenja-teskih-tjelesnih-povreda-u-tivtu\/\"},\"wordCount\":182,\"commentCount\":0,\"image\":{\"@id\":\"https:\/\/dmcsrb.com\/hronika\/krivicna-prijava-protiv-jedne-osobe-zbog-nanosenja-teskih-tjelesnih-povreda-u-tivtu\/#primaryimage\"},\"thumbnailUrl\":\"https:\/\/dmcsrb.com\/wp-content\/uploads\/2025\/09\/policija-rotacija.jpeg\",\"keywords\":[\"prijava\",\"tjelesne povrede\"],\"articleSection\":[\"Hronika\"],\"inLanguage\":\"en-GB\",\"potentialAction\":[{\"@type\":\"CommentAction\",\"name\":\"Comment\",\"target\":[\"https:\/\/dmcsrb.com\/hronika\/krivicna-prijava-protiv-jedne-osobe-zbog-nanosenja-teskih-tjelesnih-povreda-u-tivtu\/#respond\"]}]},{\"@type\":\"WebPage\",\"@id\":\"https:\/\/dmcsrb.com\/hronika\/krivicna-prijava-protiv-jedne-osobe-zbog-nanosenja-teskih-tjelesnih-povreda-u-tivtu\/\",\"url\":\"https:\/\/dmcsrb.com\/hronika\/krivicna-prijava-protiv-jedne-osobe-zbog-nanosenja-teskih-tjelesnih-povreda-u-tivtu\/\",\"name\":\"Krivi\u010dna prijava protiv jedne osobe zbog nano\u0161enja te\u0161kih tjelesnih povreda u Tivtu - dmcsrb.com\",\"isPartOf\":{\"@id\":\"https:\/\/dmcsrb.com\/#website\"},\"primaryImageOfPage\":{\"@id\":\"https:\/\/dmcsrb.com\/hronika\/krivicna-prijava-protiv-jedne-osobe-zbog-nanosenja-teskih-tjelesnih-povreda-u-tivtu\/#primaryimage\"},\"image\":{\"@id\":\"https:\/\/dmcsrb.com\/hronika\/krivicna-prijava-protiv-jedne-osobe-zbog-nanosenja-teskih-tjelesnih-povreda-u-tivtu\/#primaryimage\"},\"thumbnailUrl\":\"https:\/\/dmcsrb.com\/wp-content\/uploads\/2025\/09\/policija-rotacija.jpeg\",\"datePublished\":\"2026-01-14T11:30:06+00:00\",\"author\":{\"@id\":\"https:\/\/dmcsrb.com\/#\/schema\/person\/5c39170f12db1b8b457732d0b5c854e2\"},\"breadcrumb\":{\"@id\":\"https:\/\/dmcsrb.com\/hronika\/krivicna-prijava-protiv-jedne-osobe-zbog-nanosenja-teskih-tjelesnih-povreda-u-tivtu\/#breadcrumb\"},\"inLanguage\":\"en-GB\",\"potentialAction\":[{\"@type\":\"ReadAction\",\"target\":[\"https:\/\/dmcsrb.com\/hronika\/krivicna-prijava-protiv-jedne-osobe-zbog-nanosenja-teskih-tjelesnih-povreda-u-tivtu\/\"]}]},{\"@type\":\"ImageObject\",\"inLanguage\":\"en-GB\",\"@id\":\"https:\/\/dmcsrb.com\/hronika\/krivicna-prijava-protiv-jedne-osobe-zbog-nanosenja-teskih-tjelesnih-povreda-u-tivtu\/#primaryimage\",\"url\":\"https:\/\/dmcsrb.com\/wp-content\/uploads\/2025\/09\/policija-rotacija.jpeg\",\"contentUrl\":\"https:\/\/dmcsrb.com\/wp-content\/uploads\/2025\/09\/policija-rotacija.jpeg\",\"width\":1280,\"height\":853,\"caption\":\"Foto: Pixabay\"},{\"@type\":\"BreadcrumbList\",\"@id\":\"https:\/\/dmcsrb.com\/hronika\/krivicna-prijava-protiv-jedne-osobe-zbog-nanosenja-teskih-tjelesnih-povreda-u-tivtu\/#breadcrumb\",\"itemListElement\":[{\"@type\":\"ListItem\",\"position\":1,\"name\":\"Home\",\"item\":\"https:\/\/dmcsrb.com\/\"},{\"@type\":\"ListItem\",\"position\":2,\"name\":\"Krivi\u010dna prijava protiv jedne osobe zbog nano\u0161enja te\u0161kih tjelesnih povreda u Tivtu\"}]},{\"@type\":\"WebSite\",\"@id\":\"https:\/\/dmcsrb.com\/#website\",\"url\":\"https:\/\/dmcsrb.com\/\",\"name\":\"dmcsrb.com\",\"description\":\"\",\"potentialAction\":[{\"@type\":\"SearchAction\",\"target\":{\"@type\":\"EntryPoint\",\"urlTemplate\":\"https:\/\/dmcsrb.com\/?s={search_term_string}\"},\"query-input\":{\"@type\":\"PropertyValueSpecification\",\"valueRequired\":true,\"valueName\":\"search_term_string\"}}],\"inLanguage\":\"en-GB\"},{\"@type\":\"Person\",\"@id\":\"https:\/\/dmcsrb.com\/#\/schema\/person\/5c39170f12db1b8b457732d0b5c854e2\",\"name\":\"dmcsrbija.com@gmail.com\",\"image\":{\"@type\":\"ImageObject\",\"inLanguage\":\"en-GB\",\"@id\":\"https:\/\/dmcsrb.com\/#\/schema\/person\/image\/\",\"url\":\"https:\/\/secure.gravatar.com\/avatar\/68592660ad6347fad0fb587f8d5d8f1a7b44961362f56e4f2cd524feb87e9069?s=96&d=mm&r=g\",\"contentUrl\":\"https:\/\/secure.gravatar.com\/avatar\/68592660ad6347fad0fb587f8d5d8f1a7b44961362f56e4f2cd524feb87e9069?s=96&d=mm&r=g\",\"caption\":\"dmcsrbija.com@gmail.com\"},\"sameAs\":[\"https:\/\/dmcsrb.com\"],\"url\":\"https:\/\/dmcsrb.com\/en\/author\/dmcsrbija-comgmail-com\/\"}]}<\/script>\n<!-- \/ Yoast SEO plugin. -->","yoast_head_json":{"title":"Krivi\u010dna prijava protiv jedne osobe zbog nano\u0161enja te\u0161kih tjelesnih povreda u Tivtu - dmcsrb.com","robots":{"index":"index","follow":"follow","max-snippet":"max-snippet:-1","max-image-preview":"max-image-preview:large","max-video-preview":"max-video-preview:-1"},"canonical":"https:\/\/dmcsrb.com\/en\/hronika\/krivicna-prijava-protiv-jedne-osobe-zbog-nanosenja-teskih-tjelesnih-povreda-u-tivtu\/","og_locale":"en_GB","og_type":"article","og_title":"Krivi\u010dna prijava protiv jedne osobe zbog nano\u0161enja te\u0161kih tjelesnih povreda u Tivtu - dmcsrb.com","og_description":"Iz Uprave policije saop\u0161teno je da je tivatska policija rasvijetlila doga\u0111aj od 1. januara 2026. godine kada je na \u0161etali\u0161tu Pine jedna osoba zadobila te\u0161ke tjelesne povrede \u2013 naprsnu\u0107e nosne kosti. Kako navode, policija je podnijela krivi\u010dnu prijavu protiv L.R. (20), koji se sumnji\u010di da je izvr\u0161io ovo krivi\u010dno djelo.","og_url":"https:\/\/dmcsrb.com\/en\/hronika\/krivicna-prijava-protiv-jedne-osobe-zbog-nanosenja-teskih-tjelesnih-povreda-u-tivtu\/","og_site_name":"dmcsrb.com","article_published_time":"2026-01-14T11:30:06+00:00","og_image":[{"width":1280,"height":853,"url":"https:\/\/dmcsrb.com\/wp-content\/uploads\/2025\/09\/policija-rotacija.jpeg","type":"image\/jpeg"}],"author":"dmcsrbija.com@gmail.com","twitter_card":"summary_large_image","twitter_misc":{"Written by":"dmcsrbija.com@gmail.com","Estimated reading time":"1 minute"},"schema":{"@context":"https:\/\/schema.org","@graph":[{"@type":"Article","@id":"https:\/\/dmcsrb.com\/hronika\/krivicna-prijava-protiv-jedne-osobe-zbog-nanosenja-teskih-tjelesnih-povreda-u-tivtu\/#article","isPartOf":{"@id":"https:\/\/dmcsrb.com\/hronika\/krivicna-prijava-protiv-jedne-osobe-zbog-nanosenja-teskih-tjelesnih-povreda-u-tivtu\/"},"author":{"name":"dmcsrbija.com@gmail.com","@id":"https:\/\/dmcsrb.com\/#\/schema\/person\/5c39170f12db1b8b457732d0b5c854e2"},"headline":"Krivi\u010dna prijava protiv jedne osobe zbog nano\u0161enja te\u0161kih tjelesnih povreda u Tivtu","datePublished":"2026-01-14T11:30:06+00:00","mainEntityOfPage":{"@id":"https:\/\/dmcsrb.com\/hronika\/krivicna-prijava-protiv-jedne-osobe-zbog-nanosenja-teskih-tjelesnih-povreda-u-tivtu\/"},"wordCount":182,"commentCount":0,"image":{"@id":"https:\/\/dmcsrb.com\/hronika\/krivicna-prijava-protiv-jedne-osobe-zbog-nanosenja-teskih-tjelesnih-povreda-u-tivtu\/#primaryimage"},"thumbnailUrl":"https:\/\/dmcsrb.com\/wp-content\/uploads\/2025\/09\/policija-rotacija.jpeg","keywords":["prijava","tjelesne povrede"],"articleSection":["Hronika"],"inLanguage":"en-GB","potentialAction":[{"@type":"CommentAction","name":"Comment","target":["https:\/\/dmcsrb.com\/hronika\/krivicna-prijava-protiv-jedne-osobe-zbog-nanosenja-teskih-tjelesnih-povreda-u-tivtu\/#respond"]}]},{"@type":"WebPage","@id":"https:\/\/dmcsrb.com\/hronika\/krivicna-prijava-protiv-jedne-osobe-zbog-nanosenja-teskih-tjelesnih-povreda-u-tivtu\/","url":"https:\/\/dmcsrb.com\/hronika\/krivicna-prijava-protiv-jedne-osobe-zbog-nanosenja-teskih-tjelesnih-povreda-u-tivtu\/","name":"Krivi\u010dna prijava protiv jedne osobe zbog nano\u0161enja te\u0161kih tjelesnih povreda u Tivtu - dmcsrb.com","isPartOf":{"@id":"https:\/\/dmcsrb.com\/#website"},"primaryImageOfPage":{"@id":"https:\/\/dmcsrb.com\/hronika\/krivicna-prijava-protiv-jedne-osobe-zbog-nanosenja-teskih-tjelesnih-povreda-u-tivtu\/#primaryimage"},"image":{"@id":"https:\/\/dmcsrb.com\/hronika\/krivicna-prijava-protiv-jedne-osobe-zbog-nanosenja-teskih-tjelesnih-povreda-u-tivtu\/#primaryimage"},"thumbnailUrl":"https:\/\/dmcsrb.com\/wp-content\/uploads\/2025\/09\/policija-rotacija.jpeg","datePublished":"2026-01-14T11:30:06+00:00","author":{"@id":"https:\/\/dmcsrb.com\/#\/schema\/person\/5c39170f12db1b8b457732d0b5c854e2"},"breadcrumb":{"@id":"https:\/\/dmcsrb.com\/hronika\/krivicna-prijava-protiv-jedne-osobe-zbog-nanosenja-teskih-tjelesnih-povreda-u-tivtu\/#breadcrumb"},"inLanguage":"en-GB","potentialAction":[{"@type":"ReadAction","target":["https:\/\/dmcsrb.com\/hronika\/krivicna-prijava-protiv-jedne-osobe-zbog-nanosenja-teskih-tjelesnih-povreda-u-tivtu\/"]}]},{"@type":"ImageObject","inLanguage":"en-GB","@id":"https:\/\/dmcsrb.com\/hronika\/krivicna-prijava-protiv-jedne-osobe-zbog-nanosenja-teskih-tjelesnih-povreda-u-tivtu\/#primaryimage","url":"https:\/\/dmcsrb.com\/wp-content\/uploads\/2025\/09\/policija-rotacija.jpeg","contentUrl":"https:\/\/dmcsrb.com\/wp-content\/uploads\/2025\/09\/policija-rotacija.jpeg","width":1280,"height":853,"caption":"Foto: Pixabay"},{"@type":"BreadcrumbList","@id":"https:\/\/dmcsrb.com\/hronika\/krivicna-prijava-protiv-jedne-osobe-zbog-nanosenja-teskih-tjelesnih-povreda-u-tivtu\/#breadcrumb","itemListElement":[{"@type":"ListItem","position":1,"name":"Home","item":"https:\/\/dmcsrb.com\/"},{"@type":"ListItem","position":2,"name":"Krivi\u010dna prijava protiv jedne osobe zbog nano\u0161enja te\u0161kih tjelesnih povreda u Tivtu"}]},{"@type":"WebSite","@id":"https:\/\/dmcsrb.com\/#website","url":"https:\/\/dmcsrb.com\/","name":"dmcsrb.com","description":"","potentialAction":[{"@type":"SearchAction","target":{"@type":"EntryPoint","urlTemplate":"https:\/\/dmcsrb.com\/?s={search_term_string}"},"query-input":{"@type":"PropertyValueSpecification","valueRequired":true,"valueName":"search_term_string"}}],"inLanguage":"en-GB"},{"@type":"Person","@id":"https:\/\/dmcsrb.com\/#\/schema\/person\/5c39170f12db1b8b457732d0b5c854e2","name":"dmcsrbija.com@gmail.com","image":{"@type":"ImageObject","inLanguage":"en-GB","@id":"https:\/\/dmcsrb.com\/#\/schema\/person\/image\/","url":"https:\/\/secure.gravatar.com\/avatar\/68592660ad6347fad0fb587f8d5d8f1a7b44961362f56e4f2cd524feb87e9069?s=96&d=mm&r=g","contentUrl":"https:\/\/secure.gravatar.com\/avatar\/68592660ad6347fad0fb587f8d5d8f1a7b44961362f56e4f2cd524feb87e9069?s=96&d=mm&r=g","caption":"dmcsrbija.com@gmail.com"},"sameAs":["https:\/\/dmcsrb.com"],"url":"https:\/\/dmcsrb.com\/en\/author\/dmcsrbija-comgmail-com\/"}]}},"_links":{"self":[{"href":"https:\/\/dmcsrb.com\/en\/wp-json\/wp\/v2\/posts\/942327","targetHints":{"allow":["GET"]}}],"collection":[{"href":"https:\/\/dmcsrb.com\/en\/wp-json\/wp\/v2\/posts"}],"about":[{"href":"https:\/\/dmcsrb.com\/en\/wp-json\/wp\/v2\/types\/post"}],"author":[{"embeddable":true,"href":"https:\/\/dmcsrb.com\/en\/wp-json\/wp\/v2\/users\/1"}],"replies":[{"embeddable":true,"href":"https:\/\/dmcsrb.com\/en\/wp-json\/wp\/v2\/comments?post=942327"}],"version-history":[{"count":0,"href":"https:\/\/dmcsrb.com\/en\/wp-json\/wp\/v2\/posts\/942327\/revisions"}],"wp:featuredmedia":[{"embeddable":true,"href":"https:\/\/dmcsrb.com\/en\/wp-json\/wp\/v2\/media\/827157"}],"wp:attachment":[{"href":"https:\/\/dmcsrb.com\/en\/wp-json\/wp\/v2\/media?parent=942327"}],"wp:term":[{"taxonomy":"category","embeddable":true,"href":"https:\/\/dmcsrb.com\/en\/wp-json\/wp\/v2\/categories?post=942327"},{"taxonomy":"post_tag","embeddable":true,"href":"https:\/\/dmcsrb.com\/en\/wp-json\/wp\/v2\/tags?post=942327"},{"taxonomy":"naslovna","embeddable":true,"href":"https:\/\/dmcsrb.com\/en\/wp-json\/wp\/v2\/naslovna?post=942327"}],"curies":[{"name":"wp","href":"https:\/\/api.w.org\/{rel}","templated":true}]}}