{"id":917673,"date":"2026-01-04T20:02:00","date_gmt":"2026-01-04T19:02:00","guid":{"rendered":"https:\/\/gradski.me\/?p=904562"},"modified":"2026-01-04T20:02:00","modified_gmt":"2026-01-04T19:02:00","slug":"muleskovic-u-podgorici-33-korpe-za-odlaganje-pseceg-optada-njihova-neadekvatna-upotreba-i-dalje-problem-2","status":"publish","type":"post","link":"https:\/\/dmcsrb.com\/en\/podgorica\/muleskovic-u-podgorici-33-korpe-za-odlaganje-pseceg-optada-njihova-neadekvatna-upotreba-i-dalje-problem-2\/","title":{"rendered":"Mule\u0161kovi\u0107: U Podgorici 33 korpe za odlaganje pse\u0107eg optada, njihova neadekvatna upotreba i dalje problem"},"content":{"rendered":"<p><\/p>\n\n\n\n<p>Cilj je, kako je saop\u0161teno, da javne povr\u0161ine budu \u010diste, a gra\u0111ani svjesni zna\u010daja odgovornog vlasni\u0161tva.<\/p>\n\n\n\n<p>Iz preduze\u0107a &#8220;\u010cisto\u0107a&#8221; podsje\u0107aju da su specijalizovane korpe za pse\u0107i otpad po\u010deli da postavljaju jo\u0161 2019. \u2013 u cilju pobolj\u0161anja higijene javnih povr\u0161ina i kako bi se vlasnicima olak\u0161alo da, na propisan na\u010din, odla\u017eu otpad<\/p>\n\n\n\n<p>\u201eNajve\u0107i broj korpi postavljen je na brdu Gorica, po tri u Tolo\u0161koj \u0161umi, Univerzitetskom parku, na Ljubovi\u0107u, kao i u skloni\u0161tu za napu\u0161tene ku\u0107ne ljubimce\u201c, kazala je PR preduze\u0107a &#8220;\u010cisto\u0107a&#8221;, <strong>Senada Mule\u0161kovi\u0107<\/strong>.<\/p>\n\n\n\n<p>Navodi da zaposleni u &#8220;\u010cisto\u0107i&#8221; redovno obilaze te lokacije i prazne korpe, ali problem je i dalje njihova neadekvatna upotreba. Obja\u0161njava da pojedini gra\u0111ani te korpe koriste za odlaganje komunalnog otpada, zbog \u010dega dolazi do njihovog o\u0161te\u0107enja.<\/p>\n\n\n\n<p>\u201eDr\u017eaoci ku\u0107nih ljubimaca u principu vode ra\u010duna i imaju ve\u0107 ste\u010denu naviku pravilnog odlaganja otpada, ali ima i onih koji korpe koriste za neku drugu namjenu, pa je jedan dio kanti ve\u0107 devastiran\u201c, navela je Mule\u0161kovi\u0107.<\/p>\n\n\n\n<p>Ipak, kako isti\u010de Mule\u0161kovi\u0107, ohrabruje \u0161to je nesavjesnih gra\u0111ana sve manje, odnosno da raste svijest o zna\u010daju o\u010duvanja \u017eivotne sredine. Poru\u010duje da \u0107e se u narednom periodu, zavisno od potreba i u\u010destalosti kori\u0161\u0107enja, razmi\u0161ljati i o tome da se postave nove korpe &#8211; na dodatnim lokacijama u gradu.<\/p>\n\n\n\n<figure class=\"wp-block-embed is-type-video is-provider-youtube wp-block-embed-youtube wp-embed-aspect-16-9 wp-has-aspect-ratio\"><div class=\"wp-block-embed__wrapper\">\n<iframe loading=\"lazy\" title=\"U Podgorici 33 korpe za odlaganje pse\u0107eg optada, njihova neadekvatna upotreba i dalje problem\" width=\"500\" height=\"281\" src=\"https:\/\/www.youtube.com\/embed\/sozQE2lhIZM?feature=oembed\" frameborder=\"0\" allow=\"accelerometer; autoplay; clipboard-write; encrypted-media; gyroscope; picture-in-picture; web-share\" referrerpolicy=\"strict-origin-when-cross-origin\" allowfullscreen><\/iframe>\n<\/div><\/figure>","protected":false},"excerpt":{"rendered":"<p>Na teritoriji Glavnog grada 33 korpe slu\u017ee za odlaganje pse\u0107eg otpada, na lokacijama na kojima gra\u0111ani naj\u010de\u0161\u0107e izvode ku\u0107ne ljubimce., ali iz \u010cisto\u0107e navode za RTV Podgorica da je i dalje problem njihova neadekvatna upotreba.<\/p>","protected":false},"author":1,"featured_media":904571,"comment_status":"open","ping_status":"open","sticky":false,"template":"","format":"standard","meta":{"_acf_changed":false,"footnotes":""},"categories":[56],"tags":[1554,5566,3653],"naslovna":[],"class_list":["post-917673","post","type-post","status-publish","format-standard","has-post-thumbnail","hentry","category-podgorica","tag-cistoca","tag-kucni-ljubimci","tag-senada-muleskovic"],"acf":[],"yoast_head":"<!-- This site is optimized with the Yoast SEO plugin v27.4 - https:\/\/yoast.com\/product\/yoast-seo-wordpress\/ -->\n<title>Mule\u0161kovi\u0107: U Podgorici 33 korpe za odlaganje pse\u0107eg optada, njihova neadekvatna upotreba i dalje problem - dmcsrb.com<\/title>\n<meta name=\"robots\" content=\"index, follow, max-snippet:-1, max-image-preview:large, max-video-preview:-1\" \/>\n<link rel=\"canonical\" href=\"https:\/\/dmcsrb.com\/en\/podgorica\/muleskovic-u-podgorici-33-korpe-za-odlaganje-pseceg-optada-njihova-neadekvatna-upotreba-i-dalje-problem-2\/\" \/>\n<meta property=\"og:locale\" content=\"en_GB\" \/>\n<meta property=\"og:type\" content=\"article\" \/>\n<meta property=\"og:title\" content=\"Mule\u0161kovi\u0107: U Podgorici 33 korpe za odlaganje pse\u0107eg optada, njihova neadekvatna upotreba i dalje problem - dmcsrb.com\" \/>\n<meta property=\"og:description\" content=\"Na teritoriji Glavnog grada 33 korpe slu\u017ee za odlaganje pse\u0107eg otpada, na lokacijama na kojima gra\u0111ani naj\u010de\u0161\u0107e izvode ku\u0107ne ljubimce., ali iz \u010cisto\u0107e navode za RTV Podgorica da je i dalje problem njihova neadekvatna upotreba.\" \/>\n<meta property=\"og:url\" content=\"https:\/\/dmcsrb.com\/en\/podgorica\/muleskovic-u-podgorici-33-korpe-za-odlaganje-pseceg-optada-njihova-neadekvatna-upotreba-i-dalje-problem-2\/\" \/>\n<meta property=\"og:site_name\" content=\"dmcsrb.com\" \/>\n<meta property=\"article:published_time\" content=\"2026-01-04T19:02:00+00:00\" \/>\n<meta property=\"og:image\" content=\"https:\/\/dmcsrb.com\/wp-content\/uploads\/2026\/01\/Gorica-foto-rtv-pg-1.jpg\" \/>\n\t<meta property=\"og:image:width\" content=\"1268\" \/>\n\t<meta property=\"og:image:height\" content=\"682\" \/>\n\t<meta property=\"og:image:type\" content=\"image\/jpeg\" \/>\n<meta name=\"author\" content=\"dmcsrbija.com@gmail.com\" \/>\n<meta name=\"twitter:card\" content=\"summary_large_image\" \/>\n<meta name=\"twitter:label1\" content=\"Written by\" \/>\n\t<meta name=\"twitter:data1\" content=\"dmcsrbija.com@gmail.com\" \/>\n\t<meta name=\"twitter:label2\" content=\"Estimated reading time\" \/>\n\t<meta name=\"twitter:data2\" content=\"1 minute\" \/>\n<script type=\"application\/ld+json\" class=\"yoast-schema-graph\">{\"@context\":\"https:\\\/\\\/schema.org\",\"@graph\":[{\"@type\":\"Article\",\"@id\":\"https:\\\/\\\/dmcsrb.com\\\/podgorica\\\/muleskovic-u-podgorici-33-korpe-za-odlaganje-pseceg-optada-njihova-neadekvatna-upotreba-i-dalje-problem-2\\\/#article\",\"isPartOf\":{\"@id\":\"https:\\\/\\\/dmcsrb.com\\\/podgorica\\\/muleskovic-u-podgorici-33-korpe-za-odlaganje-pseceg-optada-njihova-neadekvatna-upotreba-i-dalje-problem-2\\\/\"},\"author\":{\"name\":\"dmcsrbija.com@gmail.com\",\"@id\":\"https:\\\/\\\/dmcsrb.com\\\/#\\\/schema\\\/person\\\/5c39170f12db1b8b457732d0b5c854e2\"},\"headline\":\"Mule\u0161kovi\u0107: U Podgorici 33 korpe za odlaganje pse\u0107eg optada, njihova neadekvatna upotreba i dalje problem\",\"datePublished\":\"2026-01-04T19:02:00+00:00\",\"mainEntityOfPage\":{\"@id\":\"https:\\\/\\\/dmcsrb.com\\\/podgorica\\\/muleskovic-u-podgorici-33-korpe-za-odlaganje-pseceg-optada-njihova-neadekvatna-upotreba-i-dalje-problem-2\\\/\"},\"wordCount\":269,\"commentCount\":0,\"image\":{\"@id\":\"https:\\\/\\\/dmcsrb.com\\\/podgorica\\\/muleskovic-u-podgorici-33-korpe-za-odlaganje-pseceg-optada-njihova-neadekvatna-upotreba-i-dalje-problem-2\\\/#primaryimage\"},\"thumbnailUrl\":\"https:\\\/\\\/dmcsrb.com\\\/wp-content\\\/uploads\\\/2026\\\/01\\\/Gorica-foto-rtv-pg-1.jpg\",\"keywords\":[\"\u010cisto\u0107a\",\"Ku\u0107ni ljubimci\",\"Senada Mule\u0161kovi\u0107\"],\"articleSection\":[\"Podgorica\"],\"inLanguage\":\"en-GB\",\"potentialAction\":[{\"@type\":\"CommentAction\",\"name\":\"Comment\",\"target\":[\"https:\\\/\\\/dmcsrb.com\\\/podgorica\\\/muleskovic-u-podgorici-33-korpe-za-odlaganje-pseceg-optada-njihova-neadekvatna-upotreba-i-dalje-problem-2\\\/#respond\"]}]},{\"@type\":\"WebPage\",\"@id\":\"https:\\\/\\\/dmcsrb.com\\\/podgorica\\\/muleskovic-u-podgorici-33-korpe-za-odlaganje-pseceg-optada-njihova-neadekvatna-upotreba-i-dalje-problem-2\\\/\",\"url\":\"https:\\\/\\\/dmcsrb.com\\\/podgorica\\\/muleskovic-u-podgorici-33-korpe-za-odlaganje-pseceg-optada-njihova-neadekvatna-upotreba-i-dalje-problem-2\\\/\",\"name\":\"Mule\u0161kovi\u0107: U Podgorici 33 korpe za odlaganje pse\u0107eg optada, njihova neadekvatna upotreba i dalje problem - dmcsrb.com\",\"isPartOf\":{\"@id\":\"https:\\\/\\\/dmcsrb.com\\\/#website\"},\"primaryImageOfPage\":{\"@id\":\"https:\\\/\\\/dmcsrb.com\\\/podgorica\\\/muleskovic-u-podgorici-33-korpe-za-odlaganje-pseceg-optada-njihova-neadekvatna-upotreba-i-dalje-problem-2\\\/#primaryimage\"},\"image\":{\"@id\":\"https:\\\/\\\/dmcsrb.com\\\/podgorica\\\/muleskovic-u-podgorici-33-korpe-za-odlaganje-pseceg-optada-njihova-neadekvatna-upotreba-i-dalje-problem-2\\\/#primaryimage\"},\"thumbnailUrl\":\"https:\\\/\\\/dmcsrb.com\\\/wp-content\\\/uploads\\\/2026\\\/01\\\/Gorica-foto-rtv-pg-1.jpg\",\"datePublished\":\"2026-01-04T19:02:00+00:00\",\"author\":{\"@id\":\"https:\\\/\\\/dmcsrb.com\\\/#\\\/schema\\\/person\\\/5c39170f12db1b8b457732d0b5c854e2\"},\"breadcrumb\":{\"@id\":\"https:\\\/\\\/dmcsrb.com\\\/podgorica\\\/muleskovic-u-podgorici-33-korpe-za-odlaganje-pseceg-optada-njihova-neadekvatna-upotreba-i-dalje-problem-2\\\/#breadcrumb\"},\"inLanguage\":\"en-GB\",\"potentialAction\":[{\"@type\":\"ReadAction\",\"target\":[\"https:\\\/\\\/dmcsrb.com\\\/podgorica\\\/muleskovic-u-podgorici-33-korpe-za-odlaganje-pseceg-optada-njihova-neadekvatna-upotreba-i-dalje-problem-2\\\/\"]}]},{\"@type\":\"ImageObject\",\"inLanguage\":\"en-GB\",\"@id\":\"https:\\\/\\\/dmcsrb.com\\\/podgorica\\\/muleskovic-u-podgorici-33-korpe-za-odlaganje-pseceg-optada-njihova-neadekvatna-upotreba-i-dalje-problem-2\\\/#primaryimage\",\"url\":\"https:\\\/\\\/dmcsrb.com\\\/wp-content\\\/uploads\\\/2026\\\/01\\\/Gorica-foto-rtv-pg-1.jpg\",\"contentUrl\":\"https:\\\/\\\/dmcsrb.com\\\/wp-content\\\/uploads\\\/2026\\\/01\\\/Gorica-foto-rtv-pg-1.jpg\",\"width\":1268,\"height\":682,\"caption\":\"Foto: RTV PG\"},{\"@type\":\"BreadcrumbList\",\"@id\":\"https:\\\/\\\/dmcsrb.com\\\/podgorica\\\/muleskovic-u-podgorici-33-korpe-za-odlaganje-pseceg-optada-njihova-neadekvatna-upotreba-i-dalje-problem-2\\\/#breadcrumb\",\"itemListElement\":[{\"@type\":\"ListItem\",\"position\":1,\"name\":\"Home\",\"item\":\"https:\\\/\\\/dmcsrb.com\\\/\"},{\"@type\":\"ListItem\",\"position\":2,\"name\":\"Mule\u0161kovi\u0107: U Podgorici 33 korpe za odlaganje pse\u0107eg optada, njihova neadekvatna upotreba i dalje problem\"}]},{\"@type\":\"WebSite\",\"@id\":\"https:\\\/\\\/dmcsrb.com\\\/#website\",\"url\":\"https:\\\/\\\/dmcsrb.com\\\/\",\"name\":\"dmcsrb.com\",\"description\":\"\",\"potentialAction\":[{\"@type\":\"SearchAction\",\"target\":{\"@type\":\"EntryPoint\",\"urlTemplate\":\"https:\\\/\\\/dmcsrb.com\\\/?s={search_term_string}\"},\"query-input\":{\"@type\":\"PropertyValueSpecification\",\"valueRequired\":true,\"valueName\":\"search_term_string\"}}],\"inLanguage\":\"en-GB\"},{\"@type\":\"Person\",\"@id\":\"https:\\\/\\\/dmcsrb.com\\\/#\\\/schema\\\/person\\\/5c39170f12db1b8b457732d0b5c854e2\",\"name\":\"dmcsrbija.com@gmail.com\",\"image\":{\"@type\":\"ImageObject\",\"inLanguage\":\"en-GB\",\"@id\":\"https:\\\/\\\/secure.gravatar.com\\\/avatar\\\/68592660ad6347fad0fb587f8d5d8f1a7b44961362f56e4f2cd524feb87e9069?s=96&d=mm&r=g\",\"url\":\"https:\\\/\\\/secure.gravatar.com\\\/avatar\\\/68592660ad6347fad0fb587f8d5d8f1a7b44961362f56e4f2cd524feb87e9069?s=96&d=mm&r=g\",\"contentUrl\":\"https:\\\/\\\/secure.gravatar.com\\\/avatar\\\/68592660ad6347fad0fb587f8d5d8f1a7b44961362f56e4f2cd524feb87e9069?s=96&d=mm&r=g\",\"caption\":\"dmcsrbija.com@gmail.com\"},\"sameAs\":[\"https:\\\/\\\/dmcsrb.com\"],\"url\":\"https:\\\/\\\/dmcsrb.com\\\/en\\\/author\\\/dmcsrbija-comgmail-com\\\/\"}]}<\/script>\n<!-- \/ Yoast SEO plugin. -->","yoast_head_json":{"title":"Mule\u0161kovi\u0107: U Podgorici 33 korpe za odlaganje pse\u0107eg optada, njihova neadekvatna upotreba i dalje problem - dmcsrb.com","robots":{"index":"index","follow":"follow","max-snippet":"max-snippet:-1","max-image-preview":"max-image-preview:large","max-video-preview":"max-video-preview:-1"},"canonical":"https:\/\/dmcsrb.com\/en\/podgorica\/muleskovic-u-podgorici-33-korpe-za-odlaganje-pseceg-optada-njihova-neadekvatna-upotreba-i-dalje-problem-2\/","og_locale":"en_GB","og_type":"article","og_title":"Mule\u0161kovi\u0107: U Podgorici 33 korpe za odlaganje pse\u0107eg optada, njihova neadekvatna upotreba i dalje problem - dmcsrb.com","og_description":"Na teritoriji Glavnog grada 33 korpe slu\u017ee za odlaganje pse\u0107eg otpada, na lokacijama na kojima gra\u0111ani naj\u010de\u0161\u0107e izvode ku\u0107ne ljubimce., ali iz \u010cisto\u0107e navode za RTV Podgorica da je i dalje problem njihova neadekvatna upotreba.","og_url":"https:\/\/dmcsrb.com\/en\/podgorica\/muleskovic-u-podgorici-33-korpe-za-odlaganje-pseceg-optada-njihova-neadekvatna-upotreba-i-dalje-problem-2\/","og_site_name":"dmcsrb.com","article_published_time":"2026-01-04T19:02:00+00:00","og_image":[{"width":1268,"height":682,"url":"https:\/\/dmcsrb.com\/wp-content\/uploads\/2026\/01\/Gorica-foto-rtv-pg-1.jpg","type":"image\/jpeg"}],"author":"dmcsrbija.com@gmail.com","twitter_card":"summary_large_image","twitter_misc":{"Written by":"dmcsrbija.com@gmail.com","Estimated reading time":"1 minute"},"schema":{"@context":"https:\/\/schema.org","@graph":[{"@type":"Article","@id":"https:\/\/dmcsrb.com\/podgorica\/muleskovic-u-podgorici-33-korpe-za-odlaganje-pseceg-optada-njihova-neadekvatna-upotreba-i-dalje-problem-2\/#article","isPartOf":{"@id":"https:\/\/dmcsrb.com\/podgorica\/muleskovic-u-podgorici-33-korpe-za-odlaganje-pseceg-optada-njihova-neadekvatna-upotreba-i-dalje-problem-2\/"},"author":{"name":"dmcsrbija.com@gmail.com","@id":"https:\/\/dmcsrb.com\/#\/schema\/person\/5c39170f12db1b8b457732d0b5c854e2"},"headline":"Mule\u0161kovi\u0107: U Podgorici 33 korpe za odlaganje pse\u0107eg optada, njihova neadekvatna upotreba i dalje problem","datePublished":"2026-01-04T19:02:00+00:00","mainEntityOfPage":{"@id":"https:\/\/dmcsrb.com\/podgorica\/muleskovic-u-podgorici-33-korpe-za-odlaganje-pseceg-optada-njihova-neadekvatna-upotreba-i-dalje-problem-2\/"},"wordCount":269,"commentCount":0,"image":{"@id":"https:\/\/dmcsrb.com\/podgorica\/muleskovic-u-podgorici-33-korpe-za-odlaganje-pseceg-optada-njihova-neadekvatna-upotreba-i-dalje-problem-2\/#primaryimage"},"thumbnailUrl":"https:\/\/dmcsrb.com\/wp-content\/uploads\/2026\/01\/Gorica-foto-rtv-pg-1.jpg","keywords":["\u010cisto\u0107a","Ku\u0107ni ljubimci","Senada Mule\u0161kovi\u0107"],"articleSection":["Podgorica"],"inLanguage":"en-GB","potentialAction":[{"@type":"CommentAction","name":"Comment","target":["https:\/\/dmcsrb.com\/podgorica\/muleskovic-u-podgorici-33-korpe-za-odlaganje-pseceg-optada-njihova-neadekvatna-upotreba-i-dalje-problem-2\/#respond"]}]},{"@type":"WebPage","@id":"https:\/\/dmcsrb.com\/podgorica\/muleskovic-u-podgorici-33-korpe-za-odlaganje-pseceg-optada-njihova-neadekvatna-upotreba-i-dalje-problem-2\/","url":"https:\/\/dmcsrb.com\/podgorica\/muleskovic-u-podgorici-33-korpe-za-odlaganje-pseceg-optada-njihova-neadekvatna-upotreba-i-dalje-problem-2\/","name":"Mule\u0161kovi\u0107: U Podgorici 33 korpe za odlaganje pse\u0107eg optada, njihova neadekvatna upotreba i dalje problem - dmcsrb.com","isPartOf":{"@id":"https:\/\/dmcsrb.com\/#website"},"primaryImageOfPage":{"@id":"https:\/\/dmcsrb.com\/podgorica\/muleskovic-u-podgorici-33-korpe-za-odlaganje-pseceg-optada-njihova-neadekvatna-upotreba-i-dalje-problem-2\/#primaryimage"},"image":{"@id":"https:\/\/dmcsrb.com\/podgorica\/muleskovic-u-podgorici-33-korpe-za-odlaganje-pseceg-optada-njihova-neadekvatna-upotreba-i-dalje-problem-2\/#primaryimage"},"thumbnailUrl":"https:\/\/dmcsrb.com\/wp-content\/uploads\/2026\/01\/Gorica-foto-rtv-pg-1.jpg","datePublished":"2026-01-04T19:02:00+00:00","author":{"@id":"https:\/\/dmcsrb.com\/#\/schema\/person\/5c39170f12db1b8b457732d0b5c854e2"},"breadcrumb":{"@id":"https:\/\/dmcsrb.com\/podgorica\/muleskovic-u-podgorici-33-korpe-za-odlaganje-pseceg-optada-njihova-neadekvatna-upotreba-i-dalje-problem-2\/#breadcrumb"},"inLanguage":"en-GB","potentialAction":[{"@type":"ReadAction","target":["https:\/\/dmcsrb.com\/podgorica\/muleskovic-u-podgorici-33-korpe-za-odlaganje-pseceg-optada-njihova-neadekvatna-upotreba-i-dalje-problem-2\/"]}]},{"@type":"ImageObject","inLanguage":"en-GB","@id":"https:\/\/dmcsrb.com\/podgorica\/muleskovic-u-podgorici-33-korpe-za-odlaganje-pseceg-optada-njihova-neadekvatna-upotreba-i-dalje-problem-2\/#primaryimage","url":"https:\/\/dmcsrb.com\/wp-content\/uploads\/2026\/01\/Gorica-foto-rtv-pg-1.jpg","contentUrl":"https:\/\/dmcsrb.com\/wp-content\/uploads\/2026\/01\/Gorica-foto-rtv-pg-1.jpg","width":1268,"height":682,"caption":"Foto: RTV PG"},{"@type":"BreadcrumbList","@id":"https:\/\/dmcsrb.com\/podgorica\/muleskovic-u-podgorici-33-korpe-za-odlaganje-pseceg-optada-njihova-neadekvatna-upotreba-i-dalje-problem-2\/#breadcrumb","itemListElement":[{"@type":"ListItem","position":1,"name":"Home","item":"https:\/\/dmcsrb.com\/"},{"@type":"ListItem","position":2,"name":"Mule\u0161kovi\u0107: U Podgorici 33 korpe za odlaganje pse\u0107eg optada, njihova neadekvatna upotreba i dalje problem"}]},{"@type":"WebSite","@id":"https:\/\/dmcsrb.com\/#website","url":"https:\/\/dmcsrb.com\/","name":"dmcsrb.com","description":"","potentialAction":[{"@type":"SearchAction","target":{"@type":"EntryPoint","urlTemplate":"https:\/\/dmcsrb.com\/?s={search_term_string}"},"query-input":{"@type":"PropertyValueSpecification","valueRequired":true,"valueName":"search_term_string"}}],"inLanguage":"en-GB"},{"@type":"Person","@id":"https:\/\/dmcsrb.com\/#\/schema\/person\/5c39170f12db1b8b457732d0b5c854e2","name":"dmcsrbija.com@gmail.com","image":{"@type":"ImageObject","inLanguage":"en-GB","@id":"https:\/\/secure.gravatar.com\/avatar\/68592660ad6347fad0fb587f8d5d8f1a7b44961362f56e4f2cd524feb87e9069?s=96&d=mm&r=g","url":"https:\/\/secure.gravatar.com\/avatar\/68592660ad6347fad0fb587f8d5d8f1a7b44961362f56e4f2cd524feb87e9069?s=96&d=mm&r=g","contentUrl":"https:\/\/secure.gravatar.com\/avatar\/68592660ad6347fad0fb587f8d5d8f1a7b44961362f56e4f2cd524feb87e9069?s=96&d=mm&r=g","caption":"dmcsrbija.com@gmail.com"},"sameAs":["https:\/\/dmcsrb.com"],"url":"https:\/\/dmcsrb.com\/en\/author\/dmcsrbija-comgmail-com\/"}]}},"_links":{"self":[{"href":"https:\/\/dmcsrb.com\/en\/wp-json\/wp\/v2\/posts\/917673","targetHints":{"allow":["GET"]}}],"collection":[{"href":"https:\/\/dmcsrb.com\/en\/wp-json\/wp\/v2\/posts"}],"about":[{"href":"https:\/\/dmcsrb.com\/en\/wp-json\/wp\/v2\/types\/post"}],"author":[{"embeddable":true,"href":"https:\/\/dmcsrb.com\/en\/wp-json\/wp\/v2\/users\/1"}],"replies":[{"embeddable":true,"href":"https:\/\/dmcsrb.com\/en\/wp-json\/wp\/v2\/comments?post=917673"}],"version-history":[{"count":0,"href":"https:\/\/dmcsrb.com\/en\/wp-json\/wp\/v2\/posts\/917673\/revisions"}],"wp:featuredmedia":[{"embeddable":true,"href":"https:\/\/dmcsrb.com\/en\/wp-json\/wp\/v2\/media\/904571"}],"wp:attachment":[{"href":"https:\/\/dmcsrb.com\/en\/wp-json\/wp\/v2\/media?parent=917673"}],"wp:term":[{"taxonomy":"category","embeddable":true,"href":"https:\/\/dmcsrb.com\/en\/wp-json\/wp\/v2\/categories?post=917673"},{"taxonomy":"post_tag","embeddable":true,"href":"https:\/\/dmcsrb.com\/en\/wp-json\/wp\/v2\/tags?post=917673"},{"taxonomy":"naslovna","embeddable":true,"href":"https:\/\/dmcsrb.com\/en\/wp-json\/wp\/v2\/naslovna?post=917673"}],"curies":[{"name":"wp","href":"https:\/\/api.w.org\/{rel}","templated":true}]}}