{"id":917374,"date":"2026-01-04T18:22:00","date_gmt":"2026-01-04T17:22:00","guid":{"rendered":"https:\/\/dmcsrb.com\/uncategorized\/rabrenovic-fokus-to-podgorica-na-promociji-kongresnog-turizma\/"},"modified":"2026-01-04T18:22:00","modified_gmt":"2026-01-04T17:22:00","slug":"rabrenovic-fokus-to-podgorica-na-promociji-kongresnog-turizma","status":"publish","type":"post","link":"https:\/\/dmcsrb.com\/en\/podgorica\/rabrenovic-fokus-to-podgorica-na-promociji-kongresnog-turizma\/","title":{"rendered":"Rabrenovi\u0107: Fokus TO Podgorica na promociji kongresnog turizma"},"content":{"rendered":"<p><\/p>\n\n\n\n<p>Podgorica turisti\u010dku sezonu gradi kao urbani centar koji nudi sadr\u017eaj tokom cijele godine, navode iz turisti\u010dke organizacije. Zimi je, isti\u010du, fokus na muzi\u010dkom i zabavnom programu, kao i promociji gastroponude.<\/p>\n\n\n\n<p><strong>&#8220;Ono \u0161to je sada aktuelno jeste Podgori\u010dki Pazar, koji tokom novogodi\u0161njih i bo\u017ei\u0107nih praznika nudi sadr\u017eaje za sve generacije. Ono \u0161to je neophodno da turisti posjete kada do\u0111u \u2013 Staru Varo\u0161, Sahat kulu, centar grada, brdo Gorica i Ljubovi\u0107, panoramske poglede sa mostova na Mora\u010di. Blizu Podgorice su Duklja, Medun i Bukumirsko jezero. A za ljubitelje vina tu su podrumi \u0160ip\u010danik i Planta\u017ee 13. jul&#8221;, <\/strong>kazala je <strong>Sla\u0111ana Rabrenovi\u0107 <\/strong>iz TO Podgorice<strong>.<\/strong><\/p>\n\n\n\n<p>Podgorica zimi, kako ka\u017ee, mo\u017ee biti pozicionirana kao tranzitni centar, zbog blizine planina i mora.<\/p>\n\n\n\n<p>&#8220;<strong>\u0160to se ti\u010de potencijala, tu je neki fokus na kojem radimo sada promocije \u2013 kongresni turizam. Podgorica ima dosta dobrih hotela sa kongresnim sala, pa bi kao takva destinacija mogi da se promovi\u0161emo, ali i kao vinska destinacija, prirodno kulturna destinacija<\/strong>&#8220;, istakla je Rabrenovi\u0107.<\/p>\n\n\n\n<p>Turisti\u010dka organizacija \u0107e i ove zime, najavljuje, sara\u0111ivati sa ski-centrom u Kola\u0161inu, a uz promovisanu ponudu Podgorice na regionalnim i svjetskim tr\u017ei\u0161tima, poru\u010duje Rabrenovi\u0107, o\u010dekuju uspje\u0161nu zimsku sezonu.<\/p>","protected":false},"excerpt":{"rendered":"<p>Uspje\u0161nu zimsku sezonu o\u010dekuju u Turisti\u010dkoj organizaciji Glavnog grada. Isti\u010du da Podgorica ima veliki potencijal za razvoj zimskog turizma zbog geografskog polo\u017eaja, odnosno blizine planina i mora. Uz brojne sadr\u017eaje na otvorenom, ka\u017eu, najve\u0107i potencijal je u razvoju kongresnog turizma.<\/p>","protected":false},"author":1,"featured_media":917375,"comment_status":"open","ping_status":"open","sticky":false,"template":"","format":"standard","meta":{"_acf_changed":false,"footnotes":""},"categories":[56],"tags":[2755,2753],"naslovna":[5433],"class_list":["post-917374","post","type-post","status-publish","format-standard","has-post-thumbnail","hentry","category-podgorica","tag-sladjana-rabrenovic","tag-to-podgorica"],"acf":[],"yoast_head":"<!-- This site is optimized with the Yoast SEO plugin v27.0 - https:\/\/yoast.com\/product\/yoast-seo-wordpress\/ -->\n<title>Rabrenovi\u0107: Fokus TO Podgorica na promociji kongresnog turizma - dmcsrb.com<\/title>\n<meta name=\"robots\" content=\"index, follow, max-snippet:-1, max-image-preview:large, max-video-preview:-1\" \/>\n<link rel=\"canonical\" href=\"https:\/\/dmcsrb.com\/en\/podgorica\/rabrenovic-fokus-to-podgorica-na-promociji-kongresnog-turizma\/\" \/>\n<meta property=\"og:locale\" content=\"en_GB\" \/>\n<meta property=\"og:type\" content=\"article\" \/>\n<meta property=\"og:title\" content=\"Rabrenovi\u0107: Fokus TO Podgorica na promociji kongresnog turizma - dmcsrb.com\" \/>\n<meta property=\"og:description\" content=\"Uspje\u0161nu zimsku sezonu o\u010dekuju u Turisti\u010dkoj organizaciji Glavnog grada. Isti\u010du da Podgorica ima veliki potencijal za razvoj zimskog turizma zbog geografskog polo\u017eaja, odnosno blizine planina i mora. Uz brojne sadr\u017eaje na otvorenom, ka\u017eu, najve\u0107i potencijal je u razvoju kongresnog turizma.\" \/>\n<meta property=\"og:url\" content=\"https:\/\/dmcsrb.com\/en\/podgorica\/rabrenovic-fokus-to-podgorica-na-promociji-kongresnog-turizma\/\" \/>\n<meta property=\"og:site_name\" content=\"dmcsrb.com\" \/>\n<meta property=\"article:published_time\" content=\"2026-01-04T17:22:00+00:00\" \/>\n<meta property=\"og:image\" content=\"https:\/\/dmcsrb.com\/wp-content\/uploads\/2026\/01\/Sladjana-Rabrenovic-to-podgorica-foto-rtv-pg.jpg\" \/>\n\t<meta property=\"og:image:width\" content=\"1419\" \/>\n\t<meta property=\"og:image:height\" content=\"826\" \/>\n\t<meta property=\"og:image:type\" content=\"image\/jpeg\" \/>\n<meta name=\"author\" content=\"dmcsrbija.com@gmail.com\" \/>\n<meta name=\"twitter:card\" content=\"summary_large_image\" \/>\n<meta name=\"twitter:label1\" content=\"Written by\" \/>\n\t<meta name=\"twitter:data1\" content=\"dmcsrbija.com@gmail.com\" \/>\n\t<meta name=\"twitter:label2\" content=\"Estimated reading time\" \/>\n\t<meta name=\"twitter:data2\" content=\"1 minute\" \/>\n<script type=\"application\/ld+json\" class=\"yoast-schema-graph\">{\"@context\":\"https:\/\/schema.org\",\"@graph\":[{\"@type\":\"Article\",\"@id\":\"https:\/\/dmcsrb.com\/podgorica\/rabrenovic-fokus-to-podgorica-na-promociji-kongresnog-turizma\/#article\",\"isPartOf\":{\"@id\":\"https:\/\/dmcsrb.com\/podgorica\/rabrenovic-fokus-to-podgorica-na-promociji-kongresnog-turizma\/\"},\"author\":{\"name\":\"dmcsrbija.com@gmail.com\",\"@id\":\"https:\/\/dmcsrb.com\/#\/schema\/person\/5c39170f12db1b8b457732d0b5c854e2\"},\"headline\":\"Rabrenovi\u0107: Fokus TO Podgorica na promociji kongresnog turizma\",\"datePublished\":\"2026-01-04T17:22:00+00:00\",\"mainEntityOfPage\":{\"@id\":\"https:\/\/dmcsrb.com\/podgorica\/rabrenovic-fokus-to-podgorica-na-promociji-kongresnog-turizma\/\"},\"wordCount\":221,\"commentCount\":0,\"image\":{\"@id\":\"https:\/\/dmcsrb.com\/podgorica\/rabrenovic-fokus-to-podgorica-na-promociji-kongresnog-turizma\/#primaryimage\"},\"thumbnailUrl\":\"https:\/\/dmcsrb.com\/wp-content\/uploads\/2026\/01\/Sladjana-Rabrenovic-to-podgorica-foto-rtv-pg.jpg\",\"keywords\":[\"Sla\u0111ana Rabrenovi\u0107\",\"TO Podgorica\"],\"articleSection\":[\"Podgorica\"],\"inLanguage\":\"en-GB\",\"potentialAction\":[{\"@type\":\"CommentAction\",\"name\":\"Comment\",\"target\":[\"https:\/\/dmcsrb.com\/podgorica\/rabrenovic-fokus-to-podgorica-na-promociji-kongresnog-turizma\/#respond\"]}]},{\"@type\":\"WebPage\",\"@id\":\"https:\/\/dmcsrb.com\/podgorica\/rabrenovic-fokus-to-podgorica-na-promociji-kongresnog-turizma\/\",\"url\":\"https:\/\/dmcsrb.com\/podgorica\/rabrenovic-fokus-to-podgorica-na-promociji-kongresnog-turizma\/\",\"name\":\"Rabrenovi\u0107: Fokus TO Podgorica na promociji kongresnog turizma - dmcsrb.com\",\"isPartOf\":{\"@id\":\"https:\/\/dmcsrb.com\/#website\"},\"primaryImageOfPage\":{\"@id\":\"https:\/\/dmcsrb.com\/podgorica\/rabrenovic-fokus-to-podgorica-na-promociji-kongresnog-turizma\/#primaryimage\"},\"image\":{\"@id\":\"https:\/\/dmcsrb.com\/podgorica\/rabrenovic-fokus-to-podgorica-na-promociji-kongresnog-turizma\/#primaryimage\"},\"thumbnailUrl\":\"https:\/\/dmcsrb.com\/wp-content\/uploads\/2026\/01\/Sladjana-Rabrenovic-to-podgorica-foto-rtv-pg.jpg\",\"datePublished\":\"2026-01-04T17:22:00+00:00\",\"author\":{\"@id\":\"https:\/\/dmcsrb.com\/#\/schema\/person\/5c39170f12db1b8b457732d0b5c854e2\"},\"breadcrumb\":{\"@id\":\"https:\/\/dmcsrb.com\/podgorica\/rabrenovic-fokus-to-podgorica-na-promociji-kongresnog-turizma\/#breadcrumb\"},\"inLanguage\":\"en-GB\",\"potentialAction\":[{\"@type\":\"ReadAction\",\"target\":[\"https:\/\/dmcsrb.com\/podgorica\/rabrenovic-fokus-to-podgorica-na-promociji-kongresnog-turizma\/\"]}]},{\"@type\":\"ImageObject\",\"inLanguage\":\"en-GB\",\"@id\":\"https:\/\/dmcsrb.com\/podgorica\/rabrenovic-fokus-to-podgorica-na-promociji-kongresnog-turizma\/#primaryimage\",\"url\":\"https:\/\/dmcsrb.com\/wp-content\/uploads\/2026\/01\/Sladjana-Rabrenovic-to-podgorica-foto-rtv-pg.jpg\",\"contentUrl\":\"https:\/\/dmcsrb.com\/wp-content\/uploads\/2026\/01\/Sladjana-Rabrenovic-to-podgorica-foto-rtv-pg.jpg\",\"width\":1419,\"height\":826},{\"@type\":\"BreadcrumbList\",\"@id\":\"https:\/\/dmcsrb.com\/podgorica\/rabrenovic-fokus-to-podgorica-na-promociji-kongresnog-turizma\/#breadcrumb\",\"itemListElement\":[{\"@type\":\"ListItem\",\"position\":1,\"name\":\"Home\",\"item\":\"https:\/\/dmcsrb.com\/\"},{\"@type\":\"ListItem\",\"position\":2,\"name\":\"Rabrenovi\u0107: Fokus TO Podgorica na promociji kongresnog turizma\"}]},{\"@type\":\"WebSite\",\"@id\":\"https:\/\/dmcsrb.com\/#website\",\"url\":\"https:\/\/dmcsrb.com\/\",\"name\":\"dmcsrb.com\",\"description\":\"\",\"potentialAction\":[{\"@type\":\"SearchAction\",\"target\":{\"@type\":\"EntryPoint\",\"urlTemplate\":\"https:\/\/dmcsrb.com\/?s={search_term_string}\"},\"query-input\":{\"@type\":\"PropertyValueSpecification\",\"valueRequired\":true,\"valueName\":\"search_term_string\"}}],\"inLanguage\":\"en-GB\"},{\"@type\":\"Person\",\"@id\":\"https:\/\/dmcsrb.com\/#\/schema\/person\/5c39170f12db1b8b457732d0b5c854e2\",\"name\":\"dmcsrbija.com@gmail.com\",\"image\":{\"@type\":\"ImageObject\",\"inLanguage\":\"en-GB\",\"@id\":\"https:\/\/dmcsrb.com\/#\/schema\/person\/image\/\",\"url\":\"https:\/\/secure.gravatar.com\/avatar\/68592660ad6347fad0fb587f8d5d8f1a7b44961362f56e4f2cd524feb87e9069?s=96&d=mm&r=g\",\"contentUrl\":\"https:\/\/secure.gravatar.com\/avatar\/68592660ad6347fad0fb587f8d5d8f1a7b44961362f56e4f2cd524feb87e9069?s=96&d=mm&r=g\",\"caption\":\"dmcsrbija.com@gmail.com\"},\"sameAs\":[\"https:\/\/dmcsrb.com\"],\"url\":\"https:\/\/dmcsrb.com\/en\/author\/dmcsrbija-comgmail-com\/\"}]}<\/script>\n<!-- \/ Yoast SEO plugin. -->","yoast_head_json":{"title":"Rabrenovi\u0107: Fokus TO Podgorica na promociji kongresnog turizma - dmcsrb.com","robots":{"index":"index","follow":"follow","max-snippet":"max-snippet:-1","max-image-preview":"max-image-preview:large","max-video-preview":"max-video-preview:-1"},"canonical":"https:\/\/dmcsrb.com\/en\/podgorica\/rabrenovic-fokus-to-podgorica-na-promociji-kongresnog-turizma\/","og_locale":"en_GB","og_type":"article","og_title":"Rabrenovi\u0107: Fokus TO Podgorica na promociji kongresnog turizma - dmcsrb.com","og_description":"Uspje\u0161nu zimsku sezonu o\u010dekuju u Turisti\u010dkoj organizaciji Glavnog grada. Isti\u010du da Podgorica ima veliki potencijal za razvoj zimskog turizma zbog geografskog polo\u017eaja, odnosno blizine planina i mora. Uz brojne sadr\u017eaje na otvorenom, ka\u017eu, najve\u0107i potencijal je u razvoju kongresnog turizma.","og_url":"https:\/\/dmcsrb.com\/en\/podgorica\/rabrenovic-fokus-to-podgorica-na-promociji-kongresnog-turizma\/","og_site_name":"dmcsrb.com","article_published_time":"2026-01-04T17:22:00+00:00","og_image":[{"width":1419,"height":826,"url":"https:\/\/dmcsrb.com\/wp-content\/uploads\/2026\/01\/Sladjana-Rabrenovic-to-podgorica-foto-rtv-pg.jpg","type":"image\/jpeg"}],"author":"dmcsrbija.com@gmail.com","twitter_card":"summary_large_image","twitter_misc":{"Written by":"dmcsrbija.com@gmail.com","Estimated reading time":"1 minute"},"schema":{"@context":"https:\/\/schema.org","@graph":[{"@type":"Article","@id":"https:\/\/dmcsrb.com\/podgorica\/rabrenovic-fokus-to-podgorica-na-promociji-kongresnog-turizma\/#article","isPartOf":{"@id":"https:\/\/dmcsrb.com\/podgorica\/rabrenovic-fokus-to-podgorica-na-promociji-kongresnog-turizma\/"},"author":{"name":"dmcsrbija.com@gmail.com","@id":"https:\/\/dmcsrb.com\/#\/schema\/person\/5c39170f12db1b8b457732d0b5c854e2"},"headline":"Rabrenovi\u0107: Fokus TO Podgorica na promociji kongresnog turizma","datePublished":"2026-01-04T17:22:00+00:00","mainEntityOfPage":{"@id":"https:\/\/dmcsrb.com\/podgorica\/rabrenovic-fokus-to-podgorica-na-promociji-kongresnog-turizma\/"},"wordCount":221,"commentCount":0,"image":{"@id":"https:\/\/dmcsrb.com\/podgorica\/rabrenovic-fokus-to-podgorica-na-promociji-kongresnog-turizma\/#primaryimage"},"thumbnailUrl":"https:\/\/dmcsrb.com\/wp-content\/uploads\/2026\/01\/Sladjana-Rabrenovic-to-podgorica-foto-rtv-pg.jpg","keywords":["Sla\u0111ana Rabrenovi\u0107","TO Podgorica"],"articleSection":["Podgorica"],"inLanguage":"en-GB","potentialAction":[{"@type":"CommentAction","name":"Comment","target":["https:\/\/dmcsrb.com\/podgorica\/rabrenovic-fokus-to-podgorica-na-promociji-kongresnog-turizma\/#respond"]}]},{"@type":"WebPage","@id":"https:\/\/dmcsrb.com\/podgorica\/rabrenovic-fokus-to-podgorica-na-promociji-kongresnog-turizma\/","url":"https:\/\/dmcsrb.com\/podgorica\/rabrenovic-fokus-to-podgorica-na-promociji-kongresnog-turizma\/","name":"Rabrenovi\u0107: Fokus TO Podgorica na promociji kongresnog turizma - dmcsrb.com","isPartOf":{"@id":"https:\/\/dmcsrb.com\/#website"},"primaryImageOfPage":{"@id":"https:\/\/dmcsrb.com\/podgorica\/rabrenovic-fokus-to-podgorica-na-promociji-kongresnog-turizma\/#primaryimage"},"image":{"@id":"https:\/\/dmcsrb.com\/podgorica\/rabrenovic-fokus-to-podgorica-na-promociji-kongresnog-turizma\/#primaryimage"},"thumbnailUrl":"https:\/\/dmcsrb.com\/wp-content\/uploads\/2026\/01\/Sladjana-Rabrenovic-to-podgorica-foto-rtv-pg.jpg","datePublished":"2026-01-04T17:22:00+00:00","author":{"@id":"https:\/\/dmcsrb.com\/#\/schema\/person\/5c39170f12db1b8b457732d0b5c854e2"},"breadcrumb":{"@id":"https:\/\/dmcsrb.com\/podgorica\/rabrenovic-fokus-to-podgorica-na-promociji-kongresnog-turizma\/#breadcrumb"},"inLanguage":"en-GB","potentialAction":[{"@type":"ReadAction","target":["https:\/\/dmcsrb.com\/podgorica\/rabrenovic-fokus-to-podgorica-na-promociji-kongresnog-turizma\/"]}]},{"@type":"ImageObject","inLanguage":"en-GB","@id":"https:\/\/dmcsrb.com\/podgorica\/rabrenovic-fokus-to-podgorica-na-promociji-kongresnog-turizma\/#primaryimage","url":"https:\/\/dmcsrb.com\/wp-content\/uploads\/2026\/01\/Sladjana-Rabrenovic-to-podgorica-foto-rtv-pg.jpg","contentUrl":"https:\/\/dmcsrb.com\/wp-content\/uploads\/2026\/01\/Sladjana-Rabrenovic-to-podgorica-foto-rtv-pg.jpg","width":1419,"height":826},{"@type":"BreadcrumbList","@id":"https:\/\/dmcsrb.com\/podgorica\/rabrenovic-fokus-to-podgorica-na-promociji-kongresnog-turizma\/#breadcrumb","itemListElement":[{"@type":"ListItem","position":1,"name":"Home","item":"https:\/\/dmcsrb.com\/"},{"@type":"ListItem","position":2,"name":"Rabrenovi\u0107: Fokus TO Podgorica na promociji kongresnog turizma"}]},{"@type":"WebSite","@id":"https:\/\/dmcsrb.com\/#website","url":"https:\/\/dmcsrb.com\/","name":"dmcsrb.com","description":"","potentialAction":[{"@type":"SearchAction","target":{"@type":"EntryPoint","urlTemplate":"https:\/\/dmcsrb.com\/?s={search_term_string}"},"query-input":{"@type":"PropertyValueSpecification","valueRequired":true,"valueName":"search_term_string"}}],"inLanguage":"en-GB"},{"@type":"Person","@id":"https:\/\/dmcsrb.com\/#\/schema\/person\/5c39170f12db1b8b457732d0b5c854e2","name":"dmcsrbija.com@gmail.com","image":{"@type":"ImageObject","inLanguage":"en-GB","@id":"https:\/\/dmcsrb.com\/#\/schema\/person\/image\/","url":"https:\/\/secure.gravatar.com\/avatar\/68592660ad6347fad0fb587f8d5d8f1a7b44961362f56e4f2cd524feb87e9069?s=96&d=mm&r=g","contentUrl":"https:\/\/secure.gravatar.com\/avatar\/68592660ad6347fad0fb587f8d5d8f1a7b44961362f56e4f2cd524feb87e9069?s=96&d=mm&r=g","caption":"dmcsrbija.com@gmail.com"},"sameAs":["https:\/\/dmcsrb.com"],"url":"https:\/\/dmcsrb.com\/en\/author\/dmcsrbija-comgmail-com\/"}]}},"_links":{"self":[{"href":"https:\/\/dmcsrb.com\/en\/wp-json\/wp\/v2\/posts\/917374","targetHints":{"allow":["GET"]}}],"collection":[{"href":"https:\/\/dmcsrb.com\/en\/wp-json\/wp\/v2\/posts"}],"about":[{"href":"https:\/\/dmcsrb.com\/en\/wp-json\/wp\/v2\/types\/post"}],"author":[{"embeddable":true,"href":"https:\/\/dmcsrb.com\/en\/wp-json\/wp\/v2\/users\/1"}],"replies":[{"embeddable":true,"href":"https:\/\/dmcsrb.com\/en\/wp-json\/wp\/v2\/comments?post=917374"}],"version-history":[{"count":0,"href":"https:\/\/dmcsrb.com\/en\/wp-json\/wp\/v2\/posts\/917374\/revisions"}],"wp:featuredmedia":[{"embeddable":true,"href":"https:\/\/dmcsrb.com\/en\/wp-json\/wp\/v2\/media\/917375"}],"wp:attachment":[{"href":"https:\/\/dmcsrb.com\/en\/wp-json\/wp\/v2\/media?parent=917374"}],"wp:term":[{"taxonomy":"category","embeddable":true,"href":"https:\/\/dmcsrb.com\/en\/wp-json\/wp\/v2\/categories?post=917374"},{"taxonomy":"post_tag","embeddable":true,"href":"https:\/\/dmcsrb.com\/en\/wp-json\/wp\/v2\/tags?post=917374"},{"taxonomy":"naslovna","embeddable":true,"href":"https:\/\/dmcsrb.com\/en\/wp-json\/wp\/v2\/naslovna?post=917374"}],"curies":[{"name":"wp","href":"https:\/\/api.w.org\/{rel}","templated":true}]}}