{"id":916922,"date":"2025-12-31T20:29:00","date_gmt":"2025-12-31T19:29:00","guid":{"rendered":"https:\/\/dmcsrb.com\/uncategorized\/od-tokija-do-nba-parketa-lica-koja-su-definisala-sportsku-2025-godinu\/"},"modified":"2025-12-31T20:29:00","modified_gmt":"2025-12-31T19:29:00","slug":"od-tokija-do-nba-parketa-lica-koja-su-definisala-sportsku-2025-godinu","status":"publish","type":"post","link":"https:\/\/dmcsrb.com\/en\/sport\/od-tokija-do-nba-parketa-lica-koja-su-definisala-sportsku-2025-godinu\/","title":{"rendered":"Od Tokija do NBA parketa: Lica koja su definisala sportsku 2025. godinu"},"content":{"rendered":"<p>Nova lica stigla su na najve\u0107u svjetsku pozornicu u godini koja \u0107e ostati upam\u0107ena prije svega po Evropskom prvenstvu u ko\u0161arci, ali i Svjetskom prvenstvu u atletici.<\/p>\n\n\n\n<p>Liga \u0161ampiona i NBA liga dobile su nove i neo\u010dekivane \u0161ampione, koji bi u potpunosti mogli da poremete odnos snaga gra\u0111en tokom prethodne decenije.<\/p>\n\n\n\n<p>Izbor je bio izuzetno \u0161irok i te\u017eak, ali smo ga na kraju sveli na devet sportista i sportistkinja koji su obilje\u017eili godinu na izmaku.<\/p>\n\n\n\n<p><em><strong>Nestvarni Duplantis<\/strong><\/em><\/p>\n\n\n\n<figure class=\"wp-block-image size-full\"><img decoding=\"async\" src=\"https:\/\/gradski.me\/wp-content\/uploads\/2024\/08\/Duplantis-Dijamantska-liga.jpg\" alt=\"\" class=\"wp-image-602727\"\/><figcaption class=\"wp-element-caption\">Foto: Dijamantska liga<\/figcaption><\/figure>\n\n\n\n<p>Jedna stvar se, ipak, nije promijenila. \u201eKraljica sportova\u201c nije dobila novog vladara \u2013 Armand \u201eMondo\u201c Duplantis i dalje je \u010dovjek bez premca u svijetu atletike.<\/p>\n\n\n\n<p>Sa nestrpljenjem se \u010dekao njegov nastup na Svjetskom prvenstvu u Tokiju, a Duplantis je odgovorio onako kako samo on zna \u2013 svjetskim rekordom i zlatnom medaljom.<\/p>\n\n\n\n<p>Tokom sezone \u010dak \u010detiri puta je pomjerao granice svjetskog rekorda, a progla\u0161en je i najboljim atleti\u010darem svijeta u 2025. godini.<\/p>\n\n\n\n<p>\u0160ve\u0111anin je pobijedio na svim takmi\u010denjima na kojima je u\u010destvovao, postaviv\u0161i rekord od 6,30 metara, koji \u0107e poku\u0161ati da nadma\u0161i i u 2026. godini.<\/p>\n\n\n\n<p>Duplantis danas ima dva olimpijska, te po tri svjetska i evropska zlata, \u010dime se svrstao me\u0111u najbolje atleti\u010dare svih vremena.<\/p>\n\n\n\n<p><em><strong>Tenisko rivalstvo za narednu deceniju<\/strong><\/em><\/p>\n\n\n\n<p>Nakon raspada \u201evelike \u010detvorke\u201c, koja se svela na neuni\u0161tivog Novaka \u0110okovi\u0107a, teniski svijet dobio je novo rivalstvo koje je sa\u010duvalo pa\u017enju navija\u010da \u0161irom planete.<\/p>\n\n\n\n<p>Karlos Alkaraz i Janik Siner trenutno su dva najbolja tenisera svijeta, a godina za nama \u2013 kao \u0161to \u0107e vjerovatno biti slu\u010daj i u godinama koje dolaze \u2013 obilje\u017eena je upravo njihovim duelima.<\/p>\n\n\n\n<figure class=\"wp-block-image size-large\"><img decoding=\"async\" src=\"https:\/\/gradski.me\/wp-content\/uploads\/2025\/06\/Alkaraz-i-Siner-ATP-Tour-X-1024x691.jpg\" alt=\"\" class=\"wp-image-768296\"\/><figcaption class=\"wp-element-caption\">Foto: ATP Tour\/X<\/figcaption><\/figure>\n\n\n\n<p>Sastali su se u finalima tri grend slema. \u0160panac je bio uspje\u0161niji na Rolan Garosu i Ju-Es openu, dok je Siner uzvratio trijumfom na Vimbldonu i Australijan openu.<\/p>\n\n\n\n<p>Italijan je sezonu zaokru\u017eio osvajanjem Zavr\u0161nog turnira, dok je Alkaraz godinu zavr\u0161io kao broj jedan na ATP listi.<\/p>\n\n\n\n<p>S obzirom na njihove godine, jasno je da \u0107e njih dvojica obilje\u017eiti barem narednu deceniju svjetskog tenisa.<\/p>\n\n\n\n<p><em><strong>Zlatni Dembele<\/strong><\/em><\/p>\n\n\n\n<p>U godini bez velikih reprezentativnih fudbalskih takmi\u010denja, klupski uspjesi su presudno oblikovali sliku o najboljem igra\u010du svijeta.<\/p>\n\n\n\n<figure class=\"wp-block-image size-full\"><img decoding=\"async\" src=\"https:\/\/gradski.me\/wp-content\/uploads\/2025\/12\/Dembele-Fabrizio-Romano-Facebook.jpg\" alt=\"\" class=\"wp-image-901870\"\/><figcaption class=\"wp-element-caption\">Foto: Fabrizio Romano\/Facebook<\/figcaption><\/figure>\n\n\n\n<p>Partije koje je Usman Dembele pru\u017eao u Ligi \u0161ampiona, kao i istorijski uspjeh PS\u017d-a, izbacile su ga u prvi plan.<\/p>\n\n\n\n<p>Sa 32 gola u sezoni i osvojenom tripletom krunom, Dembele je nagra\u0111en Zlatnom loptom, a FIFA ga je proglasila najboljim fudbalerom svijeta u 2025. godini.<\/p>\n\n\n\n<p>Te\u0161ko da bi neko prije nekoliko godina mogao da povjeruje u ovakav rasplet, u vrijeme kada je Barselona poku\u0161avala da ga se rije\u0161i.<\/p>\n\n\n\n<p>Dembele je pomogao i Francuskoj da se plasira na Svjetsko prvenstvo 2026, gdje \u0107e poku\u0161ati da do\u0111e do novog velikog uspjeha.<\/p>\n\n\n\n<p><em><strong>Blistavi \u0160ej<\/strong><\/em><\/p>\n\n\n\n<figure class=\"wp-block-image size-full\"><img decoding=\"async\" src=\"https:\/\/gradski.me\/wp-content\/uploads\/2025\/05\/Jokic-i-Sej-Gildzes-foto-AP.jpg\" alt=\"\" class=\"wp-image-755574\"\/><figcaption class=\"wp-element-caption\">Foto: AP<\/figcaption><\/figure>\n\n\n\n<p>Trend \u010destih promjena \u0161ampiona nastavljen je i u NBA ligi \u2013 Oklahoma Siti je prekinula dominaciju Bostona.<\/p>\n\n\n\n<p>Do titule ih je predvodio \u0160ej Gild\u017ees-Aleksander, koji je prvi put u karijeri progla\u0161en MVP-jem lige.<\/p>\n\n\n\n<p>Kana\u0111anin je bio i najbolji strijelac regularnog dijela sezone sa 32,7 poena po me\u010du, uz impresivne procente \u0161uta.<\/p>\n\n\n\n<p>Postao je tek tre\u0107i igra\u010d u istoriji Oklahome sa MVP priznanjem, nakon Kevina Durenta i Rasela Vestbruka.<\/p>\n\n\n\n<p><em><strong>Mekloflin-Levron i trka sa istorijom<\/strong><\/em><\/p>\n\n\n\n<p>Svjetsko prvenstvo u Tokiju donijelo je jo\u0161 heroja, me\u0111u kojima se istakla Sidni Mekloflin-Levron.<\/p>\n\n\n\n<p>Amerikanka je osvojila dva zlata \u2013 na 400 metara i u \u0161tafeti 4\u00d7400 \u2013 potvrdiv\u0161i dominaciju zapo\u010detu na Olimpijskim igrama.<\/p>\n\n\n\n<p>Trku na 400 metara istr\u010dala je za 47,78 sekundi, \u0161to je drugi najbolji rezultat svih vremena.<\/p>\n\n\n\n<p><em><strong>Svijet u retrovizoru Landa Norisa<\/strong><\/em><\/p>\n\n\n\n<figure class=\"wp-block-image size-large\"><img decoding=\"async\" src=\"https:\/\/gradski.me\/wp-content\/uploads\/2025\/07\/Lando-Noris-AP-Photo-Darko-Badnic-1024x576.jpg\" alt=\"\" class=\"wp-image-787151\"\/><figcaption class=\"wp-element-caption\">Foto: AP Photo\/Darko Bandi\u0107<\/figcaption><\/figure>\n\n\n\n<p>Nakon \u010detiri godine dominacije Maksa Ferstapena, Formula 1 dobila je novog \u0161ampiona \u2013 Landa Norisa.<\/p>\n\n\n\n<p>Voza\u010d Meklarena je u sezoni upisao sedam pobjeda i 18 podijuma, a titulu je potvrdio u posljednjoj trci u Abu Dabiju.<\/p>\n\n\n\n<p>Pred Norisom je sada jo\u0161 ve\u0107i izazov \u2013 odbrana titule pod pritiskom o\u010dekivanja.<\/p>\n\n\n\n<p><em><strong>Bejzbol u malom prstu \u0160oheija Otanija<\/strong><\/em><\/p>\n\n\n\n<p>Los An\u0111eles Dod\u017eersi su drugu godinu zaredom osvojili Svjetsku seriju, a centralna figura bio je \u0160ohei Otani.<\/p>\n\n\n\n<p>Japansko \u010dudo je drugi put uzastopno progla\u0161eno MVP-jem Nacionalne lige, uz \u010dak 55 houmranova u sezoni.<\/p>\n\n\n\n<p>Otani je danas za\u0161titno lice MLB lige i, po svemu sude\u0107i, tako \u0107e i ostati.<\/p>\n\n\n\n<p><em><strong>Drhtanje rekorda pred Beatris \u010cebet<\/strong><\/em><\/p>\n\n\n\n<p>Dominaciju sa Olimpijskih igara u Parizu, Beatris \u010cebet je nastavila i u 2025. godini.<\/p>\n\n\n\n<p>Kenijka je osvojila zlata na 5.000 i 10.000 metara na Svjetskom prvenstvu u Tokiju, a u Jud\u017einu je oborila svjetski rekord na 5.000 metara, postav\u0161i prva \u017eena koja je ovu dionicu istr\u010dala ispod 14 minuta.<\/p>\n\n\n\n<p>Sa samo 25 godina, \u010cebet va\u017ei za najbolju dugopruga\u0161icu svijeta \u2013 i njen vrhunac tek slijedi.<\/p>","protected":false},"excerpt":{"rendered":"<p>Kada su se na izmaku prethodne godine pravile liste nalik ovoj, imena koja su bila u prvom planu uglavnom danas vi\u0161e nijesu tu. Toliko se svijet sporta mo\u017ee promijeniti za svega 365 dana.<\/p>","protected":false},"author":1,"featured_media":916923,"comment_status":"open","ping_status":"open","sticky":false,"template":"","format":"standard","meta":{"_acf_changed":false,"footnotes":""},"categories":[148],"tags":[2347,5241],"naslovna":[],"class_list":["post-916922","post","type-post","status-publish","format-standard","has-post-thumbnail","hentry","category-sport","tag-2347","tag-sportisti"],"acf":[],"yoast_head":"<!-- This site is optimized with the Yoast SEO plugin v27.0 - https:\/\/yoast.com\/product\/yoast-seo-wordpress\/ -->\n<title>Od Tokija do NBA parketa: Lica koja su definisala sportsku 2025. godinu - dmcsrb.com<\/title>\n<meta name=\"robots\" content=\"index, follow, max-snippet:-1, max-image-preview:large, max-video-preview:-1\" \/>\n<link rel=\"canonical\" href=\"https:\/\/dmcsrb.com\/en\/sport\/od-tokija-do-nba-parketa-lica-koja-su-definisala-sportsku-2025-godinu\/\" \/>\n<meta property=\"og:locale\" content=\"en_GB\" \/>\n<meta property=\"og:type\" content=\"article\" \/>\n<meta property=\"og:title\" content=\"Od Tokija do NBA parketa: Lica koja su definisala sportsku 2025. godinu - dmcsrb.com\" \/>\n<meta property=\"og:description\" content=\"Kada su se na izmaku prethodne godine pravile liste nalik ovoj, imena koja su bila u prvom planu uglavnom danas vi\u0161e nijesu tu. Toliko se svijet sporta mo\u017ee promijeniti za svega 365 dana.\" \/>\n<meta property=\"og:url\" content=\"https:\/\/dmcsrb.com\/en\/sport\/od-tokija-do-nba-parketa-lica-koja-su-definisala-sportsku-2025-godinu\/\" \/>\n<meta property=\"og:site_name\" content=\"dmcsrb.com\" \/>\n<meta property=\"article:published_time\" content=\"2025-12-31T19:29:00+00:00\" \/>\n<meta property=\"og:image\" content=\"https:\/\/dmcsrb.com\/wp-content\/uploads\/2026\/01\/Siner-Alkaraz-AP-Photo-Kirsty-Wigglesworth.webp\" \/>\n\t<meta property=\"og:image:width\" content=\"1600\" \/>\n\t<meta property=\"og:image:height\" content=\"1066\" \/>\n\t<meta property=\"og:image:type\" content=\"image\/webp\" \/>\n<meta name=\"author\" content=\"dmcsrbija.com@gmail.com\" \/>\n<meta name=\"twitter:card\" content=\"summary_large_image\" \/>\n<meta name=\"twitter:label1\" content=\"Written by\" \/>\n\t<meta name=\"twitter:data1\" content=\"dmcsrbija.com@gmail.com\" \/>\n\t<meta name=\"twitter:label2\" content=\"Estimated reading time\" \/>\n\t<meta name=\"twitter:data2\" content=\"4 minutes\" \/>\n<script type=\"application\/ld+json\" class=\"yoast-schema-graph\">{\"@context\":\"https:\/\/schema.org\",\"@graph\":[{\"@type\":\"Article\",\"@id\":\"https:\/\/dmcsrb.com\/sport\/od-tokija-do-nba-parketa-lica-koja-su-definisala-sportsku-2025-godinu\/#article\",\"isPartOf\":{\"@id\":\"https:\/\/dmcsrb.com\/sport\/od-tokija-do-nba-parketa-lica-koja-su-definisala-sportsku-2025-godinu\/\"},\"author\":{\"name\":\"dmcsrbija.com@gmail.com\",\"@id\":\"https:\/\/dmcsrb.com\/#\/schema\/person\/5c39170f12db1b8b457732d0b5c854e2\"},\"headline\":\"Od Tokija do NBA parketa: Lica koja su definisala sportsku 2025. godinu\",\"datePublished\":\"2025-12-31T19:29:00+00:00\",\"mainEntityOfPage\":{\"@id\":\"https:\/\/dmcsrb.com\/sport\/od-tokija-do-nba-parketa-lica-koja-su-definisala-sportsku-2025-godinu\/\"},\"wordCount\":787,\"commentCount\":0,\"image\":{\"@id\":\"https:\/\/dmcsrb.com\/sport\/od-tokija-do-nba-parketa-lica-koja-su-definisala-sportsku-2025-godinu\/#primaryimage\"},\"thumbnailUrl\":\"https:\/\/dmcsrb.com\/wp-content\/uploads\/2026\/01\/Siner-Alkaraz-AP-Photo-Kirsty-Wigglesworth.webp\",\"keywords\":[\"2025\",\"sportisti\"],\"articleSection\":[\"Sport\"],\"inLanguage\":\"en-GB\",\"potentialAction\":[{\"@type\":\"CommentAction\",\"name\":\"Comment\",\"target\":[\"https:\/\/dmcsrb.com\/sport\/od-tokija-do-nba-parketa-lica-koja-su-definisala-sportsku-2025-godinu\/#respond\"]}]},{\"@type\":\"WebPage\",\"@id\":\"https:\/\/dmcsrb.com\/sport\/od-tokija-do-nba-parketa-lica-koja-su-definisala-sportsku-2025-godinu\/\",\"url\":\"https:\/\/dmcsrb.com\/sport\/od-tokija-do-nba-parketa-lica-koja-su-definisala-sportsku-2025-godinu\/\",\"name\":\"Od Tokija do NBA parketa: Lica koja su definisala sportsku 2025. godinu - dmcsrb.com\",\"isPartOf\":{\"@id\":\"https:\/\/dmcsrb.com\/#website\"},\"primaryImageOfPage\":{\"@id\":\"https:\/\/dmcsrb.com\/sport\/od-tokija-do-nba-parketa-lica-koja-su-definisala-sportsku-2025-godinu\/#primaryimage\"},\"image\":{\"@id\":\"https:\/\/dmcsrb.com\/sport\/od-tokija-do-nba-parketa-lica-koja-su-definisala-sportsku-2025-godinu\/#primaryimage\"},\"thumbnailUrl\":\"https:\/\/dmcsrb.com\/wp-content\/uploads\/2026\/01\/Siner-Alkaraz-AP-Photo-Kirsty-Wigglesworth.webp\",\"datePublished\":\"2025-12-31T19:29:00+00:00\",\"author\":{\"@id\":\"https:\/\/dmcsrb.com\/#\/schema\/person\/5c39170f12db1b8b457732d0b5c854e2\"},\"breadcrumb\":{\"@id\":\"https:\/\/dmcsrb.com\/sport\/od-tokija-do-nba-parketa-lica-koja-su-definisala-sportsku-2025-godinu\/#breadcrumb\"},\"inLanguage\":\"en-GB\",\"potentialAction\":[{\"@type\":\"ReadAction\",\"target\":[\"https:\/\/dmcsrb.com\/sport\/od-tokija-do-nba-parketa-lica-koja-su-definisala-sportsku-2025-godinu\/\"]}]},{\"@type\":\"ImageObject\",\"inLanguage\":\"en-GB\",\"@id\":\"https:\/\/dmcsrb.com\/sport\/od-tokija-do-nba-parketa-lica-koja-su-definisala-sportsku-2025-godinu\/#primaryimage\",\"url\":\"https:\/\/dmcsrb.com\/wp-content\/uploads\/2026\/01\/Siner-Alkaraz-AP-Photo-Kirsty-Wigglesworth.webp\",\"contentUrl\":\"https:\/\/dmcsrb.com\/wp-content\/uploads\/2026\/01\/Siner-Alkaraz-AP-Photo-Kirsty-Wigglesworth.webp\",\"width\":1600,\"height\":1066},{\"@type\":\"BreadcrumbList\",\"@id\":\"https:\/\/dmcsrb.com\/sport\/od-tokija-do-nba-parketa-lica-koja-su-definisala-sportsku-2025-godinu\/#breadcrumb\",\"itemListElement\":[{\"@type\":\"ListItem\",\"position\":1,\"name\":\"Home\",\"item\":\"https:\/\/dmcsrb.com\/\"},{\"@type\":\"ListItem\",\"position\":2,\"name\":\"Od Tokija do NBA parketa: Lica koja su definisala sportsku 2025. godinu\"}]},{\"@type\":\"WebSite\",\"@id\":\"https:\/\/dmcsrb.com\/#website\",\"url\":\"https:\/\/dmcsrb.com\/\",\"name\":\"dmcsrb.com\",\"description\":\"\",\"potentialAction\":[{\"@type\":\"SearchAction\",\"target\":{\"@type\":\"EntryPoint\",\"urlTemplate\":\"https:\/\/dmcsrb.com\/?s={search_term_string}\"},\"query-input\":{\"@type\":\"PropertyValueSpecification\",\"valueRequired\":true,\"valueName\":\"search_term_string\"}}],\"inLanguage\":\"en-GB\"},{\"@type\":\"Person\",\"@id\":\"https:\/\/dmcsrb.com\/#\/schema\/person\/5c39170f12db1b8b457732d0b5c854e2\",\"name\":\"dmcsrbija.com@gmail.com\",\"image\":{\"@type\":\"ImageObject\",\"inLanguage\":\"en-GB\",\"@id\":\"https:\/\/dmcsrb.com\/#\/schema\/person\/image\/\",\"url\":\"https:\/\/secure.gravatar.com\/avatar\/68592660ad6347fad0fb587f8d5d8f1a7b44961362f56e4f2cd524feb87e9069?s=96&d=mm&r=g\",\"contentUrl\":\"https:\/\/secure.gravatar.com\/avatar\/68592660ad6347fad0fb587f8d5d8f1a7b44961362f56e4f2cd524feb87e9069?s=96&d=mm&r=g\",\"caption\":\"dmcsrbija.com@gmail.com\"},\"sameAs\":[\"https:\/\/dmcsrb.com\"],\"url\":\"https:\/\/dmcsrb.com\/en\/author\/dmcsrbija-comgmail-com\/\"}]}<\/script>\n<!-- \/ Yoast SEO plugin. -->","yoast_head_json":{"title":"Od Tokija do NBA parketa: Lica koja su definisala sportsku 2025. godinu - dmcsrb.com","robots":{"index":"index","follow":"follow","max-snippet":"max-snippet:-1","max-image-preview":"max-image-preview:large","max-video-preview":"max-video-preview:-1"},"canonical":"https:\/\/dmcsrb.com\/en\/sport\/od-tokija-do-nba-parketa-lica-koja-su-definisala-sportsku-2025-godinu\/","og_locale":"en_GB","og_type":"article","og_title":"Od Tokija do NBA parketa: Lica koja su definisala sportsku 2025. godinu - dmcsrb.com","og_description":"Kada su se na izmaku prethodne godine pravile liste nalik ovoj, imena koja su bila u prvom planu uglavnom danas vi\u0161e nijesu tu. Toliko se svijet sporta mo\u017ee promijeniti za svega 365 dana.","og_url":"https:\/\/dmcsrb.com\/en\/sport\/od-tokija-do-nba-parketa-lica-koja-su-definisala-sportsku-2025-godinu\/","og_site_name":"dmcsrb.com","article_published_time":"2025-12-31T19:29:00+00:00","og_image":[{"width":1600,"height":1066,"url":"https:\/\/dmcsrb.com\/wp-content\/uploads\/2026\/01\/Siner-Alkaraz-AP-Photo-Kirsty-Wigglesworth.webp","type":"image\/webp"}],"author":"dmcsrbija.com@gmail.com","twitter_card":"summary_large_image","twitter_misc":{"Written by":"dmcsrbija.com@gmail.com","Estimated reading time":"4 minutes"},"schema":{"@context":"https:\/\/schema.org","@graph":[{"@type":"Article","@id":"https:\/\/dmcsrb.com\/sport\/od-tokija-do-nba-parketa-lica-koja-su-definisala-sportsku-2025-godinu\/#article","isPartOf":{"@id":"https:\/\/dmcsrb.com\/sport\/od-tokija-do-nba-parketa-lica-koja-su-definisala-sportsku-2025-godinu\/"},"author":{"name":"dmcsrbija.com@gmail.com","@id":"https:\/\/dmcsrb.com\/#\/schema\/person\/5c39170f12db1b8b457732d0b5c854e2"},"headline":"Od Tokija do NBA parketa: Lica koja su definisala sportsku 2025. godinu","datePublished":"2025-12-31T19:29:00+00:00","mainEntityOfPage":{"@id":"https:\/\/dmcsrb.com\/sport\/od-tokija-do-nba-parketa-lica-koja-su-definisala-sportsku-2025-godinu\/"},"wordCount":787,"commentCount":0,"image":{"@id":"https:\/\/dmcsrb.com\/sport\/od-tokija-do-nba-parketa-lica-koja-su-definisala-sportsku-2025-godinu\/#primaryimage"},"thumbnailUrl":"https:\/\/dmcsrb.com\/wp-content\/uploads\/2026\/01\/Siner-Alkaraz-AP-Photo-Kirsty-Wigglesworth.webp","keywords":["2025","sportisti"],"articleSection":["Sport"],"inLanguage":"en-GB","potentialAction":[{"@type":"CommentAction","name":"Comment","target":["https:\/\/dmcsrb.com\/sport\/od-tokija-do-nba-parketa-lica-koja-su-definisala-sportsku-2025-godinu\/#respond"]}]},{"@type":"WebPage","@id":"https:\/\/dmcsrb.com\/sport\/od-tokija-do-nba-parketa-lica-koja-su-definisala-sportsku-2025-godinu\/","url":"https:\/\/dmcsrb.com\/sport\/od-tokija-do-nba-parketa-lica-koja-su-definisala-sportsku-2025-godinu\/","name":"Od Tokija do NBA parketa: Lica koja su definisala sportsku 2025. godinu - dmcsrb.com","isPartOf":{"@id":"https:\/\/dmcsrb.com\/#website"},"primaryImageOfPage":{"@id":"https:\/\/dmcsrb.com\/sport\/od-tokija-do-nba-parketa-lica-koja-su-definisala-sportsku-2025-godinu\/#primaryimage"},"image":{"@id":"https:\/\/dmcsrb.com\/sport\/od-tokija-do-nba-parketa-lica-koja-su-definisala-sportsku-2025-godinu\/#primaryimage"},"thumbnailUrl":"https:\/\/dmcsrb.com\/wp-content\/uploads\/2026\/01\/Siner-Alkaraz-AP-Photo-Kirsty-Wigglesworth.webp","datePublished":"2025-12-31T19:29:00+00:00","author":{"@id":"https:\/\/dmcsrb.com\/#\/schema\/person\/5c39170f12db1b8b457732d0b5c854e2"},"breadcrumb":{"@id":"https:\/\/dmcsrb.com\/sport\/od-tokija-do-nba-parketa-lica-koja-su-definisala-sportsku-2025-godinu\/#breadcrumb"},"inLanguage":"en-GB","potentialAction":[{"@type":"ReadAction","target":["https:\/\/dmcsrb.com\/sport\/od-tokija-do-nba-parketa-lica-koja-su-definisala-sportsku-2025-godinu\/"]}]},{"@type":"ImageObject","inLanguage":"en-GB","@id":"https:\/\/dmcsrb.com\/sport\/od-tokija-do-nba-parketa-lica-koja-su-definisala-sportsku-2025-godinu\/#primaryimage","url":"https:\/\/dmcsrb.com\/wp-content\/uploads\/2026\/01\/Siner-Alkaraz-AP-Photo-Kirsty-Wigglesworth.webp","contentUrl":"https:\/\/dmcsrb.com\/wp-content\/uploads\/2026\/01\/Siner-Alkaraz-AP-Photo-Kirsty-Wigglesworth.webp","width":1600,"height":1066},{"@type":"BreadcrumbList","@id":"https:\/\/dmcsrb.com\/sport\/od-tokija-do-nba-parketa-lica-koja-su-definisala-sportsku-2025-godinu\/#breadcrumb","itemListElement":[{"@type":"ListItem","position":1,"name":"Home","item":"https:\/\/dmcsrb.com\/"},{"@type":"ListItem","position":2,"name":"Od Tokija do NBA parketa: Lica koja su definisala sportsku 2025. godinu"}]},{"@type":"WebSite","@id":"https:\/\/dmcsrb.com\/#website","url":"https:\/\/dmcsrb.com\/","name":"dmcsrb.com","description":"","potentialAction":[{"@type":"SearchAction","target":{"@type":"EntryPoint","urlTemplate":"https:\/\/dmcsrb.com\/?s={search_term_string}"},"query-input":{"@type":"PropertyValueSpecification","valueRequired":true,"valueName":"search_term_string"}}],"inLanguage":"en-GB"},{"@type":"Person","@id":"https:\/\/dmcsrb.com\/#\/schema\/person\/5c39170f12db1b8b457732d0b5c854e2","name":"dmcsrbija.com@gmail.com","image":{"@type":"ImageObject","inLanguage":"en-GB","@id":"https:\/\/dmcsrb.com\/#\/schema\/person\/image\/","url":"https:\/\/secure.gravatar.com\/avatar\/68592660ad6347fad0fb587f8d5d8f1a7b44961362f56e4f2cd524feb87e9069?s=96&d=mm&r=g","contentUrl":"https:\/\/secure.gravatar.com\/avatar\/68592660ad6347fad0fb587f8d5d8f1a7b44961362f56e4f2cd524feb87e9069?s=96&d=mm&r=g","caption":"dmcsrbija.com@gmail.com"},"sameAs":["https:\/\/dmcsrb.com"],"url":"https:\/\/dmcsrb.com\/en\/author\/dmcsrbija-comgmail-com\/"}]}},"_links":{"self":[{"href":"https:\/\/dmcsrb.com\/en\/wp-json\/wp\/v2\/posts\/916922","targetHints":{"allow":["GET"]}}],"collection":[{"href":"https:\/\/dmcsrb.com\/en\/wp-json\/wp\/v2\/posts"}],"about":[{"href":"https:\/\/dmcsrb.com\/en\/wp-json\/wp\/v2\/types\/post"}],"author":[{"embeddable":true,"href":"https:\/\/dmcsrb.com\/en\/wp-json\/wp\/v2\/users\/1"}],"replies":[{"embeddable":true,"href":"https:\/\/dmcsrb.com\/en\/wp-json\/wp\/v2\/comments?post=916922"}],"version-history":[{"count":0,"href":"https:\/\/dmcsrb.com\/en\/wp-json\/wp\/v2\/posts\/916922\/revisions"}],"wp:featuredmedia":[{"embeddable":true,"href":"https:\/\/dmcsrb.com\/en\/wp-json\/wp\/v2\/media\/916923"}],"wp:attachment":[{"href":"https:\/\/dmcsrb.com\/en\/wp-json\/wp\/v2\/media?parent=916922"}],"wp:term":[{"taxonomy":"category","embeddable":true,"href":"https:\/\/dmcsrb.com\/en\/wp-json\/wp\/v2\/categories?post=916922"},{"taxonomy":"post_tag","embeddable":true,"href":"https:\/\/dmcsrb.com\/en\/wp-json\/wp\/v2\/tags?post=916922"},{"taxonomy":"naslovna","embeddable":true,"href":"https:\/\/dmcsrb.com\/en\/wp-json\/wp\/v2\/naslovna?post=916922"}],"curies":[{"name":"wp","href":"https:\/\/api.w.org\/{rel}","templated":true}]}}