{"id":916868,"date":"2025-12-31T20:58:00","date_gmt":"2025-12-31T19:58:00","guid":{"rendered":"https:\/\/dmcsrb.com\/uncategorized\/erdogan-u-novogodisnjoj-poruci-zaprijetio-necemo-tolerisati-razbojnistvo-u-nasim-morima\/"},"modified":"2025-12-31T20:58:00","modified_gmt":"2025-12-31T19:58:00","slug":"erdogan-u-novogodisnjoj-poruci-zaprijetio-necemo-tolerisati-razbojnistvo-u-nasim-morima","status":"publish","type":"post","link":"https:\/\/dmcsrb.com\/en\/svijet\/erdogan-u-novogodisnjoj-poruci-zaprijetio-necemo-tolerisati-razbojnistvo-u-nasim-morima\/","title":{"rendered":"Erdogan u novogodi\u0161njoj poruci zaprijetio: Ne\u0107emo tolerisati razbojni\u0161tvo u na\u0161im morima"},"content":{"rendered":"<p><\/p>\n\n\n\n<p>Naveo je da Ankara pa\u017eljivo prati rizike po Plavu domovinu, termin koji se u Turskoj koristi za ozna\u010davanje njenih pomorskih granica, kao i po turske Kiprane.<\/p>\n\n\n\n<p>U novogodi\u0161njoj poruci koju je objavilo Predsjedni\u0161tvo, Erdogan je rekao da je Turska na oprezu zbog rastu\u0107ih tenzija u regionu i da \u0107e braniti svoja prava i interese.<\/p>\n\n\n\n<p>&#8220;Nikada ne\u0107emo tolerisati prisilu, piratstvo ili razbojni\u0161tvo u na\u0161im morima&#8221;, poru\u010dio je.<\/p>\n\n\n\n<p>Erdogan se u obra\u0107anju osvrnuo na doma\u0107a i vanjskopoliti\u010dka de\u0161avanja tokom protekle godine, odaju\u0107i po\u010dast pripadnicima turskih bezbjednosnih snaga poginulim u operacijama protiv terorizma i organizovanog kriminala te zahvaliv\u0161i se veteranima na njihovoj slu\u017ebi.<\/p>\n\n\n\n<p>Uprkos rastu\u0107oj klimi rata i krize u regionu, Erdogan je rekao da Turska nastavlja svoj put s povjerenjem. Naveo je da vladin ekonomski program daje rezultate, isti\u010du\u0107i usporavanje inflacije, ja\u010danje deviznih rezervi centralne banke te rast u proizvodnji, investicijama, zapo\u0161ljavanju i izvozu.<\/p>\n\n\n\n<p>Dodao je da je Turska oborila rekorde u sektorima poput turizma i odbrambene industrije, te da \u0107e veliki projekt socijalne stanogradnje, koji predvi\u0111a izgradnju 500.000 stambenih jedinica, pomo\u0107i gra\u0111anima s niskim primanjima i ubla\u017eiti pritiske na tr\u017ei\u0161te stanova i najma.<\/p>\n\n\n\n<p>Erdogan je rekao da obnova podru\u010dja razorenih zemljotresima 6. februara 2023. ostaje glavni prioritet vlade. Naveo je da su 27. decembra u Hataju uru\u010deni klju\u010devi 455.000 stambene jedinice korisnicima, te da se u pogo\u0111enim gradovima obnavljaju infrastruktura, javni prostori i kulturna dobra.<\/p>\n\n\n\n<p>Zahvalio je radnicima, institucijama i donatorima uklju\u010denim u obnovu i rekao da \u0107e vlada nastaviti ispunjavati svoja obe\u0107anja.<\/p>\n\n\n\n<p>Govore\u0107i o regionalnim pitanjima, Erdogan je poru\u010dio da \u0107e Turska nastaviti pru\u017eati podr\u0161ku zajednicama izvan svojih granica, ukazuju\u0107i na politiku prema Siriji i Gazi.<\/p>\n\n\n\n<p>Rekao je da se oporavak Sirije ubrzao nakon revolucije u decembru 2024. godine, dodaju\u0107i da politi\u010dka stabilnost napreduje i da se pove\u0107ava broj dobrovoljnih povrataka. Prema njegovim rije\u010dima, oko 600.000 Sirijaca vratilo se iz Turske u Siriju tokom protekle godine.<\/p>\n\n\n\n<p>Turska \u0107e, kako je rekao, nastaviti podr\u017eavati novu administraciju u Siriji kako bi se osigurali bezbjednost i stabilnost bez diskriminacije na osnovu etni\u010dke ili vjerske pripadnosti.<\/p>\n\n\n\n<p>Govore\u0107i o Gazi, Erdo\u011fan je rekao da Turska ne\u0107e \u0107utati dok se odgovorni za smrt desetina hiljada Palestinaca ne privedu pravdi. Naveo je da se primirje postignuto u oktobru odr\u017eava uprkos izraelskim kr\u0161enjima, te da Ankara radi na pove\u0107anju humanitarne pomo\u0107i i podr\u0161ci obnovi.<\/p>\n\n\n\n<p>Erdo\u011fan je tako\u0111e rekao da \u0107e Turska nastaviti napore da pomogne okon\u010danju rata u Ukrajini kroz pravedan i trajan mir, prenosi <strong>Klix<\/strong>.<\/p>","protected":false},"excerpt":{"rendered":"<p>Predsjednik Turske Red\u017eep Tajip Erdogan izjavio je u srijedu da Turska ne\u0107e tolerisati prisilu, piratstvo niti druge provokacije koje ugro\u017eavaju njene pomorske interese u Isto\u010dnom Mediteranu.<\/p>","protected":false},"author":1,"featured_media":916869,"comment_status":"open","ping_status":"open","sticky":false,"template":"","format":"standard","meta":{"_acf_changed":false,"footnotes":""},"categories":[144],"tags":[5221,5205,5222,4983,4961],"naslovna":[],"class_list":["post-916868","post","type-post","status-publish","format-standard","has-post-thumbnail","hentry","category-svijet","tag-mora","tag-novogodisnja-poruka","tag-prijetnja","tag-razbojnistvo","tag-redzep-tajip-erdogan"],"acf":[],"yoast_head":"<!-- This site is optimized with the Yoast SEO plugin v27.4 - https:\/\/yoast.com\/product\/yoast-seo-wordpress\/ -->\n<title>Erdogan u novogodi\u0161njoj poruci zaprijetio: Ne\u0107emo tolerisati razbojni\u0161tvo u na\u0161im morima - dmcsrb.com<\/title>\n<meta name=\"robots\" content=\"index, follow, max-snippet:-1, max-image-preview:large, max-video-preview:-1\" \/>\n<link rel=\"canonical\" href=\"https:\/\/dmcsrb.com\/en\/svijet\/erdogan-u-novogodisnjoj-poruci-zaprijetio-necemo-tolerisati-razbojnistvo-u-nasim-morima\/\" \/>\n<meta property=\"og:locale\" content=\"en_GB\" \/>\n<meta property=\"og:type\" content=\"article\" \/>\n<meta property=\"og:title\" content=\"Erdogan u novogodi\u0161njoj poruci zaprijetio: Ne\u0107emo tolerisati razbojni\u0161tvo u na\u0161im morima - dmcsrb.com\" \/>\n<meta property=\"og:description\" content=\"Predsjednik Turske Red\u017eep Tajip Erdogan izjavio je u srijedu da Turska ne\u0107e tolerisati prisilu, piratstvo niti druge provokacije koje ugro\u017eavaju njene pomorske interese u Isto\u010dnom Mediteranu.\" \/>\n<meta property=\"og:url\" content=\"https:\/\/dmcsrb.com\/en\/svijet\/erdogan-u-novogodisnjoj-poruci-zaprijetio-necemo-tolerisati-razbojnistvo-u-nasim-morima\/\" \/>\n<meta property=\"og:site_name\" content=\"dmcsrb.com\" \/>\n<meta property=\"article:published_time\" content=\"2025-12-31T19:58:00+00:00\" \/>\n<meta property=\"og:image\" content=\"https:\/\/dmcsrb.com\/wp-content\/uploads\/2026\/01\/Erdogan-foto-AP.jpg\" \/>\n\t<meta property=\"og:image:width\" content=\"1063\" \/>\n\t<meta property=\"og:image:height\" content=\"660\" \/>\n\t<meta property=\"og:image:type\" content=\"image\/jpeg\" \/>\n<meta name=\"author\" content=\"dmcsrbija.com@gmail.com\" \/>\n<meta name=\"twitter:card\" content=\"summary_large_image\" \/>\n<meta name=\"twitter:label1\" content=\"Written by\" \/>\n\t<meta name=\"twitter:data1\" content=\"dmcsrbija.com@gmail.com\" \/>\n\t<meta name=\"twitter:label2\" content=\"Estimated reading time\" \/>\n\t<meta name=\"twitter:data2\" content=\"2 minutes\" \/>\n<script type=\"application\/ld+json\" class=\"yoast-schema-graph\">{\"@context\":\"https:\\\/\\\/schema.org\",\"@graph\":[{\"@type\":\"Article\",\"@id\":\"https:\\\/\\\/dmcsrb.com\\\/svijet\\\/erdogan-u-novogodisnjoj-poruci-zaprijetio-necemo-tolerisati-razbojnistvo-u-nasim-morima\\\/#article\",\"isPartOf\":{\"@id\":\"https:\\\/\\\/dmcsrb.com\\\/svijet\\\/erdogan-u-novogodisnjoj-poruci-zaprijetio-necemo-tolerisati-razbojnistvo-u-nasim-morima\\\/\"},\"author\":{\"name\":\"dmcsrbija.com@gmail.com\",\"@id\":\"https:\\\/\\\/dmcsrb.com\\\/#\\\/schema\\\/person\\\/5c39170f12db1b8b457732d0b5c854e2\"},\"headline\":\"Erdogan u novogodi\u0161njoj poruci zaprijetio: Ne\u0107emo tolerisati razbojni\u0161tvo u na\u0161im morima\",\"datePublished\":\"2025-12-31T19:58:00+00:00\",\"mainEntityOfPage\":{\"@id\":\"https:\\\/\\\/dmcsrb.com\\\/svijet\\\/erdogan-u-novogodisnjoj-poruci-zaprijetio-necemo-tolerisati-razbojnistvo-u-nasim-morima\\\/\"},\"wordCount\":462,\"commentCount\":0,\"image\":{\"@id\":\"https:\\\/\\\/dmcsrb.com\\\/svijet\\\/erdogan-u-novogodisnjoj-poruci-zaprijetio-necemo-tolerisati-razbojnistvo-u-nasim-morima\\\/#primaryimage\"},\"thumbnailUrl\":\"https:\\\/\\\/dmcsrb.com\\\/wp-content\\\/uploads\\\/2026\\\/01\\\/Erdogan-foto-AP.jpg\",\"keywords\":[\"Mora\",\"Novogodi\u0161nja poruka\",\"Prijetnja\",\"razbojni\u0161tvo\",\"Red\u017eep Tajip Erdogan\"],\"articleSection\":[\"Svijet\"],\"inLanguage\":\"en-GB\",\"potentialAction\":[{\"@type\":\"CommentAction\",\"name\":\"Comment\",\"target\":[\"https:\\\/\\\/dmcsrb.com\\\/svijet\\\/erdogan-u-novogodisnjoj-poruci-zaprijetio-necemo-tolerisati-razbojnistvo-u-nasim-morima\\\/#respond\"]}]},{\"@type\":\"WebPage\",\"@id\":\"https:\\\/\\\/dmcsrb.com\\\/svijet\\\/erdogan-u-novogodisnjoj-poruci-zaprijetio-necemo-tolerisati-razbojnistvo-u-nasim-morima\\\/\",\"url\":\"https:\\\/\\\/dmcsrb.com\\\/svijet\\\/erdogan-u-novogodisnjoj-poruci-zaprijetio-necemo-tolerisati-razbojnistvo-u-nasim-morima\\\/\",\"name\":\"Erdogan u novogodi\u0161njoj poruci zaprijetio: Ne\u0107emo tolerisati razbojni\u0161tvo u na\u0161im morima - dmcsrb.com\",\"isPartOf\":{\"@id\":\"https:\\\/\\\/dmcsrb.com\\\/#website\"},\"primaryImageOfPage\":{\"@id\":\"https:\\\/\\\/dmcsrb.com\\\/svijet\\\/erdogan-u-novogodisnjoj-poruci-zaprijetio-necemo-tolerisati-razbojnistvo-u-nasim-morima\\\/#primaryimage\"},\"image\":{\"@id\":\"https:\\\/\\\/dmcsrb.com\\\/svijet\\\/erdogan-u-novogodisnjoj-poruci-zaprijetio-necemo-tolerisati-razbojnistvo-u-nasim-morima\\\/#primaryimage\"},\"thumbnailUrl\":\"https:\\\/\\\/dmcsrb.com\\\/wp-content\\\/uploads\\\/2026\\\/01\\\/Erdogan-foto-AP.jpg\",\"datePublished\":\"2025-12-31T19:58:00+00:00\",\"author\":{\"@id\":\"https:\\\/\\\/dmcsrb.com\\\/#\\\/schema\\\/person\\\/5c39170f12db1b8b457732d0b5c854e2\"},\"breadcrumb\":{\"@id\":\"https:\\\/\\\/dmcsrb.com\\\/svijet\\\/erdogan-u-novogodisnjoj-poruci-zaprijetio-necemo-tolerisati-razbojnistvo-u-nasim-morima\\\/#breadcrumb\"},\"inLanguage\":\"en-GB\",\"potentialAction\":[{\"@type\":\"ReadAction\",\"target\":[\"https:\\\/\\\/dmcsrb.com\\\/svijet\\\/erdogan-u-novogodisnjoj-poruci-zaprijetio-necemo-tolerisati-razbojnistvo-u-nasim-morima\\\/\"]}]},{\"@type\":\"ImageObject\",\"inLanguage\":\"en-GB\",\"@id\":\"https:\\\/\\\/dmcsrb.com\\\/svijet\\\/erdogan-u-novogodisnjoj-poruci-zaprijetio-necemo-tolerisati-razbojnistvo-u-nasim-morima\\\/#primaryimage\",\"url\":\"https:\\\/\\\/dmcsrb.com\\\/wp-content\\\/uploads\\\/2026\\\/01\\\/Erdogan-foto-AP.jpg\",\"contentUrl\":\"https:\\\/\\\/dmcsrb.com\\\/wp-content\\\/uploads\\\/2026\\\/01\\\/Erdogan-foto-AP.jpg\",\"width\":1063,\"height\":660},{\"@type\":\"BreadcrumbList\",\"@id\":\"https:\\\/\\\/dmcsrb.com\\\/svijet\\\/erdogan-u-novogodisnjoj-poruci-zaprijetio-necemo-tolerisati-razbojnistvo-u-nasim-morima\\\/#breadcrumb\",\"itemListElement\":[{\"@type\":\"ListItem\",\"position\":1,\"name\":\"Home\",\"item\":\"https:\\\/\\\/dmcsrb.com\\\/\"},{\"@type\":\"ListItem\",\"position\":2,\"name\":\"Erdogan u novogodi\u0161njoj poruci zaprijetio: Ne\u0107emo tolerisati razbojni\u0161tvo u na\u0161im morima\"}]},{\"@type\":\"WebSite\",\"@id\":\"https:\\\/\\\/dmcsrb.com\\\/#website\",\"url\":\"https:\\\/\\\/dmcsrb.com\\\/\",\"name\":\"dmcsrb.com\",\"description\":\"\",\"potentialAction\":[{\"@type\":\"SearchAction\",\"target\":{\"@type\":\"EntryPoint\",\"urlTemplate\":\"https:\\\/\\\/dmcsrb.com\\\/?s={search_term_string}\"},\"query-input\":{\"@type\":\"PropertyValueSpecification\",\"valueRequired\":true,\"valueName\":\"search_term_string\"}}],\"inLanguage\":\"en-GB\"},{\"@type\":\"Person\",\"@id\":\"https:\\\/\\\/dmcsrb.com\\\/#\\\/schema\\\/person\\\/5c39170f12db1b8b457732d0b5c854e2\",\"name\":\"dmcsrbija.com@gmail.com\",\"image\":{\"@type\":\"ImageObject\",\"inLanguage\":\"en-GB\",\"@id\":\"https:\\\/\\\/secure.gravatar.com\\\/avatar\\\/68592660ad6347fad0fb587f8d5d8f1a7b44961362f56e4f2cd524feb87e9069?s=96&d=mm&r=g\",\"url\":\"https:\\\/\\\/secure.gravatar.com\\\/avatar\\\/68592660ad6347fad0fb587f8d5d8f1a7b44961362f56e4f2cd524feb87e9069?s=96&d=mm&r=g\",\"contentUrl\":\"https:\\\/\\\/secure.gravatar.com\\\/avatar\\\/68592660ad6347fad0fb587f8d5d8f1a7b44961362f56e4f2cd524feb87e9069?s=96&d=mm&r=g\",\"caption\":\"dmcsrbija.com@gmail.com\"},\"sameAs\":[\"https:\\\/\\\/dmcsrb.com\"],\"url\":\"https:\\\/\\\/dmcsrb.com\\\/en\\\/author\\\/dmcsrbija-comgmail-com\\\/\"}]}<\/script>\n<!-- \/ Yoast SEO plugin. -->","yoast_head_json":{"title":"Erdogan u novogodi\u0161njoj poruci zaprijetio: Ne\u0107emo tolerisati razbojni\u0161tvo u na\u0161im morima - dmcsrb.com","robots":{"index":"index","follow":"follow","max-snippet":"max-snippet:-1","max-image-preview":"max-image-preview:large","max-video-preview":"max-video-preview:-1"},"canonical":"https:\/\/dmcsrb.com\/en\/svijet\/erdogan-u-novogodisnjoj-poruci-zaprijetio-necemo-tolerisati-razbojnistvo-u-nasim-morima\/","og_locale":"en_GB","og_type":"article","og_title":"Erdogan u novogodi\u0161njoj poruci zaprijetio: Ne\u0107emo tolerisati razbojni\u0161tvo u na\u0161im morima - dmcsrb.com","og_description":"Predsjednik Turske Red\u017eep Tajip Erdogan izjavio je u srijedu da Turska ne\u0107e tolerisati prisilu, piratstvo niti druge provokacije koje ugro\u017eavaju njene pomorske interese u Isto\u010dnom Mediteranu.","og_url":"https:\/\/dmcsrb.com\/en\/svijet\/erdogan-u-novogodisnjoj-poruci-zaprijetio-necemo-tolerisati-razbojnistvo-u-nasim-morima\/","og_site_name":"dmcsrb.com","article_published_time":"2025-12-31T19:58:00+00:00","og_image":[{"width":1063,"height":660,"url":"https:\/\/dmcsrb.com\/wp-content\/uploads\/2026\/01\/Erdogan-foto-AP.jpg","type":"image\/jpeg"}],"author":"dmcsrbija.com@gmail.com","twitter_card":"summary_large_image","twitter_misc":{"Written by":"dmcsrbija.com@gmail.com","Estimated reading time":"2 minutes"},"schema":{"@context":"https:\/\/schema.org","@graph":[{"@type":"Article","@id":"https:\/\/dmcsrb.com\/svijet\/erdogan-u-novogodisnjoj-poruci-zaprijetio-necemo-tolerisati-razbojnistvo-u-nasim-morima\/#article","isPartOf":{"@id":"https:\/\/dmcsrb.com\/svijet\/erdogan-u-novogodisnjoj-poruci-zaprijetio-necemo-tolerisati-razbojnistvo-u-nasim-morima\/"},"author":{"name":"dmcsrbija.com@gmail.com","@id":"https:\/\/dmcsrb.com\/#\/schema\/person\/5c39170f12db1b8b457732d0b5c854e2"},"headline":"Erdogan u novogodi\u0161njoj poruci zaprijetio: Ne\u0107emo tolerisati razbojni\u0161tvo u na\u0161im morima","datePublished":"2025-12-31T19:58:00+00:00","mainEntityOfPage":{"@id":"https:\/\/dmcsrb.com\/svijet\/erdogan-u-novogodisnjoj-poruci-zaprijetio-necemo-tolerisati-razbojnistvo-u-nasim-morima\/"},"wordCount":462,"commentCount":0,"image":{"@id":"https:\/\/dmcsrb.com\/svijet\/erdogan-u-novogodisnjoj-poruci-zaprijetio-necemo-tolerisati-razbojnistvo-u-nasim-morima\/#primaryimage"},"thumbnailUrl":"https:\/\/dmcsrb.com\/wp-content\/uploads\/2026\/01\/Erdogan-foto-AP.jpg","keywords":["Mora","Novogodi\u0161nja poruka","Prijetnja","razbojni\u0161tvo","Red\u017eep Tajip Erdogan"],"articleSection":["Svijet"],"inLanguage":"en-GB","potentialAction":[{"@type":"CommentAction","name":"Comment","target":["https:\/\/dmcsrb.com\/svijet\/erdogan-u-novogodisnjoj-poruci-zaprijetio-necemo-tolerisati-razbojnistvo-u-nasim-morima\/#respond"]}]},{"@type":"WebPage","@id":"https:\/\/dmcsrb.com\/svijet\/erdogan-u-novogodisnjoj-poruci-zaprijetio-necemo-tolerisati-razbojnistvo-u-nasim-morima\/","url":"https:\/\/dmcsrb.com\/svijet\/erdogan-u-novogodisnjoj-poruci-zaprijetio-necemo-tolerisati-razbojnistvo-u-nasim-morima\/","name":"Erdogan u novogodi\u0161njoj poruci zaprijetio: Ne\u0107emo tolerisati razbojni\u0161tvo u na\u0161im morima - dmcsrb.com","isPartOf":{"@id":"https:\/\/dmcsrb.com\/#website"},"primaryImageOfPage":{"@id":"https:\/\/dmcsrb.com\/svijet\/erdogan-u-novogodisnjoj-poruci-zaprijetio-necemo-tolerisati-razbojnistvo-u-nasim-morima\/#primaryimage"},"image":{"@id":"https:\/\/dmcsrb.com\/svijet\/erdogan-u-novogodisnjoj-poruci-zaprijetio-necemo-tolerisati-razbojnistvo-u-nasim-morima\/#primaryimage"},"thumbnailUrl":"https:\/\/dmcsrb.com\/wp-content\/uploads\/2026\/01\/Erdogan-foto-AP.jpg","datePublished":"2025-12-31T19:58:00+00:00","author":{"@id":"https:\/\/dmcsrb.com\/#\/schema\/person\/5c39170f12db1b8b457732d0b5c854e2"},"breadcrumb":{"@id":"https:\/\/dmcsrb.com\/svijet\/erdogan-u-novogodisnjoj-poruci-zaprijetio-necemo-tolerisati-razbojnistvo-u-nasim-morima\/#breadcrumb"},"inLanguage":"en-GB","potentialAction":[{"@type":"ReadAction","target":["https:\/\/dmcsrb.com\/svijet\/erdogan-u-novogodisnjoj-poruci-zaprijetio-necemo-tolerisati-razbojnistvo-u-nasim-morima\/"]}]},{"@type":"ImageObject","inLanguage":"en-GB","@id":"https:\/\/dmcsrb.com\/svijet\/erdogan-u-novogodisnjoj-poruci-zaprijetio-necemo-tolerisati-razbojnistvo-u-nasim-morima\/#primaryimage","url":"https:\/\/dmcsrb.com\/wp-content\/uploads\/2026\/01\/Erdogan-foto-AP.jpg","contentUrl":"https:\/\/dmcsrb.com\/wp-content\/uploads\/2026\/01\/Erdogan-foto-AP.jpg","width":1063,"height":660},{"@type":"BreadcrumbList","@id":"https:\/\/dmcsrb.com\/svijet\/erdogan-u-novogodisnjoj-poruci-zaprijetio-necemo-tolerisati-razbojnistvo-u-nasim-morima\/#breadcrumb","itemListElement":[{"@type":"ListItem","position":1,"name":"Home","item":"https:\/\/dmcsrb.com\/"},{"@type":"ListItem","position":2,"name":"Erdogan u novogodi\u0161njoj poruci zaprijetio: Ne\u0107emo tolerisati razbojni\u0161tvo u na\u0161im morima"}]},{"@type":"WebSite","@id":"https:\/\/dmcsrb.com\/#website","url":"https:\/\/dmcsrb.com\/","name":"dmcsrb.com","description":"","potentialAction":[{"@type":"SearchAction","target":{"@type":"EntryPoint","urlTemplate":"https:\/\/dmcsrb.com\/?s={search_term_string}"},"query-input":{"@type":"PropertyValueSpecification","valueRequired":true,"valueName":"search_term_string"}}],"inLanguage":"en-GB"},{"@type":"Person","@id":"https:\/\/dmcsrb.com\/#\/schema\/person\/5c39170f12db1b8b457732d0b5c854e2","name":"dmcsrbija.com@gmail.com","image":{"@type":"ImageObject","inLanguage":"en-GB","@id":"https:\/\/secure.gravatar.com\/avatar\/68592660ad6347fad0fb587f8d5d8f1a7b44961362f56e4f2cd524feb87e9069?s=96&d=mm&r=g","url":"https:\/\/secure.gravatar.com\/avatar\/68592660ad6347fad0fb587f8d5d8f1a7b44961362f56e4f2cd524feb87e9069?s=96&d=mm&r=g","contentUrl":"https:\/\/secure.gravatar.com\/avatar\/68592660ad6347fad0fb587f8d5d8f1a7b44961362f56e4f2cd524feb87e9069?s=96&d=mm&r=g","caption":"dmcsrbija.com@gmail.com"},"sameAs":["https:\/\/dmcsrb.com"],"url":"https:\/\/dmcsrb.com\/en\/author\/dmcsrbija-comgmail-com\/"}]}},"_links":{"self":[{"href":"https:\/\/dmcsrb.com\/en\/wp-json\/wp\/v2\/posts\/916868","targetHints":{"allow":["GET"]}}],"collection":[{"href":"https:\/\/dmcsrb.com\/en\/wp-json\/wp\/v2\/posts"}],"about":[{"href":"https:\/\/dmcsrb.com\/en\/wp-json\/wp\/v2\/types\/post"}],"author":[{"embeddable":true,"href":"https:\/\/dmcsrb.com\/en\/wp-json\/wp\/v2\/users\/1"}],"replies":[{"embeddable":true,"href":"https:\/\/dmcsrb.com\/en\/wp-json\/wp\/v2\/comments?post=916868"}],"version-history":[{"count":0,"href":"https:\/\/dmcsrb.com\/en\/wp-json\/wp\/v2\/posts\/916868\/revisions"}],"wp:featuredmedia":[{"embeddable":true,"href":"https:\/\/dmcsrb.com\/en\/wp-json\/wp\/v2\/media\/916869"}],"wp:attachment":[{"href":"https:\/\/dmcsrb.com\/en\/wp-json\/wp\/v2\/media?parent=916868"}],"wp:term":[{"taxonomy":"category","embeddable":true,"href":"https:\/\/dmcsrb.com\/en\/wp-json\/wp\/v2\/categories?post=916868"},{"taxonomy":"post_tag","embeddable":true,"href":"https:\/\/dmcsrb.com\/en\/wp-json\/wp\/v2\/tags?post=916868"},{"taxonomy":"naslovna","embeddable":true,"href":"https:\/\/dmcsrb.com\/en\/wp-json\/wp\/v2\/naslovna?post=916868"}],"curies":[{"name":"wp","href":"https:\/\/api.w.org\/{rel}","templated":true}]}}