{"id":916833,"date":"2025-12-31T13:08:00","date_gmt":"2025-12-31T12:08:00","guid":{"rendered":"https:\/\/dmcsrb.com\/uncategorized\/vuk-stanojevic-najmladji-crnogorski-reprezentativac-mala-trema-i-veliki-ponos\/"},"modified":"2025-12-31T13:08:00","modified_gmt":"2025-12-31T12:08:00","slug":"vuk-stanojevic-najmladji-crnogorski-reprezentativac-mala-trema-i-veliki-ponos","status":"publish","type":"post","link":"https:\/\/dmcsrb.com\/en\/sport\/vuk-stanojevic-najmladji-crnogorski-reprezentativac-mala-trema-i-veliki-ponos\/","title":{"rendered":"Vuk Stanojevi\u0107, najmla\u0111i crnogorski reprezentativac: Mala trema i veliki ponos"},"content":{"rendered":"<p><strong>Vuk Stanojevi\u0107<\/strong>&nbsp;jo\u0161 nije napunio 17 godina, a ve\u0107 je i iskusio sve \u0161to nudi odbojka visokog nivoa i intenziteta \u2013 trofeji sa Budvom, nastupi u MEVZA ligi, i CEV \u010celend\u017e kupu, te debi u seniorskoj reprezentaciji.<\/p>\n\n\n\n<p>Podatak da je avgusta 2025, na me\u010du sa \u010ce\u0161kom u gostima, postao najmla\u0111i debitant u istoriji na\u0161e seniorske reprezentacije, \u010dini ga neizmjerno posebnim.<\/p>\n\n\n\n<p>\u201c<strong>Definitivno mogu da ka\u017eem da je 2025. bila veoma va\u017ena godina za mene. Dobio sam priliku da igram na visokom nivou, da treniram sa iskusnim igra\u010dima i osjetim \u0161ta zna\u010di seniorska odbojka. Ne bih rekao da je sve zavr\u0161eno, ali jeste veliki korak naprijed u mom razvoju\u201d<\/strong>, ka\u017ee Stanojevi\u0107.<\/p>\n\n\n\n<p>Sa dobrim igra\u010dima, u jakim takmi\u010denjima, br\u017ee se sazrijeva \u2013 sve je to na svojoj ko\u017ei osjetio Budvin tinejd\u017eer.<\/p>\n\n\n\n<p>\u201c<strong>Mislim da sam najvi\u0161e napredovao u takti\u010dkom smislu i u stabilnosti igre. Bolje \u010ditam igru, donosim zrelije odluke na terenu i osje\u0107am se sigurnije u prijemu i napadu, naro\u010dito u va\u017enim momentima\u201d.<\/strong><\/p>\n\n\n\n<p>Utakmica sa \u010ce\u0161kom \u2013 debi u seniorskom nacionalnom timu, ostaje za sva vremena.<\/p>\n\n\n\n<p>\u201c<strong>To je ne\u0161to \u0161to \u0107u pamtiti cijelog \u017eivota. Velika je \u010dast obu\u0107i dres reprezentacije, posebno u tako mladim godinama. Imao sam malu tremu, ali i ogroman ponos. Taj debi mi je dao dodatno samopouzdanje i jo\u0161 ve\u0107u \u017eelju da nastavim da radim. Reprezentacija definitivno ima posebno mjesto za mene. Svaki poziv je \u010dast i odgovornost. Kroz mla\u0111e selekcije sam stekao veliko iskustvo, a seniorski tim mi je pokazao \u0161ta zna\u010di vrhunski nivo i profesionalizam\u201d.<\/strong><\/p>\n\n\n\n<p>Vuk je po\u010deo u Budu\u0107nosti, a ve\u0107 drugu sezonu je \u010dlan Budve, na\u0161eg najtrofejnijeg kluba. U me\u0111uvremenu, i njegov mati\u010dni tim je porastao do nivoa da sve pr\u0161ti u me\u0111usobnim okr\u0161ajima, da se u njima odlu\u010duju i trofeji.<\/p>\n\n\n\n<p>\u201c<strong>Budva mi je donijela ogroman napredak i zahvalan sam na prilici da igram u takvom okru\u017eenju. A Budu\u0107nost je moj prvi klub i uvijek \u0107e imati posebno mjesto kod mene. Drago mi je \u0161to napreduje crnogorska odbojka u cjelini\u201d.<\/strong><\/p>\n\n\n\n<p>\u0160ta je za njega odbojka? Skok, fizi\u010dka snaga, ali i koncentracija, psihologija\u2026<\/p>\n\n\n\n<p><strong>\u201cOdbojka je spoj svega toga. Snaga i skok su va\u017eni, ali bez glave i discipline nema rezultata. Danas je odbojka ozbiljna misaona igra, gdje detalji prave razliku\u201d.<\/strong><\/p>\n\n\n\n<p>Po\u010deo je, kako ka\u017ee, iz \u010diste ljubavi prema sportu.<\/p>\n\n\n\n<p>\u201c<strong>Vremenom sam shvatio da je odbojka ono u \u010demu se najbolje pronalazim. Kako su dolazili rezultati i napredak, rasla je i \u017eelja da idem \u0161to dalje\u201d.<\/strong><\/p>\n\n\n\n<p>Danas, u predve\u010derje 17. ro\u0111endana, ve\u0107 je na nivou da igra me\u010deve MEVZA lige, klupskih takmi\u010denja pod okriljem CEV-a, da se sa reprezentacijom bori za plasman na Evropsko prvenstvo.<\/p>\n\n\n\n<p>\u201c<strong>To su utakmice koje te ubrzavaju kao igra\u010da. Igra\u0161 protiv ozbiljnih ekipa, vidi\u0161 gdje si u odnosu na Evropu i nau\u010di\u0161 kako da se pona\u0161a\u0161 na velikoj sceni\u201d.<\/strong><\/p>\n\n\n\n<p>Vuk je, me\u0111utim, tek na po\u010detku puta\u2026<\/p>\n\n\n\n<p>\u201c<strong>Moj cilj je da nastavim da se razvijam korak po korak i da jednog dana igram u najja\u010dim evropskim ligama. Volim igra\u010de koji kombinuju snagu i inteligenciju u igri, jer mislim da je to put modernog odbojka\u0161a\u201d<\/strong>, zaklju\u010duje Stanojevi\u0107.<\/p>\n\n\n\n<p><\/p>","protected":false},"excerpt":{"rendered":"<p>Godina 2025. najbolja je u novijoj istoriji crnogorske odbojke, bila je i godina pune afirmacije jednog od najve\u0107ih talenata u novijoj istoriji crnogorske odbojke.<\/p>","protected":false},"author":1,"featured_media":916834,"comment_status":"open","ping_status":"open","sticky":false,"template":"","format":"standard","meta":{"_acf_changed":false,"footnotes":""},"categories":[148],"tags":[217,3793],"naslovna":[],"class_list":["post-916833","post","type-post","status-publish","format-standard","has-post-thumbnail","hentry","category-sport","tag-oscg","tag-vuk-stanojevic"],"acf":[],"yoast_head":"<!-- This site is optimized with the Yoast SEO plugin v27.4 - https:\/\/yoast.com\/product\/yoast-seo-wordpress\/ -->\n<title>Vuk Stanojevi\u0107, najmla\u0111i crnogorski reprezentativac: Mala trema i veliki ponos - dmcsrb.com<\/title>\n<meta name=\"robots\" content=\"index, follow, max-snippet:-1, max-image-preview:large, max-video-preview:-1\" \/>\n<link rel=\"canonical\" href=\"https:\/\/dmcsrb.com\/en\/sport\/vuk-stanojevic-najmladji-crnogorski-reprezentativac-mala-trema-i-veliki-ponos\/\" \/>\n<meta property=\"og:locale\" content=\"en_GB\" \/>\n<meta property=\"og:type\" content=\"article\" \/>\n<meta property=\"og:title\" content=\"Vuk Stanojevi\u0107, najmla\u0111i crnogorski reprezentativac: Mala trema i veliki ponos - dmcsrb.com\" \/>\n<meta property=\"og:description\" content=\"Godina 2025. najbolja je u novijoj istoriji crnogorske odbojke, bila je i godina pune afirmacije jednog od najve\u0107ih talenata u novijoj istoriji crnogorske odbojke.\" \/>\n<meta property=\"og:url\" content=\"https:\/\/dmcsrb.com\/en\/sport\/vuk-stanojevic-najmladji-crnogorski-reprezentativac-mala-trema-i-veliki-ponos\/\" \/>\n<meta property=\"og:site_name\" content=\"dmcsrb.com\" \/>\n<meta property=\"article:published_time\" content=\"2025-12-31T12:08:00+00:00\" \/>\n<meta property=\"og:image\" content=\"https:\/\/dmcsrb.com\/wp-content\/uploads\/2026\/01\/Vuk-Stanojevic-OSCG.webp\" \/>\n\t<meta property=\"og:image:width\" content=\"1280\" \/>\n\t<meta property=\"og:image:height\" content=\"853\" \/>\n\t<meta property=\"og:image:type\" content=\"image\/webp\" \/>\n<meta name=\"author\" content=\"dmcsrbija.com@gmail.com\" \/>\n<meta name=\"twitter:card\" content=\"summary_large_image\" \/>\n<meta name=\"twitter:label1\" content=\"Written by\" \/>\n\t<meta name=\"twitter:data1\" content=\"dmcsrbija.com@gmail.com\" \/>\n\t<meta name=\"twitter:label2\" content=\"Estimated reading time\" \/>\n\t<meta name=\"twitter:data2\" content=\"3 minutes\" \/>\n<script type=\"application\/ld+json\" class=\"yoast-schema-graph\">{\"@context\":\"https:\\\/\\\/schema.org\",\"@graph\":[{\"@type\":\"Article\",\"@id\":\"https:\\\/\\\/dmcsrb.com\\\/en\\\/sport\\\/vuk-stanojevic-najmladji-crnogorski-reprezentativac-mala-trema-i-veliki-ponos\\\/#article\",\"isPartOf\":{\"@id\":\"https:\\\/\\\/dmcsrb.com\\\/en\\\/sport\\\/vuk-stanojevic-najmladji-crnogorski-reprezentativac-mala-trema-i-veliki-ponos\\\/\"},\"author\":{\"name\":\"dmcsrbija.com@gmail.com\",\"@id\":\"https:\\\/\\\/dmcsrb.com\\\/#\\\/schema\\\/person\\\/5c39170f12db1b8b457732d0b5c854e2\"},\"headline\":\"Vuk Stanojevi\u0107, najmla\u0111i crnogorski reprezentativac: Mala trema i veliki ponos\",\"datePublished\":\"2025-12-31T12:08:00+00:00\",\"mainEntityOfPage\":{\"@id\":\"https:\\\/\\\/dmcsrb.com\\\/en\\\/sport\\\/vuk-stanojevic-najmladji-crnogorski-reprezentativac-mala-trema-i-veliki-ponos\\\/\"},\"wordCount\":560,\"commentCount\":0,\"image\":{\"@id\":\"https:\\\/\\\/dmcsrb.com\\\/en\\\/sport\\\/vuk-stanojevic-najmladji-crnogorski-reprezentativac-mala-trema-i-veliki-ponos\\\/#primaryimage\"},\"thumbnailUrl\":\"https:\\\/\\\/dmcsrb.com\\\/wp-content\\\/uploads\\\/2026\\\/01\\\/Vuk-Stanojevic-OSCG.webp\",\"keywords\":[\"OSCG\",\"Vuk Stanojevi\u0107\"],\"articleSection\":[\"Sport\"],\"inLanguage\":\"en-GB\",\"potentialAction\":[{\"@type\":\"CommentAction\",\"name\":\"Comment\",\"target\":[\"https:\\\/\\\/dmcsrb.com\\\/en\\\/sport\\\/vuk-stanojevic-najmladji-crnogorski-reprezentativac-mala-trema-i-veliki-ponos\\\/#respond\"]}]},{\"@type\":\"WebPage\",\"@id\":\"https:\\\/\\\/dmcsrb.com\\\/en\\\/sport\\\/vuk-stanojevic-najmladji-crnogorski-reprezentativac-mala-trema-i-veliki-ponos\\\/\",\"url\":\"https:\\\/\\\/dmcsrb.com\\\/en\\\/sport\\\/vuk-stanojevic-najmladji-crnogorski-reprezentativac-mala-trema-i-veliki-ponos\\\/\",\"name\":\"Vuk Stanojevi\u0107, najmla\u0111i crnogorski reprezentativac: Mala trema i veliki ponos - dmcsrb.com\",\"isPartOf\":{\"@id\":\"https:\\\/\\\/dmcsrb.com\\\/#website\"},\"primaryImageOfPage\":{\"@id\":\"https:\\\/\\\/dmcsrb.com\\\/en\\\/sport\\\/vuk-stanojevic-najmladji-crnogorski-reprezentativac-mala-trema-i-veliki-ponos\\\/#primaryimage\"},\"image\":{\"@id\":\"https:\\\/\\\/dmcsrb.com\\\/en\\\/sport\\\/vuk-stanojevic-najmladji-crnogorski-reprezentativac-mala-trema-i-veliki-ponos\\\/#primaryimage\"},\"thumbnailUrl\":\"https:\\\/\\\/dmcsrb.com\\\/wp-content\\\/uploads\\\/2026\\\/01\\\/Vuk-Stanojevic-OSCG.webp\",\"datePublished\":\"2025-12-31T12:08:00+00:00\",\"author\":{\"@id\":\"https:\\\/\\\/dmcsrb.com\\\/#\\\/schema\\\/person\\\/5c39170f12db1b8b457732d0b5c854e2\"},\"breadcrumb\":{\"@id\":\"https:\\\/\\\/dmcsrb.com\\\/en\\\/sport\\\/vuk-stanojevic-najmladji-crnogorski-reprezentativac-mala-trema-i-veliki-ponos\\\/#breadcrumb\"},\"inLanguage\":\"en-GB\",\"potentialAction\":[{\"@type\":\"ReadAction\",\"target\":[\"https:\\\/\\\/dmcsrb.com\\\/en\\\/sport\\\/vuk-stanojevic-najmladji-crnogorski-reprezentativac-mala-trema-i-veliki-ponos\\\/\"]}]},{\"@type\":\"ImageObject\",\"inLanguage\":\"en-GB\",\"@id\":\"https:\\\/\\\/dmcsrb.com\\\/en\\\/sport\\\/vuk-stanojevic-najmladji-crnogorski-reprezentativac-mala-trema-i-veliki-ponos\\\/#primaryimage\",\"url\":\"https:\\\/\\\/dmcsrb.com\\\/wp-content\\\/uploads\\\/2026\\\/01\\\/Vuk-Stanojevic-OSCG.webp\",\"contentUrl\":\"https:\\\/\\\/dmcsrb.com\\\/wp-content\\\/uploads\\\/2026\\\/01\\\/Vuk-Stanojevic-OSCG.webp\",\"width\":1280,\"height\":853},{\"@type\":\"BreadcrumbList\",\"@id\":\"https:\\\/\\\/dmcsrb.com\\\/en\\\/sport\\\/vuk-stanojevic-najmladji-crnogorski-reprezentativac-mala-trema-i-veliki-ponos\\\/#breadcrumb\",\"itemListElement\":[{\"@type\":\"ListItem\",\"position\":1,\"name\":\"Home\",\"item\":\"https:\\\/\\\/dmcsrb.com\\\/\"},{\"@type\":\"ListItem\",\"position\":2,\"name\":\"Vuk Stanojevi\u0107, najmla\u0111i crnogorski reprezentativac: Mala trema i veliki ponos\"}]},{\"@type\":\"WebSite\",\"@id\":\"https:\\\/\\\/dmcsrb.com\\\/#website\",\"url\":\"https:\\\/\\\/dmcsrb.com\\\/\",\"name\":\"dmcsrb.com\",\"description\":\"\",\"potentialAction\":[{\"@type\":\"SearchAction\",\"target\":{\"@type\":\"EntryPoint\",\"urlTemplate\":\"https:\\\/\\\/dmcsrb.com\\\/?s={search_term_string}\"},\"query-input\":{\"@type\":\"PropertyValueSpecification\",\"valueRequired\":true,\"valueName\":\"search_term_string\"}}],\"inLanguage\":\"en-GB\"},{\"@type\":\"Person\",\"@id\":\"https:\\\/\\\/dmcsrb.com\\\/#\\\/schema\\\/person\\\/5c39170f12db1b8b457732d0b5c854e2\",\"name\":\"dmcsrbija.com@gmail.com\",\"image\":{\"@type\":\"ImageObject\",\"inLanguage\":\"en-GB\",\"@id\":\"https:\\\/\\\/secure.gravatar.com\\\/avatar\\\/68592660ad6347fad0fb587f8d5d8f1a7b44961362f56e4f2cd524feb87e9069?s=96&d=mm&r=g\",\"url\":\"https:\\\/\\\/secure.gravatar.com\\\/avatar\\\/68592660ad6347fad0fb587f8d5d8f1a7b44961362f56e4f2cd524feb87e9069?s=96&d=mm&r=g\",\"contentUrl\":\"https:\\\/\\\/secure.gravatar.com\\\/avatar\\\/68592660ad6347fad0fb587f8d5d8f1a7b44961362f56e4f2cd524feb87e9069?s=96&d=mm&r=g\",\"caption\":\"dmcsrbija.com@gmail.com\"},\"sameAs\":[\"https:\\\/\\\/dmcsrb.com\"],\"url\":\"https:\\\/\\\/dmcsrb.com\\\/en\\\/author\\\/dmcsrbija-comgmail-com\\\/\"}]}<\/script>\n<!-- \/ Yoast SEO plugin. -->","yoast_head_json":{"title":"Vuk Stanojevi\u0107, najmla\u0111i crnogorski reprezentativac: Mala trema i veliki ponos - dmcsrb.com","robots":{"index":"index","follow":"follow","max-snippet":"max-snippet:-1","max-image-preview":"max-image-preview:large","max-video-preview":"max-video-preview:-1"},"canonical":"https:\/\/dmcsrb.com\/en\/sport\/vuk-stanojevic-najmladji-crnogorski-reprezentativac-mala-trema-i-veliki-ponos\/","og_locale":"en_GB","og_type":"article","og_title":"Vuk Stanojevi\u0107, najmla\u0111i crnogorski reprezentativac: Mala trema i veliki ponos - dmcsrb.com","og_description":"Godina 2025. najbolja je u novijoj istoriji crnogorske odbojke, bila je i godina pune afirmacije jednog od najve\u0107ih talenata u novijoj istoriji crnogorske odbojke.","og_url":"https:\/\/dmcsrb.com\/en\/sport\/vuk-stanojevic-najmladji-crnogorski-reprezentativac-mala-trema-i-veliki-ponos\/","og_site_name":"dmcsrb.com","article_published_time":"2025-12-31T12:08:00+00:00","og_image":[{"width":1280,"height":853,"url":"https:\/\/dmcsrb.com\/wp-content\/uploads\/2026\/01\/Vuk-Stanojevic-OSCG.webp","type":"image\/webp"}],"author":"dmcsrbija.com@gmail.com","twitter_card":"summary_large_image","twitter_misc":{"Written by":"dmcsrbija.com@gmail.com","Estimated reading time":"3 minutes"},"schema":{"@context":"https:\/\/schema.org","@graph":[{"@type":"Article","@id":"https:\/\/dmcsrb.com\/en\/sport\/vuk-stanojevic-najmladji-crnogorski-reprezentativac-mala-trema-i-veliki-ponos\/#article","isPartOf":{"@id":"https:\/\/dmcsrb.com\/en\/sport\/vuk-stanojevic-najmladji-crnogorski-reprezentativac-mala-trema-i-veliki-ponos\/"},"author":{"name":"dmcsrbija.com@gmail.com","@id":"https:\/\/dmcsrb.com\/#\/schema\/person\/5c39170f12db1b8b457732d0b5c854e2"},"headline":"Vuk Stanojevi\u0107, najmla\u0111i crnogorski reprezentativac: Mala trema i veliki ponos","datePublished":"2025-12-31T12:08:00+00:00","mainEntityOfPage":{"@id":"https:\/\/dmcsrb.com\/en\/sport\/vuk-stanojevic-najmladji-crnogorski-reprezentativac-mala-trema-i-veliki-ponos\/"},"wordCount":560,"commentCount":0,"image":{"@id":"https:\/\/dmcsrb.com\/en\/sport\/vuk-stanojevic-najmladji-crnogorski-reprezentativac-mala-trema-i-veliki-ponos\/#primaryimage"},"thumbnailUrl":"https:\/\/dmcsrb.com\/wp-content\/uploads\/2026\/01\/Vuk-Stanojevic-OSCG.webp","keywords":["OSCG","Vuk Stanojevi\u0107"],"articleSection":["Sport"],"inLanguage":"en-GB","potentialAction":[{"@type":"CommentAction","name":"Comment","target":["https:\/\/dmcsrb.com\/en\/sport\/vuk-stanojevic-najmladji-crnogorski-reprezentativac-mala-trema-i-veliki-ponos\/#respond"]}]},{"@type":"WebPage","@id":"https:\/\/dmcsrb.com\/en\/sport\/vuk-stanojevic-najmladji-crnogorski-reprezentativac-mala-trema-i-veliki-ponos\/","url":"https:\/\/dmcsrb.com\/en\/sport\/vuk-stanojevic-najmladji-crnogorski-reprezentativac-mala-trema-i-veliki-ponos\/","name":"Vuk Stanojevi\u0107, najmla\u0111i crnogorski reprezentativac: Mala trema i veliki ponos - dmcsrb.com","isPartOf":{"@id":"https:\/\/dmcsrb.com\/#website"},"primaryImageOfPage":{"@id":"https:\/\/dmcsrb.com\/en\/sport\/vuk-stanojevic-najmladji-crnogorski-reprezentativac-mala-trema-i-veliki-ponos\/#primaryimage"},"image":{"@id":"https:\/\/dmcsrb.com\/en\/sport\/vuk-stanojevic-najmladji-crnogorski-reprezentativac-mala-trema-i-veliki-ponos\/#primaryimage"},"thumbnailUrl":"https:\/\/dmcsrb.com\/wp-content\/uploads\/2026\/01\/Vuk-Stanojevic-OSCG.webp","datePublished":"2025-12-31T12:08:00+00:00","author":{"@id":"https:\/\/dmcsrb.com\/#\/schema\/person\/5c39170f12db1b8b457732d0b5c854e2"},"breadcrumb":{"@id":"https:\/\/dmcsrb.com\/en\/sport\/vuk-stanojevic-najmladji-crnogorski-reprezentativac-mala-trema-i-veliki-ponos\/#breadcrumb"},"inLanguage":"en-GB","potentialAction":[{"@type":"ReadAction","target":["https:\/\/dmcsrb.com\/en\/sport\/vuk-stanojevic-najmladji-crnogorski-reprezentativac-mala-trema-i-veliki-ponos\/"]}]},{"@type":"ImageObject","inLanguage":"en-GB","@id":"https:\/\/dmcsrb.com\/en\/sport\/vuk-stanojevic-najmladji-crnogorski-reprezentativac-mala-trema-i-veliki-ponos\/#primaryimage","url":"https:\/\/dmcsrb.com\/wp-content\/uploads\/2026\/01\/Vuk-Stanojevic-OSCG.webp","contentUrl":"https:\/\/dmcsrb.com\/wp-content\/uploads\/2026\/01\/Vuk-Stanojevic-OSCG.webp","width":1280,"height":853},{"@type":"BreadcrumbList","@id":"https:\/\/dmcsrb.com\/en\/sport\/vuk-stanojevic-najmladji-crnogorski-reprezentativac-mala-trema-i-veliki-ponos\/#breadcrumb","itemListElement":[{"@type":"ListItem","position":1,"name":"Home","item":"https:\/\/dmcsrb.com\/"},{"@type":"ListItem","position":2,"name":"Vuk Stanojevi\u0107, najmla\u0111i crnogorski reprezentativac: Mala trema i veliki ponos"}]},{"@type":"WebSite","@id":"https:\/\/dmcsrb.com\/#website","url":"https:\/\/dmcsrb.com\/","name":"dmcsrb.com","description":"","potentialAction":[{"@type":"SearchAction","target":{"@type":"EntryPoint","urlTemplate":"https:\/\/dmcsrb.com\/?s={search_term_string}"},"query-input":{"@type":"PropertyValueSpecification","valueRequired":true,"valueName":"search_term_string"}}],"inLanguage":"en-GB"},{"@type":"Person","@id":"https:\/\/dmcsrb.com\/#\/schema\/person\/5c39170f12db1b8b457732d0b5c854e2","name":"dmcsrbija.com@gmail.com","image":{"@type":"ImageObject","inLanguage":"en-GB","@id":"https:\/\/secure.gravatar.com\/avatar\/68592660ad6347fad0fb587f8d5d8f1a7b44961362f56e4f2cd524feb87e9069?s=96&d=mm&r=g","url":"https:\/\/secure.gravatar.com\/avatar\/68592660ad6347fad0fb587f8d5d8f1a7b44961362f56e4f2cd524feb87e9069?s=96&d=mm&r=g","contentUrl":"https:\/\/secure.gravatar.com\/avatar\/68592660ad6347fad0fb587f8d5d8f1a7b44961362f56e4f2cd524feb87e9069?s=96&d=mm&r=g","caption":"dmcsrbija.com@gmail.com"},"sameAs":["https:\/\/dmcsrb.com"],"url":"https:\/\/dmcsrb.com\/en\/author\/dmcsrbija-comgmail-com\/"}]}},"_links":{"self":[{"href":"https:\/\/dmcsrb.com\/en\/wp-json\/wp\/v2\/posts\/916833","targetHints":{"allow":["GET"]}}],"collection":[{"href":"https:\/\/dmcsrb.com\/en\/wp-json\/wp\/v2\/posts"}],"about":[{"href":"https:\/\/dmcsrb.com\/en\/wp-json\/wp\/v2\/types\/post"}],"author":[{"embeddable":true,"href":"https:\/\/dmcsrb.com\/en\/wp-json\/wp\/v2\/users\/1"}],"replies":[{"embeddable":true,"href":"https:\/\/dmcsrb.com\/en\/wp-json\/wp\/v2\/comments?post=916833"}],"version-history":[{"count":0,"href":"https:\/\/dmcsrb.com\/en\/wp-json\/wp\/v2\/posts\/916833\/revisions"}],"wp:featuredmedia":[{"embeddable":true,"href":"https:\/\/dmcsrb.com\/en\/wp-json\/wp\/v2\/media\/916834"}],"wp:attachment":[{"href":"https:\/\/dmcsrb.com\/en\/wp-json\/wp\/v2\/media?parent=916833"}],"wp:term":[{"taxonomy":"category","embeddable":true,"href":"https:\/\/dmcsrb.com\/en\/wp-json\/wp\/v2\/categories?post=916833"},{"taxonomy":"post_tag","embeddable":true,"href":"https:\/\/dmcsrb.com\/en\/wp-json\/wp\/v2\/tags?post=916833"},{"taxonomy":"naslovna","embeddable":true,"href":"https:\/\/dmcsrb.com\/en\/wp-json\/wp\/v2\/naslovna?post=916833"}],"curies":[{"name":"wp","href":"https:\/\/api.w.org\/{rel}","templated":true}]}}