{"id":916652,"date":"2025-12-30T13:16:38","date_gmt":"2025-12-30T12:16:38","guid":{"rendered":"https:\/\/dmcsrb.com\/uncategorized\/spajic-poslao-prijedlog-za-razrjesenje-scekica\/"},"modified":"2025-12-30T13:16:38","modified_gmt":"2025-12-30T12:16:38","slug":"spajic-poslao-prijedlog-za-razrjesenje-scekica","status":"publish","type":"post","link":"https:\/\/dmcsrb.com\/en\/politika\/spajic-poslao-prijedlog-za-razrjesenje-scekica\/","title":{"rendered":"Spaji\u0107 poslao prijedlog za razrje\u0161enje \u0160\u0107eki\u0107a"},"content":{"rendered":"<p><\/p>\n\n\n\n<p><\/p>\n\n\n\n<p><\/p>\n\n\n\n<p><\/p>\n\n\n\n<p>Spaji\u0107 je, prema saznanjima CdM-a, predlog za razrje\u0161enje uputio Skup\u0161tini Crne Gore na odlu\u010divanje, \u010dime je pokrenuta procedura njegovog razrje\u0161enja sa ministarske funkcije.<\/p>\n\n\n\n<p>Podsje\u0107amo, na posljednjoj sjednici Glavnog odbora Socijalisti\u010dke narodne partije (SNP) predsjednik te partije&nbsp;<strong>Vladimir Jokovi\u0107<\/strong>&nbsp;uputio je dopis premijeru Spaji\u0107u sa zahtjevom za smjenu Dragoslava \u0160\u0107eki\u0107a, biv\u0161eg \u010dlana SNP-a.<\/p>\n\n\n\n<p>U dopisu je, kako je ranije saop\u0161teno, zatra\u017eeno i po\u0161tovanje Koalicionog sporazuma za formiranje 44. Vlade Crne Gore, prema kojem bi mjesto ministra sporta i mladih trebalo da pripadne kandidatu sa kvote SNP-a.<\/p>","protected":false},"excerpt":{"rendered":"<p>Premijer\u00a0Milojko Spaji\u0107\u00a0zatra\u017eio je razrje\u0161enje ministra sporta i mladih\u00a0Dragoslava \u0160\u0107eki\u0107a, saznaje nezvani\u010dno CdM.<\/p>","protected":false},"author":1,"featured_media":915684,"comment_status":"open","ping_status":"open","sticky":false,"template":"","format":"standard","meta":{"_acf_changed":false,"footnotes":""},"categories":[12],"tags":[5073,142],"naslovna":[],"class_list":["post-916652","post","type-post","status-publish","format-standard","has-post-thumbnail","hentry","category-politika","tag-scekic-5","tag-spajic"],"acf":[],"yoast_head":"<!-- This site is optimized with the Yoast SEO plugin v27.4 - https:\/\/yoast.com\/product\/yoast-seo-wordpress\/ -->\n<title>Spaji\u0107 poslao prijedlog za razrje\u0161enje \u0160\u0107eki\u0107a - dmcsrb.com<\/title>\n<meta name=\"robots\" content=\"index, follow, max-snippet:-1, max-image-preview:large, max-video-preview:-1\" \/>\n<link rel=\"canonical\" href=\"https:\/\/dmcsrb.com\/en\/politika\/spajic-poslao-prijedlog-za-razrjesenje-scekica\/\" \/>\n<meta property=\"og:locale\" content=\"en_GB\" \/>\n<meta property=\"og:type\" content=\"article\" \/>\n<meta property=\"og:title\" content=\"Spaji\u0107 poslao prijedlog za razrje\u0161enje \u0160\u0107eki\u0107a - dmcsrb.com\" \/>\n<meta property=\"og:description\" content=\"Premijer\u00a0Milojko Spaji\u0107\u00a0zatra\u017eio je razrje\u0161enje ministra sporta i mladih\u00a0Dragoslava \u0160\u0107eki\u0107a, saznaje nezvani\u010dno CdM.\" \/>\n<meta property=\"og:url\" content=\"https:\/\/dmcsrb.com\/en\/politika\/spajic-poslao-prijedlog-za-razrjesenje-scekica\/\" \/>\n<meta property=\"og:site_name\" content=\"dmcsrb.com\" \/>\n<meta property=\"article:published_time\" content=\"2025-12-30T12:16:38+00:00\" \/>\n<meta property=\"og:image\" content=\"https:\/\/dmcsrb.com\/wp-content\/uploads\/2026\/01\/Spajic-Milojko-sjednica-Vlade-foto-Vlada-CG.jpg\" \/>\n\t<meta property=\"og:image:width\" content=\"1040\" \/>\n\t<meta property=\"og:image:height\" content=\"687\" \/>\n\t<meta property=\"og:image:type\" content=\"image\/jpeg\" \/>\n<meta name=\"author\" content=\"dmcsrbija.com@gmail.com\" \/>\n<meta name=\"twitter:card\" content=\"summary_large_image\" \/>\n<meta name=\"twitter:label1\" content=\"Written by\" \/>\n\t<meta name=\"twitter:data1\" content=\"dmcsrbija.com@gmail.com\" \/>\n<script type=\"application\/ld+json\" class=\"yoast-schema-graph\">{\"@context\":\"https:\\\/\\\/schema.org\",\"@graph\":[{\"@type\":\"Article\",\"@id\":\"https:\\\/\\\/dmcsrb.com\\\/politika\\\/spajic-poslao-prijedlog-za-razrjesenje-scekica\\\/#article\",\"isPartOf\":{\"@id\":\"https:\\\/\\\/dmcsrb.com\\\/politika\\\/spajic-poslao-prijedlog-za-razrjesenje-scekica\\\/\"},\"author\":{\"name\":\"dmcsrbija.com@gmail.com\",\"@id\":\"https:\\\/\\\/dmcsrb.com\\\/#\\\/schema\\\/person\\\/5c39170f12db1b8b457732d0b5c854e2\"},\"headline\":\"Spaji\u0107 poslao prijedlog za razrje\u0161enje \u0160\u0107eki\u0107a\",\"datePublished\":\"2025-12-30T12:16:38+00:00\",\"mainEntityOfPage\":{\"@id\":\"https:\\\/\\\/dmcsrb.com\\\/politika\\\/spajic-poslao-prijedlog-za-razrjesenje-scekica\\\/\"},\"wordCount\":106,\"commentCount\":0,\"image\":{\"@id\":\"https:\\\/\\\/dmcsrb.com\\\/politika\\\/spajic-poslao-prijedlog-za-razrjesenje-scekica\\\/#primaryimage\"},\"thumbnailUrl\":\"https:\\\/\\\/dmcsrb.com\\\/wp-content\\\/uploads\\\/2026\\\/01\\\/Spajic-Milojko-sjednica-Vlade-foto-Vlada-CG.jpg\",\"keywords\":[\"s\u0107eki\u0107\",\"Spaji\u0107\"],\"articleSection\":[\"Politika\"],\"inLanguage\":\"en-GB\",\"potentialAction\":[{\"@type\":\"CommentAction\",\"name\":\"Comment\",\"target\":[\"https:\\\/\\\/dmcsrb.com\\\/politika\\\/spajic-poslao-prijedlog-za-razrjesenje-scekica\\\/#respond\"]}]},{\"@type\":\"WebPage\",\"@id\":\"https:\\\/\\\/dmcsrb.com\\\/politika\\\/spajic-poslao-prijedlog-za-razrjesenje-scekica\\\/\",\"url\":\"https:\\\/\\\/dmcsrb.com\\\/politika\\\/spajic-poslao-prijedlog-za-razrjesenje-scekica\\\/\",\"name\":\"Spaji\u0107 poslao prijedlog za razrje\u0161enje \u0160\u0107eki\u0107a - dmcsrb.com\",\"isPartOf\":{\"@id\":\"https:\\\/\\\/dmcsrb.com\\\/#website\"},\"primaryImageOfPage\":{\"@id\":\"https:\\\/\\\/dmcsrb.com\\\/politika\\\/spajic-poslao-prijedlog-za-razrjesenje-scekica\\\/#primaryimage\"},\"image\":{\"@id\":\"https:\\\/\\\/dmcsrb.com\\\/politika\\\/spajic-poslao-prijedlog-za-razrjesenje-scekica\\\/#primaryimage\"},\"thumbnailUrl\":\"https:\\\/\\\/dmcsrb.com\\\/wp-content\\\/uploads\\\/2026\\\/01\\\/Spajic-Milojko-sjednica-Vlade-foto-Vlada-CG.jpg\",\"datePublished\":\"2025-12-30T12:16:38+00:00\",\"author\":{\"@id\":\"https:\\\/\\\/dmcsrb.com\\\/#\\\/schema\\\/person\\\/5c39170f12db1b8b457732d0b5c854e2\"},\"breadcrumb\":{\"@id\":\"https:\\\/\\\/dmcsrb.com\\\/politika\\\/spajic-poslao-prijedlog-za-razrjesenje-scekica\\\/#breadcrumb\"},\"inLanguage\":\"en-GB\",\"potentialAction\":[{\"@type\":\"ReadAction\",\"target\":[\"https:\\\/\\\/dmcsrb.com\\\/politika\\\/spajic-poslao-prijedlog-za-razrjesenje-scekica\\\/\"]}]},{\"@type\":\"ImageObject\",\"inLanguage\":\"en-GB\",\"@id\":\"https:\\\/\\\/dmcsrb.com\\\/politika\\\/spajic-poslao-prijedlog-za-razrjesenje-scekica\\\/#primaryimage\",\"url\":\"https:\\\/\\\/dmcsrb.com\\\/wp-content\\\/uploads\\\/2026\\\/01\\\/Spajic-Milojko-sjednica-Vlade-foto-Vlada-CG.jpg\",\"contentUrl\":\"https:\\\/\\\/dmcsrb.com\\\/wp-content\\\/uploads\\\/2026\\\/01\\\/Spajic-Milojko-sjednica-Vlade-foto-Vlada-CG.jpg\",\"width\":1040,\"height\":687},{\"@type\":\"BreadcrumbList\",\"@id\":\"https:\\\/\\\/dmcsrb.com\\\/politika\\\/spajic-poslao-prijedlog-za-razrjesenje-scekica\\\/#breadcrumb\",\"itemListElement\":[{\"@type\":\"ListItem\",\"position\":1,\"name\":\"Home\",\"item\":\"https:\\\/\\\/dmcsrb.com\\\/\"},{\"@type\":\"ListItem\",\"position\":2,\"name\":\"Spaji\u0107 poslao prijedlog za razrje\u0161enje \u0160\u0107eki\u0107a\"}]},{\"@type\":\"WebSite\",\"@id\":\"https:\\\/\\\/dmcsrb.com\\\/#website\",\"url\":\"https:\\\/\\\/dmcsrb.com\\\/\",\"name\":\"dmcsrb.com\",\"description\":\"\",\"potentialAction\":[{\"@type\":\"SearchAction\",\"target\":{\"@type\":\"EntryPoint\",\"urlTemplate\":\"https:\\\/\\\/dmcsrb.com\\\/?s={search_term_string}\"},\"query-input\":{\"@type\":\"PropertyValueSpecification\",\"valueRequired\":true,\"valueName\":\"search_term_string\"}}],\"inLanguage\":\"en-GB\"},{\"@type\":\"Person\",\"@id\":\"https:\\\/\\\/dmcsrb.com\\\/#\\\/schema\\\/person\\\/5c39170f12db1b8b457732d0b5c854e2\",\"name\":\"dmcsrbija.com@gmail.com\",\"image\":{\"@type\":\"ImageObject\",\"inLanguage\":\"en-GB\",\"@id\":\"https:\\\/\\\/secure.gravatar.com\\\/avatar\\\/68592660ad6347fad0fb587f8d5d8f1a7b44961362f56e4f2cd524feb87e9069?s=96&d=mm&r=g\",\"url\":\"https:\\\/\\\/secure.gravatar.com\\\/avatar\\\/68592660ad6347fad0fb587f8d5d8f1a7b44961362f56e4f2cd524feb87e9069?s=96&d=mm&r=g\",\"contentUrl\":\"https:\\\/\\\/secure.gravatar.com\\\/avatar\\\/68592660ad6347fad0fb587f8d5d8f1a7b44961362f56e4f2cd524feb87e9069?s=96&d=mm&r=g\",\"caption\":\"dmcsrbija.com@gmail.com\"},\"sameAs\":[\"https:\\\/\\\/dmcsrb.com\"],\"url\":\"https:\\\/\\\/dmcsrb.com\\\/en\\\/author\\\/dmcsrbija-comgmail-com\\\/\"}]}<\/script>\n<!-- \/ Yoast SEO plugin. -->","yoast_head_json":{"title":"Spaji\u0107 poslao prijedlog za razrje\u0161enje \u0160\u0107eki\u0107a - dmcsrb.com","robots":{"index":"index","follow":"follow","max-snippet":"max-snippet:-1","max-image-preview":"max-image-preview:large","max-video-preview":"max-video-preview:-1"},"canonical":"https:\/\/dmcsrb.com\/en\/politika\/spajic-poslao-prijedlog-za-razrjesenje-scekica\/","og_locale":"en_GB","og_type":"article","og_title":"Spaji\u0107 poslao prijedlog za razrje\u0161enje \u0160\u0107eki\u0107a - dmcsrb.com","og_description":"Premijer\u00a0Milojko Spaji\u0107\u00a0zatra\u017eio je razrje\u0161enje ministra sporta i mladih\u00a0Dragoslava \u0160\u0107eki\u0107a, saznaje nezvani\u010dno CdM.","og_url":"https:\/\/dmcsrb.com\/en\/politika\/spajic-poslao-prijedlog-za-razrjesenje-scekica\/","og_site_name":"dmcsrb.com","article_published_time":"2025-12-30T12:16:38+00:00","og_image":[{"width":1040,"height":687,"url":"https:\/\/dmcsrb.com\/wp-content\/uploads\/2026\/01\/Spajic-Milojko-sjednica-Vlade-foto-Vlada-CG.jpg","type":"image\/jpeg"}],"author":"dmcsrbija.com@gmail.com","twitter_card":"summary_large_image","twitter_misc":{"Written by":"dmcsrbija.com@gmail.com"},"schema":{"@context":"https:\/\/schema.org","@graph":[{"@type":"Article","@id":"https:\/\/dmcsrb.com\/politika\/spajic-poslao-prijedlog-za-razrjesenje-scekica\/#article","isPartOf":{"@id":"https:\/\/dmcsrb.com\/politika\/spajic-poslao-prijedlog-za-razrjesenje-scekica\/"},"author":{"name":"dmcsrbija.com@gmail.com","@id":"https:\/\/dmcsrb.com\/#\/schema\/person\/5c39170f12db1b8b457732d0b5c854e2"},"headline":"Spaji\u0107 poslao prijedlog za razrje\u0161enje \u0160\u0107eki\u0107a","datePublished":"2025-12-30T12:16:38+00:00","mainEntityOfPage":{"@id":"https:\/\/dmcsrb.com\/politika\/spajic-poslao-prijedlog-za-razrjesenje-scekica\/"},"wordCount":106,"commentCount":0,"image":{"@id":"https:\/\/dmcsrb.com\/politika\/spajic-poslao-prijedlog-za-razrjesenje-scekica\/#primaryimage"},"thumbnailUrl":"https:\/\/dmcsrb.com\/wp-content\/uploads\/2026\/01\/Spajic-Milojko-sjednica-Vlade-foto-Vlada-CG.jpg","keywords":["s\u0107eki\u0107","Spaji\u0107"],"articleSection":["Politika"],"inLanguage":"en-GB","potentialAction":[{"@type":"CommentAction","name":"Comment","target":["https:\/\/dmcsrb.com\/politika\/spajic-poslao-prijedlog-za-razrjesenje-scekica\/#respond"]}]},{"@type":"WebPage","@id":"https:\/\/dmcsrb.com\/politika\/spajic-poslao-prijedlog-za-razrjesenje-scekica\/","url":"https:\/\/dmcsrb.com\/politika\/spajic-poslao-prijedlog-za-razrjesenje-scekica\/","name":"Spaji\u0107 poslao prijedlog za razrje\u0161enje \u0160\u0107eki\u0107a - dmcsrb.com","isPartOf":{"@id":"https:\/\/dmcsrb.com\/#website"},"primaryImageOfPage":{"@id":"https:\/\/dmcsrb.com\/politika\/spajic-poslao-prijedlog-za-razrjesenje-scekica\/#primaryimage"},"image":{"@id":"https:\/\/dmcsrb.com\/politika\/spajic-poslao-prijedlog-za-razrjesenje-scekica\/#primaryimage"},"thumbnailUrl":"https:\/\/dmcsrb.com\/wp-content\/uploads\/2026\/01\/Spajic-Milojko-sjednica-Vlade-foto-Vlada-CG.jpg","datePublished":"2025-12-30T12:16:38+00:00","author":{"@id":"https:\/\/dmcsrb.com\/#\/schema\/person\/5c39170f12db1b8b457732d0b5c854e2"},"breadcrumb":{"@id":"https:\/\/dmcsrb.com\/politika\/spajic-poslao-prijedlog-za-razrjesenje-scekica\/#breadcrumb"},"inLanguage":"en-GB","potentialAction":[{"@type":"ReadAction","target":["https:\/\/dmcsrb.com\/politika\/spajic-poslao-prijedlog-za-razrjesenje-scekica\/"]}]},{"@type":"ImageObject","inLanguage":"en-GB","@id":"https:\/\/dmcsrb.com\/politika\/spajic-poslao-prijedlog-za-razrjesenje-scekica\/#primaryimage","url":"https:\/\/dmcsrb.com\/wp-content\/uploads\/2026\/01\/Spajic-Milojko-sjednica-Vlade-foto-Vlada-CG.jpg","contentUrl":"https:\/\/dmcsrb.com\/wp-content\/uploads\/2026\/01\/Spajic-Milojko-sjednica-Vlade-foto-Vlada-CG.jpg","width":1040,"height":687},{"@type":"BreadcrumbList","@id":"https:\/\/dmcsrb.com\/politika\/spajic-poslao-prijedlog-za-razrjesenje-scekica\/#breadcrumb","itemListElement":[{"@type":"ListItem","position":1,"name":"Home","item":"https:\/\/dmcsrb.com\/"},{"@type":"ListItem","position":2,"name":"Spaji\u0107 poslao prijedlog za razrje\u0161enje \u0160\u0107eki\u0107a"}]},{"@type":"WebSite","@id":"https:\/\/dmcsrb.com\/#website","url":"https:\/\/dmcsrb.com\/","name":"dmcsrb.com","description":"","potentialAction":[{"@type":"SearchAction","target":{"@type":"EntryPoint","urlTemplate":"https:\/\/dmcsrb.com\/?s={search_term_string}"},"query-input":{"@type":"PropertyValueSpecification","valueRequired":true,"valueName":"search_term_string"}}],"inLanguage":"en-GB"},{"@type":"Person","@id":"https:\/\/dmcsrb.com\/#\/schema\/person\/5c39170f12db1b8b457732d0b5c854e2","name":"dmcsrbija.com@gmail.com","image":{"@type":"ImageObject","inLanguage":"en-GB","@id":"https:\/\/secure.gravatar.com\/avatar\/68592660ad6347fad0fb587f8d5d8f1a7b44961362f56e4f2cd524feb87e9069?s=96&d=mm&r=g","url":"https:\/\/secure.gravatar.com\/avatar\/68592660ad6347fad0fb587f8d5d8f1a7b44961362f56e4f2cd524feb87e9069?s=96&d=mm&r=g","contentUrl":"https:\/\/secure.gravatar.com\/avatar\/68592660ad6347fad0fb587f8d5d8f1a7b44961362f56e4f2cd524feb87e9069?s=96&d=mm&r=g","caption":"dmcsrbija.com@gmail.com"},"sameAs":["https:\/\/dmcsrb.com"],"url":"https:\/\/dmcsrb.com\/en\/author\/dmcsrbija-comgmail-com\/"}]}},"_links":{"self":[{"href":"https:\/\/dmcsrb.com\/en\/wp-json\/wp\/v2\/posts\/916652","targetHints":{"allow":["GET"]}}],"collection":[{"href":"https:\/\/dmcsrb.com\/en\/wp-json\/wp\/v2\/posts"}],"about":[{"href":"https:\/\/dmcsrb.com\/en\/wp-json\/wp\/v2\/types\/post"}],"author":[{"embeddable":true,"href":"https:\/\/dmcsrb.com\/en\/wp-json\/wp\/v2\/users\/1"}],"replies":[{"embeddable":true,"href":"https:\/\/dmcsrb.com\/en\/wp-json\/wp\/v2\/comments?post=916652"}],"version-history":[{"count":0,"href":"https:\/\/dmcsrb.com\/en\/wp-json\/wp\/v2\/posts\/916652\/revisions"}],"wp:featuredmedia":[{"embeddable":true,"href":"https:\/\/dmcsrb.com\/en\/wp-json\/wp\/v2\/media\/915684"}],"wp:attachment":[{"href":"https:\/\/dmcsrb.com\/en\/wp-json\/wp\/v2\/media?parent=916652"}],"wp:term":[{"taxonomy":"category","embeddable":true,"href":"https:\/\/dmcsrb.com\/en\/wp-json\/wp\/v2\/categories?post=916652"},{"taxonomy":"post_tag","embeddable":true,"href":"https:\/\/dmcsrb.com\/en\/wp-json\/wp\/v2\/tags?post=916652"},{"taxonomy":"naslovna","embeddable":true,"href":"https:\/\/dmcsrb.com\/en\/wp-json\/wp\/v2\/naslovna?post=916652"}],"curies":[{"name":"wp","href":"https:\/\/api.w.org\/{rel}","templated":true}]}}