{"id":916651,"date":"2025-12-30T15:04:00","date_gmt":"2025-12-30T14:04:00","guid":{"rendered":"https:\/\/dmcsrb.com\/uncategorized\/nezavisni-sindikat-aerodroma-krivicna-prijava-sdt-u-povodom-otkaza-knezevic\/"},"modified":"2025-12-30T15:04:00","modified_gmt":"2025-12-30T14:04:00","slug":"nezavisni-sindikat-aerodroma-krivicna-prijava-sdt-u-povodom-otkaza-knezevic","status":"publish","type":"post","link":"https:\/\/dmcsrb.com\/en\/drustvo\/nezavisni-sindikat-aerodroma-krivicna-prijava-sdt-u-povodom-otkaza-knezevic\/","title":{"rendered":"Nezavisni sindikat Aerodroma: Krivi\u010dna prijava SDT-u povodom otkaza Kne\u017eevi\u0107"},"content":{"rendered":"<p><\/p>\n\n\n\n<p><\/p>\n\n\n\n<p><strong>Saop\u0161tenje prenosimo integralno:&nbsp;<\/strong><\/p>\n\n\n\n<p>\u201cKrivi\u010dnom prijavom su obuhva\u0107eni:&nbsp;<strong>Roko Toli\u0107<\/strong>&nbsp;(izvr\u0161ni direktor),&nbsp;<strong>Jelena Mara\u0161<\/strong>&nbsp;(predsjednica Odbora direktora) i \u010dlanovi Odbora direktora&nbsp;<strong>Nikola Baj\u010deti\u0107<\/strong>,&nbsp;<strong>Stefan Mad\u017egalj,<\/strong>&nbsp;<strong>Lazar Bojani\u0107<\/strong>&nbsp;i&nbsp;<strong>Edina Daci\u0107<\/strong>, zbog postojanja osnova sumnje da su, svako u okviru svoje funkcije i ovla\u0161\u0107enja, kako se u prijavi navodi, koordinisano i vremenski povezano preduzimali radnje koje su, prema navodima prijave, bile u vezi sa postupanjem koje je okon\u010dano prestankom radnog odnosa Biljane Kne\u017eevi\u0107, i koje mogu imati za posljedicu slabljenje i fakti\u010dko ote\u017eavanje djelovanja Nezavisnog sindikata, uz efekat koji mo\u017ee djelovati odvra\u0107aju\u0107e (hla\u0111uju\u0107e) na ostale zaposlene.<\/p>\n\n\n\n<p>Nezavisni sindikat nagla\u0161ava da su u krivi\u010dnoj prijavi SDT-u izlo\u017eeni relevantni navodi i okolnosti, uz obimnu prilo\u017eenu dokumentaciju, te da je precizno i hronolo\u0161ki prikazano \u0161ta je preduzimano i na koji na\u010din, kao i da je u prijavi navedena veza izme\u0111u sindikalnih i uzbunjiva\u010dkih aktivnosti i disciplinskih mjera koje su kulminirale otkazom, zbog \u010dega su u prijavi ozna\u010dena sljede\u0107a krivi\u010dna djela (u saizvr\u0161ila\u0161tvu, podstrekavanju i pomaganju, prema ulozi svakog prijavljenog):<\/p>\n\n\n\n<p>Zloupotreba slu\u017ebenog polo\u017eaja \u2013 \u010dl. 416 KZCG<\/p>\n\n\n\n<p>Povreda prava iz rada \u2013 \u010dl. 224 st. 1 i st. 2 KZCG<\/p>\n\n\n\n<p>Povreda ravnopravnosti \u2013 \u010dl. 159 st. 1 i st. 3 KZCG<\/p>\n\n\n\n<p>Sprje\u010davanje politi\u010dkog, sindikalnog i drugog organizovanja i djelovanja \u2013 \u010dl. 182 KZCG<\/p>\n\n\n\n<p>Povreda slobode govora i javnog istupanja \u2013 \u010dl. 178 st. 2 KZCG<\/p>\n\n\n\n<p>Nesavjestan rad u slu\u017ebi \u2013 \u010dl. 417 KZCG<\/p>\n\n\n\n<p>Nezavisni sindikat nagla\u0161ava da se radi o navodima naro\u010dite te\u017eine i o\u010dekuje da SDT, u okviru svojih nadle\u017enosti, hitno i temeljno ispita sve opisane okolnosti i prilo\u017eene dokaze, uklju\u010duju\u0107i hronologiju postupanja i navode o mogu\u0107oj retorziji, te preduzme radnje iz svoje nadle\u017enosti u skladu sa zakonom, uz puno po\u0161tovanje pretpostavke nevinosti.<\/p>\n\n\n\n<p><strong>Hronologija i klju\u010dni navodi iz krivi\u010dne prijave<\/strong><\/p>\n\n\n\n<p>Sljede\u0107i pregled predstavlja samo klju\u010dne ta\u010dke i dio navoda iz krivi\u010dne prijave; cjelokupan podnesak SDT-u sadr\u017ei \u0161ire obrazlo\u017eenje i prate\u0107u dokumentaciju.<\/p>\n\n\n\n<p>Prema navodima iz krivi\u010dne prijave, u veoma kratkom vremenskom razmaku uslijedio je niz radnji \u010dija hronologija, po ocjeni Sindikata, jasno ukazuje na obrazac koordinisanog postupanja:<\/p>\n\n\n\n<p>Prema navodima iz krivi\u010dne prijave, svega nekoliko dana nakon najintenzivnijih sindikalnih aktivnosti, krivi\u010dnih prijava i urgencija (uklju\u010duju\u0107i obra\u0107anja Predsjedniku Vlade), poslodavac pokre\u0107e prva dva disciplinska postupka koji su zavedeni 16.09.2025.<\/p>\n\n\n\n<p>Istog dana prema navodima prijave i sadr\u017eaju tre\u0107eg upozorenja, u obrazlo\u017eenju se navodi da je tre\u0107i disciplinski postupak pokrenut na osnovu inicijative predsjednice Odbora direktora datirane 16.09.2025., dok je postupak formalno pokrenut 22.09.2025.<\/p>\n\n\n\n<p>Drugim rije\u010dima, tre\u0107i postupak je formalizovan nekoliko dana kasnije, ali je \u2013 prema navodima iz prijave \u2013 iniciran istog dana kada su prva dva disciplinska postupka zavedena, \u0161to se u prijavi navodi kao okolnost koja mo\u017ee ukazivati na vremenski tempiran niz mjera, a ne kao rezultat odvojenih i objektivnih postupanja.<\/p>\n\n\n\n<p>U prijavi se navodi da se Sindikat poziva na nalaz Inspekcije rada prema kojem tokom nadzora nije stavljen na uvid dokaz da je<strong>&nbsp;Jelena Mara\u0161<\/strong>&nbsp;zaposlena (u radnom odnosu) kod Aerodroma Crne Gore u smislu Zakona o radu, te da se u prijavi i tre\u0107em upozorenju navodi inicijativa predsjednice Odbora direktora, pri \u010demu Sindikat ukazuje da se ova okolnost u prijavi isti\u010de kao posebno osjetljiva i relevantna za ocjenu procesne zakonitosti i ovla\u0161\u0107enja u primjeni disciplinskog mehanizma.<\/p>\n\n\n\n<p>U prijavi se problematizuje i povreda principa pravne sigurnosti kroz praksu da se isti sindikalni dopis od 10.09.2025, izme\u0111u ostalog, koristi kao klju\u010dni osnov u dva od tri postupka uz razli\u010dite formalne kvalifikacije, dok je \u010dinjeni\u010dni opis su\u0161tinski isti; to se u prijavi navodi kao okolnost suprotna zabrani dvostrukog sankcionisanja za istu stvar (ne bis in idem), sa efektom poja\u010davanja pritiska i stvaranja privida \u201cvi\u0161estrukih te\u0161kih povreda\u201d.<\/p>\n\n\n\n<p>Kao posebno zabrinjavaju\u0107e, u prijavi se navodi da su disciplinski predmeti zasnovani na sindikalnim i uzbunjiva\u010dkim radnjama (dopisima, obra\u0107anjima Predsjedniku Vlade, nadle\u017enim organima, medijima i tu\u017eila\u0161tvu), a ne na konkretnim propustima u obavljanju radnih zadataka.<\/p>\n\n\n\n<p>U jednom od postupaka, prema navodima iz prijave, poslodavac o\u0161te\u0107enoj stavlja na teret navodnu \u201czloupotrebu polo\u017eaja predsjednice sindikata\u201c, uz kvalifikacije da postupa \u201cprivatno\u201c i da vodi \u201cli\u010dni\/privatni rat\u201c; me\u0111utim, u zapisnik sa rasprave je unesena izri\u010dita izjava ovla\u0161\u0107enog predstavnika Izvr\u0161nog odbora Nezavisnog sindikata da Biljana ne postupa privatno, ve\u0107 djeluje po eksplicitnom stavu Izvr\u0161nog odbora, u okviru statutarnih i zakonskih ovla\u0161\u0107enja, uz navod da takvo kvalifikovanje mo\u017ee predstavljati nedozvoljeno mije\u0161anje poslodavca u unutra\u0161nje djelovanje Sindikata.<\/p>\n\n\n\n<p>U prijavi se dalje navodi da taj zvani\u010dni stav u kasnijim aktima nije uzet u obzir, uz nastavak istih kvalifikacija, \u0161to se u prijavi, po ocjeni Sindikata, navodi kao okolnost koja mo\u017ee ukazivati da postupanje nije bilo usmjereno na nepristrasno utvr\u0111ivanje \u010dinjenica, ve\u0107 na poku\u0161aj diskreditacije sindikalnog djelovanja i stvaranje osnove za najte\u017eu mjeru.<\/p>\n\n\n\n<p>Tako\u0111e, prema navodima iz prijave, na usmenoj raspravi 07.10.2025. u disciplinskom postupku postavljana su pitanja o unutra\u0161njoj strukturi sindikata, broju \u010dlanova i na\u010dinu odlu\u010divanja organa sindikata, a u zapisniku je zabilje\u017een prigovor branioca da, po njegovom stavu, ovla\u0161\u0107eno lice poslodavca nema ovla\u0161\u0107enja da vodi \u201cistragu\u201c prema \u010dlanovima sindikata. U prijavi se ove okolnosti navode kao element koji mo\u017ee ukazivati na kori\u0161\u0107enje disciplinskog postupka u svrhe pritiska na sindikalnu autonomiju.<\/p>\n\n\n\n<p>Izvr\u0161ni odbor Nezavisnog sindikata je, kako se navodi u krivi\u010dnoj prijavi, 19.10.2025. godine pismeno upozorio lica obuhva\u0107ena prijavom (putem slu\u017ebene elektronske po\u0161te) i u dopisu ukazao na vi\u0161e navoda i okolnosti koje Sindikat ozna\u010dava kao nepravilnosti u paralelnom vo\u0111enju postupaka, uz ocjenu da, polaze\u0107i od hronologije postupanja, postoji rizik da se radi o radnjama koje mogu imati obilje\u017eja zlostavljanja na radu (mobinga) i odmazde zbog sindikalnih i uzbunjiva\u010dkih aktivnosti, te da bi izricanje mjera u takvim okolnostima moglo predstavljati mogu\u0107u povredu Ustava Crne Gore, Zakona o radu, Zakona o zabrani zlostavljavanja na radu i Krivi\u010dnog zakonika, i povu\u0107i mogu\u0107u li\u010dnu i\/ili odgovornost pravnog lica; uprkos tome, prema navodima prijave, postupanje je nastavljeno i nakon upozorenja, uklju\u010duju\u0107i dono\u0161enje rje\u0161enja o prestanku radnog odnosa \u2014 \u0161to se u prijavi navodi kao okolnost koja mo\u017ee ukazivati na upoznatost sa rizikom mogu\u0107e protivpravnosti i posljedicama daljeg postupanja.<\/p>\n\n\n\n<p>U krivi\u010dnoj prijavi se tako\u0111e ukazuje da redosljed okon\u010danja disciplinskih postupaka, po ocjeni Sindikata, predstavlja indikator da odluka o otkazu mo\u017ee biti su\u0161tinski povezana sa inicijativom Biljane da se pokrene pitanje smjene predsjednice Odbora direktora.<\/p>\n\n\n\n<p>Sindikat ovim putem upozorava da \u0107e svaki eventualni dalji vid pritiska, retorzije ili poku\u0161aja zastra\u0161ivanja zaposlenih zbog sindikalnog i uzbunjiva\u010dkog djelovanja biti dokumentovan i prijavljen nadle\u017enim organima.<\/p>\n\n\n\n<p>Pravna napomena: Ovo saop\u0161tenje predstavlja javno obavje\u0161tenje o \u010dinjenici podno\u0161enja krivi\u010dne prijave Specijalnom dr\u017eavnom tu\u017eila\u0161tvu i preno\u0161enje navoda iz te prijave i prate\u0107e dokumentacije, bez izno\u0161enja kona\u010dnih tvrdnji i bez prejudiciranja bilo \u010dije odgovornosti. Svi navodi se iznose u formi osnova sumnje i ocjene sadr\u017eane u podnesku, a postupak utvr\u0111ivanja \u010dinjenica i eventualne krivi\u010dne odgovornosti isklju\u010divo je u nadle\u017enosti SDT-a i nadle\u017enog suda, uz puno po\u0161tovanje pretpostavke nevinosti\u201d.<\/p>","protected":false},"excerpt":{"rendered":"<p>Nezavisni sindikat Aerodroma Crne Gore saop\u0161tio je da je podnio krivi\u010dnu prijavu Specijalnom dr\u017eavnom tu\u017eila\u0161tvu (SDT) povodom otkaza predsjednici Sindikata\u00a0Biljani Kne\u017eevi\u0107, osobi sa utvr\u0111enim invaliditetom od 50 odsto i osobi sa statusom zvi\u017eda\u010da.<\/p>","protected":false},"author":1,"featured_media":915973,"comment_status":"open","ping_status":"open","sticky":false,"template":"","format":"standard","meta":{"_acf_changed":false,"footnotes":""},"categories":[2],"tags":[5085,719],"naslovna":[],"class_list":["post-916651","post","type-post","status-publish","format-standard","has-post-thumbnail","hentry","category-drustvo","tag-acg","tag-aerodromi"],"acf":[],"yoast_head":"<!-- This site is optimized with the Yoast SEO plugin v27.0 - https:\/\/yoast.com\/product\/yoast-seo-wordpress\/ -->\n<title>Nezavisni sindikat Aerodroma: Krivi\u010dna prijava SDT-u povodom otkaza Kne\u017eevi\u0107 - dmcsrb.com<\/title>\n<meta name=\"robots\" content=\"index, follow, max-snippet:-1, max-image-preview:large, max-video-preview:-1\" \/>\n<link rel=\"canonical\" href=\"https:\/\/dmcsrb.com\/en\/drustvo\/nezavisni-sindikat-aerodroma-krivicna-prijava-sdt-u-povodom-otkaza-knezevic\/\" \/>\n<meta property=\"og:locale\" content=\"en_GB\" \/>\n<meta property=\"og:type\" content=\"article\" \/>\n<meta property=\"og:title\" content=\"Nezavisni sindikat Aerodroma: Krivi\u010dna prijava SDT-u povodom otkaza Kne\u017eevi\u0107 - dmcsrb.com\" \/>\n<meta property=\"og:description\" content=\"Nezavisni sindikat Aerodroma Crne Gore saop\u0161tio je da je podnio krivi\u010dnu prijavu Specijalnom dr\u017eavnom tu\u017eila\u0161tvu (SDT) povodom otkaza predsjednici Sindikata\u00a0Biljani Kne\u017eevi\u0107, osobi sa utvr\u0111enim invaliditetom od 50 odsto i osobi sa statusom zvi\u017eda\u010da.\" \/>\n<meta property=\"og:url\" content=\"https:\/\/dmcsrb.com\/en\/drustvo\/nezavisni-sindikat-aerodroma-krivicna-prijava-sdt-u-povodom-otkaza-knezevic\/\" \/>\n<meta property=\"og:site_name\" content=\"dmcsrb.com\" \/>\n<meta property=\"article:published_time\" content=\"2025-12-30T14:04:00+00:00\" \/>\n<meta property=\"og:image\" content=\"https:\/\/dmcsrb.com\/wp-content\/uploads\/2026\/01\/aerodromi_675x900.jpg\" \/>\n\t<meta property=\"og:image:width\" content=\"900\" \/>\n\t<meta property=\"og:image:height\" content=\"675\" \/>\n\t<meta property=\"og:image:type\" content=\"image\/jpeg\" \/>\n<meta name=\"author\" content=\"dmcsrbija.com@gmail.com\" \/>\n<meta name=\"twitter:card\" content=\"summary_large_image\" \/>\n<meta name=\"twitter:label1\" content=\"Written by\" \/>\n\t<meta name=\"twitter:data1\" content=\"dmcsrbija.com@gmail.com\" \/>\n\t<meta name=\"twitter:label2\" content=\"Estimated reading time\" \/>\n\t<meta name=\"twitter:data2\" content=\"6 minutes\" \/>\n<script type=\"application\/ld+json\" class=\"yoast-schema-graph\">{\"@context\":\"https:\/\/schema.org\",\"@graph\":[{\"@type\":\"Article\",\"@id\":\"https:\/\/dmcsrb.com\/drustvo\/nezavisni-sindikat-aerodroma-krivicna-prijava-sdt-u-povodom-otkaza-knezevic\/#article\",\"isPartOf\":{\"@id\":\"https:\/\/dmcsrb.com\/drustvo\/nezavisni-sindikat-aerodroma-krivicna-prijava-sdt-u-povodom-otkaza-knezevic\/\"},\"author\":{\"name\":\"dmcsrbija.com@gmail.com\",\"@id\":\"https:\/\/dmcsrb.com\/#\/schema\/person\/5c39170f12db1b8b457732d0b5c854e2\"},\"headline\":\"Nezavisni sindikat Aerodroma: Krivi\u010dna prijava SDT-u povodom otkaza Kne\u017eevi\u0107\",\"datePublished\":\"2025-12-30T14:04:00+00:00\",\"mainEntityOfPage\":{\"@id\":\"https:\/\/dmcsrb.com\/drustvo\/nezavisni-sindikat-aerodroma-krivicna-prijava-sdt-u-povodom-otkaza-knezevic\/\"},\"wordCount\":1254,\"commentCount\":0,\"image\":{\"@id\":\"https:\/\/dmcsrb.com\/drustvo\/nezavisni-sindikat-aerodroma-krivicna-prijava-sdt-u-povodom-otkaza-knezevic\/#primaryimage\"},\"thumbnailUrl\":\"https:\/\/dmcsrb.com\/wp-content\/uploads\/2026\/01\/aerodromi_675x900.jpg\",\"keywords\":[\"ACG\",\"Aerodromi\"],\"articleSection\":[\"Dru\u0161tvo\"],\"inLanguage\":\"en-GB\",\"potentialAction\":[{\"@type\":\"CommentAction\",\"name\":\"Comment\",\"target\":[\"https:\/\/dmcsrb.com\/drustvo\/nezavisni-sindikat-aerodroma-krivicna-prijava-sdt-u-povodom-otkaza-knezevic\/#respond\"]}]},{\"@type\":\"WebPage\",\"@id\":\"https:\/\/dmcsrb.com\/drustvo\/nezavisni-sindikat-aerodroma-krivicna-prijava-sdt-u-povodom-otkaza-knezevic\/\",\"url\":\"https:\/\/dmcsrb.com\/drustvo\/nezavisni-sindikat-aerodroma-krivicna-prijava-sdt-u-povodom-otkaza-knezevic\/\",\"name\":\"Nezavisni sindikat Aerodroma: Krivi\u010dna prijava SDT-u povodom otkaza Kne\u017eevi\u0107 - dmcsrb.com\",\"isPartOf\":{\"@id\":\"https:\/\/dmcsrb.com\/#website\"},\"primaryImageOfPage\":{\"@id\":\"https:\/\/dmcsrb.com\/drustvo\/nezavisni-sindikat-aerodroma-krivicna-prijava-sdt-u-povodom-otkaza-knezevic\/#primaryimage\"},\"image\":{\"@id\":\"https:\/\/dmcsrb.com\/drustvo\/nezavisni-sindikat-aerodroma-krivicna-prijava-sdt-u-povodom-otkaza-knezevic\/#primaryimage\"},\"thumbnailUrl\":\"https:\/\/dmcsrb.com\/wp-content\/uploads\/2026\/01\/aerodromi_675x900.jpg\",\"datePublished\":\"2025-12-30T14:04:00+00:00\",\"author\":{\"@id\":\"https:\/\/dmcsrb.com\/#\/schema\/person\/5c39170f12db1b8b457732d0b5c854e2\"},\"breadcrumb\":{\"@id\":\"https:\/\/dmcsrb.com\/drustvo\/nezavisni-sindikat-aerodroma-krivicna-prijava-sdt-u-povodom-otkaza-knezevic\/#breadcrumb\"},\"inLanguage\":\"en-GB\",\"potentialAction\":[{\"@type\":\"ReadAction\",\"target\":[\"https:\/\/dmcsrb.com\/drustvo\/nezavisni-sindikat-aerodroma-krivicna-prijava-sdt-u-povodom-otkaza-knezevic\/\"]}]},{\"@type\":\"ImageObject\",\"inLanguage\":\"en-GB\",\"@id\":\"https:\/\/dmcsrb.com\/drustvo\/nezavisni-sindikat-aerodroma-krivicna-prijava-sdt-u-povodom-otkaza-knezevic\/#primaryimage\",\"url\":\"https:\/\/dmcsrb.com\/wp-content\/uploads\/2026\/01\/aerodromi_675x900.jpg\",\"contentUrl\":\"https:\/\/dmcsrb.com\/wp-content\/uploads\/2026\/01\/aerodromi_675x900.jpg\",\"width\":900,\"height\":675},{\"@type\":\"BreadcrumbList\",\"@id\":\"https:\/\/dmcsrb.com\/drustvo\/nezavisni-sindikat-aerodroma-krivicna-prijava-sdt-u-povodom-otkaza-knezevic\/#breadcrumb\",\"itemListElement\":[{\"@type\":\"ListItem\",\"position\":1,\"name\":\"Home\",\"item\":\"https:\/\/dmcsrb.com\/\"},{\"@type\":\"ListItem\",\"position\":2,\"name\":\"Nezavisni sindikat Aerodroma: Krivi\u010dna prijava SDT-u povodom otkaza Kne\u017eevi\u0107\"}]},{\"@type\":\"WebSite\",\"@id\":\"https:\/\/dmcsrb.com\/#website\",\"url\":\"https:\/\/dmcsrb.com\/\",\"name\":\"dmcsrb.com\",\"description\":\"\",\"potentialAction\":[{\"@type\":\"SearchAction\",\"target\":{\"@type\":\"EntryPoint\",\"urlTemplate\":\"https:\/\/dmcsrb.com\/?s={search_term_string}\"},\"query-input\":{\"@type\":\"PropertyValueSpecification\",\"valueRequired\":true,\"valueName\":\"search_term_string\"}}],\"inLanguage\":\"en-GB\"},{\"@type\":\"Person\",\"@id\":\"https:\/\/dmcsrb.com\/#\/schema\/person\/5c39170f12db1b8b457732d0b5c854e2\",\"name\":\"dmcsrbija.com@gmail.com\",\"image\":{\"@type\":\"ImageObject\",\"inLanguage\":\"en-GB\",\"@id\":\"https:\/\/dmcsrb.com\/#\/schema\/person\/image\/\",\"url\":\"https:\/\/secure.gravatar.com\/avatar\/68592660ad6347fad0fb587f8d5d8f1a7b44961362f56e4f2cd524feb87e9069?s=96&d=mm&r=g\",\"contentUrl\":\"https:\/\/secure.gravatar.com\/avatar\/68592660ad6347fad0fb587f8d5d8f1a7b44961362f56e4f2cd524feb87e9069?s=96&d=mm&r=g\",\"caption\":\"dmcsrbija.com@gmail.com\"},\"sameAs\":[\"https:\/\/dmcsrb.com\"],\"url\":\"https:\/\/dmcsrb.com\/en\/author\/dmcsrbija-comgmail-com\/\"}]}<\/script>\n<!-- \/ Yoast SEO plugin. -->","yoast_head_json":{"title":"Nezavisni sindikat Aerodroma: Krivi\u010dna prijava SDT-u povodom otkaza Kne\u017eevi\u0107 - dmcsrb.com","robots":{"index":"index","follow":"follow","max-snippet":"max-snippet:-1","max-image-preview":"max-image-preview:large","max-video-preview":"max-video-preview:-1"},"canonical":"https:\/\/dmcsrb.com\/en\/drustvo\/nezavisni-sindikat-aerodroma-krivicna-prijava-sdt-u-povodom-otkaza-knezevic\/","og_locale":"en_GB","og_type":"article","og_title":"Nezavisni sindikat Aerodroma: Krivi\u010dna prijava SDT-u povodom otkaza Kne\u017eevi\u0107 - dmcsrb.com","og_description":"Nezavisni sindikat Aerodroma Crne Gore saop\u0161tio je da je podnio krivi\u010dnu prijavu Specijalnom dr\u017eavnom tu\u017eila\u0161tvu (SDT) povodom otkaza predsjednici Sindikata\u00a0Biljani Kne\u017eevi\u0107, osobi sa utvr\u0111enim invaliditetom od 50 odsto i osobi sa statusom zvi\u017eda\u010da.","og_url":"https:\/\/dmcsrb.com\/en\/drustvo\/nezavisni-sindikat-aerodroma-krivicna-prijava-sdt-u-povodom-otkaza-knezevic\/","og_site_name":"dmcsrb.com","article_published_time":"2025-12-30T14:04:00+00:00","og_image":[{"width":900,"height":675,"url":"https:\/\/dmcsrb.com\/wp-content\/uploads\/2026\/01\/aerodromi_675x900.jpg","type":"image\/jpeg"}],"author":"dmcsrbija.com@gmail.com","twitter_card":"summary_large_image","twitter_misc":{"Written by":"dmcsrbija.com@gmail.com","Estimated reading time":"6 minutes"},"schema":{"@context":"https:\/\/schema.org","@graph":[{"@type":"Article","@id":"https:\/\/dmcsrb.com\/drustvo\/nezavisni-sindikat-aerodroma-krivicna-prijava-sdt-u-povodom-otkaza-knezevic\/#article","isPartOf":{"@id":"https:\/\/dmcsrb.com\/drustvo\/nezavisni-sindikat-aerodroma-krivicna-prijava-sdt-u-povodom-otkaza-knezevic\/"},"author":{"name":"dmcsrbija.com@gmail.com","@id":"https:\/\/dmcsrb.com\/#\/schema\/person\/5c39170f12db1b8b457732d0b5c854e2"},"headline":"Nezavisni sindikat Aerodroma: Krivi\u010dna prijava SDT-u povodom otkaza Kne\u017eevi\u0107","datePublished":"2025-12-30T14:04:00+00:00","mainEntityOfPage":{"@id":"https:\/\/dmcsrb.com\/drustvo\/nezavisni-sindikat-aerodroma-krivicna-prijava-sdt-u-povodom-otkaza-knezevic\/"},"wordCount":1254,"commentCount":0,"image":{"@id":"https:\/\/dmcsrb.com\/drustvo\/nezavisni-sindikat-aerodroma-krivicna-prijava-sdt-u-povodom-otkaza-knezevic\/#primaryimage"},"thumbnailUrl":"https:\/\/dmcsrb.com\/wp-content\/uploads\/2026\/01\/aerodromi_675x900.jpg","keywords":["ACG","Aerodromi"],"articleSection":["Dru\u0161tvo"],"inLanguage":"en-GB","potentialAction":[{"@type":"CommentAction","name":"Comment","target":["https:\/\/dmcsrb.com\/drustvo\/nezavisni-sindikat-aerodroma-krivicna-prijava-sdt-u-povodom-otkaza-knezevic\/#respond"]}]},{"@type":"WebPage","@id":"https:\/\/dmcsrb.com\/drustvo\/nezavisni-sindikat-aerodroma-krivicna-prijava-sdt-u-povodom-otkaza-knezevic\/","url":"https:\/\/dmcsrb.com\/drustvo\/nezavisni-sindikat-aerodroma-krivicna-prijava-sdt-u-povodom-otkaza-knezevic\/","name":"Nezavisni sindikat Aerodroma: Krivi\u010dna prijava SDT-u povodom otkaza Kne\u017eevi\u0107 - dmcsrb.com","isPartOf":{"@id":"https:\/\/dmcsrb.com\/#website"},"primaryImageOfPage":{"@id":"https:\/\/dmcsrb.com\/drustvo\/nezavisni-sindikat-aerodroma-krivicna-prijava-sdt-u-povodom-otkaza-knezevic\/#primaryimage"},"image":{"@id":"https:\/\/dmcsrb.com\/drustvo\/nezavisni-sindikat-aerodroma-krivicna-prijava-sdt-u-povodom-otkaza-knezevic\/#primaryimage"},"thumbnailUrl":"https:\/\/dmcsrb.com\/wp-content\/uploads\/2026\/01\/aerodromi_675x900.jpg","datePublished":"2025-12-30T14:04:00+00:00","author":{"@id":"https:\/\/dmcsrb.com\/#\/schema\/person\/5c39170f12db1b8b457732d0b5c854e2"},"breadcrumb":{"@id":"https:\/\/dmcsrb.com\/drustvo\/nezavisni-sindikat-aerodroma-krivicna-prijava-sdt-u-povodom-otkaza-knezevic\/#breadcrumb"},"inLanguage":"en-GB","potentialAction":[{"@type":"ReadAction","target":["https:\/\/dmcsrb.com\/drustvo\/nezavisni-sindikat-aerodroma-krivicna-prijava-sdt-u-povodom-otkaza-knezevic\/"]}]},{"@type":"ImageObject","inLanguage":"en-GB","@id":"https:\/\/dmcsrb.com\/drustvo\/nezavisni-sindikat-aerodroma-krivicna-prijava-sdt-u-povodom-otkaza-knezevic\/#primaryimage","url":"https:\/\/dmcsrb.com\/wp-content\/uploads\/2026\/01\/aerodromi_675x900.jpg","contentUrl":"https:\/\/dmcsrb.com\/wp-content\/uploads\/2026\/01\/aerodromi_675x900.jpg","width":900,"height":675},{"@type":"BreadcrumbList","@id":"https:\/\/dmcsrb.com\/drustvo\/nezavisni-sindikat-aerodroma-krivicna-prijava-sdt-u-povodom-otkaza-knezevic\/#breadcrumb","itemListElement":[{"@type":"ListItem","position":1,"name":"Home","item":"https:\/\/dmcsrb.com\/"},{"@type":"ListItem","position":2,"name":"Nezavisni sindikat Aerodroma: Krivi\u010dna prijava SDT-u povodom otkaza Kne\u017eevi\u0107"}]},{"@type":"WebSite","@id":"https:\/\/dmcsrb.com\/#website","url":"https:\/\/dmcsrb.com\/","name":"dmcsrb.com","description":"","potentialAction":[{"@type":"SearchAction","target":{"@type":"EntryPoint","urlTemplate":"https:\/\/dmcsrb.com\/?s={search_term_string}"},"query-input":{"@type":"PropertyValueSpecification","valueRequired":true,"valueName":"search_term_string"}}],"inLanguage":"en-GB"},{"@type":"Person","@id":"https:\/\/dmcsrb.com\/#\/schema\/person\/5c39170f12db1b8b457732d0b5c854e2","name":"dmcsrbija.com@gmail.com","image":{"@type":"ImageObject","inLanguage":"en-GB","@id":"https:\/\/dmcsrb.com\/#\/schema\/person\/image\/","url":"https:\/\/secure.gravatar.com\/avatar\/68592660ad6347fad0fb587f8d5d8f1a7b44961362f56e4f2cd524feb87e9069?s=96&d=mm&r=g","contentUrl":"https:\/\/secure.gravatar.com\/avatar\/68592660ad6347fad0fb587f8d5d8f1a7b44961362f56e4f2cd524feb87e9069?s=96&d=mm&r=g","caption":"dmcsrbija.com@gmail.com"},"sameAs":["https:\/\/dmcsrb.com"],"url":"https:\/\/dmcsrb.com\/en\/author\/dmcsrbija-comgmail-com\/"}]}},"_links":{"self":[{"href":"https:\/\/dmcsrb.com\/en\/wp-json\/wp\/v2\/posts\/916651","targetHints":{"allow":["GET"]}}],"collection":[{"href":"https:\/\/dmcsrb.com\/en\/wp-json\/wp\/v2\/posts"}],"about":[{"href":"https:\/\/dmcsrb.com\/en\/wp-json\/wp\/v2\/types\/post"}],"author":[{"embeddable":true,"href":"https:\/\/dmcsrb.com\/en\/wp-json\/wp\/v2\/users\/1"}],"replies":[{"embeddable":true,"href":"https:\/\/dmcsrb.com\/en\/wp-json\/wp\/v2\/comments?post=916651"}],"version-history":[{"count":0,"href":"https:\/\/dmcsrb.com\/en\/wp-json\/wp\/v2\/posts\/916651\/revisions"}],"wp:featuredmedia":[{"embeddable":true,"href":"https:\/\/dmcsrb.com\/en\/wp-json\/wp\/v2\/media\/915973"}],"wp:attachment":[{"href":"https:\/\/dmcsrb.com\/en\/wp-json\/wp\/v2\/media?parent=916651"}],"wp:term":[{"taxonomy":"category","embeddable":true,"href":"https:\/\/dmcsrb.com\/en\/wp-json\/wp\/v2\/categories?post=916651"},{"taxonomy":"post_tag","embeddable":true,"href":"https:\/\/dmcsrb.com\/en\/wp-json\/wp\/v2\/tags?post=916651"},{"taxonomy":"naslovna","embeddable":true,"href":"https:\/\/dmcsrb.com\/en\/wp-json\/wp\/v2\/naslovna?post=916651"}],"curies":[{"name":"wp","href":"https:\/\/api.w.org\/{rel}","templated":true}]}}