{"id":916569,"date":"2025-12-30T08:45:50","date_gmt":"2025-12-30T07:45:50","guid":{"rendered":"https:\/\/dmcsrb.com\/uncategorized\/becic-nije-prvi-put-da-mi-se-crta-meta-jasni-su-mi-motivi\/"},"modified":"2025-12-30T08:45:50","modified_gmt":"2025-12-30T07:45:50","slug":"becic-nije-prvi-put-da-mi-se-crta-meta-jasni-su-mi-motivi","status":"publish","type":"post","link":"https:\/\/dmcsrb.com\/en\/politika\/becic-nije-prvi-put-da-mi-se-crta-meta-jasni-su-mi-motivi\/","title":{"rendered":"Be\u010di\u0107: Nije prvi put da mi se crta meta, jasni su mi motivi"},"content":{"rendered":"<p>Kako je naglasio razumije politi\u010dke poku\u0161aje crtanja meta prema njemu.<\/p>\n\n\n\n<p>&#8220;Nije prvi put i jasni su mi motivi. Aleksa Be\u010di\u0107 apsolutno, saglasno Zakonu, nema bilo kakvog dodira sa operativnim postupanjem policije i sve suprotno je strogo zabranjeno. Policija je saglasno Zakonu operativno nezavisna u radu i postupanju i apsolutno samostalno donosi operativne odluke cijene\u0107i ispunjenost zakonskih uslova. U konkretnom slu\u010daju kako i vidimo, zahtjev za asistencijom je stigao od strane pripadnika Komunalne policije u Glavnom gradu, na \u010dijem \u010delu se nalaze uva\u017eene kolege koje su se nalazile na izbornoj listi koalicije \u010diji konstituenti su protivnici izgradnje projekta u Botunu&#8221;, naveo je Be\u010di\u0107.<\/p>\n\n\n\n<p>Kako je kazao i kada su mu u januaru skandirali neki drugi &#8220;ubico&#8221; na protestima koje je predvodio Aco Mijajlovi\u0107, i sada, i uvijek, ono na \u010demu insistira je da se poka\u017ee maksimalna trpeljivost prema gra\u0111anima, kako bi se izazovne situacije re\u0161avale uz maksimalnu tolerenaciju.<\/p>\n\n\n\n<p>&#8220;Zato je dobro \u0161to su na licu mjesta prisutni i pripadnici Unutra\u0161nje kontole kako bi adekvatno cijenili zakonitost postupanja svakog policijskog slu\u017ebenika&#8221;, poru\u010dio je Be\u010di\u0107.<\/p>","protected":false},"excerpt":{"rendered":"<p>Potpredsjednik Vlade Aleksa Be\u010di\u0107 se oglasio povodom prozivki mje\u0161tana Zete jutros u Botunu, koji su se zapitali za\u0161to nije uz njih. Poru\u010dio je da po Zakonu, nema bilo kakvog dodira sa operativnim postupanjem policije i sve suprotno je strogo zabranjeno.<\/p>","protected":false},"author":1,"featured_media":916570,"comment_status":"open","ping_status":"open","sticky":false,"template":"","format":"standard","meta":{"_acf_changed":false,"footnotes":""},"categories":[12],"tags":[1888,1265],"naslovna":[],"class_list":["post-916569","post","type-post","status-publish","format-standard","has-post-thumbnail","hentry","category-politika","tag-becic","tag-meta"],"acf":[],"yoast_head":"<!-- This site is optimized with the Yoast SEO plugin v27.4 - https:\/\/yoast.com\/product\/yoast-seo-wordpress\/ -->\n<title>Be\u010di\u0107: Nije prvi put da mi se crta meta, jasni su mi motivi - dmcsrb.com<\/title>\n<meta name=\"robots\" content=\"index, follow, max-snippet:-1, max-image-preview:large, max-video-preview:-1\" \/>\n<link rel=\"canonical\" href=\"https:\/\/dmcsrb.com\/en\/politika\/becic-nije-prvi-put-da-mi-se-crta-meta-jasni-su-mi-motivi\/\" \/>\n<meta property=\"og:locale\" content=\"en_GB\" \/>\n<meta property=\"og:type\" content=\"article\" \/>\n<meta property=\"og:title\" content=\"Be\u010di\u0107: Nije prvi put da mi se crta meta, jasni su mi motivi - dmcsrb.com\" \/>\n<meta property=\"og:description\" content=\"Potpredsjednik Vlade Aleksa Be\u010di\u0107 se oglasio povodom prozivki mje\u0161tana Zete jutros u Botunu, koji su se zapitali za\u0161to nije uz njih. Poru\u010dio je da po Zakonu, nema bilo kakvog dodira sa operativnim postupanjem policije i sve suprotno je strogo zabranjeno.\" \/>\n<meta property=\"og:url\" content=\"https:\/\/dmcsrb.com\/en\/politika\/becic-nije-prvi-put-da-mi-se-crta-meta-jasni-su-mi-motivi\/\" \/>\n<meta property=\"og:site_name\" content=\"dmcsrb.com\" \/>\n<meta property=\"article:published_time\" content=\"2025-12-30T07:45:50+00:00\" \/>\n<meta property=\"og:image\" content=\"https:\/\/dmcsrb.com\/wp-content\/uploads\/2026\/01\/becic.jpg\" \/>\n\t<meta property=\"og:image:width\" content=\"1006\" \/>\n\t<meta property=\"og:image:height\" content=\"672\" \/>\n\t<meta property=\"og:image:type\" content=\"image\/jpeg\" \/>\n<meta name=\"author\" content=\"dmcsrbija.com@gmail.com\" \/>\n<meta name=\"twitter:card\" content=\"summary_large_image\" \/>\n<meta name=\"twitter:label1\" content=\"Written by\" \/>\n\t<meta name=\"twitter:data1\" content=\"dmcsrbija.com@gmail.com\" \/>\n\t<meta name=\"twitter:label2\" content=\"Estimated reading time\" \/>\n\t<meta name=\"twitter:data2\" content=\"1 minute\" \/>\n<script type=\"application\/ld+json\" class=\"yoast-schema-graph\">{\"@context\":\"https:\\\/\\\/schema.org\",\"@graph\":[{\"@type\":\"Article\",\"@id\":\"https:\\\/\\\/dmcsrb.com\\\/politika\\\/becic-nije-prvi-put-da-mi-se-crta-meta-jasni-su-mi-motivi\\\/#article\",\"isPartOf\":{\"@id\":\"https:\\\/\\\/dmcsrb.com\\\/politika\\\/becic-nije-prvi-put-da-mi-se-crta-meta-jasni-su-mi-motivi\\\/\"},\"author\":{\"name\":\"dmcsrbija.com@gmail.com\",\"@id\":\"https:\\\/\\\/dmcsrb.com\\\/#\\\/schema\\\/person\\\/5c39170f12db1b8b457732d0b5c854e2\"},\"headline\":\"Be\u010di\u0107: Nije prvi put da mi se crta meta, jasni su mi motivi\",\"datePublished\":\"2025-12-30T07:45:50+00:00\",\"mainEntityOfPage\":{\"@id\":\"https:\\\/\\\/dmcsrb.com\\\/politika\\\/becic-nije-prvi-put-da-mi-se-crta-meta-jasni-su-mi-motivi\\\/\"},\"wordCount\":200,\"commentCount\":0,\"image\":{\"@id\":\"https:\\\/\\\/dmcsrb.com\\\/politika\\\/becic-nije-prvi-put-da-mi-se-crta-meta-jasni-su-mi-motivi\\\/#primaryimage\"},\"thumbnailUrl\":\"https:\\\/\\\/dmcsrb.com\\\/wp-content\\\/uploads\\\/2026\\\/01\\\/becic.jpg\",\"keywords\":[\"Be\u010di\u0107\",\"Meta\"],\"articleSection\":[\"Politika\"],\"inLanguage\":\"en-GB\",\"potentialAction\":[{\"@type\":\"CommentAction\",\"name\":\"Comment\",\"target\":[\"https:\\\/\\\/dmcsrb.com\\\/politika\\\/becic-nije-prvi-put-da-mi-se-crta-meta-jasni-su-mi-motivi\\\/#respond\"]}]},{\"@type\":\"WebPage\",\"@id\":\"https:\\\/\\\/dmcsrb.com\\\/politika\\\/becic-nije-prvi-put-da-mi-se-crta-meta-jasni-su-mi-motivi\\\/\",\"url\":\"https:\\\/\\\/dmcsrb.com\\\/politika\\\/becic-nije-prvi-put-da-mi-se-crta-meta-jasni-su-mi-motivi\\\/\",\"name\":\"Be\u010di\u0107: Nije prvi put da mi se crta meta, jasni su mi motivi - dmcsrb.com\",\"isPartOf\":{\"@id\":\"https:\\\/\\\/dmcsrb.com\\\/#website\"},\"primaryImageOfPage\":{\"@id\":\"https:\\\/\\\/dmcsrb.com\\\/politika\\\/becic-nije-prvi-put-da-mi-se-crta-meta-jasni-su-mi-motivi\\\/#primaryimage\"},\"image\":{\"@id\":\"https:\\\/\\\/dmcsrb.com\\\/politika\\\/becic-nije-prvi-put-da-mi-se-crta-meta-jasni-su-mi-motivi\\\/#primaryimage\"},\"thumbnailUrl\":\"https:\\\/\\\/dmcsrb.com\\\/wp-content\\\/uploads\\\/2026\\\/01\\\/becic.jpg\",\"datePublished\":\"2025-12-30T07:45:50+00:00\",\"author\":{\"@id\":\"https:\\\/\\\/dmcsrb.com\\\/#\\\/schema\\\/person\\\/5c39170f12db1b8b457732d0b5c854e2\"},\"breadcrumb\":{\"@id\":\"https:\\\/\\\/dmcsrb.com\\\/politika\\\/becic-nije-prvi-put-da-mi-se-crta-meta-jasni-su-mi-motivi\\\/#breadcrumb\"},\"inLanguage\":\"en-GB\",\"potentialAction\":[{\"@type\":\"ReadAction\",\"target\":[\"https:\\\/\\\/dmcsrb.com\\\/politika\\\/becic-nije-prvi-put-da-mi-se-crta-meta-jasni-su-mi-motivi\\\/\"]}]},{\"@type\":\"ImageObject\",\"inLanguage\":\"en-GB\",\"@id\":\"https:\\\/\\\/dmcsrb.com\\\/politika\\\/becic-nije-prvi-put-da-mi-se-crta-meta-jasni-su-mi-motivi\\\/#primaryimage\",\"url\":\"https:\\\/\\\/dmcsrb.com\\\/wp-content\\\/uploads\\\/2026\\\/01\\\/becic.jpg\",\"contentUrl\":\"https:\\\/\\\/dmcsrb.com\\\/wp-content\\\/uploads\\\/2026\\\/01\\\/becic.jpg\",\"width\":1006,\"height\":672},{\"@type\":\"BreadcrumbList\",\"@id\":\"https:\\\/\\\/dmcsrb.com\\\/politika\\\/becic-nije-prvi-put-da-mi-se-crta-meta-jasni-su-mi-motivi\\\/#breadcrumb\",\"itemListElement\":[{\"@type\":\"ListItem\",\"position\":1,\"name\":\"Home\",\"item\":\"https:\\\/\\\/dmcsrb.com\\\/\"},{\"@type\":\"ListItem\",\"position\":2,\"name\":\"Be\u010di\u0107: Nije prvi put da mi se crta meta, jasni su mi motivi\"}]},{\"@type\":\"WebSite\",\"@id\":\"https:\\\/\\\/dmcsrb.com\\\/#website\",\"url\":\"https:\\\/\\\/dmcsrb.com\\\/\",\"name\":\"dmcsrb.com\",\"description\":\"\",\"potentialAction\":[{\"@type\":\"SearchAction\",\"target\":{\"@type\":\"EntryPoint\",\"urlTemplate\":\"https:\\\/\\\/dmcsrb.com\\\/?s={search_term_string}\"},\"query-input\":{\"@type\":\"PropertyValueSpecification\",\"valueRequired\":true,\"valueName\":\"search_term_string\"}}],\"inLanguage\":\"en-GB\"},{\"@type\":\"Person\",\"@id\":\"https:\\\/\\\/dmcsrb.com\\\/#\\\/schema\\\/person\\\/5c39170f12db1b8b457732d0b5c854e2\",\"name\":\"dmcsrbija.com@gmail.com\",\"image\":{\"@type\":\"ImageObject\",\"inLanguage\":\"en-GB\",\"@id\":\"https:\\\/\\\/secure.gravatar.com\\\/avatar\\\/68592660ad6347fad0fb587f8d5d8f1a7b44961362f56e4f2cd524feb87e9069?s=96&d=mm&r=g\",\"url\":\"https:\\\/\\\/secure.gravatar.com\\\/avatar\\\/68592660ad6347fad0fb587f8d5d8f1a7b44961362f56e4f2cd524feb87e9069?s=96&d=mm&r=g\",\"contentUrl\":\"https:\\\/\\\/secure.gravatar.com\\\/avatar\\\/68592660ad6347fad0fb587f8d5d8f1a7b44961362f56e4f2cd524feb87e9069?s=96&d=mm&r=g\",\"caption\":\"dmcsrbija.com@gmail.com\"},\"sameAs\":[\"https:\\\/\\\/dmcsrb.com\"],\"url\":\"https:\\\/\\\/dmcsrb.com\\\/en\\\/author\\\/dmcsrbija-comgmail-com\\\/\"}]}<\/script>\n<!-- \/ Yoast SEO plugin. -->","yoast_head_json":{"title":"Be\u010di\u0107: Nije prvi put da mi se crta meta, jasni su mi motivi - dmcsrb.com","robots":{"index":"index","follow":"follow","max-snippet":"max-snippet:-1","max-image-preview":"max-image-preview:large","max-video-preview":"max-video-preview:-1"},"canonical":"https:\/\/dmcsrb.com\/en\/politika\/becic-nije-prvi-put-da-mi-se-crta-meta-jasni-su-mi-motivi\/","og_locale":"en_GB","og_type":"article","og_title":"Be\u010di\u0107: Nije prvi put da mi se crta meta, jasni su mi motivi - dmcsrb.com","og_description":"Potpredsjednik Vlade Aleksa Be\u010di\u0107 se oglasio povodom prozivki mje\u0161tana Zete jutros u Botunu, koji su se zapitali za\u0161to nije uz njih. Poru\u010dio je da po Zakonu, nema bilo kakvog dodira sa operativnim postupanjem policije i sve suprotno je strogo zabranjeno.","og_url":"https:\/\/dmcsrb.com\/en\/politika\/becic-nije-prvi-put-da-mi-se-crta-meta-jasni-su-mi-motivi\/","og_site_name":"dmcsrb.com","article_published_time":"2025-12-30T07:45:50+00:00","og_image":[{"width":1006,"height":672,"url":"https:\/\/dmcsrb.com\/wp-content\/uploads\/2026\/01\/becic.jpg","type":"image\/jpeg"}],"author":"dmcsrbija.com@gmail.com","twitter_card":"summary_large_image","twitter_misc":{"Written by":"dmcsrbija.com@gmail.com","Estimated reading time":"1 minute"},"schema":{"@context":"https:\/\/schema.org","@graph":[{"@type":"Article","@id":"https:\/\/dmcsrb.com\/politika\/becic-nije-prvi-put-da-mi-se-crta-meta-jasni-su-mi-motivi\/#article","isPartOf":{"@id":"https:\/\/dmcsrb.com\/politika\/becic-nije-prvi-put-da-mi-se-crta-meta-jasni-su-mi-motivi\/"},"author":{"name":"dmcsrbija.com@gmail.com","@id":"https:\/\/dmcsrb.com\/#\/schema\/person\/5c39170f12db1b8b457732d0b5c854e2"},"headline":"Be\u010di\u0107: Nije prvi put da mi se crta meta, jasni su mi motivi","datePublished":"2025-12-30T07:45:50+00:00","mainEntityOfPage":{"@id":"https:\/\/dmcsrb.com\/politika\/becic-nije-prvi-put-da-mi-se-crta-meta-jasni-su-mi-motivi\/"},"wordCount":200,"commentCount":0,"image":{"@id":"https:\/\/dmcsrb.com\/politika\/becic-nije-prvi-put-da-mi-se-crta-meta-jasni-su-mi-motivi\/#primaryimage"},"thumbnailUrl":"https:\/\/dmcsrb.com\/wp-content\/uploads\/2026\/01\/becic.jpg","keywords":["Be\u010di\u0107","Meta"],"articleSection":["Politika"],"inLanguage":"en-GB","potentialAction":[{"@type":"CommentAction","name":"Comment","target":["https:\/\/dmcsrb.com\/politika\/becic-nije-prvi-put-da-mi-se-crta-meta-jasni-su-mi-motivi\/#respond"]}]},{"@type":"WebPage","@id":"https:\/\/dmcsrb.com\/politika\/becic-nije-prvi-put-da-mi-se-crta-meta-jasni-su-mi-motivi\/","url":"https:\/\/dmcsrb.com\/politika\/becic-nije-prvi-put-da-mi-se-crta-meta-jasni-su-mi-motivi\/","name":"Be\u010di\u0107: Nije prvi put da mi se crta meta, jasni su mi motivi - dmcsrb.com","isPartOf":{"@id":"https:\/\/dmcsrb.com\/#website"},"primaryImageOfPage":{"@id":"https:\/\/dmcsrb.com\/politika\/becic-nije-prvi-put-da-mi-se-crta-meta-jasni-su-mi-motivi\/#primaryimage"},"image":{"@id":"https:\/\/dmcsrb.com\/politika\/becic-nije-prvi-put-da-mi-se-crta-meta-jasni-su-mi-motivi\/#primaryimage"},"thumbnailUrl":"https:\/\/dmcsrb.com\/wp-content\/uploads\/2026\/01\/becic.jpg","datePublished":"2025-12-30T07:45:50+00:00","author":{"@id":"https:\/\/dmcsrb.com\/#\/schema\/person\/5c39170f12db1b8b457732d0b5c854e2"},"breadcrumb":{"@id":"https:\/\/dmcsrb.com\/politika\/becic-nije-prvi-put-da-mi-se-crta-meta-jasni-su-mi-motivi\/#breadcrumb"},"inLanguage":"en-GB","potentialAction":[{"@type":"ReadAction","target":["https:\/\/dmcsrb.com\/politika\/becic-nije-prvi-put-da-mi-se-crta-meta-jasni-su-mi-motivi\/"]}]},{"@type":"ImageObject","inLanguage":"en-GB","@id":"https:\/\/dmcsrb.com\/politika\/becic-nije-prvi-put-da-mi-se-crta-meta-jasni-su-mi-motivi\/#primaryimage","url":"https:\/\/dmcsrb.com\/wp-content\/uploads\/2026\/01\/becic.jpg","contentUrl":"https:\/\/dmcsrb.com\/wp-content\/uploads\/2026\/01\/becic.jpg","width":1006,"height":672},{"@type":"BreadcrumbList","@id":"https:\/\/dmcsrb.com\/politika\/becic-nije-prvi-put-da-mi-se-crta-meta-jasni-su-mi-motivi\/#breadcrumb","itemListElement":[{"@type":"ListItem","position":1,"name":"Home","item":"https:\/\/dmcsrb.com\/"},{"@type":"ListItem","position":2,"name":"Be\u010di\u0107: Nije prvi put da mi se crta meta, jasni su mi motivi"}]},{"@type":"WebSite","@id":"https:\/\/dmcsrb.com\/#website","url":"https:\/\/dmcsrb.com\/","name":"dmcsrb.com","description":"","potentialAction":[{"@type":"SearchAction","target":{"@type":"EntryPoint","urlTemplate":"https:\/\/dmcsrb.com\/?s={search_term_string}"},"query-input":{"@type":"PropertyValueSpecification","valueRequired":true,"valueName":"search_term_string"}}],"inLanguage":"en-GB"},{"@type":"Person","@id":"https:\/\/dmcsrb.com\/#\/schema\/person\/5c39170f12db1b8b457732d0b5c854e2","name":"dmcsrbija.com@gmail.com","image":{"@type":"ImageObject","inLanguage":"en-GB","@id":"https:\/\/secure.gravatar.com\/avatar\/68592660ad6347fad0fb587f8d5d8f1a7b44961362f56e4f2cd524feb87e9069?s=96&d=mm&r=g","url":"https:\/\/secure.gravatar.com\/avatar\/68592660ad6347fad0fb587f8d5d8f1a7b44961362f56e4f2cd524feb87e9069?s=96&d=mm&r=g","contentUrl":"https:\/\/secure.gravatar.com\/avatar\/68592660ad6347fad0fb587f8d5d8f1a7b44961362f56e4f2cd524feb87e9069?s=96&d=mm&r=g","caption":"dmcsrbija.com@gmail.com"},"sameAs":["https:\/\/dmcsrb.com"],"url":"https:\/\/dmcsrb.com\/en\/author\/dmcsrbija-comgmail-com\/"}]}},"_links":{"self":[{"href":"https:\/\/dmcsrb.com\/en\/wp-json\/wp\/v2\/posts\/916569","targetHints":{"allow":["GET"]}}],"collection":[{"href":"https:\/\/dmcsrb.com\/en\/wp-json\/wp\/v2\/posts"}],"about":[{"href":"https:\/\/dmcsrb.com\/en\/wp-json\/wp\/v2\/types\/post"}],"author":[{"embeddable":true,"href":"https:\/\/dmcsrb.com\/en\/wp-json\/wp\/v2\/users\/1"}],"replies":[{"embeddable":true,"href":"https:\/\/dmcsrb.com\/en\/wp-json\/wp\/v2\/comments?post=916569"}],"version-history":[{"count":0,"href":"https:\/\/dmcsrb.com\/en\/wp-json\/wp\/v2\/posts\/916569\/revisions"}],"wp:featuredmedia":[{"embeddable":true,"href":"https:\/\/dmcsrb.com\/en\/wp-json\/wp\/v2\/media\/916570"}],"wp:attachment":[{"href":"https:\/\/dmcsrb.com\/en\/wp-json\/wp\/v2\/media?parent=916569"}],"wp:term":[{"taxonomy":"category","embeddable":true,"href":"https:\/\/dmcsrb.com\/en\/wp-json\/wp\/v2\/categories?post=916569"},{"taxonomy":"post_tag","embeddable":true,"href":"https:\/\/dmcsrb.com\/en\/wp-json\/wp\/v2\/tags?post=916569"},{"taxonomy":"naslovna","embeddable":true,"href":"https:\/\/dmcsrb.com\/en\/wp-json\/wp\/v2\/naslovna?post=916569"}],"curies":[{"name":"wp","href":"https:\/\/api.w.org\/{rel}","templated":true}]}}