{"id":916520,"date":"2025-12-29T20:04:28","date_gmt":"2025-12-29T19:04:28","guid":{"rendered":"https:\/\/dmcsrb.com\/uncategorized\/otasevic-rtv-podgorica-je-najtransparentniji-lokalni-javni-emiter-i-otvorena-za-sve-peric-ideoloski-okvir-se-cita-preko-mjere\/"},"modified":"2025-12-29T20:04:28","modified_gmt":"2025-12-29T19:04:28","slug":"otasevic-rtv-podgorica-je-najtransparentniji-lokalni-javni-emiter-i-otvorena-za-sve-peric-ideoloski-okvir-se-cita-preko-mjere","status":"publish","type":"post","link":"https:\/\/dmcsrb.com\/en\/podgorica\/otasevic-rtv-podgorica-je-najtransparentniji-lokalni-javni-emiter-i-otvorena-za-sve-peric-ideoloski-okvir-se-cita-preko-mjere\/","title":{"rendered":"Ota\u0161evi\u0107: RTV Podgorica je najtransparentniji lokalni javni emiter i otvorena za sve; Peri\u0107: Ideolo\u0161ki okvir se \u010dita preko mjere"},"content":{"rendered":"<p><\/p>\n\n\n\n<p>Ota\u0161evi\u0107 navodi da je RTV Podgorica otvorena za sve i da svi imaju mogu\u0107nost i prostor da gostuju.<\/p>\n\n\n\n<p>&#8220;\u010cini se da konstantno mije\u0161amo teme, Peri\u0107 napada RTV Podgorica, kao da smo politi\u010dki oponenti. Mi smo javni emiter, a da smo uzurpirali ovaj medij, odnosno da je ne\u010dija politika uzurpirala ovaj medij Peri\u0107 ne bi mogao da gostuje ovdje i to u\u017eivo, \u0161to ste i sami tra\u017eili. Mi nismo ni\u010diji politi\u010dki oponenti. Imate mogu\u0107nost i prostor da govorite ovdje, kao i svi odbornici&#8221;, kazao je Ota\u0161evi\u0107.<\/p>\n\n\n\n<p>Isti\u010de da RTV Podgorica javni servis koji radi u interesu gra\u0111ana.<\/p>\n\n\n\n<p>&#8220;Mi smo u potpunosti transparentni, \u0161to dokazuju i izvje\u0161taji relevantnih nevladinih organizacija, a koji ka\u017eu da je ovo najtransparentniji lokalni javni emiter sa ocjenom 7,5&#8221;, istakao je Ota\u0161evi\u0107.<\/p>\n\n\n\n<figure class=\"wp-block-image size-large\"><img decoding=\"async\" src=\"https:\/\/gradski.me\/wp-content\/uploads\/2025\/12\/vlado-1024x603.jpg\" alt=\"\" class=\"wp-image-902362\"\/><figcaption class=\"wp-element-caption\"><strong><em>Ota\u0161evi\u0107\/Foto: RTV PG<\/em><\/strong><\/figcaption><\/figure>\n\n\n\n<p>Navodi da je u\u010dinio sve \u0161to je u njegovoj mo\u0107i da zaposleni u RTV Podgorica dobiju zimnicu, a na osnovu mogu\u0107nosti sa kojima je zakonski raspolagao.<\/p>\n\n\n\n<p>&#8220;To je bilo na Savjetu, jer su takvu odluku manje-vi\u0161e donijeli gotovo svi lokalni emiteri u Crnoj Gori i svi su zaposleni dobili zimnicu. Te zimnice su dobijene na osnovu saglasnosti njihovih savjeta. Problem kod na\u0161eg Savjeta je da konstantno imamo opstrukcije dvije godine, kako spolja tako i iznutra. Koleginica D\u017eudovi\u0107 je ve\u0107 nekoliko puta odlagala dosta tema i dokumenata koji je trebalo da se usvoje, a zbog toga imamo odre\u0111ene problema, kao \u0161to je sada problem sa zimnicama. Sa druge strane, nismo ispunili onoliko preporuka DRI koliko smo trebali da ispunimo. Ve\u0107inu smo realizovali, ali da je Savjet radio svoj posao kako treba, odnosno da se D\u017eudovi\u0107 usaglasila i dala glas na Izvje\u0161taj popisne komisije, a koji je otkrio neke nevjerovatne zloupotrebe \u0161to se ti\u010de na\u0161eg medija, mi bi bili na oko 80 odsto realizovanih preporuka DRI. To je isklju\u010divo uspjeh menad\u017ementa&#8221;, kazao je Ota\u0161evi\u0107.<\/p>\n\n\n\n<p>On je podsjetio da je Peri\u0107 dobio kompletnu dokumentaciju vezanu za poslovanje RTV Podgorica, ali da ni nakon skoro dva mjeseca nije ni\u0161ta iznio od te dokumentacije.<\/p>\n\n\n\n<p>Ota\u0161evi\u0107 navodi da je zatekao veoma lo\u0161e stanje u RTV Podgorica.<\/p>\n\n\n\n<p>&#8220;Zatekli smo administraciju bez slu\u017ebe za pravne poslove, bez arhivara, slu\u017ebenika za kadrovske poslove. Samo zamislite administraciju koja nema te ljude. Mislite da \u0107e dr\u017eavni revizori da daju pozitivno mi\u0161ljenje. Dobili smo negativno na reviziju pravilnosti, a mi\u0161ljenje sa rezervom na finansijski dio&#8221;, naveo je Ota\u0161evi\u0107.<\/p>\n\n\n\n<p><strong>&#8220;Uskoro nova informacija tu\u017eila\u0161tvu o otkrivenom tokom popisa u RTV Podgorica&#8221;<\/strong><\/p>\n\n\n\n<p>Novo rukovodstvo je, kako ka\u017ee, ranije podnijelo prijavu zbog nezakonitog snimanja prostorija.<\/p>\n\n\n\n<p>&#8220;Imali smo kamere u prostorijama, a gdje su novinari bili prislu\u0161kivani nezakonito. Pra\u0107eno je \u0161ta su pri\u010dali izme\u0111u i nakon emisija. Krivi\u010dna prijava je predata, ali je tu\u017eila\u0161tvo odbilo i nije na\u0111en krivac, iako imamo i ugovor ko je potpisao ugovor da se kupe kamere koje su imale i mogu\u0107nost audio snimanja&#8221;, kazao je Ota\u0161evi\u0107.<\/p>\n\n\n\n<p>Najavljuje da \u0107e se uskoro obratiti i tu\u017eila\u0161tvu sa informacijom o ra\u0111enom u ovom mediju u prethodnom periodu.<\/p>\n\n\n\n<p>&#8220;Vrlo brzo \u0107emo tu\u017eila\u0161tvu poslati informaciju o svemu otkrivenom tokom popisa. Me\u0111utim, \u010dekamo zapisnik sa sjednice savjeta na kojoj nije usvojen izvje\u0161taj o popisu a koji \u0107e biti dio te dokumentacije koju \u0107emo poslati tu\u017eila\u0161tvu&#8221;, istakao je Ota\u0161evi\u0107.<\/p>\n\n\n\n<p>U emisiji je pokazao fotografiju koja je objavljena 2. marta 2023. godine, a na kojoj se vidi objava funkcionera DPS-a Nikole Gegaja gdje on pi\u0161e: &#8220;Sa sjednice Komisije za afirmaciju dr\u017eavnog identiteta DPS Crna Gora&#8221;.<\/p>\n\n\n\n<p>&#8220;Tu imamo imena \u017divko Andrija\u0161evi\u0107, Janko Ljumovi\u0107, Dragutin Papovi\u0107 i Adnan Preki\u0107. U tom periodu, \u017divko Andrija\u0161evi\u0107 je bio predsjednik Savjeta RTV Podgorica. Kako mo\u017ee predsjednik Savjeta RTV Podgorica da bude funkcioner partije&#8221;, naveo je Ota\u0161evi\u0107. <\/p>\n\n\n\n<p>RTV Podgorica, kako ka\u017ee, ve\u0107 sada ima problem sa finansijske strane.<\/p>\n\n\n\n<p>&#8220;Za narednu godinu dobili smo 2,2 miliona, a ove godine smo imali 2,6 miliona od Glavnog grada, \u0161to je umanjenje od gotovo pola miliona eura. To \u0107e biti veliki finansijski udar. Sa druge strane, moramo da ostanemo na nivou iznad 50 odsto sopstvene produkcije i sigurno \u0107e biti zahtjevno za program. Nadam se da \u0107emo da uspijemo da odr\u017eimo finansijski rad ove televizije. Program \u0107e mo\u0107i da radi onoliko koliko bude novca&#8221;, istakao je Ota\u0161evi\u0107.<\/p>\n\n\n\n<p>On je naveo da su komercijalni prihodi RTV Podgorica znatno uve\u0107ani ove i prethodne godine.<\/p>\n\n\n\n<p>&#8220;Prihodi prije mog dolaska bili su na oko 70.000 eura, a pro\u0161le godine 120.000, a ove godine bi\u0107e skoro 150.000 eura. Konstantno idemo uzlaznom putanjom kad su u pitanju komercijalni prihodi&#8221;, kazao je Ota\u0161evi\u0107. <\/p>\n\n\n\n<p><strong>Peri\u0107: Ideolo\u0161ki okvir se \u010dita preko mjere<\/strong><\/p>\n\n\n\n<p>Odbornik \u201ePokreta Preokret\u201c u Podgorici Sr\u0111an Peri\u0107 kazao je da u radu RTV Podgorica zamjera \u201euzurpaciju javnog interesa\u201c.<\/p>\n\n\n\n<p>\u201ePrvo vi treba da budete posve\u0107eni onome \u0161to su standardi, principi i povjerenje. I da ne dozvolite nikakav politi\u010dki uticaj. Zato \u0161to ako postoji politi\u010dki uticaj, ako postoji ne\u0161to \u0161to se odnosi na susprezanje ne\u010dega \u0161to je op\u0161ti interes onda je za o\u010dekivati da imate tu vrstu otpora i va\u0161a autonomija \u0107e se desiti u odnosu na to. Ne u odnosu na to koliko ste na mene autonomni nego u odnosu na to koliko ste u odnosu na vlast autonimni. Vi, na\u017ealost, niste autonomni na vlast\u201c, kazao je Peri\u0107.<\/p>\n\n\n\n<figure class=\"wp-block-image size-large\"><img decoding=\"async\" src=\"https:\/\/gradski.me\/wp-content\/uploads\/2025\/12\/peric-1024x648.jpg\" alt=\"\" class=\"wp-image-902361\"\/><figcaption class=\"wp-element-caption\"><strong><em>Peri\u0107\/Foto: RTV PG<\/em><\/strong><\/figcaption><\/figure>\n\n\n\n<p>Peri\u0107 je kao klju\u010dnu gre\u0161ku naveo postojanje \u201ekrovnog ideolo\u0161kog okvira\u201c.<\/p>\n\n\n\n<p>\u201eImate ideolo\u0161ki krovni okvir koji se kod vas \u010dita preko mjere. Nije sporno da imate ure\u0111iva\u010dki ugao, ali kada u va\u0161im prilozima prepoznam ideologa a ne novinara, tada nastaje problem\u201c, kazao je Peri\u0107.<\/p>\n\n\n\n<p>On je kao ilustraciju svojih tvrdnji istakao dva primjera.<\/p>\n\n\n\n<p>\u201eVi ste prije dva dana u Dnevniku imali prilog o zimnicama. Uzgred budi re\u010deno, mislim da radnici treba da prime zimnice. Vi da ste uradili menad\u017eerski dio ne bi ste ni do\u0161li u situaciju kakvu imate par dana pred Novu godinu. Prvih devet minuta centralne informativne emisije zauzela je ta tema. Unutra\u0161nje stvari, unutar ku\u0107e, ne mogu biti od primarnog interesa za op\u0161tu javnost. Sa druge strane, niste imali ni minut u Dnevniku na temu pove\u0107anja odborni\u010dkih naknada. Imali smo zaga\u0111enje u Podgorici, Botun, mno\u0161tvo tema . Po \u010demu je unutra\u0161nja stvar unutar televizije va\u017enija od svega drugog\u201c, upitao je Peri\u0107.<\/p>\n\n\n\n<p>Peri\u0107 smatra da bud\u017eet RTV Podgorice, iako umanjen za pola miliona, i dalje predstavlja zna\u010dajna sredstva.<\/p>\n\n\n\n<p>\u201eVidite 2,2 miliona nisu male pare. Da ne podcjenjujemo mi bud\u017eet gra\u0111ana. Druga stvar, ovdje ste i vi i ja da bi iznijeli svoje gledi\u0161te. I zato su dobre dijalo\u0161ke forme da gra\u0111ani sude gdje je istina. Da ne presu\u0111ujete ni vi ni ja. Svako je iznio snagu argumenata. Nepotrebno se skre\u0107e na li\u010dnu ravan. Mene zanima da li se po\u0161tuje princip, povjerenje i standard. O va\u0161em mediju sam rekao da nemate \u201enerva i herca\u201c da se kritikuje vlast. Jer vi tada najvi\u0161e dobiajte, vi kako medij. I vama to fali\u201c, kazao je Peri\u0107.<\/p>\n\n\n\n<p><strong>Lacman: RTV Podgorica vra\u0107ena Podgori\u010danima<\/strong><\/p>\n\n\n\n<p>Zamjenik glavnog i odgovornog urednika RTV Podgorica <strong>Nemanja Lacman<\/strong> je ocijenio da je napravljen zaokret u RTV Podgorica, te da je televizija vra\u0107ena gra\u0111anima Podgorice.<\/p>\n\n\n\n<p>\u201eZahvalio bih se gospodinu Peri\u0107u \u0161to je prihvatio da bude dio \u201eReferata\u201c, s obzirom na to da su odbornici Milo\u0161 Ma\u0161kovi\u0107 i Andrija Klikovac odbili da ukrstimo argumente. Uzurpacija javnog interesa prema mom mi\u0161ljenju ne postoji. Mislim da smo napravili zaokret od kada smo u menad\u017ementu televizije i mislim da smo RTV Podgorica vratili Podgorici\u201c, rekao je Lacman.<\/p>\n\n\n\n<p>On je naglasio da menad\u017ement televizije mo\u017ee jasno dostaviti izvje\u0161taj koliko je nedjeljnom, a koliko na mjese\u010dnom nivou televizija lokalnih tema obradila.<\/p>\n\n\n\n<p>\u201eNajvi\u0161e mi je \u2018zaparalo uho\u2019 imputiranje politi\u010dkog uticaja. Mogu vam re\u0107i da, \u0161to se ti\u010de Glavnog grada, misle\u0107i na poziciju i opoziciju, li\u010dno nisam dobio poruku \u0161ta da se objavi, a \u0161ta ne na na\u0161oj televiziji. Politi\u010dki uticaj ne vidim iz vi\u0161e razloga. Poslanik PES-a Miodrag Lakovi\u0107 je na jednoj dru\u0161tvenoj mre\u017ei objavio da nas treba ugasiti, DPS gospodina Sekulovi\u0107a i mene optu\u017euje da smo nelegalno uzeli plate i da smo nelegalno izabrani, dio vladaju\u0107e ve\u0107ine tra\u017ei da se Savjet promjeni kako bi se smijenio direktor Ota\u0161evi\u0107. Ovo vidim kao nemogu\u0107nost partija da \u2018stavi \u0161apu\u2019 na lokalni javni emiter\u201c, naveo je Lacman.<\/p>\n\n\n\n<figure class=\"wp-block-image size-large\"><img decoding=\"async\" src=\"https:\/\/gradski.me\/wp-content\/uploads\/2025\/12\/lacman-1024x733.jpg\" alt=\"\" class=\"wp-image-902360\"\/><figcaption class=\"wp-element-caption\"><strong><em>Lacman\/Foto: RTV PG<\/em><\/strong><\/figcaption><\/figure>\n\n\n\n<p><strong>&#8220;Politi\u010dari bi da stave \u0161apu na RTV Podgorica&#8221;<\/strong><\/p>\n\n\n\n<p>On je istakao kako ga raduje \u0161to je Ombudsman RTV Podgorica za nepune dvije godine primio dvije primjedbe.<\/p>\n\n\n\n<p>\u201eSmatram da prilog vezan za zimnice zaposlenih u RTV Podgorica treba da bude klju\u010dni prilog, konstanto se bavimo tu\u0111im radom. Za razliku od druga dva odbornika, koja se ne vode principima, zbog odbornika Ma\u0161kovi\u0107a koji je svojim pisanjem poku\u0161avao da uti\u010de na ure\u0111iva\u010dku strukturu na\u0161e televizije. Sa sigurno\u0161\u0107u vam mogu re\u0107i da na RTV Podgorica nema cenzure, ponosan sam \u0161to smo postali otvorena televizija. Podr\u017eavam da ko god bude htio, ima prostora da debatujemo\u201c, istakao je Lacman.<\/p>\n\n\n\n<p>Lacman je upitao za\u0161to odbornik DPS-a Andrija Klikovac ne iza\u0111e i ne osudi prethodni menad\u017ement u kome je jedna osoba imala platu 4.000 eura.<\/p>\n\n\n\n<p>\u201eUporedite te plate sa platama doktora i profesora. \u0106uti se o tome, \u0107uti se o tome da se nekima iznajmljivali stolica i sto svakog mjeseca, odre\u0111enim ljudima su se pla\u0107ali dolasci i hoteli, to je o\u010digledno gospodinu Klikovcu odgovaralo\u201c, naveo je on.<\/p>\n\n\n\n<p>Tako\u0111e, on je istakao da \u201enijedan Klikovac\u201c ne\u0107e mo\u0107i da odre\u0111uje ko \u0107e biti pozvan u emisije i kako \u0107emo one biti koncipirane.<\/p>\n\n\n\n<p>\u201eNe\u0107e mo\u0107i da ure\u0111uje, mo\u017ee samo da pri\u010da o tome i to je njegov najve\u0107i domet\u201c, dodaje.<\/p>\n\n\n\n<p>Kako je Lacman naveo, to koliko je RTV Podgorica okrenuta vlasti dovoljni govori da je dobila bud\u017eet od 2,2 miliona eura sa sopstvenom produkcijom od vi\u0161e od 50 odsto.<\/p>\n\n\n\n<p>\u201eNakon dolaska novog menad\u017ementa sopstvena produkcija je bila 36 odsto, a ovaj mjesec je to na 65 odsto. Nakon dolaska novog menad\u017ementa, ovo je prvi lokalni javni emiter u koji je DRI do\u0161la. Ohrabrujem ih da krenu redom, u svaki naredni lokalni javni emiter, u suprotnom bi se pokazala selektivnost i da je postojao pritisak revizore DRI i napravili izvje\u0161taj kakav jeste\u201c, isti\u010de on.<\/p>\n\n\n\n<p>Lacman je podsjetio na to da u RTV Podgorica nedostje oprema u vrijednosti od 40 hiljada eura, odnosno 40 hiljada novca gra\u0111ana koji je nestao.<\/p>\n\n\n\n<p>&#8220;Trenutno ne znamo gdje je taj novac zavr\u0161io. Sve mi djeluje kao smi\u0161ljeni udar kako bi se ova televizija stavila pod ne\u010diju \u0161apu. Nemam sumnje da smo na pravom putu\u201c, dodaje on.<\/p>\n\n\n\n<p>Lacman je istakao da \u0107e biti izazov raditi sa manjim bud\u017eetom za narednu godinu<\/p>\n\n\n\n<p>\u201eMora\u0107emo da smanjimo tro\u0161kove vanstudijskih emisija na minimum, vjerovatno \u0107e do\u0107i do ukidanje nekih emisija, a i vjerovatno \u0107emo ve\u0107 u januaru imati pad sopstvene produkcije. Umjesto da \u0161irimo spektar djelovanja, mora\u0107emo da ga su\u017eavamo\u201c, naveo je on.<\/p>\n\n\n\n<p>Autor emisije Milan Sekulovi\u0107 naveo je da nijedan odbornik nije uskra\u0107en za da da izjavu RTV Podgorica ili da bude gost, te da se o cenzuri ne mo\u017ee govoriti. On je kazao da su poziv uputili i odborniku DPS-a Andriji Klikovcu, kao i odborniku Evropskog saveza Milo\u0161u Ma\u0161kovi\u0107u, ali da su oni odbili. <\/p>\n\n\n\n<p><strong><em>Cijelu emisiju mo\u017eete pogledati na linku:<\/em><\/strong><\/p>\n\n\n\n<figure class=\"wp-block-embed is-type-video is-provider-youtube wp-block-embed-youtube wp-embed-aspect-4-3 wp-has-aspect-ratio\"><div class=\"wp-block-embed__wrapper\">\n<iframe loading=\"lazy\" title=\"&quot;Referat&quot; -  29.12.2025\" width=\"500\" height=\"281\" src=\"https:\/\/www.youtube.com\/embed\/FqDAzpFbwiM?feature=oembed\" frameborder=\"0\" allow=\"accelerometer; autoplay; clipboard-write; encrypted-media; gyroscope; picture-in-picture; web-share\" referrerpolicy=\"strict-origin-when-cross-origin\" allowfullscreen><\/iframe>\n<\/div><\/figure>","protected":false},"excerpt":{"rendered":"<p>Izvr\u0161ni direktor RTV Podgorica, Vladimir Ota\u0161evi\u0107 istakao je u emisiji &#8220;Referat&#8221; da je ovaj lokalni javni emiter najtransparentniji u Crnoj Gori, te da bilo \u010dija politika nije uzurpirala ovaj medij. Odbornik \u201ePokreta Preokret\u201c u Podgorici Sr\u0111an Peri\u0107 kazao je da u radu RTV Podgorica zamjera \u201euzurpaciju javnog interesa\u201c.<\/p>","protected":false},"author":1,"featured_media":916521,"comment_status":"open","ping_status":"open","sticky":false,"template":"","format":"standard","meta":{"_acf_changed":false,"footnotes":""},"categories":[56],"tags":[1845,5029,5030,5031],"naslovna":[],"class_list":["post-916520","post","type-post","status-publish","format-standard","has-post-thumbnail","hentry","category-podgorica","tag-emisija-referat","tag-nemanja-lacman","tag-srdjan-peric","tag-vladimir-otasevic"],"acf":[],"yoast_head":"<!-- This site is optimized with the Yoast SEO plugin v27.4 - https:\/\/yoast.com\/product\/yoast-seo-wordpress\/ -->\n<title>Ota\u0161evi\u0107: RTV Podgorica je najtransparentniji lokalni javni emiter i otvorena za sve; Peri\u0107: Ideolo\u0161ki okvir se \u010dita preko mjere - dmcsrb.com<\/title>\n<meta name=\"robots\" content=\"index, follow, max-snippet:-1, max-image-preview:large, max-video-preview:-1\" \/>\n<link rel=\"canonical\" href=\"https:\/\/dmcsrb.com\/en\/podgorica\/otasevic-rtv-podgorica-je-najtransparentniji-lokalni-javni-emiter-i-otvorena-za-sve-peric-ideoloski-okvir-se-cita-preko-mjere\/\" \/>\n<meta property=\"og:locale\" content=\"en_GB\" \/>\n<meta property=\"og:type\" content=\"article\" \/>\n<meta property=\"og:title\" content=\"Ota\u0161evi\u0107: RTV Podgorica je najtransparentniji lokalni javni emiter i otvorena za sve; Peri\u0107: Ideolo\u0161ki okvir se \u010dita preko mjere - dmcsrb.com\" \/>\n<meta property=\"og:description\" content=\"Izvr\u0161ni direktor RTV Podgorica, Vladimir Ota\u0161evi\u0107 istakao je u emisiji &quot;Referat&quot; da je ovaj lokalni javni emiter najtransparentniji u Crnoj Gori, te da bilo \u010dija politika nije uzurpirala ovaj medij. Odbornik \u201ePokreta Preokret\u201c u Podgorici Sr\u0111an Peri\u0107 kazao je da u radu RTV Podgorica zamjera \u201euzurpaciju javnog interesa\u201c.\" \/>\n<meta property=\"og:url\" content=\"https:\/\/dmcsrb.com\/en\/podgorica\/otasevic-rtv-podgorica-je-najtransparentniji-lokalni-javni-emiter-i-otvorena-za-sve-peric-ideoloski-okvir-se-cita-preko-mjere\/\" \/>\n<meta property=\"og:site_name\" content=\"dmcsrb.com\" \/>\n<meta property=\"article:published_time\" content=\"2025-12-29T19:04:28+00:00\" \/>\n<meta property=\"og:image\" content=\"https:\/\/dmcsrb.com\/wp-content\/uploads\/2026\/01\/grupna.jpg\" \/>\n\t<meta property=\"og:image:width\" content=\"1802\" \/>\n\t<meta property=\"og:image:height\" content=\"885\" \/>\n\t<meta property=\"og:image:type\" content=\"image\/jpeg\" \/>\n<meta name=\"author\" content=\"dmcsrbija.com@gmail.com\" \/>\n<meta name=\"twitter:card\" content=\"summary_large_image\" \/>\n<meta name=\"twitter:label1\" content=\"Written by\" \/>\n\t<meta name=\"twitter:data1\" content=\"dmcsrbija.com@gmail.com\" \/>\n\t<meta name=\"twitter:label2\" content=\"Estimated reading time\" \/>\n\t<meta name=\"twitter:data2\" content=\"10 minutes\" \/>\n<script type=\"application\/ld+json\" class=\"yoast-schema-graph\">{\"@context\":\"https:\\\/\\\/schema.org\",\"@graph\":[{\"@type\":\"Article\",\"@id\":\"https:\\\/\\\/dmcsrb.com\\\/podgorica\\\/otasevic-rtv-podgorica-je-najtransparentniji-lokalni-javni-emiter-i-otvorena-za-sve-peric-ideoloski-okvir-se-cita-preko-mjere\\\/#article\",\"isPartOf\":{\"@id\":\"https:\\\/\\\/dmcsrb.com\\\/podgorica\\\/otasevic-rtv-podgorica-je-najtransparentniji-lokalni-javni-emiter-i-otvorena-za-sve-peric-ideoloski-okvir-se-cita-preko-mjere\\\/\"},\"author\":{\"name\":\"dmcsrbija.com@gmail.com\",\"@id\":\"https:\\\/\\\/dmcsrb.com\\\/#\\\/schema\\\/person\\\/5c39170f12db1b8b457732d0b5c854e2\"},\"headline\":\"Ota\u0161evi\u0107: RTV Podgorica je najtransparentniji lokalni javni emiter i otvorena za sve; Peri\u0107: Ideolo\u0161ki okvir se \u010dita preko mjere\",\"datePublished\":\"2025-12-29T19:04:28+00:00\",\"mainEntityOfPage\":{\"@id\":\"https:\\\/\\\/dmcsrb.com\\\/podgorica\\\/otasevic-rtv-podgorica-je-najtransparentniji-lokalni-javni-emiter-i-otvorena-za-sve-peric-ideoloski-okvir-se-cita-preko-mjere\\\/\"},\"wordCount\":2003,\"commentCount\":0,\"image\":{\"@id\":\"https:\\\/\\\/dmcsrb.com\\\/podgorica\\\/otasevic-rtv-podgorica-je-najtransparentniji-lokalni-javni-emiter-i-otvorena-za-sve-peric-ideoloski-okvir-se-cita-preko-mjere\\\/#primaryimage\"},\"thumbnailUrl\":\"https:\\\/\\\/dmcsrb.com\\\/wp-content\\\/uploads\\\/2026\\\/01\\\/grupna.jpg\",\"keywords\":[\"Emisija Referat\",\"nemanja lacman\",\"Sr\u0111an Peri\u0107\",\"Vladimir Ota\u0161evi\u0107\"],\"articleSection\":[\"Podgorica\"],\"inLanguage\":\"en-GB\",\"potentialAction\":[{\"@type\":\"CommentAction\",\"name\":\"Comment\",\"target\":[\"https:\\\/\\\/dmcsrb.com\\\/podgorica\\\/otasevic-rtv-podgorica-je-najtransparentniji-lokalni-javni-emiter-i-otvorena-za-sve-peric-ideoloski-okvir-se-cita-preko-mjere\\\/#respond\"]}]},{\"@type\":\"WebPage\",\"@id\":\"https:\\\/\\\/dmcsrb.com\\\/podgorica\\\/otasevic-rtv-podgorica-je-najtransparentniji-lokalni-javni-emiter-i-otvorena-za-sve-peric-ideoloski-okvir-se-cita-preko-mjere\\\/\",\"url\":\"https:\\\/\\\/dmcsrb.com\\\/podgorica\\\/otasevic-rtv-podgorica-je-najtransparentniji-lokalni-javni-emiter-i-otvorena-za-sve-peric-ideoloski-okvir-se-cita-preko-mjere\\\/\",\"name\":\"Ota\u0161evi\u0107: RTV Podgorica je najtransparentniji lokalni javni emiter i otvorena za sve; Peri\u0107: Ideolo\u0161ki okvir se \u010dita preko mjere - dmcsrb.com\",\"isPartOf\":{\"@id\":\"https:\\\/\\\/dmcsrb.com\\\/#website\"},\"primaryImageOfPage\":{\"@id\":\"https:\\\/\\\/dmcsrb.com\\\/podgorica\\\/otasevic-rtv-podgorica-je-najtransparentniji-lokalni-javni-emiter-i-otvorena-za-sve-peric-ideoloski-okvir-se-cita-preko-mjere\\\/#primaryimage\"},\"image\":{\"@id\":\"https:\\\/\\\/dmcsrb.com\\\/podgorica\\\/otasevic-rtv-podgorica-je-najtransparentniji-lokalni-javni-emiter-i-otvorena-za-sve-peric-ideoloski-okvir-se-cita-preko-mjere\\\/#primaryimage\"},\"thumbnailUrl\":\"https:\\\/\\\/dmcsrb.com\\\/wp-content\\\/uploads\\\/2026\\\/01\\\/grupna.jpg\",\"datePublished\":\"2025-12-29T19:04:28+00:00\",\"author\":{\"@id\":\"https:\\\/\\\/dmcsrb.com\\\/#\\\/schema\\\/person\\\/5c39170f12db1b8b457732d0b5c854e2\"},\"breadcrumb\":{\"@id\":\"https:\\\/\\\/dmcsrb.com\\\/podgorica\\\/otasevic-rtv-podgorica-je-najtransparentniji-lokalni-javni-emiter-i-otvorena-za-sve-peric-ideoloski-okvir-se-cita-preko-mjere\\\/#breadcrumb\"},\"inLanguage\":\"en-GB\",\"potentialAction\":[{\"@type\":\"ReadAction\",\"target\":[\"https:\\\/\\\/dmcsrb.com\\\/podgorica\\\/otasevic-rtv-podgorica-je-najtransparentniji-lokalni-javni-emiter-i-otvorena-za-sve-peric-ideoloski-okvir-se-cita-preko-mjere\\\/\"]}]},{\"@type\":\"ImageObject\",\"inLanguage\":\"en-GB\",\"@id\":\"https:\\\/\\\/dmcsrb.com\\\/podgorica\\\/otasevic-rtv-podgorica-je-najtransparentniji-lokalni-javni-emiter-i-otvorena-za-sve-peric-ideoloski-okvir-se-cita-preko-mjere\\\/#primaryimage\",\"url\":\"https:\\\/\\\/dmcsrb.com\\\/wp-content\\\/uploads\\\/2026\\\/01\\\/grupna.jpg\",\"contentUrl\":\"https:\\\/\\\/dmcsrb.com\\\/wp-content\\\/uploads\\\/2026\\\/01\\\/grupna.jpg\",\"width\":1802,\"height\":885},{\"@type\":\"BreadcrumbList\",\"@id\":\"https:\\\/\\\/dmcsrb.com\\\/podgorica\\\/otasevic-rtv-podgorica-je-najtransparentniji-lokalni-javni-emiter-i-otvorena-za-sve-peric-ideoloski-okvir-se-cita-preko-mjere\\\/#breadcrumb\",\"itemListElement\":[{\"@type\":\"ListItem\",\"position\":1,\"name\":\"Home\",\"item\":\"https:\\\/\\\/dmcsrb.com\\\/\"},{\"@type\":\"ListItem\",\"position\":2,\"name\":\"Ota\u0161evi\u0107: RTV Podgorica je najtransparentniji lokalni javni emiter i otvorena za sve; Peri\u0107: Ideolo\u0161ki okvir se \u010dita preko mjere\"}]},{\"@type\":\"WebSite\",\"@id\":\"https:\\\/\\\/dmcsrb.com\\\/#website\",\"url\":\"https:\\\/\\\/dmcsrb.com\\\/\",\"name\":\"dmcsrb.com\",\"description\":\"\",\"potentialAction\":[{\"@type\":\"SearchAction\",\"target\":{\"@type\":\"EntryPoint\",\"urlTemplate\":\"https:\\\/\\\/dmcsrb.com\\\/?s={search_term_string}\"},\"query-input\":{\"@type\":\"PropertyValueSpecification\",\"valueRequired\":true,\"valueName\":\"search_term_string\"}}],\"inLanguage\":\"en-GB\"},{\"@type\":\"Person\",\"@id\":\"https:\\\/\\\/dmcsrb.com\\\/#\\\/schema\\\/person\\\/5c39170f12db1b8b457732d0b5c854e2\",\"name\":\"dmcsrbija.com@gmail.com\",\"image\":{\"@type\":\"ImageObject\",\"inLanguage\":\"en-GB\",\"@id\":\"https:\\\/\\\/secure.gravatar.com\\\/avatar\\\/68592660ad6347fad0fb587f8d5d8f1a7b44961362f56e4f2cd524feb87e9069?s=96&d=mm&r=g\",\"url\":\"https:\\\/\\\/secure.gravatar.com\\\/avatar\\\/68592660ad6347fad0fb587f8d5d8f1a7b44961362f56e4f2cd524feb87e9069?s=96&d=mm&r=g\",\"contentUrl\":\"https:\\\/\\\/secure.gravatar.com\\\/avatar\\\/68592660ad6347fad0fb587f8d5d8f1a7b44961362f56e4f2cd524feb87e9069?s=96&d=mm&r=g\",\"caption\":\"dmcsrbija.com@gmail.com\"},\"sameAs\":[\"https:\\\/\\\/dmcsrb.com\"],\"url\":\"https:\\\/\\\/dmcsrb.com\\\/en\\\/author\\\/dmcsrbija-comgmail-com\\\/\"}]}<\/script>\n<!-- \/ Yoast SEO plugin. -->","yoast_head_json":{"title":"Ota\u0161evi\u0107: RTV Podgorica je najtransparentniji lokalni javni emiter i otvorena za sve; Peri\u0107: Ideolo\u0161ki okvir se \u010dita preko mjere - dmcsrb.com","robots":{"index":"index","follow":"follow","max-snippet":"max-snippet:-1","max-image-preview":"max-image-preview:large","max-video-preview":"max-video-preview:-1"},"canonical":"https:\/\/dmcsrb.com\/en\/podgorica\/otasevic-rtv-podgorica-je-najtransparentniji-lokalni-javni-emiter-i-otvorena-za-sve-peric-ideoloski-okvir-se-cita-preko-mjere\/","og_locale":"en_GB","og_type":"article","og_title":"Ota\u0161evi\u0107: RTV Podgorica je najtransparentniji lokalni javni emiter i otvorena za sve; Peri\u0107: Ideolo\u0161ki okvir se \u010dita preko mjere - dmcsrb.com","og_description":"Izvr\u0161ni direktor RTV Podgorica, Vladimir Ota\u0161evi\u0107 istakao je u emisiji \"Referat\" da je ovaj lokalni javni emiter najtransparentniji u Crnoj Gori, te da bilo \u010dija politika nije uzurpirala ovaj medij. Odbornik \u201ePokreta Preokret\u201c u Podgorici Sr\u0111an Peri\u0107 kazao je da u radu RTV Podgorica zamjera \u201euzurpaciju javnog interesa\u201c.","og_url":"https:\/\/dmcsrb.com\/en\/podgorica\/otasevic-rtv-podgorica-je-najtransparentniji-lokalni-javni-emiter-i-otvorena-za-sve-peric-ideoloski-okvir-se-cita-preko-mjere\/","og_site_name":"dmcsrb.com","article_published_time":"2025-12-29T19:04:28+00:00","og_image":[{"width":1802,"height":885,"url":"https:\/\/dmcsrb.com\/wp-content\/uploads\/2026\/01\/grupna.jpg","type":"image\/jpeg"}],"author":"dmcsrbija.com@gmail.com","twitter_card":"summary_large_image","twitter_misc":{"Written by":"dmcsrbija.com@gmail.com","Estimated reading time":"10 minutes"},"schema":{"@context":"https:\/\/schema.org","@graph":[{"@type":"Article","@id":"https:\/\/dmcsrb.com\/podgorica\/otasevic-rtv-podgorica-je-najtransparentniji-lokalni-javni-emiter-i-otvorena-za-sve-peric-ideoloski-okvir-se-cita-preko-mjere\/#article","isPartOf":{"@id":"https:\/\/dmcsrb.com\/podgorica\/otasevic-rtv-podgorica-je-najtransparentniji-lokalni-javni-emiter-i-otvorena-za-sve-peric-ideoloski-okvir-se-cita-preko-mjere\/"},"author":{"name":"dmcsrbija.com@gmail.com","@id":"https:\/\/dmcsrb.com\/#\/schema\/person\/5c39170f12db1b8b457732d0b5c854e2"},"headline":"Ota\u0161evi\u0107: RTV Podgorica je najtransparentniji lokalni javni emiter i otvorena za sve; Peri\u0107: Ideolo\u0161ki okvir se \u010dita preko mjere","datePublished":"2025-12-29T19:04:28+00:00","mainEntityOfPage":{"@id":"https:\/\/dmcsrb.com\/podgorica\/otasevic-rtv-podgorica-je-najtransparentniji-lokalni-javni-emiter-i-otvorena-za-sve-peric-ideoloski-okvir-se-cita-preko-mjere\/"},"wordCount":2003,"commentCount":0,"image":{"@id":"https:\/\/dmcsrb.com\/podgorica\/otasevic-rtv-podgorica-je-najtransparentniji-lokalni-javni-emiter-i-otvorena-za-sve-peric-ideoloski-okvir-se-cita-preko-mjere\/#primaryimage"},"thumbnailUrl":"https:\/\/dmcsrb.com\/wp-content\/uploads\/2026\/01\/grupna.jpg","keywords":["Emisija Referat","nemanja lacman","Sr\u0111an Peri\u0107","Vladimir Ota\u0161evi\u0107"],"articleSection":["Podgorica"],"inLanguage":"en-GB","potentialAction":[{"@type":"CommentAction","name":"Comment","target":["https:\/\/dmcsrb.com\/podgorica\/otasevic-rtv-podgorica-je-najtransparentniji-lokalni-javni-emiter-i-otvorena-za-sve-peric-ideoloski-okvir-se-cita-preko-mjere\/#respond"]}]},{"@type":"WebPage","@id":"https:\/\/dmcsrb.com\/podgorica\/otasevic-rtv-podgorica-je-najtransparentniji-lokalni-javni-emiter-i-otvorena-za-sve-peric-ideoloski-okvir-se-cita-preko-mjere\/","url":"https:\/\/dmcsrb.com\/podgorica\/otasevic-rtv-podgorica-je-najtransparentniji-lokalni-javni-emiter-i-otvorena-za-sve-peric-ideoloski-okvir-se-cita-preko-mjere\/","name":"Ota\u0161evi\u0107: RTV Podgorica je najtransparentniji lokalni javni emiter i otvorena za sve; Peri\u0107: Ideolo\u0161ki okvir se \u010dita preko mjere - dmcsrb.com","isPartOf":{"@id":"https:\/\/dmcsrb.com\/#website"},"primaryImageOfPage":{"@id":"https:\/\/dmcsrb.com\/podgorica\/otasevic-rtv-podgorica-je-najtransparentniji-lokalni-javni-emiter-i-otvorena-za-sve-peric-ideoloski-okvir-se-cita-preko-mjere\/#primaryimage"},"image":{"@id":"https:\/\/dmcsrb.com\/podgorica\/otasevic-rtv-podgorica-je-najtransparentniji-lokalni-javni-emiter-i-otvorena-za-sve-peric-ideoloski-okvir-se-cita-preko-mjere\/#primaryimage"},"thumbnailUrl":"https:\/\/dmcsrb.com\/wp-content\/uploads\/2026\/01\/grupna.jpg","datePublished":"2025-12-29T19:04:28+00:00","author":{"@id":"https:\/\/dmcsrb.com\/#\/schema\/person\/5c39170f12db1b8b457732d0b5c854e2"},"breadcrumb":{"@id":"https:\/\/dmcsrb.com\/podgorica\/otasevic-rtv-podgorica-je-najtransparentniji-lokalni-javni-emiter-i-otvorena-za-sve-peric-ideoloski-okvir-se-cita-preko-mjere\/#breadcrumb"},"inLanguage":"en-GB","potentialAction":[{"@type":"ReadAction","target":["https:\/\/dmcsrb.com\/podgorica\/otasevic-rtv-podgorica-je-najtransparentniji-lokalni-javni-emiter-i-otvorena-za-sve-peric-ideoloski-okvir-se-cita-preko-mjere\/"]}]},{"@type":"ImageObject","inLanguage":"en-GB","@id":"https:\/\/dmcsrb.com\/podgorica\/otasevic-rtv-podgorica-je-najtransparentniji-lokalni-javni-emiter-i-otvorena-za-sve-peric-ideoloski-okvir-se-cita-preko-mjere\/#primaryimage","url":"https:\/\/dmcsrb.com\/wp-content\/uploads\/2026\/01\/grupna.jpg","contentUrl":"https:\/\/dmcsrb.com\/wp-content\/uploads\/2026\/01\/grupna.jpg","width":1802,"height":885},{"@type":"BreadcrumbList","@id":"https:\/\/dmcsrb.com\/podgorica\/otasevic-rtv-podgorica-je-najtransparentniji-lokalni-javni-emiter-i-otvorena-za-sve-peric-ideoloski-okvir-se-cita-preko-mjere\/#breadcrumb","itemListElement":[{"@type":"ListItem","position":1,"name":"Home","item":"https:\/\/dmcsrb.com\/"},{"@type":"ListItem","position":2,"name":"Ota\u0161evi\u0107: RTV Podgorica je najtransparentniji lokalni javni emiter i otvorena za sve; Peri\u0107: Ideolo\u0161ki okvir se \u010dita preko mjere"}]},{"@type":"WebSite","@id":"https:\/\/dmcsrb.com\/#website","url":"https:\/\/dmcsrb.com\/","name":"dmcsrb.com","description":"","potentialAction":[{"@type":"SearchAction","target":{"@type":"EntryPoint","urlTemplate":"https:\/\/dmcsrb.com\/?s={search_term_string}"},"query-input":{"@type":"PropertyValueSpecification","valueRequired":true,"valueName":"search_term_string"}}],"inLanguage":"en-GB"},{"@type":"Person","@id":"https:\/\/dmcsrb.com\/#\/schema\/person\/5c39170f12db1b8b457732d0b5c854e2","name":"dmcsrbija.com@gmail.com","image":{"@type":"ImageObject","inLanguage":"en-GB","@id":"https:\/\/secure.gravatar.com\/avatar\/68592660ad6347fad0fb587f8d5d8f1a7b44961362f56e4f2cd524feb87e9069?s=96&d=mm&r=g","url":"https:\/\/secure.gravatar.com\/avatar\/68592660ad6347fad0fb587f8d5d8f1a7b44961362f56e4f2cd524feb87e9069?s=96&d=mm&r=g","contentUrl":"https:\/\/secure.gravatar.com\/avatar\/68592660ad6347fad0fb587f8d5d8f1a7b44961362f56e4f2cd524feb87e9069?s=96&d=mm&r=g","caption":"dmcsrbija.com@gmail.com"},"sameAs":["https:\/\/dmcsrb.com"],"url":"https:\/\/dmcsrb.com\/en\/author\/dmcsrbija-comgmail-com\/"}]}},"_links":{"self":[{"href":"https:\/\/dmcsrb.com\/en\/wp-json\/wp\/v2\/posts\/916520","targetHints":{"allow":["GET"]}}],"collection":[{"href":"https:\/\/dmcsrb.com\/en\/wp-json\/wp\/v2\/posts"}],"about":[{"href":"https:\/\/dmcsrb.com\/en\/wp-json\/wp\/v2\/types\/post"}],"author":[{"embeddable":true,"href":"https:\/\/dmcsrb.com\/en\/wp-json\/wp\/v2\/users\/1"}],"replies":[{"embeddable":true,"href":"https:\/\/dmcsrb.com\/en\/wp-json\/wp\/v2\/comments?post=916520"}],"version-history":[{"count":0,"href":"https:\/\/dmcsrb.com\/en\/wp-json\/wp\/v2\/posts\/916520\/revisions"}],"wp:featuredmedia":[{"embeddable":true,"href":"https:\/\/dmcsrb.com\/en\/wp-json\/wp\/v2\/media\/916521"}],"wp:attachment":[{"href":"https:\/\/dmcsrb.com\/en\/wp-json\/wp\/v2\/media?parent=916520"}],"wp:term":[{"taxonomy":"category","embeddable":true,"href":"https:\/\/dmcsrb.com\/en\/wp-json\/wp\/v2\/categories?post=916520"},{"taxonomy":"post_tag","embeddable":true,"href":"https:\/\/dmcsrb.com\/en\/wp-json\/wp\/v2\/tags?post=916520"},{"taxonomy":"naslovna","embeddable":true,"href":"https:\/\/dmcsrb.com\/en\/wp-json\/wp\/v2\/naslovna?post=916520"}],"curies":[{"name":"wp","href":"https:\/\/api.w.org\/{rel}","templated":true}]}}