{"id":916512,"date":"2025-12-29T19:59:21","date_gmt":"2025-12-29T18:59:21","guid":{"rendered":"https:\/\/dmcsrb.com\/uncategorized\/mkm-preispitati-odluku-o-razrjesenju-savjeta-radio-andrijevica\/"},"modified":"2025-12-29T19:59:21","modified_gmt":"2025-12-29T18:59:21","slug":"mkm-preispitati-odluku-o-razrjesenju-savjeta-radio-andrijevica","status":"publish","type":"post","link":"https:\/\/dmcsrb.com\/en\/drustvo\/mkm-preispitati-odluku-o-razrjesenju-savjeta-radio-andrijevica\/","title":{"rendered":"MKM: Preispitati odluku o razrje\u0161enju Savjeta Radio Andrijevica"},"content":{"rendered":"<p>SO Andrijevica razrije\u0161ila je Savjet Radio Andrijevica, na osnovu navodnog postojanja sukoba interesa u smislu \u010dlana 146 stav 1 ta\u010dka 6 Zakona o audiovizuelnim medijskim uslugama, kojim je propisano da \u010dlanovi savjeta lokalnog javnog emitera ne mogu biti osobe koja su bila kandidati za predsjednika Crne Gore ili u sastavu izborne liste za izbore za poslanike ili odbornike, najmanje tri godine od podno\u0161enja kandidature ili izborne liste.<\/p>\n\n\n\n<p>Iz Ministarstva kulture i medija su kazali da su \u010dlanovi tog Savjeta imenovani u skladu sa ranije va\u017ee\u0107im Zakonom o elektronskim medijima, u kojem navedeni osnov za sukob interesa nije bio propisan, ve\u0107 je bio ograni\u010den isklju\u010divo na lica koja obavljaju funkciju poslanika ili odbornika.<\/p>\n\n\n\n<p>\u201cRetroaktivna primjena novih zakonskih ograni\u010denja na ve\u0107 zapo\u010dete mandate nije u skladu sa osnovnim principima pravne sigurnosti\u201d, upozorili su iz resora kojim rukovodi&nbsp;<strong>Tamara Vujovi\u0107<\/strong>.<\/p>\n\n\n\n<p>Ministarstvo kulture i medija smatra da postoji osnovana sumnja u zakonitost sprovedenog postupka razrje\u0161enja.<\/p>\n\n\n\n<p>Iz tog resora su pozvali nadle\u017ene organe lokalne samouprave da jo\u0161 jednom preispitaju donijete odluke, u cilju izbjegavanja pravnih posljedica, sudskih sporova i dodatne destabilizacije sistema lokalnih javnih emitera.<\/p>\n\n\n\n<p>\u201cTransparentnost, zakonitost i dosljedna primjena zakonskih i prelaznih rje\u0161enja od posebnog su zna\u010daja, naro\u010dito u kontekstu reforme medijskog zakonodavstva i obaveza koje Crna Gora ima u procesu evropskih integracija\u201d, navodi se u saop\u0161tenju.<\/p>\n\n\n\n<p>Kako su istakli iz MKM, jedan od klju\u010dnih ciljeva prilikom usvajanja Zakona o audiovizuelnim medijskim uslugama je upravo bio obezbje\u0111ivanje uslova za nezavisne, finansijske stabilne i odr\u017eive lokalne javne emitere.<\/p>\n\n\n\n<p>\u201cZbog svega navedenog, bilo koje odluke u pravcu ugro\u017eavanja navedenih vrijednosti treba izbjegavati i dobro preispitati\u201d, poru\u010duje se u saop\u0161tenju.<\/p>","protected":false},"excerpt":{"rendered":"<p>Ministarstvo kulture i medija (MKM) pozvalo je nadle\u017ene organe lokalne samouprave da preispitaju odluku Skup\u0161tine op\u0161tine (SO) Andrijevica o razrje\u0161enju \u010dlanova Savjeta Radio Andrijevica, upozoravaju\u0107i da retroaktivna primjena novih zakonskih ograni\u010denja nije u skladu sa principima pravne sigurnosti.<\/p>","protected":false},"author":1,"featured_media":916513,"comment_status":"open","ping_status":"open","sticky":false,"template":"","format":"standard","meta":{"_acf_changed":false,"footnotes":""},"categories":[2],"tags":[909,5026],"naslovna":[],"class_list":["post-916512","post","type-post","status-publish","format-standard","has-post-thumbnail","hentry","category-drustvo","tag-mkm","tag-savjet-radio-andriejvica"],"acf":[],"yoast_head":"<!-- This site is optimized with the Yoast SEO plugin v27.4 - https:\/\/yoast.com\/product\/yoast-seo-wordpress\/ -->\n<title>MKM: Preispitati odluku o razrje\u0161enju Savjeta Radio Andrijevica - dmcsrb.com<\/title>\n<meta name=\"robots\" content=\"index, follow, max-snippet:-1, max-image-preview:large, max-video-preview:-1\" \/>\n<link rel=\"canonical\" href=\"https:\/\/dmcsrb.com\/en\/drustvo\/mkm-preispitati-odluku-o-razrjesenju-savjeta-radio-andrijevica\/\" \/>\n<meta property=\"og:locale\" content=\"en_GB\" \/>\n<meta property=\"og:type\" content=\"article\" \/>\n<meta property=\"og:title\" content=\"MKM: Preispitati odluku o razrje\u0161enju Savjeta Radio Andrijevica - dmcsrb.com\" \/>\n<meta property=\"og:description\" content=\"Ministarstvo kulture i medija (MKM) pozvalo je nadle\u017ene organe lokalne samouprave da preispitaju odluku Skup\u0161tine op\u0161tine (SO) Andrijevica o razrje\u0161enju \u010dlanova Savjeta Radio Andrijevica, upozoravaju\u0107i da retroaktivna primjena novih zakonskih ograni\u010denja nije u skladu sa principima pravne sigurnosti.\" \/>\n<meta property=\"og:url\" content=\"https:\/\/dmcsrb.com\/en\/drustvo\/mkm-preispitati-odluku-o-razrjesenju-savjeta-radio-andrijevica\/\" \/>\n<meta property=\"og:site_name\" content=\"dmcsrb.com\" \/>\n<meta property=\"article:published_time\" content=\"2025-12-29T18:59:21+00:00\" \/>\n<meta property=\"og:image\" content=\"https:\/\/dmcsrb.com\/wp-content\/uploads\/2026\/01\/Arhiva-ministarstvo-kulture-imedija-foto-mku-769x555-1.jpg\" \/>\n\t<meta property=\"og:image:width\" content=\"769\" \/>\n\t<meta property=\"og:image:height\" content=\"555\" \/>\n\t<meta property=\"og:image:type\" content=\"image\/jpeg\" \/>\n<meta name=\"author\" content=\"dmcsrbija.com@gmail.com\" \/>\n<meta name=\"twitter:card\" content=\"summary_large_image\" \/>\n<meta name=\"twitter:label1\" content=\"Written by\" \/>\n\t<meta name=\"twitter:data1\" content=\"dmcsrbija.com@gmail.com\" \/>\n\t<meta name=\"twitter:label2\" content=\"Estimated reading time\" \/>\n\t<meta name=\"twitter:data2\" content=\"1 minute\" \/>\n<script type=\"application\/ld+json\" class=\"yoast-schema-graph\">{\"@context\":\"https:\\\/\\\/schema.org\",\"@graph\":[{\"@type\":\"Article\",\"@id\":\"https:\\\/\\\/dmcsrb.com\\\/drustvo\\\/mkm-preispitati-odluku-o-razrjesenju-savjeta-radio-andrijevica\\\/#article\",\"isPartOf\":{\"@id\":\"https:\\\/\\\/dmcsrb.com\\\/drustvo\\\/mkm-preispitati-odluku-o-razrjesenju-savjeta-radio-andrijevica\\\/\"},\"author\":{\"name\":\"dmcsrbija.com@gmail.com\",\"@id\":\"https:\\\/\\\/dmcsrb.com\\\/#\\\/schema\\\/person\\\/5c39170f12db1b8b457732d0b5c854e2\"},\"headline\":\"MKM: Preispitati odluku o razrje\u0161enju Savjeta Radio Andrijevica\",\"datePublished\":\"2025-12-29T18:59:21+00:00\",\"mainEntityOfPage\":{\"@id\":\"https:\\\/\\\/dmcsrb.com\\\/drustvo\\\/mkm-preispitati-odluku-o-razrjesenju-savjeta-radio-andrijevica\\\/\"},\"wordCount\":291,\"commentCount\":0,\"image\":{\"@id\":\"https:\\\/\\\/dmcsrb.com\\\/drustvo\\\/mkm-preispitati-odluku-o-razrjesenju-savjeta-radio-andrijevica\\\/#primaryimage\"},\"thumbnailUrl\":\"https:\\\/\\\/dmcsrb.com\\\/wp-content\\\/uploads\\\/2026\\\/01\\\/Arhiva-ministarstvo-kulture-imedija-foto-mku-769x555-1.jpg\",\"keywords\":[\"MKM\",\"Savjet Radio Andriejvica\"],\"articleSection\":[\"Dru\u0161tvo\"],\"inLanguage\":\"en-GB\",\"potentialAction\":[{\"@type\":\"CommentAction\",\"name\":\"Comment\",\"target\":[\"https:\\\/\\\/dmcsrb.com\\\/drustvo\\\/mkm-preispitati-odluku-o-razrjesenju-savjeta-radio-andrijevica\\\/#respond\"]}]},{\"@type\":\"WebPage\",\"@id\":\"https:\\\/\\\/dmcsrb.com\\\/drustvo\\\/mkm-preispitati-odluku-o-razrjesenju-savjeta-radio-andrijevica\\\/\",\"url\":\"https:\\\/\\\/dmcsrb.com\\\/drustvo\\\/mkm-preispitati-odluku-o-razrjesenju-savjeta-radio-andrijevica\\\/\",\"name\":\"MKM: Preispitati odluku o razrje\u0161enju Savjeta Radio Andrijevica - dmcsrb.com\",\"isPartOf\":{\"@id\":\"https:\\\/\\\/dmcsrb.com\\\/#website\"},\"primaryImageOfPage\":{\"@id\":\"https:\\\/\\\/dmcsrb.com\\\/drustvo\\\/mkm-preispitati-odluku-o-razrjesenju-savjeta-radio-andrijevica\\\/#primaryimage\"},\"image\":{\"@id\":\"https:\\\/\\\/dmcsrb.com\\\/drustvo\\\/mkm-preispitati-odluku-o-razrjesenju-savjeta-radio-andrijevica\\\/#primaryimage\"},\"thumbnailUrl\":\"https:\\\/\\\/dmcsrb.com\\\/wp-content\\\/uploads\\\/2026\\\/01\\\/Arhiva-ministarstvo-kulture-imedija-foto-mku-769x555-1.jpg\",\"datePublished\":\"2025-12-29T18:59:21+00:00\",\"author\":{\"@id\":\"https:\\\/\\\/dmcsrb.com\\\/#\\\/schema\\\/person\\\/5c39170f12db1b8b457732d0b5c854e2\"},\"breadcrumb\":{\"@id\":\"https:\\\/\\\/dmcsrb.com\\\/drustvo\\\/mkm-preispitati-odluku-o-razrjesenju-savjeta-radio-andrijevica\\\/#breadcrumb\"},\"inLanguage\":\"en-GB\",\"potentialAction\":[{\"@type\":\"ReadAction\",\"target\":[\"https:\\\/\\\/dmcsrb.com\\\/drustvo\\\/mkm-preispitati-odluku-o-razrjesenju-savjeta-radio-andrijevica\\\/\"]}]},{\"@type\":\"ImageObject\",\"inLanguage\":\"en-GB\",\"@id\":\"https:\\\/\\\/dmcsrb.com\\\/drustvo\\\/mkm-preispitati-odluku-o-razrjesenju-savjeta-radio-andrijevica\\\/#primaryimage\",\"url\":\"https:\\\/\\\/dmcsrb.com\\\/wp-content\\\/uploads\\\/2026\\\/01\\\/Arhiva-ministarstvo-kulture-imedija-foto-mku-769x555-1.jpg\",\"contentUrl\":\"https:\\\/\\\/dmcsrb.com\\\/wp-content\\\/uploads\\\/2026\\\/01\\\/Arhiva-ministarstvo-kulture-imedija-foto-mku-769x555-1.jpg\",\"width\":769,\"height\":555},{\"@type\":\"BreadcrumbList\",\"@id\":\"https:\\\/\\\/dmcsrb.com\\\/drustvo\\\/mkm-preispitati-odluku-o-razrjesenju-savjeta-radio-andrijevica\\\/#breadcrumb\",\"itemListElement\":[{\"@type\":\"ListItem\",\"position\":1,\"name\":\"Home\",\"item\":\"https:\\\/\\\/dmcsrb.com\\\/\"},{\"@type\":\"ListItem\",\"position\":2,\"name\":\"MKM: Preispitati odluku o razrje\u0161enju Savjeta Radio Andrijevica\"}]},{\"@type\":\"WebSite\",\"@id\":\"https:\\\/\\\/dmcsrb.com\\\/#website\",\"url\":\"https:\\\/\\\/dmcsrb.com\\\/\",\"name\":\"dmcsrb.com\",\"description\":\"\",\"potentialAction\":[{\"@type\":\"SearchAction\",\"target\":{\"@type\":\"EntryPoint\",\"urlTemplate\":\"https:\\\/\\\/dmcsrb.com\\\/?s={search_term_string}\"},\"query-input\":{\"@type\":\"PropertyValueSpecification\",\"valueRequired\":true,\"valueName\":\"search_term_string\"}}],\"inLanguage\":\"en-GB\"},{\"@type\":\"Person\",\"@id\":\"https:\\\/\\\/dmcsrb.com\\\/#\\\/schema\\\/person\\\/5c39170f12db1b8b457732d0b5c854e2\",\"name\":\"dmcsrbija.com@gmail.com\",\"image\":{\"@type\":\"ImageObject\",\"inLanguage\":\"en-GB\",\"@id\":\"https:\\\/\\\/secure.gravatar.com\\\/avatar\\\/68592660ad6347fad0fb587f8d5d8f1a7b44961362f56e4f2cd524feb87e9069?s=96&d=mm&r=g\",\"url\":\"https:\\\/\\\/secure.gravatar.com\\\/avatar\\\/68592660ad6347fad0fb587f8d5d8f1a7b44961362f56e4f2cd524feb87e9069?s=96&d=mm&r=g\",\"contentUrl\":\"https:\\\/\\\/secure.gravatar.com\\\/avatar\\\/68592660ad6347fad0fb587f8d5d8f1a7b44961362f56e4f2cd524feb87e9069?s=96&d=mm&r=g\",\"caption\":\"dmcsrbija.com@gmail.com\"},\"sameAs\":[\"https:\\\/\\\/dmcsrb.com\"],\"url\":\"https:\\\/\\\/dmcsrb.com\\\/en\\\/author\\\/dmcsrbija-comgmail-com\\\/\"}]}<\/script>\n<!-- \/ Yoast SEO plugin. -->","yoast_head_json":{"title":"MKM: Preispitati odluku o razrje\u0161enju Savjeta Radio Andrijevica - dmcsrb.com","robots":{"index":"index","follow":"follow","max-snippet":"max-snippet:-1","max-image-preview":"max-image-preview:large","max-video-preview":"max-video-preview:-1"},"canonical":"https:\/\/dmcsrb.com\/en\/drustvo\/mkm-preispitati-odluku-o-razrjesenju-savjeta-radio-andrijevica\/","og_locale":"en_GB","og_type":"article","og_title":"MKM: Preispitati odluku o razrje\u0161enju Savjeta Radio Andrijevica - dmcsrb.com","og_description":"Ministarstvo kulture i medija (MKM) pozvalo je nadle\u017ene organe lokalne samouprave da preispitaju odluku Skup\u0161tine op\u0161tine (SO) Andrijevica o razrje\u0161enju \u010dlanova Savjeta Radio Andrijevica, upozoravaju\u0107i da retroaktivna primjena novih zakonskih ograni\u010denja nije u skladu sa principima pravne sigurnosti.","og_url":"https:\/\/dmcsrb.com\/en\/drustvo\/mkm-preispitati-odluku-o-razrjesenju-savjeta-radio-andrijevica\/","og_site_name":"dmcsrb.com","article_published_time":"2025-12-29T18:59:21+00:00","og_image":[{"width":769,"height":555,"url":"https:\/\/dmcsrb.com\/wp-content\/uploads\/2026\/01\/Arhiva-ministarstvo-kulture-imedija-foto-mku-769x555-1.jpg","type":"image\/jpeg"}],"author":"dmcsrbija.com@gmail.com","twitter_card":"summary_large_image","twitter_misc":{"Written by":"dmcsrbija.com@gmail.com","Estimated reading time":"1 minute"},"schema":{"@context":"https:\/\/schema.org","@graph":[{"@type":"Article","@id":"https:\/\/dmcsrb.com\/drustvo\/mkm-preispitati-odluku-o-razrjesenju-savjeta-radio-andrijevica\/#article","isPartOf":{"@id":"https:\/\/dmcsrb.com\/drustvo\/mkm-preispitati-odluku-o-razrjesenju-savjeta-radio-andrijevica\/"},"author":{"name":"dmcsrbija.com@gmail.com","@id":"https:\/\/dmcsrb.com\/#\/schema\/person\/5c39170f12db1b8b457732d0b5c854e2"},"headline":"MKM: Preispitati odluku o razrje\u0161enju Savjeta Radio Andrijevica","datePublished":"2025-12-29T18:59:21+00:00","mainEntityOfPage":{"@id":"https:\/\/dmcsrb.com\/drustvo\/mkm-preispitati-odluku-o-razrjesenju-savjeta-radio-andrijevica\/"},"wordCount":291,"commentCount":0,"image":{"@id":"https:\/\/dmcsrb.com\/drustvo\/mkm-preispitati-odluku-o-razrjesenju-savjeta-radio-andrijevica\/#primaryimage"},"thumbnailUrl":"https:\/\/dmcsrb.com\/wp-content\/uploads\/2026\/01\/Arhiva-ministarstvo-kulture-imedija-foto-mku-769x555-1.jpg","keywords":["MKM","Savjet Radio Andriejvica"],"articleSection":["Dru\u0161tvo"],"inLanguage":"en-GB","potentialAction":[{"@type":"CommentAction","name":"Comment","target":["https:\/\/dmcsrb.com\/drustvo\/mkm-preispitati-odluku-o-razrjesenju-savjeta-radio-andrijevica\/#respond"]}]},{"@type":"WebPage","@id":"https:\/\/dmcsrb.com\/drustvo\/mkm-preispitati-odluku-o-razrjesenju-savjeta-radio-andrijevica\/","url":"https:\/\/dmcsrb.com\/drustvo\/mkm-preispitati-odluku-o-razrjesenju-savjeta-radio-andrijevica\/","name":"MKM: Preispitati odluku o razrje\u0161enju Savjeta Radio Andrijevica - dmcsrb.com","isPartOf":{"@id":"https:\/\/dmcsrb.com\/#website"},"primaryImageOfPage":{"@id":"https:\/\/dmcsrb.com\/drustvo\/mkm-preispitati-odluku-o-razrjesenju-savjeta-radio-andrijevica\/#primaryimage"},"image":{"@id":"https:\/\/dmcsrb.com\/drustvo\/mkm-preispitati-odluku-o-razrjesenju-savjeta-radio-andrijevica\/#primaryimage"},"thumbnailUrl":"https:\/\/dmcsrb.com\/wp-content\/uploads\/2026\/01\/Arhiva-ministarstvo-kulture-imedija-foto-mku-769x555-1.jpg","datePublished":"2025-12-29T18:59:21+00:00","author":{"@id":"https:\/\/dmcsrb.com\/#\/schema\/person\/5c39170f12db1b8b457732d0b5c854e2"},"breadcrumb":{"@id":"https:\/\/dmcsrb.com\/drustvo\/mkm-preispitati-odluku-o-razrjesenju-savjeta-radio-andrijevica\/#breadcrumb"},"inLanguage":"en-GB","potentialAction":[{"@type":"ReadAction","target":["https:\/\/dmcsrb.com\/drustvo\/mkm-preispitati-odluku-o-razrjesenju-savjeta-radio-andrijevica\/"]}]},{"@type":"ImageObject","inLanguage":"en-GB","@id":"https:\/\/dmcsrb.com\/drustvo\/mkm-preispitati-odluku-o-razrjesenju-savjeta-radio-andrijevica\/#primaryimage","url":"https:\/\/dmcsrb.com\/wp-content\/uploads\/2026\/01\/Arhiva-ministarstvo-kulture-imedija-foto-mku-769x555-1.jpg","contentUrl":"https:\/\/dmcsrb.com\/wp-content\/uploads\/2026\/01\/Arhiva-ministarstvo-kulture-imedija-foto-mku-769x555-1.jpg","width":769,"height":555},{"@type":"BreadcrumbList","@id":"https:\/\/dmcsrb.com\/drustvo\/mkm-preispitati-odluku-o-razrjesenju-savjeta-radio-andrijevica\/#breadcrumb","itemListElement":[{"@type":"ListItem","position":1,"name":"Home","item":"https:\/\/dmcsrb.com\/"},{"@type":"ListItem","position":2,"name":"MKM: Preispitati odluku o razrje\u0161enju Savjeta Radio Andrijevica"}]},{"@type":"WebSite","@id":"https:\/\/dmcsrb.com\/#website","url":"https:\/\/dmcsrb.com\/","name":"dmcsrb.com","description":"","potentialAction":[{"@type":"SearchAction","target":{"@type":"EntryPoint","urlTemplate":"https:\/\/dmcsrb.com\/?s={search_term_string}"},"query-input":{"@type":"PropertyValueSpecification","valueRequired":true,"valueName":"search_term_string"}}],"inLanguage":"en-GB"},{"@type":"Person","@id":"https:\/\/dmcsrb.com\/#\/schema\/person\/5c39170f12db1b8b457732d0b5c854e2","name":"dmcsrbija.com@gmail.com","image":{"@type":"ImageObject","inLanguage":"en-GB","@id":"https:\/\/secure.gravatar.com\/avatar\/68592660ad6347fad0fb587f8d5d8f1a7b44961362f56e4f2cd524feb87e9069?s=96&d=mm&r=g","url":"https:\/\/secure.gravatar.com\/avatar\/68592660ad6347fad0fb587f8d5d8f1a7b44961362f56e4f2cd524feb87e9069?s=96&d=mm&r=g","contentUrl":"https:\/\/secure.gravatar.com\/avatar\/68592660ad6347fad0fb587f8d5d8f1a7b44961362f56e4f2cd524feb87e9069?s=96&d=mm&r=g","caption":"dmcsrbija.com@gmail.com"},"sameAs":["https:\/\/dmcsrb.com"],"url":"https:\/\/dmcsrb.com\/en\/author\/dmcsrbija-comgmail-com\/"}]}},"_links":{"self":[{"href":"https:\/\/dmcsrb.com\/en\/wp-json\/wp\/v2\/posts\/916512","targetHints":{"allow":["GET"]}}],"collection":[{"href":"https:\/\/dmcsrb.com\/en\/wp-json\/wp\/v2\/posts"}],"about":[{"href":"https:\/\/dmcsrb.com\/en\/wp-json\/wp\/v2\/types\/post"}],"author":[{"embeddable":true,"href":"https:\/\/dmcsrb.com\/en\/wp-json\/wp\/v2\/users\/1"}],"replies":[{"embeddable":true,"href":"https:\/\/dmcsrb.com\/en\/wp-json\/wp\/v2\/comments?post=916512"}],"version-history":[{"count":0,"href":"https:\/\/dmcsrb.com\/en\/wp-json\/wp\/v2\/posts\/916512\/revisions"}],"wp:featuredmedia":[{"embeddable":true,"href":"https:\/\/dmcsrb.com\/en\/wp-json\/wp\/v2\/media\/916513"}],"wp:attachment":[{"href":"https:\/\/dmcsrb.com\/en\/wp-json\/wp\/v2\/media?parent=916512"}],"wp:term":[{"taxonomy":"category","embeddable":true,"href":"https:\/\/dmcsrb.com\/en\/wp-json\/wp\/v2\/categories?post=916512"},{"taxonomy":"post_tag","embeddable":true,"href":"https:\/\/dmcsrb.com\/en\/wp-json\/wp\/v2\/tags?post=916512"},{"taxonomy":"naslovna","embeddable":true,"href":"https:\/\/dmcsrb.com\/en\/wp-json\/wp\/v2\/naslovna?post=916512"}],"curies":[{"name":"wp","href":"https:\/\/api.w.org\/{rel}","templated":true}]}}