{"id":916389,"date":"2025-12-29T10:22:00","date_gmt":"2025-12-29T09:22:00","guid":{"rendered":"https:\/\/dmcsrb.com\/uncategorized\/sep-projekti-zapoceti-prije-2020-na-sjeveru-namjerno-su-zaustavljeni\/"},"modified":"2025-12-29T10:22:00","modified_gmt":"2025-12-29T09:22:00","slug":"sep-projekti-zapoceti-prije-2020-na-sjeveru-namjerno-su-zaustavljeni","status":"publish","type":"post","link":"https:\/\/dmcsrb.com\/en\/politika\/sep-projekti-zapoceti-prije-2020-na-sjeveru-namjerno-su-zaustavljeni\/","title":{"rendered":"SEP: Projekti zapo\u010deti prije 2020. na Sjeveru namjerno su zaustavljeni"},"content":{"rendered":"<p><\/p>\n\n\n\n<p>,,Prije svega, nije sporno da projekti ski-centara \u017darski i Cmilja\u010da nijesu zavr\u0161eni ali je krajnje neozbiljno i neta\u010dno njihovo progla\u0161avanje \u201eproma\u0161enim politi\u010dkim projektima\u201c iz vremena Vlade Du\u0161ka Markovi\u0107a. Naprotiv, rije\u010d je o razvojnim projektima koji su decenijama bili tema i kona\u010dno su pokrenuti\u00a0 sa jasnom vizijom da se sjever Crne Gore infrastrukturno i ekonomski osna\u017ei&#8221;, kazali su iz SEP-a.<\/p>\n\n\n\n<p>Isti\u010du kako \u010dinjenice jasno govore da je Vlada <strong>Du\u0161ka Markovi\u0107a<\/strong> obezbijedila finansiranje, zaklju\u010deni su ugovori, zapo\u010deti su i podmakli su radovi, kupljena je najmodernija oprema.<\/p>\n\n\n\n<p>,,Sve ono \u0161to danas vidimo kao problem nije posljedica pogre\u0161ne vizije ve\u0107 potpunog prekida kontinuiteta nakon promjene vlasti 2020. godine. \u010cak je predstavljanje bud\u017eeta za 2021. godinu od strane nove Vlade &#8211; \u010ditaj nove vlasti, proteklo u tonu obznane da \u0107e svi projekti na Sjeveru biti skrajnuti sa strane&#8221;, kazali su iz SEP-a.<\/p>\n\n\n\n<p>Dakle, dodaju, nova vlast, a posebno Vlada iz decembra 2020, nije samo usporila projekte ve\u0107 ih je u potpunosti zaustavila, ostavila bez nadzora i bez za\u0161tite. Ovim je direktno omogu\u0107eno da infrastruktura i oprema propadaju, a dr\u017eavna imovina bude oplja\u010dkana, kako \u201edobro obavije\u0161teni sagovornik\u201c i sam ka\u017ee.<\/p>\n\n\n\n<p>,,Posebno je licemjerno danas govoriti o \u201eodgovornosti biv\u0161e vlasti\u201c, dok se \u0107uti o punih pet godina nerada, odsustva vizija i elementarnog nepoznavanja kako se upravlja projektima&#8221;, nagla\u0161avaju iz SEP-a.<\/p>\n\n\n\n<p>Poru\u010duju da ako je neko odgovoran za to \u0161to \u017ei\u010dara stoji po magacinima, trafostanice bivaju oplja\u010dkane, radovi nijesu nastavljeni &#8211; onda je odgovorna isklju\u010divo vlast koja je imala i ima obavezu da nastavi zapo\u010dete projekte, a ne da ih koristi kao politi\u010dki alibi.<\/p>\n\n\n\n<p>,,Ako je danas dobro turisti\u010dkom posleniku jer smo okrenuli za 360 stepeni, dakle pun krug, onda to samo potvr\u0111uje da je i ranije bilo dobro i da razvojna logika nije bila pogre\u0161na kako se sada poku\u0161ava predstaviti&#8221;, kazali su iz SEP-a.<\/p>\n\n\n\n<p>Navode kako je vizija razvoja sjevera Crne Gore koju je pokrenula Vlada Du\u0161ka Markovi\u0107a bila jasna i uklju\u010divala je ravnomjeran regionalni razvoj, nova radna mjesta i dugoro\u010dnu turisti\u010dku odr\u017eivost, uz uklju\u010divanje proizvodnih grana uklju\u010duju\u0107i posebno poljoprivredu kao \u017eilu kucavicu svake dr\u017eave koja ima sli\u010dne resurse. Pored toga, Sjever je trebao da nastavi svoj razvoj i da zadobije mjesto koje mu pripada, ali je trebalo nastaviti sve projekte koji su Sjever vratili u prvi plan. To se jednostavno nije \u017eeljelo, i Sjever je ve\u0107 punih 5 godina potpuno zanemaren i zapostavljen.<\/p>\n\n\n\n<p>,,Kona\u010dno &#8211; ono \u0161to danas nedostaje nije vizija, ve\u0107 politi\u010dka volja, znanje, kontinuitet i odgovornost&#8221;, ocijenili su iz SEP-a.<\/p>\n\n\n\n<p>Zato, dodaju, odbacuju poku\u0161aje da se proma\u0161aji sada\u0161nje vlasti pripisuju onima koji su projekte zapo\u010deli. Gra\u0111ani sjevera Crne Gore znaju ko je radio, ko je ulagao, ali vide i znaju i ko je dozvolio da se ono \u0161to je izgra\u0111eno uni\u0161tava.<\/p>\n\n\n\n<p>,,Istina je jednostavna &#8211; projekti nijesu propali zato \u0161to su zapo\u010deti, ve\u0107 zato \u0161to su namjerno zaustavljeni&#8221;, zaklju\u010duju iz Stranke evropskog progresa (SEP).<\/p>\n\n\n\n<p><\/p>","protected":false},"excerpt":{"rendered":"<p>Tekst objavljen na Portalu RTCG pod naslovom \u201e\u017di\u010dare iz vremena biv\u0161ih vlada propadaju, projekti bili politi\u010dki\u201c sadr\u017ei niz tendencioznih tvrdnji i pogre\u0161nih zaklju\u010daka zbog \u010dega smo du\u017eni da u interesu istine i javnosti reagujemo, saop\u0161teno je iz Stranke evropskog progresa (SEP).<\/p>","protected":false},"author":1,"featured_media":913766,"comment_status":"open","ping_status":"open","sticky":false,"template":"","format":"standard","meta":{"_acf_changed":false,"footnotes":""},"categories":[12],"tags":[4277,46,4951],"naslovna":[],"class_list":["post-916389","post","type-post","status-publish","format-standard","has-post-thumbnail","hentry","category-politika","tag-projekti","tag-sjever","tag-stranka-evropskog-progresa"],"acf":[],"yoast_head":"<!-- This site is optimized with the Yoast SEO plugin v27.0 - https:\/\/yoast.com\/product\/yoast-seo-wordpress\/ -->\n<title>SEP: Projekti zapo\u010deti prije 2020. na Sjeveru namjerno su zaustavljeni - dmcsrb.com<\/title>\n<meta name=\"robots\" content=\"index, follow, max-snippet:-1, max-image-preview:large, max-video-preview:-1\" \/>\n<link rel=\"canonical\" href=\"https:\/\/dmcsrb.com\/en\/politika\/sep-projekti-zapoceti-prije-2020-na-sjeveru-namjerno-su-zaustavljeni\/\" \/>\n<meta property=\"og:locale\" content=\"en_GB\" \/>\n<meta property=\"og:type\" content=\"article\" \/>\n<meta property=\"og:title\" content=\"SEP: Projekti zapo\u010deti prije 2020. na Sjeveru namjerno su zaustavljeni - dmcsrb.com\" \/>\n<meta property=\"og:description\" content=\"Tekst objavljen na Portalu RTCG pod naslovom \u201e\u017di\u010dare iz vremena biv\u0161ih vlada propadaju, projekti bili politi\u010dki\u201c sadr\u017ei niz tendencioznih tvrdnji i pogre\u0161nih zaklju\u010daka zbog \u010dega smo du\u017eni da u interesu istine i javnosti reagujemo, saop\u0161teno je iz Stranke evropskog progresa (SEP).\" \/>\n<meta property=\"og:url\" content=\"https:\/\/dmcsrb.com\/en\/politika\/sep-projekti-zapoceti-prije-2020-na-sjeveru-namjerno-su-zaustavljeni\/\" \/>\n<meta property=\"og:site_name\" content=\"dmcsrb.com\" \/>\n<meta property=\"article:published_time\" content=\"2025-12-29T09:22:00+00:00\" \/>\n<meta property=\"og:image\" content=\"https:\/\/dmcsrb.com\/wp-content\/uploads\/2026\/01\/sep2-1250x700-1.jpg\" \/>\n\t<meta property=\"og:image:width\" content=\"1250\" \/>\n\t<meta property=\"og:image:height\" content=\"700\" \/>\n\t<meta property=\"og:image:type\" content=\"image\/jpeg\" \/>\n<meta name=\"author\" content=\"dmcsrbija.com@gmail.com\" \/>\n<meta name=\"twitter:card\" content=\"summary_large_image\" \/>\n<meta name=\"twitter:label1\" content=\"Written by\" \/>\n\t<meta name=\"twitter:data1\" content=\"dmcsrbija.com@gmail.com\" \/>\n\t<meta name=\"twitter:label2\" content=\"Estimated reading time\" \/>\n\t<meta name=\"twitter:data2\" content=\"3 minutes\" \/>\n<script type=\"application\/ld+json\" class=\"yoast-schema-graph\">{\"@context\":\"https:\/\/schema.org\",\"@graph\":[{\"@type\":\"Article\",\"@id\":\"https:\/\/dmcsrb.com\/politika\/sep-projekti-zapoceti-prije-2020-na-sjeveru-namjerno-su-zaustavljeni\/#article\",\"isPartOf\":{\"@id\":\"https:\/\/dmcsrb.com\/politika\/sep-projekti-zapoceti-prije-2020-na-sjeveru-namjerno-su-zaustavljeni\/\"},\"author\":{\"name\":\"dmcsrbija.com@gmail.com\",\"@id\":\"https:\/\/dmcsrb.com\/#\/schema\/person\/5c39170f12db1b8b457732d0b5c854e2\"},\"headline\":\"SEP: Projekti zapo\u010deti prije 2020. na Sjeveru namjerno su zaustavljeni\",\"datePublished\":\"2025-12-29T09:22:00+00:00\",\"mainEntityOfPage\":{\"@id\":\"https:\/\/dmcsrb.com\/politika\/sep-projekti-zapoceti-prije-2020-na-sjeveru-namjerno-su-zaustavljeni\/\"},\"wordCount\":532,\"commentCount\":0,\"image\":{\"@id\":\"https:\/\/dmcsrb.com\/politika\/sep-projekti-zapoceti-prije-2020-na-sjeveru-namjerno-su-zaustavljeni\/#primaryimage\"},\"thumbnailUrl\":\"https:\/\/dmcsrb.com\/wp-content\/uploads\/2026\/01\/sep2-1250x700-1.jpg\",\"keywords\":[\"Projekti\",\"sjever\",\"Stranka evropskog progresa\"],\"articleSection\":[\"Politika\"],\"inLanguage\":\"en-GB\",\"potentialAction\":[{\"@type\":\"CommentAction\",\"name\":\"Comment\",\"target\":[\"https:\/\/dmcsrb.com\/politika\/sep-projekti-zapoceti-prije-2020-na-sjeveru-namjerno-su-zaustavljeni\/#respond\"]}]},{\"@type\":\"WebPage\",\"@id\":\"https:\/\/dmcsrb.com\/politika\/sep-projekti-zapoceti-prije-2020-na-sjeveru-namjerno-su-zaustavljeni\/\",\"url\":\"https:\/\/dmcsrb.com\/politika\/sep-projekti-zapoceti-prije-2020-na-sjeveru-namjerno-su-zaustavljeni\/\",\"name\":\"SEP: Projekti zapo\u010deti prije 2020. na Sjeveru namjerno su zaustavljeni - dmcsrb.com\",\"isPartOf\":{\"@id\":\"https:\/\/dmcsrb.com\/#website\"},\"primaryImageOfPage\":{\"@id\":\"https:\/\/dmcsrb.com\/politika\/sep-projekti-zapoceti-prije-2020-na-sjeveru-namjerno-su-zaustavljeni\/#primaryimage\"},\"image\":{\"@id\":\"https:\/\/dmcsrb.com\/politika\/sep-projekti-zapoceti-prije-2020-na-sjeveru-namjerno-su-zaustavljeni\/#primaryimage\"},\"thumbnailUrl\":\"https:\/\/dmcsrb.com\/wp-content\/uploads\/2026\/01\/sep2-1250x700-1.jpg\",\"datePublished\":\"2025-12-29T09:22:00+00:00\",\"author\":{\"@id\":\"https:\/\/dmcsrb.com\/#\/schema\/person\/5c39170f12db1b8b457732d0b5c854e2\"},\"breadcrumb\":{\"@id\":\"https:\/\/dmcsrb.com\/politika\/sep-projekti-zapoceti-prije-2020-na-sjeveru-namjerno-su-zaustavljeni\/#breadcrumb\"},\"inLanguage\":\"en-GB\",\"potentialAction\":[{\"@type\":\"ReadAction\",\"target\":[\"https:\/\/dmcsrb.com\/politika\/sep-projekti-zapoceti-prije-2020-na-sjeveru-namjerno-su-zaustavljeni\/\"]}]},{\"@type\":\"ImageObject\",\"inLanguage\":\"en-GB\",\"@id\":\"https:\/\/dmcsrb.com\/politika\/sep-projekti-zapoceti-prije-2020-na-sjeveru-namjerno-su-zaustavljeni\/#primaryimage\",\"url\":\"https:\/\/dmcsrb.com\/wp-content\/uploads\/2026\/01\/sep2-1250x700-1.jpg\",\"contentUrl\":\"https:\/\/dmcsrb.com\/wp-content\/uploads\/2026\/01\/sep2-1250x700-1.jpg\",\"width\":1250,\"height\":700},{\"@type\":\"BreadcrumbList\",\"@id\":\"https:\/\/dmcsrb.com\/politika\/sep-projekti-zapoceti-prije-2020-na-sjeveru-namjerno-su-zaustavljeni\/#breadcrumb\",\"itemListElement\":[{\"@type\":\"ListItem\",\"position\":1,\"name\":\"Home\",\"item\":\"https:\/\/dmcsrb.com\/\"},{\"@type\":\"ListItem\",\"position\":2,\"name\":\"SEP: Projekti zapo\u010deti prije 2020. na Sjeveru namjerno su zaustavljeni\"}]},{\"@type\":\"WebSite\",\"@id\":\"https:\/\/dmcsrb.com\/#website\",\"url\":\"https:\/\/dmcsrb.com\/\",\"name\":\"dmcsrb.com\",\"description\":\"\",\"potentialAction\":[{\"@type\":\"SearchAction\",\"target\":{\"@type\":\"EntryPoint\",\"urlTemplate\":\"https:\/\/dmcsrb.com\/?s={search_term_string}\"},\"query-input\":{\"@type\":\"PropertyValueSpecification\",\"valueRequired\":true,\"valueName\":\"search_term_string\"}}],\"inLanguage\":\"en-GB\"},{\"@type\":\"Person\",\"@id\":\"https:\/\/dmcsrb.com\/#\/schema\/person\/5c39170f12db1b8b457732d0b5c854e2\",\"name\":\"dmcsrbija.com@gmail.com\",\"image\":{\"@type\":\"ImageObject\",\"inLanguage\":\"en-GB\",\"@id\":\"https:\/\/dmcsrb.com\/#\/schema\/person\/image\/\",\"url\":\"https:\/\/secure.gravatar.com\/avatar\/68592660ad6347fad0fb587f8d5d8f1a7b44961362f56e4f2cd524feb87e9069?s=96&d=mm&r=g\",\"contentUrl\":\"https:\/\/secure.gravatar.com\/avatar\/68592660ad6347fad0fb587f8d5d8f1a7b44961362f56e4f2cd524feb87e9069?s=96&d=mm&r=g\",\"caption\":\"dmcsrbija.com@gmail.com\"},\"sameAs\":[\"https:\/\/dmcsrb.com\"],\"url\":\"https:\/\/dmcsrb.com\/en\/author\/dmcsrbija-comgmail-com\/\"}]}<\/script>\n<!-- \/ Yoast SEO plugin. -->","yoast_head_json":{"title":"SEP: Projekti zapo\u010deti prije 2020. na Sjeveru namjerno su zaustavljeni - dmcsrb.com","robots":{"index":"index","follow":"follow","max-snippet":"max-snippet:-1","max-image-preview":"max-image-preview:large","max-video-preview":"max-video-preview:-1"},"canonical":"https:\/\/dmcsrb.com\/en\/politika\/sep-projekti-zapoceti-prije-2020-na-sjeveru-namjerno-su-zaustavljeni\/","og_locale":"en_GB","og_type":"article","og_title":"SEP: Projekti zapo\u010deti prije 2020. na Sjeveru namjerno su zaustavljeni - dmcsrb.com","og_description":"Tekst objavljen na Portalu RTCG pod naslovom \u201e\u017di\u010dare iz vremena biv\u0161ih vlada propadaju, projekti bili politi\u010dki\u201c sadr\u017ei niz tendencioznih tvrdnji i pogre\u0161nih zaklju\u010daka zbog \u010dega smo du\u017eni da u interesu istine i javnosti reagujemo, saop\u0161teno je iz Stranke evropskog progresa (SEP).","og_url":"https:\/\/dmcsrb.com\/en\/politika\/sep-projekti-zapoceti-prije-2020-na-sjeveru-namjerno-su-zaustavljeni\/","og_site_name":"dmcsrb.com","article_published_time":"2025-12-29T09:22:00+00:00","og_image":[{"width":1250,"height":700,"url":"https:\/\/dmcsrb.com\/wp-content\/uploads\/2026\/01\/sep2-1250x700-1.jpg","type":"image\/jpeg"}],"author":"dmcsrbija.com@gmail.com","twitter_card":"summary_large_image","twitter_misc":{"Written by":"dmcsrbija.com@gmail.com","Estimated reading time":"3 minutes"},"schema":{"@context":"https:\/\/schema.org","@graph":[{"@type":"Article","@id":"https:\/\/dmcsrb.com\/politika\/sep-projekti-zapoceti-prije-2020-na-sjeveru-namjerno-su-zaustavljeni\/#article","isPartOf":{"@id":"https:\/\/dmcsrb.com\/politika\/sep-projekti-zapoceti-prije-2020-na-sjeveru-namjerno-su-zaustavljeni\/"},"author":{"name":"dmcsrbija.com@gmail.com","@id":"https:\/\/dmcsrb.com\/#\/schema\/person\/5c39170f12db1b8b457732d0b5c854e2"},"headline":"SEP: Projekti zapo\u010deti prije 2020. na Sjeveru namjerno su zaustavljeni","datePublished":"2025-12-29T09:22:00+00:00","mainEntityOfPage":{"@id":"https:\/\/dmcsrb.com\/politika\/sep-projekti-zapoceti-prije-2020-na-sjeveru-namjerno-su-zaustavljeni\/"},"wordCount":532,"commentCount":0,"image":{"@id":"https:\/\/dmcsrb.com\/politika\/sep-projekti-zapoceti-prije-2020-na-sjeveru-namjerno-su-zaustavljeni\/#primaryimage"},"thumbnailUrl":"https:\/\/dmcsrb.com\/wp-content\/uploads\/2026\/01\/sep2-1250x700-1.jpg","keywords":["Projekti","sjever","Stranka evropskog progresa"],"articleSection":["Politika"],"inLanguage":"en-GB","potentialAction":[{"@type":"CommentAction","name":"Comment","target":["https:\/\/dmcsrb.com\/politika\/sep-projekti-zapoceti-prije-2020-na-sjeveru-namjerno-su-zaustavljeni\/#respond"]}]},{"@type":"WebPage","@id":"https:\/\/dmcsrb.com\/politika\/sep-projekti-zapoceti-prije-2020-na-sjeveru-namjerno-su-zaustavljeni\/","url":"https:\/\/dmcsrb.com\/politika\/sep-projekti-zapoceti-prije-2020-na-sjeveru-namjerno-su-zaustavljeni\/","name":"SEP: Projekti zapo\u010deti prije 2020. na Sjeveru namjerno su zaustavljeni - dmcsrb.com","isPartOf":{"@id":"https:\/\/dmcsrb.com\/#website"},"primaryImageOfPage":{"@id":"https:\/\/dmcsrb.com\/politika\/sep-projekti-zapoceti-prije-2020-na-sjeveru-namjerno-su-zaustavljeni\/#primaryimage"},"image":{"@id":"https:\/\/dmcsrb.com\/politika\/sep-projekti-zapoceti-prije-2020-na-sjeveru-namjerno-su-zaustavljeni\/#primaryimage"},"thumbnailUrl":"https:\/\/dmcsrb.com\/wp-content\/uploads\/2026\/01\/sep2-1250x700-1.jpg","datePublished":"2025-12-29T09:22:00+00:00","author":{"@id":"https:\/\/dmcsrb.com\/#\/schema\/person\/5c39170f12db1b8b457732d0b5c854e2"},"breadcrumb":{"@id":"https:\/\/dmcsrb.com\/politika\/sep-projekti-zapoceti-prije-2020-na-sjeveru-namjerno-su-zaustavljeni\/#breadcrumb"},"inLanguage":"en-GB","potentialAction":[{"@type":"ReadAction","target":["https:\/\/dmcsrb.com\/politika\/sep-projekti-zapoceti-prije-2020-na-sjeveru-namjerno-su-zaustavljeni\/"]}]},{"@type":"ImageObject","inLanguage":"en-GB","@id":"https:\/\/dmcsrb.com\/politika\/sep-projekti-zapoceti-prije-2020-na-sjeveru-namjerno-su-zaustavljeni\/#primaryimage","url":"https:\/\/dmcsrb.com\/wp-content\/uploads\/2026\/01\/sep2-1250x700-1.jpg","contentUrl":"https:\/\/dmcsrb.com\/wp-content\/uploads\/2026\/01\/sep2-1250x700-1.jpg","width":1250,"height":700},{"@type":"BreadcrumbList","@id":"https:\/\/dmcsrb.com\/politika\/sep-projekti-zapoceti-prije-2020-na-sjeveru-namjerno-su-zaustavljeni\/#breadcrumb","itemListElement":[{"@type":"ListItem","position":1,"name":"Home","item":"https:\/\/dmcsrb.com\/"},{"@type":"ListItem","position":2,"name":"SEP: Projekti zapo\u010deti prije 2020. na Sjeveru namjerno su zaustavljeni"}]},{"@type":"WebSite","@id":"https:\/\/dmcsrb.com\/#website","url":"https:\/\/dmcsrb.com\/","name":"dmcsrb.com","description":"","potentialAction":[{"@type":"SearchAction","target":{"@type":"EntryPoint","urlTemplate":"https:\/\/dmcsrb.com\/?s={search_term_string}"},"query-input":{"@type":"PropertyValueSpecification","valueRequired":true,"valueName":"search_term_string"}}],"inLanguage":"en-GB"},{"@type":"Person","@id":"https:\/\/dmcsrb.com\/#\/schema\/person\/5c39170f12db1b8b457732d0b5c854e2","name":"dmcsrbija.com@gmail.com","image":{"@type":"ImageObject","inLanguage":"en-GB","@id":"https:\/\/dmcsrb.com\/#\/schema\/person\/image\/","url":"https:\/\/secure.gravatar.com\/avatar\/68592660ad6347fad0fb587f8d5d8f1a7b44961362f56e4f2cd524feb87e9069?s=96&d=mm&r=g","contentUrl":"https:\/\/secure.gravatar.com\/avatar\/68592660ad6347fad0fb587f8d5d8f1a7b44961362f56e4f2cd524feb87e9069?s=96&d=mm&r=g","caption":"dmcsrbija.com@gmail.com"},"sameAs":["https:\/\/dmcsrb.com"],"url":"https:\/\/dmcsrb.com\/en\/author\/dmcsrbija-comgmail-com\/"}]}},"_links":{"self":[{"href":"https:\/\/dmcsrb.com\/en\/wp-json\/wp\/v2\/posts\/916389","targetHints":{"allow":["GET"]}}],"collection":[{"href":"https:\/\/dmcsrb.com\/en\/wp-json\/wp\/v2\/posts"}],"about":[{"href":"https:\/\/dmcsrb.com\/en\/wp-json\/wp\/v2\/types\/post"}],"author":[{"embeddable":true,"href":"https:\/\/dmcsrb.com\/en\/wp-json\/wp\/v2\/users\/1"}],"replies":[{"embeddable":true,"href":"https:\/\/dmcsrb.com\/en\/wp-json\/wp\/v2\/comments?post=916389"}],"version-history":[{"count":0,"href":"https:\/\/dmcsrb.com\/en\/wp-json\/wp\/v2\/posts\/916389\/revisions"}],"wp:featuredmedia":[{"embeddable":true,"href":"https:\/\/dmcsrb.com\/en\/wp-json\/wp\/v2\/media\/913766"}],"wp:attachment":[{"href":"https:\/\/dmcsrb.com\/en\/wp-json\/wp\/v2\/media?parent=916389"}],"wp:term":[{"taxonomy":"category","embeddable":true,"href":"https:\/\/dmcsrb.com\/en\/wp-json\/wp\/v2\/categories?post=916389"},{"taxonomy":"post_tag","embeddable":true,"href":"https:\/\/dmcsrb.com\/en\/wp-json\/wp\/v2\/tags?post=916389"},{"taxonomy":"naslovna","embeddable":true,"href":"https:\/\/dmcsrb.com\/en\/wp-json\/wp\/v2\/naslovna?post=916389"}],"curies":[{"name":"wp","href":"https:\/\/api.w.org\/{rel}","templated":true}]}}