{"id":916364,"date":"2025-12-29T08:28:00","date_gmt":"2025-12-29T07:28:00","guid":{"rendered":"https:\/\/dmcsrb.com\/uncategorized\/edinson-kavani-zavrsio-karijeru-slavni-el-matador-odlazi-u-penziju\/"},"modified":"2025-12-29T08:28:00","modified_gmt":"2025-12-29T07:28:00","slug":"edinson-kavani-zavrsio-karijeru-slavni-el-matador-odlazi-u-penziju","status":"publish","type":"post","link":"https:\/\/dmcsrb.com\/en\/sport\/edinson-kavani-zavrsio-karijeru-slavni-el-matador-odlazi-u-penziju\/","title":{"rendered":"Edinson Kavani zavr\u0161io karijeru, slavni El Matador odlazi u penziju"},"content":{"rendered":"<p>Kavani je kraj karijere objavio usred pauze u argentinskom \u0161ampionatu, koja traje od 7. decembra do kraja januara.<\/p>\n\n\n\n<figure class=\"wp-block-embed is-type-rich is-provider-twitter wp-block-embed-twitter\"><div class=\"wp-block-embed__wrapper\">\n<blockquote class=\"twitter-tweet\" data-width=\"500\" data-dnt=\"true\"><p lang=\"en\" dir=\"ltr\">\ud83d\udea8 \ud835\udde2\ud835\uddd9\ud835\uddd9\ud835\udddc\ud835\uddd6\ud835\udddc\ud835\uddd4\ud835\udddf: EDINSON CAVANI HAS RETIRED FROM FOOTBALL AT THE AGE OF 38. \ud83c\uddfa\ud83c\uddfe<br><br>\ud83d\udde3\ufe0f Cavani: &quot;THANK YOU VERY MUCH, FOOTBALL!!!  <br><br>You shaped me, challenged me, taught me to get back up when I fell, and to value every step of the journey. You allowed me to fulfil dreams that, as\u2026 <a href=\"https:\/\/t.co\/q3gopRcJJS\">pic.twitter.com\/q3gopRcJJS<\/a><\/p>&mdash; Transfer News Live (@DeadlineDayLive) <a href=\"https:\/\/twitter.com\/DeadlineDayLive\/status\/2005329051138085314?ref_src=twsrc%5Etfw\">December 28, 2025<\/a><\/blockquote><script async src=\"https:\/\/platform.twitter.com\/widgets.js\" charset=\"utf-8\"><\/script>\n<\/div><\/figure>\n\n\n\n<p>Urugvajski golgeter se oporostio dirljivom porukom upu\u0107enom fudbalu.<\/p>\n\n\n\n<p>&#8220;Oblikovao si me, izazivao, u\u010dio da se uvijek podignem kada padnem i da cijenim svaki korak na tom putu. Omogu\u0107io si mi da ostvarim snove koji su mi se u djetinjstvu \u010dinili nemogu\u0107im te da upoznam nevjerovatne ljude, kako na terenu, tako i van njega. Ni\u0161ta od ovoga ne bi bilo mogu\u0107e bez moje porodice, prijatelja, saigra\u010da, trenera i, iznad svega, ljudi. Ljubav navija\u010da u svakoj zemlji i u svakom klubu nosit \u0107u sa sobom zauvijek.<\/p>\n\n\n\n<p>Odlazim u miru, smiren znaju\u0107i da sam dao sve od sebe na svakom treningu i u svakoj utakmici. Sa gre\u0161kama i uspjesima, ali uvijek s po\u0161tovanjem prema ovoj profesiji koja mi je toliko toga dala&#8221;, pi\u0161e u Kavanijevom pismu kojim je objavio opro\u0161taj.<\/p>\n\n\n\n<p>Legendarni El Matador, \u0161to je nadimak koji Cavani nosi cijelu karijeru, posljednje dvije i po godine nosi dres Boca Juniorsa, a ranije je slavu stekao nose\u0107i dresove PSG-a, Napolija, Palerma i Manchester Junajteda.<\/p>\n\n\n\n<p>Za PSG je nastupio 301 put i postigao 200 golova, dok je u dresu Napolija skupio 104 gola na 138 utakmica.<\/p>\n\n\n\n<p>U dresu reprezentacije Urugvaja je upisao 136 nastupa i postigao 58 golova.<\/p>","protected":false},"excerpt":{"rendered":"<p>Legendarni urugvajski fudbaler Edinson Kavani zavr\u0161io je svoju veliku igra\u010dku karijeru s 38 godina.<\/p>","protected":false},"author":1,"featured_media":916365,"comment_status":"open","ping_status":"open","sticky":false,"template":"","format":"standard","meta":{"_acf_changed":false,"footnotes":""},"categories":[148],"tags":[4936,1344,4937],"naslovna":[],"class_list":["post-916364","post","type-post","status-publish","format-standard","has-post-thumbnail","hentry","category-sport","tag-edinson-cavani","tag-fudbal","tag-karijera"],"acf":[],"yoast_head":"<!-- This site is optimized with the Yoast SEO plugin v27.4 - https:\/\/yoast.com\/product\/yoast-seo-wordpress\/ -->\n<title>Edinson Kavani zavr\u0161io karijeru, slavni El Matador odlazi u penziju - dmcsrb.com<\/title>\n<meta name=\"robots\" content=\"index, follow, max-snippet:-1, max-image-preview:large, max-video-preview:-1\" \/>\n<link rel=\"canonical\" href=\"https:\/\/dmcsrb.com\/en\/sport\/edinson-kavani-zavrsio-karijeru-slavni-el-matador-odlazi-u-penziju\/\" \/>\n<meta property=\"og:locale\" content=\"en_GB\" \/>\n<meta property=\"og:type\" content=\"article\" \/>\n<meta property=\"og:title\" content=\"Edinson Kavani zavr\u0161io karijeru, slavni El Matador odlazi u penziju - dmcsrb.com\" \/>\n<meta property=\"og:description\" content=\"Legendarni urugvajski fudbaler Edinson Kavani zavr\u0161io je svoju veliku igra\u010dku karijeru s 38 godina.\" \/>\n<meta property=\"og:url\" content=\"https:\/\/dmcsrb.com\/en\/sport\/edinson-kavani-zavrsio-karijeru-slavni-el-matador-odlazi-u-penziju\/\" \/>\n<meta property=\"og:site_name\" content=\"dmcsrb.com\" \/>\n<meta property=\"article:published_time\" content=\"2025-12-29T07:28:00+00:00\" \/>\n<meta property=\"og:image\" content=\"https:\/\/dmcsrb.com\/wp-content\/uploads\/2026\/01\/Kavani-Boca-Juniors-Twitter-.jpg\" \/>\n\t<meta property=\"og:image:width\" content=\"798\" \/>\n\t<meta property=\"og:image:height\" content=\"563\" \/>\n\t<meta property=\"og:image:type\" content=\"image\/jpeg\" \/>\n<meta name=\"author\" content=\"dmcsrbija.com@gmail.com\" \/>\n<meta name=\"twitter:card\" content=\"summary_large_image\" \/>\n<meta name=\"twitter:label1\" content=\"Written by\" \/>\n\t<meta name=\"twitter:data1\" content=\"dmcsrbija.com@gmail.com\" \/>\n\t<meta name=\"twitter:label2\" content=\"Estimated reading time\" \/>\n\t<meta name=\"twitter:data2\" content=\"1 minute\" \/>\n<script type=\"application\/ld+json\" class=\"yoast-schema-graph\">{\"@context\":\"https:\\\/\\\/schema.org\",\"@graph\":[{\"@type\":\"Article\",\"@id\":\"https:\\\/\\\/dmcsrb.com\\\/sport\\\/edinson-kavani-zavrsio-karijeru-slavni-el-matador-odlazi-u-penziju\\\/#article\",\"isPartOf\":{\"@id\":\"https:\\\/\\\/dmcsrb.com\\\/sport\\\/edinson-kavani-zavrsio-karijeru-slavni-el-matador-odlazi-u-penziju\\\/\"},\"author\":{\"name\":\"dmcsrbija.com@gmail.com\",\"@id\":\"https:\\\/\\\/dmcsrb.com\\\/#\\\/schema\\\/person\\\/5c39170f12db1b8b457732d0b5c854e2\"},\"headline\":\"Edinson Kavani zavr\u0161io karijeru, slavni El Matador odlazi u penziju\",\"datePublished\":\"2025-12-29T07:28:00+00:00\",\"mainEntityOfPage\":{\"@id\":\"https:\\\/\\\/dmcsrb.com\\\/sport\\\/edinson-kavani-zavrsio-karijeru-slavni-el-matador-odlazi-u-penziju\\\/\"},\"wordCount\":266,\"commentCount\":0,\"image\":{\"@id\":\"https:\\\/\\\/dmcsrb.com\\\/sport\\\/edinson-kavani-zavrsio-karijeru-slavni-el-matador-odlazi-u-penziju\\\/#primaryimage\"},\"thumbnailUrl\":\"https:\\\/\\\/dmcsrb.com\\\/wp-content\\\/uploads\\\/2026\\\/01\\\/Kavani-Boca-Juniors-Twitter-.jpg\",\"keywords\":[\"Edinson Cavani\",\"Fudbal\",\"Karijera\"],\"articleSection\":[\"Sport\"],\"inLanguage\":\"en-GB\",\"potentialAction\":[{\"@type\":\"CommentAction\",\"name\":\"Comment\",\"target\":[\"https:\\\/\\\/dmcsrb.com\\\/sport\\\/edinson-kavani-zavrsio-karijeru-slavni-el-matador-odlazi-u-penziju\\\/#respond\"]}]},{\"@type\":\"WebPage\",\"@id\":\"https:\\\/\\\/dmcsrb.com\\\/sport\\\/edinson-kavani-zavrsio-karijeru-slavni-el-matador-odlazi-u-penziju\\\/\",\"url\":\"https:\\\/\\\/dmcsrb.com\\\/sport\\\/edinson-kavani-zavrsio-karijeru-slavni-el-matador-odlazi-u-penziju\\\/\",\"name\":\"Edinson Kavani zavr\u0161io karijeru, slavni El Matador odlazi u penziju - dmcsrb.com\",\"isPartOf\":{\"@id\":\"https:\\\/\\\/dmcsrb.com\\\/#website\"},\"primaryImageOfPage\":{\"@id\":\"https:\\\/\\\/dmcsrb.com\\\/sport\\\/edinson-kavani-zavrsio-karijeru-slavni-el-matador-odlazi-u-penziju\\\/#primaryimage\"},\"image\":{\"@id\":\"https:\\\/\\\/dmcsrb.com\\\/sport\\\/edinson-kavani-zavrsio-karijeru-slavni-el-matador-odlazi-u-penziju\\\/#primaryimage\"},\"thumbnailUrl\":\"https:\\\/\\\/dmcsrb.com\\\/wp-content\\\/uploads\\\/2026\\\/01\\\/Kavani-Boca-Juniors-Twitter-.jpg\",\"datePublished\":\"2025-12-29T07:28:00+00:00\",\"author\":{\"@id\":\"https:\\\/\\\/dmcsrb.com\\\/#\\\/schema\\\/person\\\/5c39170f12db1b8b457732d0b5c854e2\"},\"breadcrumb\":{\"@id\":\"https:\\\/\\\/dmcsrb.com\\\/sport\\\/edinson-kavani-zavrsio-karijeru-slavni-el-matador-odlazi-u-penziju\\\/#breadcrumb\"},\"inLanguage\":\"en-GB\",\"potentialAction\":[{\"@type\":\"ReadAction\",\"target\":[\"https:\\\/\\\/dmcsrb.com\\\/sport\\\/edinson-kavani-zavrsio-karijeru-slavni-el-matador-odlazi-u-penziju\\\/\"]}]},{\"@type\":\"ImageObject\",\"inLanguage\":\"en-GB\",\"@id\":\"https:\\\/\\\/dmcsrb.com\\\/sport\\\/edinson-kavani-zavrsio-karijeru-slavni-el-matador-odlazi-u-penziju\\\/#primaryimage\",\"url\":\"https:\\\/\\\/dmcsrb.com\\\/wp-content\\\/uploads\\\/2026\\\/01\\\/Kavani-Boca-Juniors-Twitter-.jpg\",\"contentUrl\":\"https:\\\/\\\/dmcsrb.com\\\/wp-content\\\/uploads\\\/2026\\\/01\\\/Kavani-Boca-Juniors-Twitter-.jpg\",\"width\":798,\"height\":563},{\"@type\":\"BreadcrumbList\",\"@id\":\"https:\\\/\\\/dmcsrb.com\\\/sport\\\/edinson-kavani-zavrsio-karijeru-slavni-el-matador-odlazi-u-penziju\\\/#breadcrumb\",\"itemListElement\":[{\"@type\":\"ListItem\",\"position\":1,\"name\":\"Home\",\"item\":\"https:\\\/\\\/dmcsrb.com\\\/\"},{\"@type\":\"ListItem\",\"position\":2,\"name\":\"Edinson Kavani zavr\u0161io karijeru, slavni El Matador odlazi u penziju\"}]},{\"@type\":\"WebSite\",\"@id\":\"https:\\\/\\\/dmcsrb.com\\\/#website\",\"url\":\"https:\\\/\\\/dmcsrb.com\\\/\",\"name\":\"dmcsrb.com\",\"description\":\"\",\"potentialAction\":[{\"@type\":\"SearchAction\",\"target\":{\"@type\":\"EntryPoint\",\"urlTemplate\":\"https:\\\/\\\/dmcsrb.com\\\/?s={search_term_string}\"},\"query-input\":{\"@type\":\"PropertyValueSpecification\",\"valueRequired\":true,\"valueName\":\"search_term_string\"}}],\"inLanguage\":\"en-GB\"},{\"@type\":\"Person\",\"@id\":\"https:\\\/\\\/dmcsrb.com\\\/#\\\/schema\\\/person\\\/5c39170f12db1b8b457732d0b5c854e2\",\"name\":\"dmcsrbija.com@gmail.com\",\"image\":{\"@type\":\"ImageObject\",\"inLanguage\":\"en-GB\",\"@id\":\"https:\\\/\\\/secure.gravatar.com\\\/avatar\\\/68592660ad6347fad0fb587f8d5d8f1a7b44961362f56e4f2cd524feb87e9069?s=96&d=mm&r=g\",\"url\":\"https:\\\/\\\/secure.gravatar.com\\\/avatar\\\/68592660ad6347fad0fb587f8d5d8f1a7b44961362f56e4f2cd524feb87e9069?s=96&d=mm&r=g\",\"contentUrl\":\"https:\\\/\\\/secure.gravatar.com\\\/avatar\\\/68592660ad6347fad0fb587f8d5d8f1a7b44961362f56e4f2cd524feb87e9069?s=96&d=mm&r=g\",\"caption\":\"dmcsrbija.com@gmail.com\"},\"sameAs\":[\"https:\\\/\\\/dmcsrb.com\"],\"url\":\"https:\\\/\\\/dmcsrb.com\\\/en\\\/author\\\/dmcsrbija-comgmail-com\\\/\"}]}<\/script>\n<!-- \/ Yoast SEO plugin. -->","yoast_head_json":{"title":"Edinson Kavani zavr\u0161io karijeru, slavni El Matador odlazi u penziju - dmcsrb.com","robots":{"index":"index","follow":"follow","max-snippet":"max-snippet:-1","max-image-preview":"max-image-preview:large","max-video-preview":"max-video-preview:-1"},"canonical":"https:\/\/dmcsrb.com\/en\/sport\/edinson-kavani-zavrsio-karijeru-slavni-el-matador-odlazi-u-penziju\/","og_locale":"en_GB","og_type":"article","og_title":"Edinson Kavani zavr\u0161io karijeru, slavni El Matador odlazi u penziju - dmcsrb.com","og_description":"Legendarni urugvajski fudbaler Edinson Kavani zavr\u0161io je svoju veliku igra\u010dku karijeru s 38 godina.","og_url":"https:\/\/dmcsrb.com\/en\/sport\/edinson-kavani-zavrsio-karijeru-slavni-el-matador-odlazi-u-penziju\/","og_site_name":"dmcsrb.com","article_published_time":"2025-12-29T07:28:00+00:00","og_image":[{"width":798,"height":563,"url":"https:\/\/dmcsrb.com\/wp-content\/uploads\/2026\/01\/Kavani-Boca-Juniors-Twitter-.jpg","type":"image\/jpeg"}],"author":"dmcsrbija.com@gmail.com","twitter_card":"summary_large_image","twitter_misc":{"Written by":"dmcsrbija.com@gmail.com","Estimated reading time":"1 minute"},"schema":{"@context":"https:\/\/schema.org","@graph":[{"@type":"Article","@id":"https:\/\/dmcsrb.com\/sport\/edinson-kavani-zavrsio-karijeru-slavni-el-matador-odlazi-u-penziju\/#article","isPartOf":{"@id":"https:\/\/dmcsrb.com\/sport\/edinson-kavani-zavrsio-karijeru-slavni-el-matador-odlazi-u-penziju\/"},"author":{"name":"dmcsrbija.com@gmail.com","@id":"https:\/\/dmcsrb.com\/#\/schema\/person\/5c39170f12db1b8b457732d0b5c854e2"},"headline":"Edinson Kavani zavr\u0161io karijeru, slavni El Matador odlazi u penziju","datePublished":"2025-12-29T07:28:00+00:00","mainEntityOfPage":{"@id":"https:\/\/dmcsrb.com\/sport\/edinson-kavani-zavrsio-karijeru-slavni-el-matador-odlazi-u-penziju\/"},"wordCount":266,"commentCount":0,"image":{"@id":"https:\/\/dmcsrb.com\/sport\/edinson-kavani-zavrsio-karijeru-slavni-el-matador-odlazi-u-penziju\/#primaryimage"},"thumbnailUrl":"https:\/\/dmcsrb.com\/wp-content\/uploads\/2026\/01\/Kavani-Boca-Juniors-Twitter-.jpg","keywords":["Edinson Cavani","Fudbal","Karijera"],"articleSection":["Sport"],"inLanguage":"en-GB","potentialAction":[{"@type":"CommentAction","name":"Comment","target":["https:\/\/dmcsrb.com\/sport\/edinson-kavani-zavrsio-karijeru-slavni-el-matador-odlazi-u-penziju\/#respond"]}]},{"@type":"WebPage","@id":"https:\/\/dmcsrb.com\/sport\/edinson-kavani-zavrsio-karijeru-slavni-el-matador-odlazi-u-penziju\/","url":"https:\/\/dmcsrb.com\/sport\/edinson-kavani-zavrsio-karijeru-slavni-el-matador-odlazi-u-penziju\/","name":"Edinson Kavani zavr\u0161io karijeru, slavni El Matador odlazi u penziju - dmcsrb.com","isPartOf":{"@id":"https:\/\/dmcsrb.com\/#website"},"primaryImageOfPage":{"@id":"https:\/\/dmcsrb.com\/sport\/edinson-kavani-zavrsio-karijeru-slavni-el-matador-odlazi-u-penziju\/#primaryimage"},"image":{"@id":"https:\/\/dmcsrb.com\/sport\/edinson-kavani-zavrsio-karijeru-slavni-el-matador-odlazi-u-penziju\/#primaryimage"},"thumbnailUrl":"https:\/\/dmcsrb.com\/wp-content\/uploads\/2026\/01\/Kavani-Boca-Juniors-Twitter-.jpg","datePublished":"2025-12-29T07:28:00+00:00","author":{"@id":"https:\/\/dmcsrb.com\/#\/schema\/person\/5c39170f12db1b8b457732d0b5c854e2"},"breadcrumb":{"@id":"https:\/\/dmcsrb.com\/sport\/edinson-kavani-zavrsio-karijeru-slavni-el-matador-odlazi-u-penziju\/#breadcrumb"},"inLanguage":"en-GB","potentialAction":[{"@type":"ReadAction","target":["https:\/\/dmcsrb.com\/sport\/edinson-kavani-zavrsio-karijeru-slavni-el-matador-odlazi-u-penziju\/"]}]},{"@type":"ImageObject","inLanguage":"en-GB","@id":"https:\/\/dmcsrb.com\/sport\/edinson-kavani-zavrsio-karijeru-slavni-el-matador-odlazi-u-penziju\/#primaryimage","url":"https:\/\/dmcsrb.com\/wp-content\/uploads\/2026\/01\/Kavani-Boca-Juniors-Twitter-.jpg","contentUrl":"https:\/\/dmcsrb.com\/wp-content\/uploads\/2026\/01\/Kavani-Boca-Juniors-Twitter-.jpg","width":798,"height":563},{"@type":"BreadcrumbList","@id":"https:\/\/dmcsrb.com\/sport\/edinson-kavani-zavrsio-karijeru-slavni-el-matador-odlazi-u-penziju\/#breadcrumb","itemListElement":[{"@type":"ListItem","position":1,"name":"Home","item":"https:\/\/dmcsrb.com\/"},{"@type":"ListItem","position":2,"name":"Edinson Kavani zavr\u0161io karijeru, slavni El Matador odlazi u penziju"}]},{"@type":"WebSite","@id":"https:\/\/dmcsrb.com\/#website","url":"https:\/\/dmcsrb.com\/","name":"dmcsrb.com","description":"","potentialAction":[{"@type":"SearchAction","target":{"@type":"EntryPoint","urlTemplate":"https:\/\/dmcsrb.com\/?s={search_term_string}"},"query-input":{"@type":"PropertyValueSpecification","valueRequired":true,"valueName":"search_term_string"}}],"inLanguage":"en-GB"},{"@type":"Person","@id":"https:\/\/dmcsrb.com\/#\/schema\/person\/5c39170f12db1b8b457732d0b5c854e2","name":"dmcsrbija.com@gmail.com","image":{"@type":"ImageObject","inLanguage":"en-GB","@id":"https:\/\/secure.gravatar.com\/avatar\/68592660ad6347fad0fb587f8d5d8f1a7b44961362f56e4f2cd524feb87e9069?s=96&d=mm&r=g","url":"https:\/\/secure.gravatar.com\/avatar\/68592660ad6347fad0fb587f8d5d8f1a7b44961362f56e4f2cd524feb87e9069?s=96&d=mm&r=g","contentUrl":"https:\/\/secure.gravatar.com\/avatar\/68592660ad6347fad0fb587f8d5d8f1a7b44961362f56e4f2cd524feb87e9069?s=96&d=mm&r=g","caption":"dmcsrbija.com@gmail.com"},"sameAs":["https:\/\/dmcsrb.com"],"url":"https:\/\/dmcsrb.com\/en\/author\/dmcsrbija-comgmail-com\/"}]}},"_links":{"self":[{"href":"https:\/\/dmcsrb.com\/en\/wp-json\/wp\/v2\/posts\/916364","targetHints":{"allow":["GET"]}}],"collection":[{"href":"https:\/\/dmcsrb.com\/en\/wp-json\/wp\/v2\/posts"}],"about":[{"href":"https:\/\/dmcsrb.com\/en\/wp-json\/wp\/v2\/types\/post"}],"author":[{"embeddable":true,"href":"https:\/\/dmcsrb.com\/en\/wp-json\/wp\/v2\/users\/1"}],"replies":[{"embeddable":true,"href":"https:\/\/dmcsrb.com\/en\/wp-json\/wp\/v2\/comments?post=916364"}],"version-history":[{"count":0,"href":"https:\/\/dmcsrb.com\/en\/wp-json\/wp\/v2\/posts\/916364\/revisions"}],"wp:featuredmedia":[{"embeddable":true,"href":"https:\/\/dmcsrb.com\/en\/wp-json\/wp\/v2\/media\/916365"}],"wp:attachment":[{"href":"https:\/\/dmcsrb.com\/en\/wp-json\/wp\/v2\/media?parent=916364"}],"wp:term":[{"taxonomy":"category","embeddable":true,"href":"https:\/\/dmcsrb.com\/en\/wp-json\/wp\/v2\/categories?post=916364"},{"taxonomy":"post_tag","embeddable":true,"href":"https:\/\/dmcsrb.com\/en\/wp-json\/wp\/v2\/tags?post=916364"},{"taxonomy":"naslovna","embeddable":true,"href":"https:\/\/dmcsrb.com\/en\/wp-json\/wp\/v2\/naslovna?post=916364"}],"curies":[{"name":"wp","href":"https:\/\/api.w.org\/{rel}","templated":true}]}}