{"id":916330,"date":"2025-12-28T20:17:00","date_gmt":"2025-12-28T19:17:00","guid":{"rendered":"https:\/\/dmcsrb.com\/uncategorized\/colovic-kajevic-vrijeme-je-da-dijaspora-preuzme-punu-politicku-odgovornost\/"},"modified":"2025-12-28T20:17:00","modified_gmt":"2025-12-28T19:17:00","slug":"colovic-kajevic-vrijeme-je-da-dijaspora-preuzme-punu-politicku-odgovornost","status":"publish","type":"post","link":"https:\/\/dmcsrb.com\/en\/politika\/colovic-kajevic-vrijeme-je-da-dijaspora-preuzme-punu-politicku-odgovornost\/","title":{"rendered":"\u010colovi\u0107-Kajevi\u0107: Vrijeme je da dijaspora preuzme punu politi\u010dku odgovornost"},"content":{"rendered":"<p><\/p>\n\n\n\n<p>&#8211; Vrijeme je da se prekine praksa selektivnog odnosa prema dijaspori. Ne mo\u017eete nas se sjetiti samo pred izbore, niti nas tretirati kao rezervoar glasova ili identitetskih narativa. Dijaspora nije sredstvo politi\u010dke manipulacije, ve\u0107 dio gra\u0111anskog tijela dr\u017eave. Prestanite dijeliti gra\u0111ane po etni\u010dkim i vjerskim osnovama. Takva politika ne ja\u010da Crnu Goru \u2013 ona je slabi. Dr\u017eava koja svoje gra\u0111ane klasifikuje po identitetu, a ne po pravima i obavezama, odustaje od sopstvene gra\u0111anske su\u0161tine. Multietni\u010dnost nije izgovor za politi\u010dku neodgovornost, ve\u0107 obaveza da se gradi funkcionalna, jednaka i pravno ure\u0111ena dr\u017eava. Evropske i evroatlantske integracije nijesu tema za dnevnopoliti\u010dko nadgornjavanje. One su strate\u0161ki izbor Crne Gore. Svako ko taj put relativizuje, ko ga usporava ili potkopava, preuzima odgovornost za politi\u010dku nestabilnost i institucionalno nazadovanje dr\u017eave &#8211; poru\u010duje \u010colovi\u0107-Kajevi\u0107.<\/p>\n\n\n\n<p>Nagla\u0161ava da dijaspora mora prestati da prihvata nametnute podjele. Nijesmo \u201ebo\u0161nja\u010dka\u201c, \u201esrpska\u201c ili \u201ealbanska\u201c dijaspora. Takve etikete slu\u017ee samo da nas udalje jedne od drugih i oslabe na\u0161 zajedni\u010dki politi\u010dki glas. Mi smo dijaspora Crne Gore \u2013 gra\u0111anska, raznolika i politi\u010dki odgovorna.<\/p>\n\n\n\n<p>&#8211; Ne smijemo biti pasivni posmatra\u010di procesa koji odlu\u010duju o budu\u0107nosti dr\u017eave \u010diji paso\u0161 nosimo. Neutralnost u klju\u010dnim politi\u010dkim trenucima nije znak mudrosti, ve\u0107 odustajanje od odgovornosti. Podr\u0161ka miru, stabilnosti i evropskom putu Crne Gore nije ideolo\u0161ko opredjeljenje, ve\u0107 pitanje dr\u017eavne svijesti. Gra\u0111anski identitet ne poni\u0161tava li\u010dne, vjerske ili etni\u010dke posebnosti, ali im jasno postavlja granice. Dr\u017eava mora biti iznad svake pojedina\u010dne identitetske pripadnosti. Lojalnost Crnoj Gori nije uslovljena time ko smo po naciji, ve\u0107 time da li prihvatamo zajedni\u010dki politi\u010dki okvir u kojem svi imaju jednaka prava i obaveze. Paso\u0161 koji nosimo nije puki administrativni dokument. On je simbol pripadnosti dr\u017eavi, politi\u010dke odgovornosti i zajedni\u010dke sudbine. Ako taj simbol ne branimo jasnim stavom, onda ga svodimo na papir bez zna\u010denja &#8211; istakla je \u010colovi\u0107 &#8211; Kajevi\u0107 poru\u010duju\u0107i na kraju da Crna Gora ne\u0107e opstati kao dr\u017eava ako njeni gra\u0111ani, u zemlji i dijaspori, ne preuzmu odgovornost za njen politi\u010dki pravac.<\/p>\n\n\n\n<p>&#8211; Dr\u017eava se ne \u010duva \u0107utanjem, relativizacijom ili povla\u010denjem pred identitetskim pritiscima. Ona se \u010duva jasnim izborima, gra\u0111anskom hrabro\u0161\u0107u i lojalno\u0161\u0107u zajedni\u010dkoj budu\u0107nosti &#8211; poru\u010dila je.<\/p>","protected":false},"excerpt":{"rendered":"<p>Predsjednica Saveza patriota Crne Gore u Njema\u010dkoj Emina \u010colovi\u0107-Kajevi\u0107 kazala je da svi koji posjeduju crnogorski paso\u0161, a \u017eive van granica Crne Gore, nijesu ni privremeni ni sporedni dio dr\u017eave, ve\u0107 njeni punopravni dr\u017eavljani i nosioci politi\u010dke odgovornosti. Istakla je da dr\u017eava ne prestaje na granici i da se njen suverenitet ne mjeri mjestom prebivali\u0161ta, te da dijaspora Crne Gore nije folklor, ve\u0107 politi\u010dka \u010dinjenica.<\/p>","protected":false},"author":1,"featured_media":916331,"comment_status":"open","ping_status":"open","sticky":false,"template":"","format":"standard","meta":{"_acf_changed":false,"footnotes":""},"categories":[12],"tags":[3049,4911,4912],"naslovna":[],"class_list":["post-916330","post","type-post","status-publish","format-standard","has-post-thumbnail","hentry","category-politika","tag-dijaspora","tag-emina-colovic-kajevic","tag-politicka-odgovornost"],"acf":[],"yoast_head":"<!-- This site is optimized with the Yoast SEO plugin v27.0 - https:\/\/yoast.com\/product\/yoast-seo-wordpress\/ -->\n<title>\u010colovi\u0107-Kajevi\u0107: Vrijeme je da dijaspora preuzme punu politi\u010dku odgovornost - dmcsrb.com<\/title>\n<meta name=\"robots\" content=\"index, follow, max-snippet:-1, max-image-preview:large, max-video-preview:-1\" \/>\n<link rel=\"canonical\" href=\"https:\/\/dmcsrb.com\/en\/politika\/colovic-kajevic-vrijeme-je-da-dijaspora-preuzme-punu-politicku-odgovornost\/\" \/>\n<meta property=\"og:locale\" content=\"en_GB\" \/>\n<meta property=\"og:type\" content=\"article\" \/>\n<meta property=\"og:title\" content=\"\u010colovi\u0107-Kajevi\u0107: Vrijeme je da dijaspora preuzme punu politi\u010dku odgovornost - dmcsrb.com\" \/>\n<meta property=\"og:description\" content=\"Predsjednica Saveza patriota Crne Gore u Njema\u010dkoj Emina \u010colovi\u0107-Kajevi\u0107 kazala je da svi koji posjeduju crnogorski paso\u0161, a \u017eive van granica Crne Gore, nijesu ni privremeni ni sporedni dio dr\u017eave, ve\u0107 njeni punopravni dr\u017eavljani i nosioci politi\u010dke odgovornosti. Istakla je da dr\u017eava ne prestaje na granici i da se njen suverenitet ne mjeri mjestom prebivali\u0161ta, te da dijaspora Crne Gore nije folklor, ve\u0107 politi\u010dka \u010dinjenica.\" \/>\n<meta property=\"og:url\" content=\"https:\/\/dmcsrb.com\/en\/politika\/colovic-kajevic-vrijeme-je-da-dijaspora-preuzme-punu-politicku-odgovornost\/\" \/>\n<meta property=\"og:site_name\" content=\"dmcsrb.com\" \/>\n<meta property=\"article:published_time\" content=\"2025-12-28T19:17:00+00:00\" \/>\n<meta property=\"og:image\" content=\"https:\/\/dmcsrb.com\/wp-content\/uploads\/2026\/01\/emina-colovic-1.jpg\" \/>\n\t<meta property=\"og:image:width\" content=\"1080\" \/>\n\t<meta property=\"og:image:height\" content=\"781\" \/>\n\t<meta property=\"og:image:type\" content=\"image\/jpeg\" \/>\n<meta name=\"author\" content=\"dmcsrbija.com@gmail.com\" \/>\n<meta name=\"twitter:card\" content=\"summary_large_image\" \/>\n<meta name=\"twitter:label1\" content=\"Written by\" \/>\n\t<meta name=\"twitter:data1\" content=\"dmcsrbija.com@gmail.com\" \/>\n\t<meta name=\"twitter:label2\" content=\"Estimated reading time\" \/>\n\t<meta name=\"twitter:data2\" content=\"2 minutes\" \/>\n<script type=\"application\/ld+json\" class=\"yoast-schema-graph\">{\"@context\":\"https:\/\/schema.org\",\"@graph\":[{\"@type\":\"Article\",\"@id\":\"https:\/\/dmcsrb.com\/politika\/colovic-kajevic-vrijeme-je-da-dijaspora-preuzme-punu-politicku-odgovornost\/#article\",\"isPartOf\":{\"@id\":\"https:\/\/dmcsrb.com\/politika\/colovic-kajevic-vrijeme-je-da-dijaspora-preuzme-punu-politicku-odgovornost\/\"},\"author\":{\"name\":\"dmcsrbija.com@gmail.com\",\"@id\":\"https:\/\/dmcsrb.com\/#\/schema\/person\/5c39170f12db1b8b457732d0b5c854e2\"},\"headline\":\"\u010colovi\u0107-Kajevi\u0107: Vrijeme je da dijaspora preuzme punu politi\u010dku odgovornost\",\"datePublished\":\"2025-12-28T19:17:00+00:00\",\"mainEntityOfPage\":{\"@id\":\"https:\/\/dmcsrb.com\/politika\/colovic-kajevic-vrijeme-je-da-dijaspora-preuzme-punu-politicku-odgovornost\/\"},\"wordCount\":420,\"commentCount\":0,\"image\":{\"@id\":\"https:\/\/dmcsrb.com\/politika\/colovic-kajevic-vrijeme-je-da-dijaspora-preuzme-punu-politicku-odgovornost\/#primaryimage\"},\"thumbnailUrl\":\"https:\/\/dmcsrb.com\/wp-content\/uploads\/2026\/01\/emina-colovic-1.jpg\",\"keywords\":[\"Dijaspora\",\"Emina \u010colovi\u0107-Kajevi\u0107\",\"Politi\u010dka odgovornost\"],\"articleSection\":[\"Politika\"],\"inLanguage\":\"en-GB\",\"potentialAction\":[{\"@type\":\"CommentAction\",\"name\":\"Comment\",\"target\":[\"https:\/\/dmcsrb.com\/politika\/colovic-kajevic-vrijeme-je-da-dijaspora-preuzme-punu-politicku-odgovornost\/#respond\"]}]},{\"@type\":\"WebPage\",\"@id\":\"https:\/\/dmcsrb.com\/politika\/colovic-kajevic-vrijeme-je-da-dijaspora-preuzme-punu-politicku-odgovornost\/\",\"url\":\"https:\/\/dmcsrb.com\/politika\/colovic-kajevic-vrijeme-je-da-dijaspora-preuzme-punu-politicku-odgovornost\/\",\"name\":\"\u010colovi\u0107-Kajevi\u0107: Vrijeme je da dijaspora preuzme punu politi\u010dku odgovornost - dmcsrb.com\",\"isPartOf\":{\"@id\":\"https:\/\/dmcsrb.com\/#website\"},\"primaryImageOfPage\":{\"@id\":\"https:\/\/dmcsrb.com\/politika\/colovic-kajevic-vrijeme-je-da-dijaspora-preuzme-punu-politicku-odgovornost\/#primaryimage\"},\"image\":{\"@id\":\"https:\/\/dmcsrb.com\/politika\/colovic-kajevic-vrijeme-je-da-dijaspora-preuzme-punu-politicku-odgovornost\/#primaryimage\"},\"thumbnailUrl\":\"https:\/\/dmcsrb.com\/wp-content\/uploads\/2026\/01\/emina-colovic-1.jpg\",\"datePublished\":\"2025-12-28T19:17:00+00:00\",\"author\":{\"@id\":\"https:\/\/dmcsrb.com\/#\/schema\/person\/5c39170f12db1b8b457732d0b5c854e2\"},\"breadcrumb\":{\"@id\":\"https:\/\/dmcsrb.com\/politika\/colovic-kajevic-vrijeme-je-da-dijaspora-preuzme-punu-politicku-odgovornost\/#breadcrumb\"},\"inLanguage\":\"en-GB\",\"potentialAction\":[{\"@type\":\"ReadAction\",\"target\":[\"https:\/\/dmcsrb.com\/politika\/colovic-kajevic-vrijeme-je-da-dijaspora-preuzme-punu-politicku-odgovornost\/\"]}]},{\"@type\":\"ImageObject\",\"inLanguage\":\"en-GB\",\"@id\":\"https:\/\/dmcsrb.com\/politika\/colovic-kajevic-vrijeme-je-da-dijaspora-preuzme-punu-politicku-odgovornost\/#primaryimage\",\"url\":\"https:\/\/dmcsrb.com\/wp-content\/uploads\/2026\/01\/emina-colovic-1.jpg\",\"contentUrl\":\"https:\/\/dmcsrb.com\/wp-content\/uploads\/2026\/01\/emina-colovic-1.jpg\",\"width\":1080,\"height\":781},{\"@type\":\"BreadcrumbList\",\"@id\":\"https:\/\/dmcsrb.com\/politika\/colovic-kajevic-vrijeme-je-da-dijaspora-preuzme-punu-politicku-odgovornost\/#breadcrumb\",\"itemListElement\":[{\"@type\":\"ListItem\",\"position\":1,\"name\":\"Home\",\"item\":\"https:\/\/dmcsrb.com\/\"},{\"@type\":\"ListItem\",\"position\":2,\"name\":\"\u010colovi\u0107-Kajevi\u0107: Vrijeme je da dijaspora preuzme punu politi\u010dku odgovornost\"}]},{\"@type\":\"WebSite\",\"@id\":\"https:\/\/dmcsrb.com\/#website\",\"url\":\"https:\/\/dmcsrb.com\/\",\"name\":\"dmcsrb.com\",\"description\":\"\",\"potentialAction\":[{\"@type\":\"SearchAction\",\"target\":{\"@type\":\"EntryPoint\",\"urlTemplate\":\"https:\/\/dmcsrb.com\/?s={search_term_string}\"},\"query-input\":{\"@type\":\"PropertyValueSpecification\",\"valueRequired\":true,\"valueName\":\"search_term_string\"}}],\"inLanguage\":\"en-GB\"},{\"@type\":\"Person\",\"@id\":\"https:\/\/dmcsrb.com\/#\/schema\/person\/5c39170f12db1b8b457732d0b5c854e2\",\"name\":\"dmcsrbija.com@gmail.com\",\"image\":{\"@type\":\"ImageObject\",\"inLanguage\":\"en-GB\",\"@id\":\"https:\/\/dmcsrb.com\/#\/schema\/person\/image\/\",\"url\":\"https:\/\/secure.gravatar.com\/avatar\/68592660ad6347fad0fb587f8d5d8f1a7b44961362f56e4f2cd524feb87e9069?s=96&d=mm&r=g\",\"contentUrl\":\"https:\/\/secure.gravatar.com\/avatar\/68592660ad6347fad0fb587f8d5d8f1a7b44961362f56e4f2cd524feb87e9069?s=96&d=mm&r=g\",\"caption\":\"dmcsrbija.com@gmail.com\"},\"sameAs\":[\"https:\/\/dmcsrb.com\"],\"url\":\"https:\/\/dmcsrb.com\/en\/author\/dmcsrbija-comgmail-com\/\"}]}<\/script>\n<!-- \/ Yoast SEO plugin. -->","yoast_head_json":{"title":"\u010colovi\u0107-Kajevi\u0107: Vrijeme je da dijaspora preuzme punu politi\u010dku odgovornost - dmcsrb.com","robots":{"index":"index","follow":"follow","max-snippet":"max-snippet:-1","max-image-preview":"max-image-preview:large","max-video-preview":"max-video-preview:-1"},"canonical":"https:\/\/dmcsrb.com\/en\/politika\/colovic-kajevic-vrijeme-je-da-dijaspora-preuzme-punu-politicku-odgovornost\/","og_locale":"en_GB","og_type":"article","og_title":"\u010colovi\u0107-Kajevi\u0107: Vrijeme je da dijaspora preuzme punu politi\u010dku odgovornost - dmcsrb.com","og_description":"Predsjednica Saveza patriota Crne Gore u Njema\u010dkoj Emina \u010colovi\u0107-Kajevi\u0107 kazala je da svi koji posjeduju crnogorski paso\u0161, a \u017eive van granica Crne Gore, nijesu ni privremeni ni sporedni dio dr\u017eave, ve\u0107 njeni punopravni dr\u017eavljani i nosioci politi\u010dke odgovornosti. Istakla je da dr\u017eava ne prestaje na granici i da se njen suverenitet ne mjeri mjestom prebivali\u0161ta, te da dijaspora Crne Gore nije folklor, ve\u0107 politi\u010dka \u010dinjenica.","og_url":"https:\/\/dmcsrb.com\/en\/politika\/colovic-kajevic-vrijeme-je-da-dijaspora-preuzme-punu-politicku-odgovornost\/","og_site_name":"dmcsrb.com","article_published_time":"2025-12-28T19:17:00+00:00","og_image":[{"width":1080,"height":781,"url":"https:\/\/dmcsrb.com\/wp-content\/uploads\/2026\/01\/emina-colovic-1.jpg","type":"image\/jpeg"}],"author":"dmcsrbija.com@gmail.com","twitter_card":"summary_large_image","twitter_misc":{"Written by":"dmcsrbija.com@gmail.com","Estimated reading time":"2 minutes"},"schema":{"@context":"https:\/\/schema.org","@graph":[{"@type":"Article","@id":"https:\/\/dmcsrb.com\/politika\/colovic-kajevic-vrijeme-je-da-dijaspora-preuzme-punu-politicku-odgovornost\/#article","isPartOf":{"@id":"https:\/\/dmcsrb.com\/politika\/colovic-kajevic-vrijeme-je-da-dijaspora-preuzme-punu-politicku-odgovornost\/"},"author":{"name":"dmcsrbija.com@gmail.com","@id":"https:\/\/dmcsrb.com\/#\/schema\/person\/5c39170f12db1b8b457732d0b5c854e2"},"headline":"\u010colovi\u0107-Kajevi\u0107: Vrijeme je da dijaspora preuzme punu politi\u010dku odgovornost","datePublished":"2025-12-28T19:17:00+00:00","mainEntityOfPage":{"@id":"https:\/\/dmcsrb.com\/politika\/colovic-kajevic-vrijeme-je-da-dijaspora-preuzme-punu-politicku-odgovornost\/"},"wordCount":420,"commentCount":0,"image":{"@id":"https:\/\/dmcsrb.com\/politika\/colovic-kajevic-vrijeme-je-da-dijaspora-preuzme-punu-politicku-odgovornost\/#primaryimage"},"thumbnailUrl":"https:\/\/dmcsrb.com\/wp-content\/uploads\/2026\/01\/emina-colovic-1.jpg","keywords":["Dijaspora","Emina \u010colovi\u0107-Kajevi\u0107","Politi\u010dka odgovornost"],"articleSection":["Politika"],"inLanguage":"en-GB","potentialAction":[{"@type":"CommentAction","name":"Comment","target":["https:\/\/dmcsrb.com\/politika\/colovic-kajevic-vrijeme-je-da-dijaspora-preuzme-punu-politicku-odgovornost\/#respond"]}]},{"@type":"WebPage","@id":"https:\/\/dmcsrb.com\/politika\/colovic-kajevic-vrijeme-je-da-dijaspora-preuzme-punu-politicku-odgovornost\/","url":"https:\/\/dmcsrb.com\/politika\/colovic-kajevic-vrijeme-je-da-dijaspora-preuzme-punu-politicku-odgovornost\/","name":"\u010colovi\u0107-Kajevi\u0107: Vrijeme je da dijaspora preuzme punu politi\u010dku odgovornost - dmcsrb.com","isPartOf":{"@id":"https:\/\/dmcsrb.com\/#website"},"primaryImageOfPage":{"@id":"https:\/\/dmcsrb.com\/politika\/colovic-kajevic-vrijeme-je-da-dijaspora-preuzme-punu-politicku-odgovornost\/#primaryimage"},"image":{"@id":"https:\/\/dmcsrb.com\/politika\/colovic-kajevic-vrijeme-je-da-dijaspora-preuzme-punu-politicku-odgovornost\/#primaryimage"},"thumbnailUrl":"https:\/\/dmcsrb.com\/wp-content\/uploads\/2026\/01\/emina-colovic-1.jpg","datePublished":"2025-12-28T19:17:00+00:00","author":{"@id":"https:\/\/dmcsrb.com\/#\/schema\/person\/5c39170f12db1b8b457732d0b5c854e2"},"breadcrumb":{"@id":"https:\/\/dmcsrb.com\/politika\/colovic-kajevic-vrijeme-je-da-dijaspora-preuzme-punu-politicku-odgovornost\/#breadcrumb"},"inLanguage":"en-GB","potentialAction":[{"@type":"ReadAction","target":["https:\/\/dmcsrb.com\/politika\/colovic-kajevic-vrijeme-je-da-dijaspora-preuzme-punu-politicku-odgovornost\/"]}]},{"@type":"ImageObject","inLanguage":"en-GB","@id":"https:\/\/dmcsrb.com\/politika\/colovic-kajevic-vrijeme-je-da-dijaspora-preuzme-punu-politicku-odgovornost\/#primaryimage","url":"https:\/\/dmcsrb.com\/wp-content\/uploads\/2026\/01\/emina-colovic-1.jpg","contentUrl":"https:\/\/dmcsrb.com\/wp-content\/uploads\/2026\/01\/emina-colovic-1.jpg","width":1080,"height":781},{"@type":"BreadcrumbList","@id":"https:\/\/dmcsrb.com\/politika\/colovic-kajevic-vrijeme-je-da-dijaspora-preuzme-punu-politicku-odgovornost\/#breadcrumb","itemListElement":[{"@type":"ListItem","position":1,"name":"Home","item":"https:\/\/dmcsrb.com\/"},{"@type":"ListItem","position":2,"name":"\u010colovi\u0107-Kajevi\u0107: Vrijeme je da dijaspora preuzme punu politi\u010dku odgovornost"}]},{"@type":"WebSite","@id":"https:\/\/dmcsrb.com\/#website","url":"https:\/\/dmcsrb.com\/","name":"dmcsrb.com","description":"","potentialAction":[{"@type":"SearchAction","target":{"@type":"EntryPoint","urlTemplate":"https:\/\/dmcsrb.com\/?s={search_term_string}"},"query-input":{"@type":"PropertyValueSpecification","valueRequired":true,"valueName":"search_term_string"}}],"inLanguage":"en-GB"},{"@type":"Person","@id":"https:\/\/dmcsrb.com\/#\/schema\/person\/5c39170f12db1b8b457732d0b5c854e2","name":"dmcsrbija.com@gmail.com","image":{"@type":"ImageObject","inLanguage":"en-GB","@id":"https:\/\/dmcsrb.com\/#\/schema\/person\/image\/","url":"https:\/\/secure.gravatar.com\/avatar\/68592660ad6347fad0fb587f8d5d8f1a7b44961362f56e4f2cd524feb87e9069?s=96&d=mm&r=g","contentUrl":"https:\/\/secure.gravatar.com\/avatar\/68592660ad6347fad0fb587f8d5d8f1a7b44961362f56e4f2cd524feb87e9069?s=96&d=mm&r=g","caption":"dmcsrbija.com@gmail.com"},"sameAs":["https:\/\/dmcsrb.com"],"url":"https:\/\/dmcsrb.com\/en\/author\/dmcsrbija-comgmail-com\/"}]}},"_links":{"self":[{"href":"https:\/\/dmcsrb.com\/en\/wp-json\/wp\/v2\/posts\/916330","targetHints":{"allow":["GET"]}}],"collection":[{"href":"https:\/\/dmcsrb.com\/en\/wp-json\/wp\/v2\/posts"}],"about":[{"href":"https:\/\/dmcsrb.com\/en\/wp-json\/wp\/v2\/types\/post"}],"author":[{"embeddable":true,"href":"https:\/\/dmcsrb.com\/en\/wp-json\/wp\/v2\/users\/1"}],"replies":[{"embeddable":true,"href":"https:\/\/dmcsrb.com\/en\/wp-json\/wp\/v2\/comments?post=916330"}],"version-history":[{"count":0,"href":"https:\/\/dmcsrb.com\/en\/wp-json\/wp\/v2\/posts\/916330\/revisions"}],"wp:featuredmedia":[{"embeddable":true,"href":"https:\/\/dmcsrb.com\/en\/wp-json\/wp\/v2\/media\/916331"}],"wp:attachment":[{"href":"https:\/\/dmcsrb.com\/en\/wp-json\/wp\/v2\/media?parent=916330"}],"wp:term":[{"taxonomy":"category","embeddable":true,"href":"https:\/\/dmcsrb.com\/en\/wp-json\/wp\/v2\/categories?post=916330"},{"taxonomy":"post_tag","embeddable":true,"href":"https:\/\/dmcsrb.com\/en\/wp-json\/wp\/v2\/tags?post=916330"},{"taxonomy":"naslovna","embeddable":true,"href":"https:\/\/dmcsrb.com\/en\/wp-json\/wp\/v2\/naslovna?post=916330"}],"curies":[{"name":"wp","href":"https:\/\/api.w.org\/{rel}","templated":true}]}}