{"id":916208,"date":"2025-12-28T09:21:00","date_gmt":"2025-12-28T08:21:00","guid":{"rendered":"https:\/\/dmcsrb.com\/uncategorized\/sastanak-na-floridi-tramp-i-zelenski-o-mirovnom-planu-putin-ako-kijev-nece-mirnim-putem-rijesicemo-oruzanim\/"},"modified":"2025-12-28T09:21:00","modified_gmt":"2025-12-28T08:21:00","slug":"sastanak-na-floridi-tramp-i-zelenski-o-mirovnom-planu-putin-ako-kijev-nece-mirnim-putem-rijesicemo-oruzanim","status":"publish","type":"post","link":"https:\/\/dmcsrb.com\/en\/svijet\/sastanak-na-floridi-tramp-i-zelenski-o-mirovnom-planu-putin-ako-kijev-nece-mirnim-putem-rijesicemo-oruzanim\/","title":{"rendered":"Sastanak na Floridi \u2013 Tramp i Zelenski o mirovnom planu; Putin: Ako Kijev ne\u0107e mirnim putem, rije\u0161i\u0107emo oru\u017eanim"},"content":{"rendered":"<p><\/p>\n\n\n\n<p>Ameri\u010dki predsjednik Donald Tramp i ukrajinski predsjednik Volodimir Zelenski razgovara\u0107e na Floridi o prijedlozima za mirovni sporazum. \u0160ef Kremlja poru\u010duje da \u0107e, ukoliko Kijev ne \u017eeli da rije\u0161i situaciju mirnim sredstvima, Rusija realizovati ciljeve specijalne vojne operacije oru\u017eanim putem. Ruska protivvazdu\u0161na odbrana oborila je tokom no\u0107i 25 ukrajinskih dronova iznad \u0161est ruskih regiona, saop\u0161tilo je Ministarstvo odbrane Rusije.<\/p>\n\n\n\n<p>Tramp i Zelenski 18. avgusta 2025. u Bijeloj ku\u0107i (Foto: Guliver\/AP Photo\/Julia Demaree Nikhinson )<\/p>\n\n\n\n<p>Predsjednik SAD Donald Tramp sasta\u0107e se sa ukrajinskim predsjednikom Volodimirom Zelenskim na Floridi, saop\u0161tila je Bijela ku\u0107a.<\/p>\n\n\n\n<p>Bijela ku\u0107a nije izdala posebno saop\u0161tenje tim povodom, ali je u rasporedu za vikend koji je proslije\u0111en medijima precizirala da je sastanak Trampa i Zelenskog zakazan za nedjelju u 15 \u010dasova, prenosi Njujork tajms. Vi\u0161e detalja nije saop\u0161teno.<\/p>\n\n\n\n<p>Zelenski je ovaj sastanak najavio u petak putem dru\u0161tvenih mre\u017ea.<\/p>\n\n\n\n<p>Kazao je da \u0107e tom prilikom predstaviti novi plan od 20 ta\u010daka za okon\u010danje rata, koji uklju\u010duje prijedlog za uspostavljanje demilitarizovane zone, dok \u0107e glavni fokus sastanka biti bezbjednosne garancije za Ukrajinu.<\/p>\n\n\n\n<p><strong>Fon der Lajen: EU pozdravlja napore koji vode rje\u0161enju koje \u010duva suverenitet Ukrajine<\/strong><\/p>\n\n\n\n<p>Predsjednica Evropske komisije Ursula fon der Lajen izjavila je, nakon razgovora evropskih lidera sa ukrajinskim predsjednikom Volodimirom Zelenskim uo\u010di njegovih razgovora sa ameri\u010dkim predsjednikom Donaldom Trampom, da Evropska unija pozdravlja sve napore koji vode ka zajedni\u010dkom cilju \u2013 pravednom i trajnom miru koji \u010duva suverenitet i teritorijalni integritet Ukrajine.<\/p>\n\n\n\n<p>\u201eTo ja\u010da bezbjednosne i odbrambene kapacitete zemlje, kao sastavni dio bezbjednosti na\u0161eg kontinenta\u201c, napisala je Fon der Lajen na platformi Iks.<\/p>\n\n\n\n<p>Najavila je da \u0107e Evropska komisija u narednoj godini \u201enastaviti da vr\u0161i pritisak na Kremlj, odr\u017eava podr\u0161ku Ukrajini i intenzivno radi na pra\u0107enju Ukrajine na njenom putu ka \u010dlanstvu u EU\u201c.<\/p>\n\n\n\n<p>Zelenski je najavio da \u0107e ukrajinska delegacija odr\u017eati jo\u0161 jedan razgovor sa evropskim liderima nakon dana\u0161njeg sastanka sa Trampom na Floridi.<\/p>\n\n\n\n<p><strong>Lavrov: Evropski kontingent, ako bude u Ukrajini, posta\u0107e legitimna meta ruskih snaga<\/strong><\/p>\n\n\n\n<p>Ruski ministar vanjskih poslova Sergej Lavrov izjavio je da \u0107e evropski kontingent, ukoliko bude raspore\u0111en u Ukrajini, postati legitimna meta ruskih oru\u017eanih snaga.<\/p>\n\n\n\n<p>\u201eEvropski politi\u010dari ne \u017eale ni Ukrajince, ali ni sopstveno stanovni\u0161tvo\u201c, rekao je Lavrov u intervjuu za TASS.<\/p>\n\n\n\n<p>Lavrov je istakao da to potvr\u0111uju aktuelni razgovori u Evropi o slanju vojnih kontingenata u Ukrajinu.<\/p>\n\n\n\n<p>\u201eVe\u0107 smo sto puta rekli da bi u tom slu\u010daju oni postali legitimna meta na\u0161ih oru\u017eanih snaga\u201c, podsjetio je Lavrov.<\/p>\n\n\n\n<p>Lideri vode\u0107ih evropskih zemalja sredinom decembra saop\u0161tili su da bezbjednosne garancije za Kijev moraju uklju\u010divati stvaranje \u201emultinacionalnih snaga za Ukrajinu\u201c, predvo\u0111enih evropskim dr\u017eavama. Britanski ministar odbrane D\u017eon Hili tada je izjavio da su zemlje koje u\u010destvuju u \u201ekoaliciji voljnih\u201c pove\u0107ale borbenu gotovost svojih trupa u o\u010dekivanju mogu\u0107eg raspore\u0111ivanja u Ukrajini.<\/p>\n\n\n\n<p><strong>Ruski PVO oborio 25 ukrajinskih dronova tokom no\u0107i<\/strong><\/p>\n\n\n\n<p>Ruska protivvazdu\u0161na odbrana (PVO) oborila je tokom no\u0107i 25 ukrajinskih dronova iznad \u0161est ruskih regiona, saop\u0161tilo je jutros Ministarstvo odbrane Rusije.<\/p>\n\n\n\n<p>U saop\u0161tenju se navodi da je 12 ukrajinskih bespilotnih letjelica oboreno iznad Samarske oblasti, a po tri iznad Belgorodske, Kurske i Saratovske oblasti.<\/p>\n\n\n\n<p>Dodaje se da su po dva drona oborena iznad Volgogradske i Rostovske oblasti, prenijele su RIA Novosti.<\/p>\n\n\n\n<p><\/p>","protected":false},"excerpt":{"rendered":"<p>Ameri\u010dki predsjednik Donald Tramp i ukrajinski predsjednik Volodimir Zelenski razgovara\u0107e na Floridi o prijedlozima za mirovni sporazum. \u0160ef Kremlja poru\u010duje da \u0107e, ukoliko Kijev ne \u017eeli da rije\u0161i situaciju mirnim sredstvima, Rusija realizovati ciljeve specijalne vojne operacije oru\u017eanim putem. Ruska protivvazdu\u0161na odbrana oborila je tokom no\u0107i 25 ukrajinskih dronova iznad \u0161est ruskih regiona, saop\u0161tilo je [&hellip;]<\/p>\n","protected":false},"author":1,"featured_media":916209,"comment_status":"open","ping_status":"open","sticky":false,"template":"","format":"standard","meta":{"_acf_changed":false,"footnotes":""},"categories":[144],"tags":[2215,2045,1627],"naslovna":[],"class_list":["post-916208","post","type-post","status-publish","format-standard","has-post-thumbnail","hentry","category-svijet","tag-florida","tag-tramp","tag-zelenski"],"acf":[],"yoast_head":"<!-- This site is optimized with the Yoast SEO plugin v27.4 - https:\/\/yoast.com\/product\/yoast-seo-wordpress\/ -->\n<title>Sastanak na Floridi \u2013 Tramp i Zelenski o mirovnom planu; Putin: Ako Kijev ne\u0107e mirnim putem, rije\u0161i\u0107emo oru\u017eanim - dmcsrb.com<\/title>\n<meta name=\"robots\" content=\"index, follow, max-snippet:-1, max-image-preview:large, max-video-preview:-1\" \/>\n<link rel=\"canonical\" href=\"https:\/\/dmcsrb.com\/en\/svijet\/sastanak-na-floridi-tramp-i-zelenski-o-mirovnom-planu-putin-ako-kijev-nece-mirnim-putem-rijesicemo-oruzanim\/\" \/>\n<meta property=\"og:locale\" content=\"en_GB\" \/>\n<meta property=\"og:type\" content=\"article\" \/>\n<meta property=\"og:title\" content=\"Sastanak na Floridi \u2013 Tramp i Zelenski o mirovnom planu; Putin: Ako Kijev ne\u0107e mirnim putem, rije\u0161i\u0107emo oru\u017eanim - dmcsrb.com\" \/>\n<meta property=\"og:description\" content=\"Ameri\u010dki predsjednik Donald Tramp i ukrajinski predsjednik Volodimir Zelenski razgovara\u0107e na Floridi o prijedlozima za mirovni sporazum. \u0160ef Kremlja poru\u010duje da \u0107e, ukoliko Kijev ne \u017eeli da rije\u0161i situaciju mirnim sredstvima, Rusija realizovati ciljeve specijalne vojne operacije oru\u017eanim putem. Ruska protivvazdu\u0161na odbrana oborila je tokom no\u0107i 25 ukrajinskih dronova iznad \u0161est ruskih regiona, saop\u0161tilo je [&hellip;]\" \/>\n<meta property=\"og:url\" content=\"https:\/\/dmcsrb.com\/en\/svijet\/sastanak-na-floridi-tramp-i-zelenski-o-mirovnom-planu-putin-ako-kijev-nece-mirnim-putem-rijesicemo-oruzanim\/\" \/>\n<meta property=\"og:site_name\" content=\"dmcsrb.com\" \/>\n<meta property=\"article:published_time\" content=\"2025-12-28T08:21:00+00:00\" \/>\n<meta property=\"og:image\" content=\"https:\/\/dmcsrb.com\/wp-content\/uploads\/2026\/01\/Tramp-i-Zelenski.jpg\" \/>\n\t<meta property=\"og:image:width\" content=\"1536\" \/>\n\t<meta property=\"og:image:height\" content=\"1024\" \/>\n\t<meta property=\"og:image:type\" content=\"image\/jpeg\" \/>\n<meta name=\"author\" content=\"dmcsrbija.com@gmail.com\" \/>\n<meta name=\"twitter:card\" content=\"summary_large_image\" \/>\n<meta name=\"twitter:label1\" content=\"Written by\" \/>\n\t<meta name=\"twitter:data1\" content=\"dmcsrbija.com@gmail.com\" \/>\n\t<meta name=\"twitter:label2\" content=\"Estimated reading time\" \/>\n\t<meta name=\"twitter:data2\" content=\"3 minutes\" \/>\n<script type=\"application\/ld+json\" class=\"yoast-schema-graph\">{\"@context\":\"https:\\\/\\\/schema.org\",\"@graph\":[{\"@type\":\"Article\",\"@id\":\"https:\\\/\\\/dmcsrb.com\\\/svijet\\\/sastanak-na-floridi-tramp-i-zelenski-o-mirovnom-planu-putin-ako-kijev-nece-mirnim-putem-rijesicemo-oruzanim\\\/#article\",\"isPartOf\":{\"@id\":\"https:\\\/\\\/dmcsrb.com\\\/svijet\\\/sastanak-na-floridi-tramp-i-zelenski-o-mirovnom-planu-putin-ako-kijev-nece-mirnim-putem-rijesicemo-oruzanim\\\/\"},\"author\":{\"name\":\"dmcsrbija.com@gmail.com\",\"@id\":\"https:\\\/\\\/dmcsrb.com\\\/#\\\/schema\\\/person\\\/5c39170f12db1b8b457732d0b5c854e2\"},\"headline\":\"Sastanak na Floridi \u2013 Tramp i Zelenski o mirovnom planu; Putin: Ako Kijev ne\u0107e mirnim putem, rije\u0161i\u0107emo oru\u017eanim\",\"datePublished\":\"2025-12-28T08:21:00+00:00\",\"mainEntityOfPage\":{\"@id\":\"https:\\\/\\\/dmcsrb.com\\\/svijet\\\/sastanak-na-floridi-tramp-i-zelenski-o-mirovnom-planu-putin-ako-kijev-nece-mirnim-putem-rijesicemo-oruzanim\\\/\"},\"wordCount\":584,\"commentCount\":0,\"image\":{\"@id\":\"https:\\\/\\\/dmcsrb.com\\\/svijet\\\/sastanak-na-floridi-tramp-i-zelenski-o-mirovnom-planu-putin-ako-kijev-nece-mirnim-putem-rijesicemo-oruzanim\\\/#primaryimage\"},\"thumbnailUrl\":\"https:\\\/\\\/dmcsrb.com\\\/wp-content\\\/uploads\\\/2026\\\/01\\\/Tramp-i-Zelenski.jpg\",\"keywords\":[\"florida\",\"Tramp\",\"Zelenski\"],\"articleSection\":[\"Svijet\"],\"inLanguage\":\"en-GB\",\"potentialAction\":[{\"@type\":\"CommentAction\",\"name\":\"Comment\",\"target\":[\"https:\\\/\\\/dmcsrb.com\\\/svijet\\\/sastanak-na-floridi-tramp-i-zelenski-o-mirovnom-planu-putin-ako-kijev-nece-mirnim-putem-rijesicemo-oruzanim\\\/#respond\"]}]},{\"@type\":\"WebPage\",\"@id\":\"https:\\\/\\\/dmcsrb.com\\\/svijet\\\/sastanak-na-floridi-tramp-i-zelenski-o-mirovnom-planu-putin-ako-kijev-nece-mirnim-putem-rijesicemo-oruzanim\\\/\",\"url\":\"https:\\\/\\\/dmcsrb.com\\\/svijet\\\/sastanak-na-floridi-tramp-i-zelenski-o-mirovnom-planu-putin-ako-kijev-nece-mirnim-putem-rijesicemo-oruzanim\\\/\",\"name\":\"Sastanak na Floridi \u2013 Tramp i Zelenski o mirovnom planu; Putin: Ako Kijev ne\u0107e mirnim putem, rije\u0161i\u0107emo oru\u017eanim - dmcsrb.com\",\"isPartOf\":{\"@id\":\"https:\\\/\\\/dmcsrb.com\\\/#website\"},\"primaryImageOfPage\":{\"@id\":\"https:\\\/\\\/dmcsrb.com\\\/svijet\\\/sastanak-na-floridi-tramp-i-zelenski-o-mirovnom-planu-putin-ako-kijev-nece-mirnim-putem-rijesicemo-oruzanim\\\/#primaryimage\"},\"image\":{\"@id\":\"https:\\\/\\\/dmcsrb.com\\\/svijet\\\/sastanak-na-floridi-tramp-i-zelenski-o-mirovnom-planu-putin-ako-kijev-nece-mirnim-putem-rijesicemo-oruzanim\\\/#primaryimage\"},\"thumbnailUrl\":\"https:\\\/\\\/dmcsrb.com\\\/wp-content\\\/uploads\\\/2026\\\/01\\\/Tramp-i-Zelenski.jpg\",\"datePublished\":\"2025-12-28T08:21:00+00:00\",\"author\":{\"@id\":\"https:\\\/\\\/dmcsrb.com\\\/#\\\/schema\\\/person\\\/5c39170f12db1b8b457732d0b5c854e2\"},\"breadcrumb\":{\"@id\":\"https:\\\/\\\/dmcsrb.com\\\/svijet\\\/sastanak-na-floridi-tramp-i-zelenski-o-mirovnom-planu-putin-ako-kijev-nece-mirnim-putem-rijesicemo-oruzanim\\\/#breadcrumb\"},\"inLanguage\":\"en-GB\",\"potentialAction\":[{\"@type\":\"ReadAction\",\"target\":[\"https:\\\/\\\/dmcsrb.com\\\/svijet\\\/sastanak-na-floridi-tramp-i-zelenski-o-mirovnom-planu-putin-ako-kijev-nece-mirnim-putem-rijesicemo-oruzanim\\\/\"]}]},{\"@type\":\"ImageObject\",\"inLanguage\":\"en-GB\",\"@id\":\"https:\\\/\\\/dmcsrb.com\\\/svijet\\\/sastanak-na-floridi-tramp-i-zelenski-o-mirovnom-planu-putin-ako-kijev-nece-mirnim-putem-rijesicemo-oruzanim\\\/#primaryimage\",\"url\":\"https:\\\/\\\/dmcsrb.com\\\/wp-content\\\/uploads\\\/2026\\\/01\\\/Tramp-i-Zelenski.jpg\",\"contentUrl\":\"https:\\\/\\\/dmcsrb.com\\\/wp-content\\\/uploads\\\/2026\\\/01\\\/Tramp-i-Zelenski.jpg\",\"width\":1536,\"height\":1024},{\"@type\":\"BreadcrumbList\",\"@id\":\"https:\\\/\\\/dmcsrb.com\\\/svijet\\\/sastanak-na-floridi-tramp-i-zelenski-o-mirovnom-planu-putin-ako-kijev-nece-mirnim-putem-rijesicemo-oruzanim\\\/#breadcrumb\",\"itemListElement\":[{\"@type\":\"ListItem\",\"position\":1,\"name\":\"Home\",\"item\":\"https:\\\/\\\/dmcsrb.com\\\/\"},{\"@type\":\"ListItem\",\"position\":2,\"name\":\"Sastanak na Floridi \u2013 Tramp i Zelenski o mirovnom planu; Putin: Ako Kijev ne\u0107e mirnim putem, rije\u0161i\u0107emo oru\u017eanim\"}]},{\"@type\":\"WebSite\",\"@id\":\"https:\\\/\\\/dmcsrb.com\\\/#website\",\"url\":\"https:\\\/\\\/dmcsrb.com\\\/\",\"name\":\"dmcsrb.com\",\"description\":\"\",\"potentialAction\":[{\"@type\":\"SearchAction\",\"target\":{\"@type\":\"EntryPoint\",\"urlTemplate\":\"https:\\\/\\\/dmcsrb.com\\\/?s={search_term_string}\"},\"query-input\":{\"@type\":\"PropertyValueSpecification\",\"valueRequired\":true,\"valueName\":\"search_term_string\"}}],\"inLanguage\":\"en-GB\"},{\"@type\":\"Person\",\"@id\":\"https:\\\/\\\/dmcsrb.com\\\/#\\\/schema\\\/person\\\/5c39170f12db1b8b457732d0b5c854e2\",\"name\":\"dmcsrbija.com@gmail.com\",\"image\":{\"@type\":\"ImageObject\",\"inLanguage\":\"en-GB\",\"@id\":\"https:\\\/\\\/secure.gravatar.com\\\/avatar\\\/68592660ad6347fad0fb587f8d5d8f1a7b44961362f56e4f2cd524feb87e9069?s=96&d=mm&r=g\",\"url\":\"https:\\\/\\\/secure.gravatar.com\\\/avatar\\\/68592660ad6347fad0fb587f8d5d8f1a7b44961362f56e4f2cd524feb87e9069?s=96&d=mm&r=g\",\"contentUrl\":\"https:\\\/\\\/secure.gravatar.com\\\/avatar\\\/68592660ad6347fad0fb587f8d5d8f1a7b44961362f56e4f2cd524feb87e9069?s=96&d=mm&r=g\",\"caption\":\"dmcsrbija.com@gmail.com\"},\"sameAs\":[\"https:\\\/\\\/dmcsrb.com\"],\"url\":\"https:\\\/\\\/dmcsrb.com\\\/en\\\/author\\\/dmcsrbija-comgmail-com\\\/\"}]}<\/script>\n<!-- \/ Yoast SEO plugin. -->","yoast_head_json":{"title":"Sastanak na Floridi \u2013 Tramp i Zelenski o mirovnom planu; Putin: Ako Kijev ne\u0107e mirnim putem, rije\u0161i\u0107emo oru\u017eanim - dmcsrb.com","robots":{"index":"index","follow":"follow","max-snippet":"max-snippet:-1","max-image-preview":"max-image-preview:large","max-video-preview":"max-video-preview:-1"},"canonical":"https:\/\/dmcsrb.com\/en\/svijet\/sastanak-na-floridi-tramp-i-zelenski-o-mirovnom-planu-putin-ako-kijev-nece-mirnim-putem-rijesicemo-oruzanim\/","og_locale":"en_GB","og_type":"article","og_title":"Sastanak na Floridi \u2013 Tramp i Zelenski o mirovnom planu; Putin: Ako Kijev ne\u0107e mirnim putem, rije\u0161i\u0107emo oru\u017eanim - dmcsrb.com","og_description":"Ameri\u010dki predsjednik Donald Tramp i ukrajinski predsjednik Volodimir Zelenski razgovara\u0107e na Floridi o prijedlozima za mirovni sporazum. \u0160ef Kremlja poru\u010duje da \u0107e, ukoliko Kijev ne \u017eeli da rije\u0161i situaciju mirnim sredstvima, Rusija realizovati ciljeve specijalne vojne operacije oru\u017eanim putem. Ruska protivvazdu\u0161na odbrana oborila je tokom no\u0107i 25 ukrajinskih dronova iznad \u0161est ruskih regiona, saop\u0161tilo je [&hellip;]","og_url":"https:\/\/dmcsrb.com\/en\/svijet\/sastanak-na-floridi-tramp-i-zelenski-o-mirovnom-planu-putin-ako-kijev-nece-mirnim-putem-rijesicemo-oruzanim\/","og_site_name":"dmcsrb.com","article_published_time":"2025-12-28T08:21:00+00:00","og_image":[{"width":1536,"height":1024,"url":"https:\/\/dmcsrb.com\/wp-content\/uploads\/2026\/01\/Tramp-i-Zelenski.jpg","type":"image\/jpeg"}],"author":"dmcsrbija.com@gmail.com","twitter_card":"summary_large_image","twitter_misc":{"Written by":"dmcsrbija.com@gmail.com","Estimated reading time":"3 minutes"},"schema":{"@context":"https:\/\/schema.org","@graph":[{"@type":"Article","@id":"https:\/\/dmcsrb.com\/svijet\/sastanak-na-floridi-tramp-i-zelenski-o-mirovnom-planu-putin-ako-kijev-nece-mirnim-putem-rijesicemo-oruzanim\/#article","isPartOf":{"@id":"https:\/\/dmcsrb.com\/svijet\/sastanak-na-floridi-tramp-i-zelenski-o-mirovnom-planu-putin-ako-kijev-nece-mirnim-putem-rijesicemo-oruzanim\/"},"author":{"name":"dmcsrbija.com@gmail.com","@id":"https:\/\/dmcsrb.com\/#\/schema\/person\/5c39170f12db1b8b457732d0b5c854e2"},"headline":"Sastanak na Floridi \u2013 Tramp i Zelenski o mirovnom planu; Putin: Ako Kijev ne\u0107e mirnim putem, rije\u0161i\u0107emo oru\u017eanim","datePublished":"2025-12-28T08:21:00+00:00","mainEntityOfPage":{"@id":"https:\/\/dmcsrb.com\/svijet\/sastanak-na-floridi-tramp-i-zelenski-o-mirovnom-planu-putin-ako-kijev-nece-mirnim-putem-rijesicemo-oruzanim\/"},"wordCount":584,"commentCount":0,"image":{"@id":"https:\/\/dmcsrb.com\/svijet\/sastanak-na-floridi-tramp-i-zelenski-o-mirovnom-planu-putin-ako-kijev-nece-mirnim-putem-rijesicemo-oruzanim\/#primaryimage"},"thumbnailUrl":"https:\/\/dmcsrb.com\/wp-content\/uploads\/2026\/01\/Tramp-i-Zelenski.jpg","keywords":["florida","Tramp","Zelenski"],"articleSection":["Svijet"],"inLanguage":"en-GB","potentialAction":[{"@type":"CommentAction","name":"Comment","target":["https:\/\/dmcsrb.com\/svijet\/sastanak-na-floridi-tramp-i-zelenski-o-mirovnom-planu-putin-ako-kijev-nece-mirnim-putem-rijesicemo-oruzanim\/#respond"]}]},{"@type":"WebPage","@id":"https:\/\/dmcsrb.com\/svijet\/sastanak-na-floridi-tramp-i-zelenski-o-mirovnom-planu-putin-ako-kijev-nece-mirnim-putem-rijesicemo-oruzanim\/","url":"https:\/\/dmcsrb.com\/svijet\/sastanak-na-floridi-tramp-i-zelenski-o-mirovnom-planu-putin-ako-kijev-nece-mirnim-putem-rijesicemo-oruzanim\/","name":"Sastanak na Floridi \u2013 Tramp i Zelenski o mirovnom planu; Putin: Ako Kijev ne\u0107e mirnim putem, rije\u0161i\u0107emo oru\u017eanim - dmcsrb.com","isPartOf":{"@id":"https:\/\/dmcsrb.com\/#website"},"primaryImageOfPage":{"@id":"https:\/\/dmcsrb.com\/svijet\/sastanak-na-floridi-tramp-i-zelenski-o-mirovnom-planu-putin-ako-kijev-nece-mirnim-putem-rijesicemo-oruzanim\/#primaryimage"},"image":{"@id":"https:\/\/dmcsrb.com\/svijet\/sastanak-na-floridi-tramp-i-zelenski-o-mirovnom-planu-putin-ako-kijev-nece-mirnim-putem-rijesicemo-oruzanim\/#primaryimage"},"thumbnailUrl":"https:\/\/dmcsrb.com\/wp-content\/uploads\/2026\/01\/Tramp-i-Zelenski.jpg","datePublished":"2025-12-28T08:21:00+00:00","author":{"@id":"https:\/\/dmcsrb.com\/#\/schema\/person\/5c39170f12db1b8b457732d0b5c854e2"},"breadcrumb":{"@id":"https:\/\/dmcsrb.com\/svijet\/sastanak-na-floridi-tramp-i-zelenski-o-mirovnom-planu-putin-ako-kijev-nece-mirnim-putem-rijesicemo-oruzanim\/#breadcrumb"},"inLanguage":"en-GB","potentialAction":[{"@type":"ReadAction","target":["https:\/\/dmcsrb.com\/svijet\/sastanak-na-floridi-tramp-i-zelenski-o-mirovnom-planu-putin-ako-kijev-nece-mirnim-putem-rijesicemo-oruzanim\/"]}]},{"@type":"ImageObject","inLanguage":"en-GB","@id":"https:\/\/dmcsrb.com\/svijet\/sastanak-na-floridi-tramp-i-zelenski-o-mirovnom-planu-putin-ako-kijev-nece-mirnim-putem-rijesicemo-oruzanim\/#primaryimage","url":"https:\/\/dmcsrb.com\/wp-content\/uploads\/2026\/01\/Tramp-i-Zelenski.jpg","contentUrl":"https:\/\/dmcsrb.com\/wp-content\/uploads\/2026\/01\/Tramp-i-Zelenski.jpg","width":1536,"height":1024},{"@type":"BreadcrumbList","@id":"https:\/\/dmcsrb.com\/svijet\/sastanak-na-floridi-tramp-i-zelenski-o-mirovnom-planu-putin-ako-kijev-nece-mirnim-putem-rijesicemo-oruzanim\/#breadcrumb","itemListElement":[{"@type":"ListItem","position":1,"name":"Home","item":"https:\/\/dmcsrb.com\/"},{"@type":"ListItem","position":2,"name":"Sastanak na Floridi \u2013 Tramp i Zelenski o mirovnom planu; Putin: Ako Kijev ne\u0107e mirnim putem, rije\u0161i\u0107emo oru\u017eanim"}]},{"@type":"WebSite","@id":"https:\/\/dmcsrb.com\/#website","url":"https:\/\/dmcsrb.com\/","name":"dmcsrb.com","description":"","potentialAction":[{"@type":"SearchAction","target":{"@type":"EntryPoint","urlTemplate":"https:\/\/dmcsrb.com\/?s={search_term_string}"},"query-input":{"@type":"PropertyValueSpecification","valueRequired":true,"valueName":"search_term_string"}}],"inLanguage":"en-GB"},{"@type":"Person","@id":"https:\/\/dmcsrb.com\/#\/schema\/person\/5c39170f12db1b8b457732d0b5c854e2","name":"dmcsrbija.com@gmail.com","image":{"@type":"ImageObject","inLanguage":"en-GB","@id":"https:\/\/secure.gravatar.com\/avatar\/68592660ad6347fad0fb587f8d5d8f1a7b44961362f56e4f2cd524feb87e9069?s=96&d=mm&r=g","url":"https:\/\/secure.gravatar.com\/avatar\/68592660ad6347fad0fb587f8d5d8f1a7b44961362f56e4f2cd524feb87e9069?s=96&d=mm&r=g","contentUrl":"https:\/\/secure.gravatar.com\/avatar\/68592660ad6347fad0fb587f8d5d8f1a7b44961362f56e4f2cd524feb87e9069?s=96&d=mm&r=g","caption":"dmcsrbija.com@gmail.com"},"sameAs":["https:\/\/dmcsrb.com"],"url":"https:\/\/dmcsrb.com\/en\/author\/dmcsrbija-comgmail-com\/"}]}},"_links":{"self":[{"href":"https:\/\/dmcsrb.com\/en\/wp-json\/wp\/v2\/posts\/916208","targetHints":{"allow":["GET"]}}],"collection":[{"href":"https:\/\/dmcsrb.com\/en\/wp-json\/wp\/v2\/posts"}],"about":[{"href":"https:\/\/dmcsrb.com\/en\/wp-json\/wp\/v2\/types\/post"}],"author":[{"embeddable":true,"href":"https:\/\/dmcsrb.com\/en\/wp-json\/wp\/v2\/users\/1"}],"replies":[{"embeddable":true,"href":"https:\/\/dmcsrb.com\/en\/wp-json\/wp\/v2\/comments?post=916208"}],"version-history":[{"count":0,"href":"https:\/\/dmcsrb.com\/en\/wp-json\/wp\/v2\/posts\/916208\/revisions"}],"wp:featuredmedia":[{"embeddable":true,"href":"https:\/\/dmcsrb.com\/en\/wp-json\/wp\/v2\/media\/916209"}],"wp:attachment":[{"href":"https:\/\/dmcsrb.com\/en\/wp-json\/wp\/v2\/media?parent=916208"}],"wp:term":[{"taxonomy":"category","embeddable":true,"href":"https:\/\/dmcsrb.com\/en\/wp-json\/wp\/v2\/categories?post=916208"},{"taxonomy":"post_tag","embeddable":true,"href":"https:\/\/dmcsrb.com\/en\/wp-json\/wp\/v2\/tags?post=916208"},{"taxonomy":"naslovna","embeddable":true,"href":"https:\/\/dmcsrb.com\/en\/wp-json\/wp\/v2\/naslovna?post=916208"}],"curies":[{"name":"wp","href":"https:\/\/api.w.org\/{rel}","templated":true}]}}