{"id":916205,"date":"2025-12-28T07:41:00","date_gmt":"2025-12-28T06:41:00","guid":{"rendered":"https:\/\/dmcsrb.com\/uncategorized\/lakovic-ako-neko-u-vlasti-podriva-drzavne-ciljeve-treba-vise-da-saradjujemo-s-opozicijom\/"},"modified":"2025-12-28T07:41:00","modified_gmt":"2025-12-28T06:41:00","slug":"lakovic-ako-neko-u-vlasti-podriva-drzavne-ciljeve-treba-vise-da-saradjujemo-s-opozicijom","status":"publish","type":"post","link":"https:\/\/dmcsrb.com\/en\/politika\/lakovic-ako-neko-u-vlasti-podriva-drzavne-ciljeve-treba-vise-da-saradjujemo-s-opozicijom\/","title":{"rendered":"Lakovi\u0107: Ako neko u vlasti podriva dr\u017eavne ciljeve, treba vi\u0161e da sara\u0111ujemo s opozicijom"},"content":{"rendered":"<h1 class=\"wp-block-heading\"><\/h1>\n\n\n\n<p><\/p>\n\n\n\n<p><\/p>\n\n\n\n<p>On je kazao da se zemlja nalazi u previ\u0161e va\u017enom trenutku u kontekstu finalizacije pregovara\u010dkog procesa, te da je neke druge stvari potrebno ostaviti po strani.<\/p>\n\n\n\n<p>\u201cAko u okviru vlasti imamo aktivnosti koje podrivaju postizanje strate\u0161kih dr\u017eavnih ciljeva, onda treba vi\u0161e da sara\u0111ujemo sa opozicijom, to je moj stav\u201d, poru\u010duje Lakovi\u0107.<\/p>\n\n\n\n<p>Naro\u010dito je, kako ka\u017ee, to va\u017eno kada su u pitanju imenovanja, poput onih koja se ti\u010du kompletiranja Ustavnog suda.<\/p>\n\n\n\n<p>Lakovi\u0107 ka\u017ee da je va\u017eno ko \u0107e biti vlast nakon 2027. i sa kojom \u0107e dr\u017eavnom politikom Crna Gora u\u0107i u EU. Ipak, napominje da je trenutni fokus na EU agendi, a ne na konfiguraciji 45. vlade.<\/p>\n\n\n\n<p>Poslanik PES-a nije saglasan sa ocjenom da rejting partije bilje\u017ei negativne trendove, ali ipak priznaje da \u201eponekad trpe politi\u010dku \u0161tetu zbog pona\u0161anja koalicionih partnera\u201c.<\/p>\n\n\n\n<p><strong>Jedan od najve\u0107ih problema u dr\u017eavi trenutno jeste pitanje izgradnje postrojenja za pre\u010di\u0161\u0107avanje otpadnih voda u Botunu. Smatrate li da se moglo pametnije i vje\u0161tije komunicirati kako se ne bi ostavilo prostora da se desi da mje\u0161tani na manipulativan na\u010din budu iskori\u0161\u0107eni kako bi se zako\u010dio veoma bitan projekat za dr\u017eavu i njen put ka EU?<\/strong><\/p>\n\n\n\n<p><strong>LAKOVI\u0106:<\/strong> Projekat traje godinama i sigurno se moglo kvalitetnije raditi na njegovoj promociji i interakciji sa gra\u0111anima Botuna i Zete. Ali da se ne vra\u0107amo predaleko unazad, gradona\u010delnik Mujovi\u0107 je, sa svojim timom, ulo\u017eio maksimalne napore da javnosti predstavi benefite projekta i odagna sve dileme i sumnje. Njegova argumentacija je potpuno utemeljena u struci i nauci i te\u0161ko joj je kontrirati egzaktnim podacima. Me\u0111utim, kad se u temu umije\u0161a politika i politi\u010dki interesi, ona je \u010desto glasnija od nauke.<\/p>\n\n\n\n<p><strong>Predvodnik protesta je partner va\u0161e partije u vlasti, lider DNP-a Milan Kne\u017eevi\u0107. Da li je to za imid\u017e PES-a dobro, i kakvu poruku \u0161aljete kao stranka koja koalira sa osobom koja svjesno podriva evropski put zemlje, a upitno je i za \u010dije interese to radi?<\/strong><\/p>\n\n\n\n<p><strong>LAKOVI\u0106:<\/strong> Da budemo fer, nije Kne\u017eevi\u0107 jedini politi\u010dar iz vlasti koji se protivi izgradnji postrojenja, ali jeste najglasniji i sa najvi\u0161e uticaja na lokalnu zajednicu. Ova \u010dinjenica svakako komplikuje koalicione odnose. Ja sam vi\u0161e puta ponavljao da, pozivaju\u0107i se na koalicioni sporazum, ako kao koalicija vi\u0161e nemamo zajedni\u010dke prioritete koje smo njime definisali, svaki subjekat treba da preispita svoju poziciju u Vladi i parlamentarnoj ve\u0107ini.<\/p>\n\n\n\n<p>Do kada \u0107e PES biti tolerantan na opstrukcije, vidje\u0107emo. To \u0107e svakako odlu\u010diti organi Pokreta. Moje mi\u0161ljenje je da je pred nama period dono\u0161enja va\u017enih odluka u tom smislu.<\/p>\n\n\n\n<p><strong>Zadr\u017eimo se na imid\u017eu PES-a. Izbori u Nik\u0161i\u0107u, ali i neka vrlo relevantna istra\u017eivanja ukazali su na trend pada rejtinga partije. Ipak, djeluje da se u PES-u vrlo svjesno \u017emuri na to, dok istovremeno lider Skup\u0161tine, a po mnogima i lider parlamentarne ve\u0107ine, Andrija Mandi\u0107 \u0161alje poruku da ne vjerujete isra\u017eivanjima, te da je PES najja\u010da partija a ne bilo ko drugi. Da li slijeganje ramenima na ovakve stvari dovodi do daljeg uru\u0161avanja?<\/strong><\/p>\n\n\n\n<p><strong>LAKOVI\u0106:<\/strong> Ova koalicija nema lidera, ve\u0107 se svako kre\u0107e u granicama svojih zakonskih ovla\u0161\u0107enja. U skladu s tim, najva\u017enija figura u koaliciji jeste premijer, ali su dr\u017eavne politike plod dogovora svih koalicionih partnera, \u0161to je nekad vrlo te\u0161ko i komplikovano posti\u0107i, s obzirom na broj konstituenata i heterogenost njihovih politi\u010dkih orijentacija. Ne bih rekao da istra\u017eivanja pokazuju pad rejtinga PES-a, ali smatram da PES ponekad trpi politi\u010dku \u0161tetu zbog pona\u0161anja koalicionih partnera radi vi\u0161eg cilja i specifi\u010dnog istorijskog trenutka u kojem se Crna Gora nalazi.<\/p>\n\n\n\n<p><strong>Na Me\u0111uvladinoj konferenciji uspjeli smo zatvoriti pet poglavlja i time zaklju\u010diti relativno uspje\u0161nu godinu na putu ka EU. Kako vidite reakciju predsjednika dr\u017eave nakon svega i smatrate li, u ovako va\u017enom trenutku, suvi\u0161nim poruke o tome ko je \u201epokupio kajmak\u201c a ko je zaslu\u017ean za zatvaranje poglavlja?<\/strong><\/p>\n\n\n\n<p><strong>LAKOVI\u0106:<\/strong> Generalno se treba izdi\u0107i iznad poriva za samopromocijom, previ\u0161e je ovaj proces va\u017ean za Crnu Goru da bismo se u ovom trenutku bavili bilo kakvim partikularnim politi\u010dim interesima.<\/p>\n\n\n\n<p><strong>Predstoji nam klju\u010dna godina na putu ka EU, a usljed raznih problema od kolektora pa do propu\u0161tenih \u0161ansi za imenovanja u klju\u010dnim institucijama, situacija se svakodnevno uslo\u017enjava. Imamo i forsiranje identitetskih tema sa najvi\u0161ih adresa, pa predsjednik Skup\u0161tine najavljuje izmjene Ustava u dijelu srpskog jezika, ali i jo\u0161 nekih elemenata koje, kako on ka\u017ee, treba upodobiti. Mislite li da je to kamen spoticanja na na\u0161em evropskom putu, u kombinaciji sa \u010dinjenicom da Mandi\u0107 targetira bira\u010dko tijelo i polako ulazi u kampanju za izbore 2027?<\/strong><\/p>\n\n\n\n<p><strong>LAKOVI\u0106:<\/strong> Identitetske teme jesu ne\u0161to \u0161to nas usporava i komplikuje koalicione odnose. Iz tog razloga smo insistirali prilikom izrade koalicionog sporazuma i Barometra 26 da ta pitanja ostavimo po strani, do trenutka kada ispunimo strate\u0161ke ciljeve. Ako u okviru vlasti imamo aktivnosti koje podrivaju postizanje tih strate\u0161kih dr\u017eavnih ciljeva, onda treba vi\u0161e da sara\u0111ujemo sa opozicijom, to je moj stav. Naro\u010dito kada su u pitanju imenovanja, poput onih koja se ti\u010du kompletiranja Ustavnog suda.<\/p>\n\n\n\n<p>Ponavljam, previ\u0161e je va\u017ean trenutak za Crnu Goru da bismo politi\u010dki profitirali na na\u0161im tradicionalnim podjelama i tolerisali partikularne politi\u010dke interese u susret izborima 2027.<\/p>\n\n\n\n<p><strong>Vjerujete li da \u0107e i nakon izbora 2027. PES dati premijera, kao \u0161to se moglo \u010duti od Va\u0161ih partijskih kolega, i da li mislite da \u0107e u formiranju 45. vlade u\u010destvovati i neke nove partije, za koje se spekuli\u0161e da su u nastanku?<\/strong><\/p>\n\n\n\n<p><strong>LAKOVI\u0106:<\/strong> \u010ceka nas mnogo va\u017ean posao na zatvaranju pregovara\u010dkih poglavlja 2026. i \u010dini mi se da se zbog toga u PES-u jo\u0161 ne razmi\u0161lja o konfiguraciji vlade nakon narednih izbora, iako nije neva\u017ena tema. Jeste va\u017eno sa kojom dr\u017eavnom politikom \u0107e Crna Gora postati punopravna \u010dlanica EU.<\/p>\n\n\n\n<p><strong>Kako komentari\u0161ete bezbjednosnu situaciju u zemlji nakon niza nerije\u0161enih ubistava u 2025. godini, ali i posljednjih doga\u0111aja koji su duboko uznemirili javnost, kada smo u svega nekoliko dana imali pucnjave \u0161irom zemlje? Smatrate li da je neko u bezbjednosnom sektoru trebalo da snosi odgovornost nakon svega \u0161to se desilo u godini za nama, po\u010dev\u0161i od Cetinja?<\/strong><\/p>\n\n\n\n<p><strong>LAKOVI\u0106:<\/strong> Bezbjednosna situacija je stabilna i pored brojnih izazova sa kojima se sektor bezbjednosti suo\u010dava. Vidimo prisutnost i aktivnosti struktura organizovanog kriminala, koje nerijetko za posljedicu imaju obra\u010dune vatrenim oru\u017ejem i ubistva. Uprava policije je u prethodnih godinu dana ipak postigla neke zna\u010dajne rezultate na rasvjetljavanju ubistava.<\/p>\n\n\n\n<p>\u0160to se ti\u010de tragi\u010dnih doga\u0111aja na Cetinju, razmatrali smo na Odboru za bezbjednost i odbranu sve aspekte ovih slu\u010dajeva. Podsje\u0107am da nakon prvog tragi\u010dnog doga\u0111aja kao Odbor nijesmo prihvatili izvje\u0161taj tada\u0161njeg direktora UP, \u0161to je bio zakonski osnov za njegovu smjenu. Nakon drugog tragi\u010dnog doga\u0111aja nijesmo imali takav stav iz dva razloga: jer je utisak bio da je policija postupila br\u017ee i efikasnije, a v. d. direktora je u tom trenutku na funkciji bio 15 dana.<\/p>","protected":false},"excerpt":{"rendered":"<p>Identitetske teme usporavaju put Crne Gore ka \u010dlanstvu u Evropskoj uniji, ali i dodatno komplikuju koalicione odnose, poru\u010dio je u intervjuu za Pobjedu poslanik Pokreta Evropa sad i predsjednik skup\u0161tinskog odbora za bezbjednost i odbranu Miodrag Lakovi\u0107.<\/p>","protected":false},"author":1,"featured_media":916206,"comment_status":"open","ping_status":"open","sticky":false,"template":"","format":"standard","meta":{"_acf_changed":false,"footnotes":""},"categories":[12],"tags":[10,4816,4817,1164],"naslovna":[],"class_list":["post-916205","post","type-post","status-publish","format-standard","has-post-thumbnail","hentry","category-politika","tag-eu","tag-identitetske-teme","tag-miodrag-lakovic","tag-opozicija"],"acf":[],"yoast_head":"<!-- This site is optimized with the Yoast SEO plugin v27.0 - https:\/\/yoast.com\/product\/yoast-seo-wordpress\/ -->\n<title>Lakovi\u0107: Ako neko u vlasti podriva dr\u017eavne ciljeve, treba vi\u0161e da sara\u0111ujemo s opozicijom - dmcsrb.com<\/title>\n<meta name=\"robots\" content=\"index, follow, max-snippet:-1, max-image-preview:large, max-video-preview:-1\" \/>\n<link rel=\"canonical\" href=\"https:\/\/dmcsrb.com\/en\/politika\/lakovic-ako-neko-u-vlasti-podriva-drzavne-ciljeve-treba-vise-da-saradjujemo-s-opozicijom\/\" \/>\n<meta property=\"og:locale\" content=\"en_GB\" \/>\n<meta property=\"og:type\" content=\"article\" \/>\n<meta property=\"og:title\" content=\"Lakovi\u0107: Ako neko u vlasti podriva dr\u017eavne ciljeve, treba vi\u0161e da sara\u0111ujemo s opozicijom - dmcsrb.com\" \/>\n<meta property=\"og:description\" content=\"Identitetske teme usporavaju put Crne Gore ka \u010dlanstvu u Evropskoj uniji, ali i dodatno komplikuju koalicione odnose, poru\u010dio je u intervjuu za Pobjedu poslanik Pokreta Evropa sad i predsjednik skup\u0161tinskog odbora za bezbjednost i odbranu Miodrag Lakovi\u0107.\" \/>\n<meta property=\"og:url\" content=\"https:\/\/dmcsrb.com\/en\/politika\/lakovic-ako-neko-u-vlasti-podriva-drzavne-ciljeve-treba-vise-da-saradjujemo-s-opozicijom\/\" \/>\n<meta property=\"og:site_name\" content=\"dmcsrb.com\" \/>\n<meta property=\"article:published_time\" content=\"2025-12-28T06:41:00+00:00\" \/>\n<meta property=\"og:image\" content=\"https:\/\/dmcsrb.com\/wp-content\/uploads\/2026\/01\/Miodrag-Lakovic-foto-skupstina-me.jpg\" \/>\n\t<meta property=\"og:image:width\" content=\"933\" \/>\n\t<meta property=\"og:image:height\" content=\"608\" \/>\n\t<meta property=\"og:image:type\" content=\"image\/jpeg\" \/>\n<meta name=\"author\" content=\"dmcsrbija.com@gmail.com\" \/>\n<meta name=\"twitter:card\" content=\"summary_large_image\" \/>\n<meta name=\"twitter:label1\" content=\"Written by\" \/>\n\t<meta name=\"twitter:data1\" content=\"dmcsrbija.com@gmail.com\" \/>\n\t<meta name=\"twitter:label2\" content=\"Estimated reading time\" \/>\n\t<meta name=\"twitter:data2\" content=\"6 minutes\" \/>\n<script type=\"application\/ld+json\" class=\"yoast-schema-graph\">{\"@context\":\"https:\/\/schema.org\",\"@graph\":[{\"@type\":\"Article\",\"@id\":\"https:\/\/dmcsrb.com\/politika\/lakovic-ako-neko-u-vlasti-podriva-drzavne-ciljeve-treba-vise-da-saradjujemo-s-opozicijom\/#article\",\"isPartOf\":{\"@id\":\"https:\/\/dmcsrb.com\/politika\/lakovic-ako-neko-u-vlasti-podriva-drzavne-ciljeve-treba-vise-da-saradjujemo-s-opozicijom\/\"},\"author\":{\"name\":\"dmcsrbija.com@gmail.com\",\"@id\":\"https:\/\/dmcsrb.com\/#\/schema\/person\/5c39170f12db1b8b457732d0b5c854e2\"},\"headline\":\"Lakovi\u0107: Ako neko u vlasti podriva dr\u017eavne ciljeve, treba vi\u0161e da sara\u0111ujemo s opozicijom\",\"datePublished\":\"2025-12-28T06:41:00+00:00\",\"mainEntityOfPage\":{\"@id\":\"https:\/\/dmcsrb.com\/politika\/lakovic-ako-neko-u-vlasti-podriva-drzavne-ciljeve-treba-vise-da-saradjujemo-s-opozicijom\/\"},\"wordCount\":1235,\"commentCount\":0,\"image\":{\"@id\":\"https:\/\/dmcsrb.com\/politika\/lakovic-ako-neko-u-vlasti-podriva-drzavne-ciljeve-treba-vise-da-saradjujemo-s-opozicijom\/#primaryimage\"},\"thumbnailUrl\":\"https:\/\/dmcsrb.com\/wp-content\/uploads\/2026\/01\/Miodrag-Lakovic-foto-skupstina-me.jpg\",\"keywords\":[\"EU\",\"identitetske teme\",\"Miodrag Lakovi\u0107\",\"opozicija\"],\"articleSection\":[\"Politika\"],\"inLanguage\":\"en-GB\",\"potentialAction\":[{\"@type\":\"CommentAction\",\"name\":\"Comment\",\"target\":[\"https:\/\/dmcsrb.com\/politika\/lakovic-ako-neko-u-vlasti-podriva-drzavne-ciljeve-treba-vise-da-saradjujemo-s-opozicijom\/#respond\"]}]},{\"@type\":\"WebPage\",\"@id\":\"https:\/\/dmcsrb.com\/politika\/lakovic-ako-neko-u-vlasti-podriva-drzavne-ciljeve-treba-vise-da-saradjujemo-s-opozicijom\/\",\"url\":\"https:\/\/dmcsrb.com\/politika\/lakovic-ako-neko-u-vlasti-podriva-drzavne-ciljeve-treba-vise-da-saradjujemo-s-opozicijom\/\",\"name\":\"Lakovi\u0107: Ako neko u vlasti podriva dr\u017eavne ciljeve, treba vi\u0161e da sara\u0111ujemo s opozicijom - dmcsrb.com\",\"isPartOf\":{\"@id\":\"https:\/\/dmcsrb.com\/#website\"},\"primaryImageOfPage\":{\"@id\":\"https:\/\/dmcsrb.com\/politika\/lakovic-ako-neko-u-vlasti-podriva-drzavne-ciljeve-treba-vise-da-saradjujemo-s-opozicijom\/#primaryimage\"},\"image\":{\"@id\":\"https:\/\/dmcsrb.com\/politika\/lakovic-ako-neko-u-vlasti-podriva-drzavne-ciljeve-treba-vise-da-saradjujemo-s-opozicijom\/#primaryimage\"},\"thumbnailUrl\":\"https:\/\/dmcsrb.com\/wp-content\/uploads\/2026\/01\/Miodrag-Lakovic-foto-skupstina-me.jpg\",\"datePublished\":\"2025-12-28T06:41:00+00:00\",\"author\":{\"@id\":\"https:\/\/dmcsrb.com\/#\/schema\/person\/5c39170f12db1b8b457732d0b5c854e2\"},\"breadcrumb\":{\"@id\":\"https:\/\/dmcsrb.com\/politika\/lakovic-ako-neko-u-vlasti-podriva-drzavne-ciljeve-treba-vise-da-saradjujemo-s-opozicijom\/#breadcrumb\"},\"inLanguage\":\"en-GB\",\"potentialAction\":[{\"@type\":\"ReadAction\",\"target\":[\"https:\/\/dmcsrb.com\/politika\/lakovic-ako-neko-u-vlasti-podriva-drzavne-ciljeve-treba-vise-da-saradjujemo-s-opozicijom\/\"]}]},{\"@type\":\"ImageObject\",\"inLanguage\":\"en-GB\",\"@id\":\"https:\/\/dmcsrb.com\/politika\/lakovic-ako-neko-u-vlasti-podriva-drzavne-ciljeve-treba-vise-da-saradjujemo-s-opozicijom\/#primaryimage\",\"url\":\"https:\/\/dmcsrb.com\/wp-content\/uploads\/2026\/01\/Miodrag-Lakovic-foto-skupstina-me.jpg\",\"contentUrl\":\"https:\/\/dmcsrb.com\/wp-content\/uploads\/2026\/01\/Miodrag-Lakovic-foto-skupstina-me.jpg\",\"width\":933,\"height\":608},{\"@type\":\"BreadcrumbList\",\"@id\":\"https:\/\/dmcsrb.com\/politika\/lakovic-ako-neko-u-vlasti-podriva-drzavne-ciljeve-treba-vise-da-saradjujemo-s-opozicijom\/#breadcrumb\",\"itemListElement\":[{\"@type\":\"ListItem\",\"position\":1,\"name\":\"Home\",\"item\":\"https:\/\/dmcsrb.com\/\"},{\"@type\":\"ListItem\",\"position\":2,\"name\":\"Lakovi\u0107: Ako neko u vlasti podriva dr\u017eavne ciljeve, treba vi\u0161e da sara\u0111ujemo s opozicijom\"}]},{\"@type\":\"WebSite\",\"@id\":\"https:\/\/dmcsrb.com\/#website\",\"url\":\"https:\/\/dmcsrb.com\/\",\"name\":\"dmcsrb.com\",\"description\":\"\",\"potentialAction\":[{\"@type\":\"SearchAction\",\"target\":{\"@type\":\"EntryPoint\",\"urlTemplate\":\"https:\/\/dmcsrb.com\/?s={search_term_string}\"},\"query-input\":{\"@type\":\"PropertyValueSpecification\",\"valueRequired\":true,\"valueName\":\"search_term_string\"}}],\"inLanguage\":\"en-GB\"},{\"@type\":\"Person\",\"@id\":\"https:\/\/dmcsrb.com\/#\/schema\/person\/5c39170f12db1b8b457732d0b5c854e2\",\"name\":\"dmcsrbija.com@gmail.com\",\"image\":{\"@type\":\"ImageObject\",\"inLanguage\":\"en-GB\",\"@id\":\"https:\/\/dmcsrb.com\/#\/schema\/person\/image\/\",\"url\":\"https:\/\/secure.gravatar.com\/avatar\/68592660ad6347fad0fb587f8d5d8f1a7b44961362f56e4f2cd524feb87e9069?s=96&d=mm&r=g\",\"contentUrl\":\"https:\/\/secure.gravatar.com\/avatar\/68592660ad6347fad0fb587f8d5d8f1a7b44961362f56e4f2cd524feb87e9069?s=96&d=mm&r=g\",\"caption\":\"dmcsrbija.com@gmail.com\"},\"sameAs\":[\"https:\/\/dmcsrb.com\"],\"url\":\"https:\/\/dmcsrb.com\/en\/author\/dmcsrbija-comgmail-com\/\"}]}<\/script>\n<!-- \/ Yoast SEO plugin. -->","yoast_head_json":{"title":"Lakovi\u0107: Ako neko u vlasti podriva dr\u017eavne ciljeve, treba vi\u0161e da sara\u0111ujemo s opozicijom - dmcsrb.com","robots":{"index":"index","follow":"follow","max-snippet":"max-snippet:-1","max-image-preview":"max-image-preview:large","max-video-preview":"max-video-preview:-1"},"canonical":"https:\/\/dmcsrb.com\/en\/politika\/lakovic-ako-neko-u-vlasti-podriva-drzavne-ciljeve-treba-vise-da-saradjujemo-s-opozicijom\/","og_locale":"en_GB","og_type":"article","og_title":"Lakovi\u0107: Ako neko u vlasti podriva dr\u017eavne ciljeve, treba vi\u0161e da sara\u0111ujemo s opozicijom - dmcsrb.com","og_description":"Identitetske teme usporavaju put Crne Gore ka \u010dlanstvu u Evropskoj uniji, ali i dodatno komplikuju koalicione odnose, poru\u010dio je u intervjuu za Pobjedu poslanik Pokreta Evropa sad i predsjednik skup\u0161tinskog odbora za bezbjednost i odbranu Miodrag Lakovi\u0107.","og_url":"https:\/\/dmcsrb.com\/en\/politika\/lakovic-ako-neko-u-vlasti-podriva-drzavne-ciljeve-treba-vise-da-saradjujemo-s-opozicijom\/","og_site_name":"dmcsrb.com","article_published_time":"2025-12-28T06:41:00+00:00","og_image":[{"width":933,"height":608,"url":"https:\/\/dmcsrb.com\/wp-content\/uploads\/2026\/01\/Miodrag-Lakovic-foto-skupstina-me.jpg","type":"image\/jpeg"}],"author":"dmcsrbija.com@gmail.com","twitter_card":"summary_large_image","twitter_misc":{"Written by":"dmcsrbija.com@gmail.com","Estimated reading time":"6 minutes"},"schema":{"@context":"https:\/\/schema.org","@graph":[{"@type":"Article","@id":"https:\/\/dmcsrb.com\/politika\/lakovic-ako-neko-u-vlasti-podriva-drzavne-ciljeve-treba-vise-da-saradjujemo-s-opozicijom\/#article","isPartOf":{"@id":"https:\/\/dmcsrb.com\/politika\/lakovic-ako-neko-u-vlasti-podriva-drzavne-ciljeve-treba-vise-da-saradjujemo-s-opozicijom\/"},"author":{"name":"dmcsrbija.com@gmail.com","@id":"https:\/\/dmcsrb.com\/#\/schema\/person\/5c39170f12db1b8b457732d0b5c854e2"},"headline":"Lakovi\u0107: Ako neko u vlasti podriva dr\u017eavne ciljeve, treba vi\u0161e da sara\u0111ujemo s opozicijom","datePublished":"2025-12-28T06:41:00+00:00","mainEntityOfPage":{"@id":"https:\/\/dmcsrb.com\/politika\/lakovic-ako-neko-u-vlasti-podriva-drzavne-ciljeve-treba-vise-da-saradjujemo-s-opozicijom\/"},"wordCount":1235,"commentCount":0,"image":{"@id":"https:\/\/dmcsrb.com\/politika\/lakovic-ako-neko-u-vlasti-podriva-drzavne-ciljeve-treba-vise-da-saradjujemo-s-opozicijom\/#primaryimage"},"thumbnailUrl":"https:\/\/dmcsrb.com\/wp-content\/uploads\/2026\/01\/Miodrag-Lakovic-foto-skupstina-me.jpg","keywords":["EU","identitetske teme","Miodrag Lakovi\u0107","opozicija"],"articleSection":["Politika"],"inLanguage":"en-GB","potentialAction":[{"@type":"CommentAction","name":"Comment","target":["https:\/\/dmcsrb.com\/politika\/lakovic-ako-neko-u-vlasti-podriva-drzavne-ciljeve-treba-vise-da-saradjujemo-s-opozicijom\/#respond"]}]},{"@type":"WebPage","@id":"https:\/\/dmcsrb.com\/politika\/lakovic-ako-neko-u-vlasti-podriva-drzavne-ciljeve-treba-vise-da-saradjujemo-s-opozicijom\/","url":"https:\/\/dmcsrb.com\/politika\/lakovic-ako-neko-u-vlasti-podriva-drzavne-ciljeve-treba-vise-da-saradjujemo-s-opozicijom\/","name":"Lakovi\u0107: Ako neko u vlasti podriva dr\u017eavne ciljeve, treba vi\u0161e da sara\u0111ujemo s opozicijom - dmcsrb.com","isPartOf":{"@id":"https:\/\/dmcsrb.com\/#website"},"primaryImageOfPage":{"@id":"https:\/\/dmcsrb.com\/politika\/lakovic-ako-neko-u-vlasti-podriva-drzavne-ciljeve-treba-vise-da-saradjujemo-s-opozicijom\/#primaryimage"},"image":{"@id":"https:\/\/dmcsrb.com\/politika\/lakovic-ako-neko-u-vlasti-podriva-drzavne-ciljeve-treba-vise-da-saradjujemo-s-opozicijom\/#primaryimage"},"thumbnailUrl":"https:\/\/dmcsrb.com\/wp-content\/uploads\/2026\/01\/Miodrag-Lakovic-foto-skupstina-me.jpg","datePublished":"2025-12-28T06:41:00+00:00","author":{"@id":"https:\/\/dmcsrb.com\/#\/schema\/person\/5c39170f12db1b8b457732d0b5c854e2"},"breadcrumb":{"@id":"https:\/\/dmcsrb.com\/politika\/lakovic-ako-neko-u-vlasti-podriva-drzavne-ciljeve-treba-vise-da-saradjujemo-s-opozicijom\/#breadcrumb"},"inLanguage":"en-GB","potentialAction":[{"@type":"ReadAction","target":["https:\/\/dmcsrb.com\/politika\/lakovic-ako-neko-u-vlasti-podriva-drzavne-ciljeve-treba-vise-da-saradjujemo-s-opozicijom\/"]}]},{"@type":"ImageObject","inLanguage":"en-GB","@id":"https:\/\/dmcsrb.com\/politika\/lakovic-ako-neko-u-vlasti-podriva-drzavne-ciljeve-treba-vise-da-saradjujemo-s-opozicijom\/#primaryimage","url":"https:\/\/dmcsrb.com\/wp-content\/uploads\/2026\/01\/Miodrag-Lakovic-foto-skupstina-me.jpg","contentUrl":"https:\/\/dmcsrb.com\/wp-content\/uploads\/2026\/01\/Miodrag-Lakovic-foto-skupstina-me.jpg","width":933,"height":608},{"@type":"BreadcrumbList","@id":"https:\/\/dmcsrb.com\/politika\/lakovic-ako-neko-u-vlasti-podriva-drzavne-ciljeve-treba-vise-da-saradjujemo-s-opozicijom\/#breadcrumb","itemListElement":[{"@type":"ListItem","position":1,"name":"Home","item":"https:\/\/dmcsrb.com\/"},{"@type":"ListItem","position":2,"name":"Lakovi\u0107: Ako neko u vlasti podriva dr\u017eavne ciljeve, treba vi\u0161e da sara\u0111ujemo s opozicijom"}]},{"@type":"WebSite","@id":"https:\/\/dmcsrb.com\/#website","url":"https:\/\/dmcsrb.com\/","name":"dmcsrb.com","description":"","potentialAction":[{"@type":"SearchAction","target":{"@type":"EntryPoint","urlTemplate":"https:\/\/dmcsrb.com\/?s={search_term_string}"},"query-input":{"@type":"PropertyValueSpecification","valueRequired":true,"valueName":"search_term_string"}}],"inLanguage":"en-GB"},{"@type":"Person","@id":"https:\/\/dmcsrb.com\/#\/schema\/person\/5c39170f12db1b8b457732d0b5c854e2","name":"dmcsrbija.com@gmail.com","image":{"@type":"ImageObject","inLanguage":"en-GB","@id":"https:\/\/dmcsrb.com\/#\/schema\/person\/image\/","url":"https:\/\/secure.gravatar.com\/avatar\/68592660ad6347fad0fb587f8d5d8f1a7b44961362f56e4f2cd524feb87e9069?s=96&d=mm&r=g","contentUrl":"https:\/\/secure.gravatar.com\/avatar\/68592660ad6347fad0fb587f8d5d8f1a7b44961362f56e4f2cd524feb87e9069?s=96&d=mm&r=g","caption":"dmcsrbija.com@gmail.com"},"sameAs":["https:\/\/dmcsrb.com"],"url":"https:\/\/dmcsrb.com\/en\/author\/dmcsrbija-comgmail-com\/"}]}},"_links":{"self":[{"href":"https:\/\/dmcsrb.com\/en\/wp-json\/wp\/v2\/posts\/916205","targetHints":{"allow":["GET"]}}],"collection":[{"href":"https:\/\/dmcsrb.com\/en\/wp-json\/wp\/v2\/posts"}],"about":[{"href":"https:\/\/dmcsrb.com\/en\/wp-json\/wp\/v2\/types\/post"}],"author":[{"embeddable":true,"href":"https:\/\/dmcsrb.com\/en\/wp-json\/wp\/v2\/users\/1"}],"replies":[{"embeddable":true,"href":"https:\/\/dmcsrb.com\/en\/wp-json\/wp\/v2\/comments?post=916205"}],"version-history":[{"count":0,"href":"https:\/\/dmcsrb.com\/en\/wp-json\/wp\/v2\/posts\/916205\/revisions"}],"wp:featuredmedia":[{"embeddable":true,"href":"https:\/\/dmcsrb.com\/en\/wp-json\/wp\/v2\/media\/916206"}],"wp:attachment":[{"href":"https:\/\/dmcsrb.com\/en\/wp-json\/wp\/v2\/media?parent=916205"}],"wp:term":[{"taxonomy":"category","embeddable":true,"href":"https:\/\/dmcsrb.com\/en\/wp-json\/wp\/v2\/categories?post=916205"},{"taxonomy":"post_tag","embeddable":true,"href":"https:\/\/dmcsrb.com\/en\/wp-json\/wp\/v2\/tags?post=916205"},{"taxonomy":"naslovna","embeddable":true,"href":"https:\/\/dmcsrb.com\/en\/wp-json\/wp\/v2\/naslovna?post=916205"}],"curies":[{"name":"wp","href":"https:\/\/api.w.org\/{rel}","templated":true}]}}