{"id":916159,"date":"2025-12-27T18:26:00","date_gmt":"2025-12-27T17:26:00","guid":{"rendered":"https:\/\/dmcsrb.com\/uncategorized\/video-burzanovic-nadamo-se-potpunoj-rekonstrukciji-kako-bi-skoli-vratili-nekadasnji-sjaj\/"},"modified":"2025-12-27T18:26:00","modified_gmt":"2025-12-27T17:26:00","slug":"video-burzanovic-nadamo-se-potpunoj-rekonstrukciji-kako-bi-skoli-vratili-nekadasnji-sjaj","status":"publish","type":"post","link":"https:\/\/dmcsrb.com\/en\/podgorica\/video-burzanovic-nadamo-se-potpunoj-rekonstrukciji-kako-bi-skoli-vratili-nekadasnji-sjaj\/","title":{"rendered":"(VIDEO) Burzanovi\u0107: Nadamo se potpunoj rekonstrukciji kako bi \u0161koli vratili nekada\u0161nji sjaj"},"content":{"rendered":"<p><br><br>Osnovna \u0161kola &#8220;Marko Miljanov&#8221; dobila je bolje uslove za rad i boravak u\u010denika &#8211; renovirane toalete i parking rampu. Ipak, iz uprave \u0161kole poru\u010duju da je potrebna potpuna rekonstrukcija objekta \u0161kole koja je po\u010dela da radi jo\u0161 1968. godine.<br><br>&#8220;Samim tim vidite da je to veliki protok vremena, \u0161kola iziskuje i potrebna joj je obnova, mi se nadamo da \u0107emo u nekom kra\u0107em roku u\u0107i u tu generalnu obnovu gdje bi cijela \u0161kola poprimila drugi karakter i da bi roditelji, nastavnici i djeca prije svega bili jo\u0161 zadovoljniji&#8221;, kazao je direktor \u0161kole Predrag Burzanovi\u0107. <br>Direktor \u0161kole nagla\u0161ava veliku pomo\u0107 Ministarstva prosvjete.<br>&#8220;Koje je zaista prepoznalo i uvijek se odazvalo u tim nekim situacijama kada nam je bilo potrebno i kada su stvari bile urgentne. Zadnje \u0161to je ura\u0111eno, uradili smo kompletnu vertikalu kupatila u iznosu skoro 100. 000 eura&#8221;, kazao je Burzanovi\u0107.<br>Burzanovi\u0107 se nada da \u0107e \u0161kola povratiti nekada\u0161nji sjaj i kada je rije\u010d o broju \u0111aka. <br><br>&#8220;Te da \u0107emo opet biti ona \u0161kola koja je neka bila, kad sam ja bio njen \u0111ak, kada je bilo i do 2000 \u0111aka, koja je bila lu\u010da obrazovanja. Nadam se da \u0107emo biti na tom nivou veoma brzo&#8221;, kazao je Burzanovi\u0107.<br>Iako predstoji jo\u0161 mnogo posla, u \u0161koli &#8220;Marko Miljanov &#8221; se nadaju da \u0107e u narednim godinama dobiti izgled i uslove koje u\u010denici zaslu\u017euju.<\/p>\n\n\n\n<figure class=\"wp-block-embed is-type-video is-provider-youtube wp-block-embed-youtube wp-embed-aspect-16-9 wp-has-aspect-ratio\"><div class=\"wp-block-embed__wrapper\">\n<iframe loading=\"lazy\" title=\"Burzanovi\u0107: Nadamo se potpunoj rekonstrukciji kako bi \u0161koli vratili nekada\u0161nji sjaj\" width=\"500\" height=\"281\" src=\"https:\/\/www.youtube.com\/embed\/nGoFMXkvejw?feature=oembed\" frameborder=\"0\" allow=\"accelerometer; autoplay; clipboard-write; encrypted-media; gyroscope; picture-in-picture; web-share\" referrerpolicy=\"strict-origin-when-cross-origin\" allowfullscreen><\/iframe>\n<\/div><\/figure>","protected":false},"excerpt":{"rendered":"<p>Uprkos dosada\u0161njim ulaganjima \u2013 u podgori\u010dkoj Osnovnoj \u0161koli &#8220;Marko Miljanov &#8221; se nadaju da \u0107e uskoro krenuti u potpunu rekonstrukciju zgrade, kako bi povratila nekada\u0161nji sjaj. Pogledajte prilog iz Dnevnika RTV Podgorica.<\/p>","protected":false},"author":1,"featured_media":916160,"comment_status":"open","ping_status":"open","sticky":false,"template":"","format":"standard","meta":{"_acf_changed":false,"footnotes":""},"categories":[56],"tags":[4782,1349,677],"naslovna":[],"class_list":["post-916159","post","type-post","status-publish","format-standard","has-post-thumbnail","hentry","category-podgorica","tag-marko-miljanov","tag-rekonstrukcija","tag-skola-3"],"acf":[],"yoast_head":"<!-- This site is optimized with the Yoast SEO plugin v27.4 - https:\/\/yoast.com\/product\/yoast-seo-wordpress\/ -->\n<title>(VIDEO) Burzanovi\u0107: Nadamo se potpunoj rekonstrukciji kako bi \u0161koli vratili nekada\u0161nji sjaj - dmcsrb.com<\/title>\n<meta name=\"robots\" content=\"index, follow, max-snippet:-1, max-image-preview:large, max-video-preview:-1\" \/>\n<link rel=\"canonical\" href=\"https:\/\/dmcsrb.com\/en\/podgorica\/video-burzanovic-nadamo-se-potpunoj-rekonstrukciji-kako-bi-skoli-vratili-nekadasnji-sjaj\/\" \/>\n<meta property=\"og:locale\" content=\"en_GB\" \/>\n<meta property=\"og:type\" content=\"article\" \/>\n<meta property=\"og:title\" content=\"(VIDEO) Burzanovi\u0107: Nadamo se potpunoj rekonstrukciji kako bi \u0161koli vratili nekada\u0161nji sjaj - dmcsrb.com\" \/>\n<meta property=\"og:description\" content=\"Uprkos dosada\u0161njim ulaganjima \u2013 u podgori\u010dkoj Osnovnoj \u0161koli &quot;Marko Miljanov &quot; se nadaju da \u0107e uskoro krenuti u potpunu rekonstrukciju zgrade, kako bi povratila nekada\u0161nji sjaj. Pogledajte prilog iz Dnevnika RTV Podgorica.\" \/>\n<meta property=\"og:url\" content=\"https:\/\/dmcsrb.com\/en\/podgorica\/video-burzanovic-nadamo-se-potpunoj-rekonstrukciji-kako-bi-skoli-vratili-nekadasnji-sjaj\/\" \/>\n<meta property=\"og:site_name\" content=\"dmcsrb.com\" \/>\n<meta property=\"article:published_time\" content=\"2025-12-27T17:26:00+00:00\" \/>\n<meta property=\"og:image\" content=\"https:\/\/dmcsrb.com\/wp-content\/uploads\/2026\/01\/burzanovic.jpg\" \/>\n\t<meta property=\"og:image:width\" content=\"1747\" \/>\n\t<meta property=\"og:image:height\" content=\"889\" \/>\n\t<meta property=\"og:image:type\" content=\"image\/jpeg\" \/>\n<meta name=\"author\" content=\"dmcsrbija.com@gmail.com\" \/>\n<meta name=\"twitter:card\" content=\"summary_large_image\" \/>\n<meta name=\"twitter:label1\" content=\"Written by\" \/>\n\t<meta name=\"twitter:data1\" content=\"dmcsrbija.com@gmail.com\" \/>\n\t<meta name=\"twitter:label2\" content=\"Estimated reading time\" \/>\n\t<meta name=\"twitter:data2\" content=\"1 minute\" \/>\n<script type=\"application\/ld+json\" class=\"yoast-schema-graph\">{\"@context\":\"https:\\\/\\\/schema.org\",\"@graph\":[{\"@type\":\"Article\",\"@id\":\"https:\\\/\\\/dmcsrb.com\\\/podgorica\\\/video-burzanovic-nadamo-se-potpunoj-rekonstrukciji-kako-bi-skoli-vratili-nekadasnji-sjaj\\\/#article\",\"isPartOf\":{\"@id\":\"https:\\\/\\\/dmcsrb.com\\\/podgorica\\\/video-burzanovic-nadamo-se-potpunoj-rekonstrukciji-kako-bi-skoli-vratili-nekadasnji-sjaj\\\/\"},\"author\":{\"name\":\"dmcsrbija.com@gmail.com\",\"@id\":\"https:\\\/\\\/dmcsrb.com\\\/#\\\/schema\\\/person\\\/5c39170f12db1b8b457732d0b5c854e2\"},\"headline\":\"(VIDEO) Burzanovi\u0107: Nadamo se potpunoj rekonstrukciji kako bi \u0161koli vratili nekada\u0161nji sjaj\",\"datePublished\":\"2025-12-27T17:26:00+00:00\",\"mainEntityOfPage\":{\"@id\":\"https:\\\/\\\/dmcsrb.com\\\/podgorica\\\/video-burzanovic-nadamo-se-potpunoj-rekonstrukciji-kako-bi-skoli-vratili-nekadasnji-sjaj\\\/\"},\"wordCount\":250,\"commentCount\":0,\"image\":{\"@id\":\"https:\\\/\\\/dmcsrb.com\\\/podgorica\\\/video-burzanovic-nadamo-se-potpunoj-rekonstrukciji-kako-bi-skoli-vratili-nekadasnji-sjaj\\\/#primaryimage\"},\"thumbnailUrl\":\"https:\\\/\\\/dmcsrb.com\\\/wp-content\\\/uploads\\\/2026\\\/01\\\/burzanovic.jpg\",\"keywords\":[\"Marko Miljanov\",\"rekonstrukcija\",\"\u0161kola\"],\"articleSection\":[\"Podgorica\"],\"inLanguage\":\"en-GB\",\"potentialAction\":[{\"@type\":\"CommentAction\",\"name\":\"Comment\",\"target\":[\"https:\\\/\\\/dmcsrb.com\\\/podgorica\\\/video-burzanovic-nadamo-se-potpunoj-rekonstrukciji-kako-bi-skoli-vratili-nekadasnji-sjaj\\\/#respond\"]}]},{\"@type\":\"WebPage\",\"@id\":\"https:\\\/\\\/dmcsrb.com\\\/podgorica\\\/video-burzanovic-nadamo-se-potpunoj-rekonstrukciji-kako-bi-skoli-vratili-nekadasnji-sjaj\\\/\",\"url\":\"https:\\\/\\\/dmcsrb.com\\\/podgorica\\\/video-burzanovic-nadamo-se-potpunoj-rekonstrukciji-kako-bi-skoli-vratili-nekadasnji-sjaj\\\/\",\"name\":\"(VIDEO) Burzanovi\u0107: Nadamo se potpunoj rekonstrukciji kako bi \u0161koli vratili nekada\u0161nji sjaj - dmcsrb.com\",\"isPartOf\":{\"@id\":\"https:\\\/\\\/dmcsrb.com\\\/#website\"},\"primaryImageOfPage\":{\"@id\":\"https:\\\/\\\/dmcsrb.com\\\/podgorica\\\/video-burzanovic-nadamo-se-potpunoj-rekonstrukciji-kako-bi-skoli-vratili-nekadasnji-sjaj\\\/#primaryimage\"},\"image\":{\"@id\":\"https:\\\/\\\/dmcsrb.com\\\/podgorica\\\/video-burzanovic-nadamo-se-potpunoj-rekonstrukciji-kako-bi-skoli-vratili-nekadasnji-sjaj\\\/#primaryimage\"},\"thumbnailUrl\":\"https:\\\/\\\/dmcsrb.com\\\/wp-content\\\/uploads\\\/2026\\\/01\\\/burzanovic.jpg\",\"datePublished\":\"2025-12-27T17:26:00+00:00\",\"author\":{\"@id\":\"https:\\\/\\\/dmcsrb.com\\\/#\\\/schema\\\/person\\\/5c39170f12db1b8b457732d0b5c854e2\"},\"breadcrumb\":{\"@id\":\"https:\\\/\\\/dmcsrb.com\\\/podgorica\\\/video-burzanovic-nadamo-se-potpunoj-rekonstrukciji-kako-bi-skoli-vratili-nekadasnji-sjaj\\\/#breadcrumb\"},\"inLanguage\":\"en-GB\",\"potentialAction\":[{\"@type\":\"ReadAction\",\"target\":[\"https:\\\/\\\/dmcsrb.com\\\/podgorica\\\/video-burzanovic-nadamo-se-potpunoj-rekonstrukciji-kako-bi-skoli-vratili-nekadasnji-sjaj\\\/\"]}]},{\"@type\":\"ImageObject\",\"inLanguage\":\"en-GB\",\"@id\":\"https:\\\/\\\/dmcsrb.com\\\/podgorica\\\/video-burzanovic-nadamo-se-potpunoj-rekonstrukciji-kako-bi-skoli-vratili-nekadasnji-sjaj\\\/#primaryimage\",\"url\":\"https:\\\/\\\/dmcsrb.com\\\/wp-content\\\/uploads\\\/2026\\\/01\\\/burzanovic.jpg\",\"contentUrl\":\"https:\\\/\\\/dmcsrb.com\\\/wp-content\\\/uploads\\\/2026\\\/01\\\/burzanovic.jpg\",\"width\":1747,\"height\":889},{\"@type\":\"BreadcrumbList\",\"@id\":\"https:\\\/\\\/dmcsrb.com\\\/podgorica\\\/video-burzanovic-nadamo-se-potpunoj-rekonstrukciji-kako-bi-skoli-vratili-nekadasnji-sjaj\\\/#breadcrumb\",\"itemListElement\":[{\"@type\":\"ListItem\",\"position\":1,\"name\":\"Home\",\"item\":\"https:\\\/\\\/dmcsrb.com\\\/\"},{\"@type\":\"ListItem\",\"position\":2,\"name\":\"(VIDEO) Burzanovi\u0107: Nadamo se potpunoj rekonstrukciji kako bi \u0161koli vratili nekada\u0161nji sjaj\"}]},{\"@type\":\"WebSite\",\"@id\":\"https:\\\/\\\/dmcsrb.com\\\/#website\",\"url\":\"https:\\\/\\\/dmcsrb.com\\\/\",\"name\":\"dmcsrb.com\",\"description\":\"\",\"potentialAction\":[{\"@type\":\"SearchAction\",\"target\":{\"@type\":\"EntryPoint\",\"urlTemplate\":\"https:\\\/\\\/dmcsrb.com\\\/?s={search_term_string}\"},\"query-input\":{\"@type\":\"PropertyValueSpecification\",\"valueRequired\":true,\"valueName\":\"search_term_string\"}}],\"inLanguage\":\"en-GB\"},{\"@type\":\"Person\",\"@id\":\"https:\\\/\\\/dmcsrb.com\\\/#\\\/schema\\\/person\\\/5c39170f12db1b8b457732d0b5c854e2\",\"name\":\"dmcsrbija.com@gmail.com\",\"image\":{\"@type\":\"ImageObject\",\"inLanguage\":\"en-GB\",\"@id\":\"https:\\\/\\\/secure.gravatar.com\\\/avatar\\\/68592660ad6347fad0fb587f8d5d8f1a7b44961362f56e4f2cd524feb87e9069?s=96&d=mm&r=g\",\"url\":\"https:\\\/\\\/secure.gravatar.com\\\/avatar\\\/68592660ad6347fad0fb587f8d5d8f1a7b44961362f56e4f2cd524feb87e9069?s=96&d=mm&r=g\",\"contentUrl\":\"https:\\\/\\\/secure.gravatar.com\\\/avatar\\\/68592660ad6347fad0fb587f8d5d8f1a7b44961362f56e4f2cd524feb87e9069?s=96&d=mm&r=g\",\"caption\":\"dmcsrbija.com@gmail.com\"},\"sameAs\":[\"https:\\\/\\\/dmcsrb.com\"],\"url\":\"https:\\\/\\\/dmcsrb.com\\\/en\\\/author\\\/dmcsrbija-comgmail-com\\\/\"}]}<\/script>\n<!-- \/ Yoast SEO plugin. -->","yoast_head_json":{"title":"(VIDEO) Burzanovi\u0107: Nadamo se potpunoj rekonstrukciji kako bi \u0161koli vratili nekada\u0161nji sjaj - dmcsrb.com","robots":{"index":"index","follow":"follow","max-snippet":"max-snippet:-1","max-image-preview":"max-image-preview:large","max-video-preview":"max-video-preview:-1"},"canonical":"https:\/\/dmcsrb.com\/en\/podgorica\/video-burzanovic-nadamo-se-potpunoj-rekonstrukciji-kako-bi-skoli-vratili-nekadasnji-sjaj\/","og_locale":"en_GB","og_type":"article","og_title":"(VIDEO) Burzanovi\u0107: Nadamo se potpunoj rekonstrukciji kako bi \u0161koli vratili nekada\u0161nji sjaj - dmcsrb.com","og_description":"Uprkos dosada\u0161njim ulaganjima \u2013 u podgori\u010dkoj Osnovnoj \u0161koli \"Marko Miljanov \" se nadaju da \u0107e uskoro krenuti u potpunu rekonstrukciju zgrade, kako bi povratila nekada\u0161nji sjaj. Pogledajte prilog iz Dnevnika RTV Podgorica.","og_url":"https:\/\/dmcsrb.com\/en\/podgorica\/video-burzanovic-nadamo-se-potpunoj-rekonstrukciji-kako-bi-skoli-vratili-nekadasnji-sjaj\/","og_site_name":"dmcsrb.com","article_published_time":"2025-12-27T17:26:00+00:00","og_image":[{"width":1747,"height":889,"url":"https:\/\/dmcsrb.com\/wp-content\/uploads\/2026\/01\/burzanovic.jpg","type":"image\/jpeg"}],"author":"dmcsrbija.com@gmail.com","twitter_card":"summary_large_image","twitter_misc":{"Written by":"dmcsrbija.com@gmail.com","Estimated reading time":"1 minute"},"schema":{"@context":"https:\/\/schema.org","@graph":[{"@type":"Article","@id":"https:\/\/dmcsrb.com\/podgorica\/video-burzanovic-nadamo-se-potpunoj-rekonstrukciji-kako-bi-skoli-vratili-nekadasnji-sjaj\/#article","isPartOf":{"@id":"https:\/\/dmcsrb.com\/podgorica\/video-burzanovic-nadamo-se-potpunoj-rekonstrukciji-kako-bi-skoli-vratili-nekadasnji-sjaj\/"},"author":{"name":"dmcsrbija.com@gmail.com","@id":"https:\/\/dmcsrb.com\/#\/schema\/person\/5c39170f12db1b8b457732d0b5c854e2"},"headline":"(VIDEO) Burzanovi\u0107: Nadamo se potpunoj rekonstrukciji kako bi \u0161koli vratili nekada\u0161nji sjaj","datePublished":"2025-12-27T17:26:00+00:00","mainEntityOfPage":{"@id":"https:\/\/dmcsrb.com\/podgorica\/video-burzanovic-nadamo-se-potpunoj-rekonstrukciji-kako-bi-skoli-vratili-nekadasnji-sjaj\/"},"wordCount":250,"commentCount":0,"image":{"@id":"https:\/\/dmcsrb.com\/podgorica\/video-burzanovic-nadamo-se-potpunoj-rekonstrukciji-kako-bi-skoli-vratili-nekadasnji-sjaj\/#primaryimage"},"thumbnailUrl":"https:\/\/dmcsrb.com\/wp-content\/uploads\/2026\/01\/burzanovic.jpg","keywords":["Marko Miljanov","rekonstrukcija","\u0161kola"],"articleSection":["Podgorica"],"inLanguage":"en-GB","potentialAction":[{"@type":"CommentAction","name":"Comment","target":["https:\/\/dmcsrb.com\/podgorica\/video-burzanovic-nadamo-se-potpunoj-rekonstrukciji-kako-bi-skoli-vratili-nekadasnji-sjaj\/#respond"]}]},{"@type":"WebPage","@id":"https:\/\/dmcsrb.com\/podgorica\/video-burzanovic-nadamo-se-potpunoj-rekonstrukciji-kako-bi-skoli-vratili-nekadasnji-sjaj\/","url":"https:\/\/dmcsrb.com\/podgorica\/video-burzanovic-nadamo-se-potpunoj-rekonstrukciji-kako-bi-skoli-vratili-nekadasnji-sjaj\/","name":"(VIDEO) Burzanovi\u0107: Nadamo se potpunoj rekonstrukciji kako bi \u0161koli vratili nekada\u0161nji sjaj - dmcsrb.com","isPartOf":{"@id":"https:\/\/dmcsrb.com\/#website"},"primaryImageOfPage":{"@id":"https:\/\/dmcsrb.com\/podgorica\/video-burzanovic-nadamo-se-potpunoj-rekonstrukciji-kako-bi-skoli-vratili-nekadasnji-sjaj\/#primaryimage"},"image":{"@id":"https:\/\/dmcsrb.com\/podgorica\/video-burzanovic-nadamo-se-potpunoj-rekonstrukciji-kako-bi-skoli-vratili-nekadasnji-sjaj\/#primaryimage"},"thumbnailUrl":"https:\/\/dmcsrb.com\/wp-content\/uploads\/2026\/01\/burzanovic.jpg","datePublished":"2025-12-27T17:26:00+00:00","author":{"@id":"https:\/\/dmcsrb.com\/#\/schema\/person\/5c39170f12db1b8b457732d0b5c854e2"},"breadcrumb":{"@id":"https:\/\/dmcsrb.com\/podgorica\/video-burzanovic-nadamo-se-potpunoj-rekonstrukciji-kako-bi-skoli-vratili-nekadasnji-sjaj\/#breadcrumb"},"inLanguage":"en-GB","potentialAction":[{"@type":"ReadAction","target":["https:\/\/dmcsrb.com\/podgorica\/video-burzanovic-nadamo-se-potpunoj-rekonstrukciji-kako-bi-skoli-vratili-nekadasnji-sjaj\/"]}]},{"@type":"ImageObject","inLanguage":"en-GB","@id":"https:\/\/dmcsrb.com\/podgorica\/video-burzanovic-nadamo-se-potpunoj-rekonstrukciji-kako-bi-skoli-vratili-nekadasnji-sjaj\/#primaryimage","url":"https:\/\/dmcsrb.com\/wp-content\/uploads\/2026\/01\/burzanovic.jpg","contentUrl":"https:\/\/dmcsrb.com\/wp-content\/uploads\/2026\/01\/burzanovic.jpg","width":1747,"height":889},{"@type":"BreadcrumbList","@id":"https:\/\/dmcsrb.com\/podgorica\/video-burzanovic-nadamo-se-potpunoj-rekonstrukciji-kako-bi-skoli-vratili-nekadasnji-sjaj\/#breadcrumb","itemListElement":[{"@type":"ListItem","position":1,"name":"Home","item":"https:\/\/dmcsrb.com\/"},{"@type":"ListItem","position":2,"name":"(VIDEO) Burzanovi\u0107: Nadamo se potpunoj rekonstrukciji kako bi \u0161koli vratili nekada\u0161nji sjaj"}]},{"@type":"WebSite","@id":"https:\/\/dmcsrb.com\/#website","url":"https:\/\/dmcsrb.com\/","name":"dmcsrb.com","description":"","potentialAction":[{"@type":"SearchAction","target":{"@type":"EntryPoint","urlTemplate":"https:\/\/dmcsrb.com\/?s={search_term_string}"},"query-input":{"@type":"PropertyValueSpecification","valueRequired":true,"valueName":"search_term_string"}}],"inLanguage":"en-GB"},{"@type":"Person","@id":"https:\/\/dmcsrb.com\/#\/schema\/person\/5c39170f12db1b8b457732d0b5c854e2","name":"dmcsrbija.com@gmail.com","image":{"@type":"ImageObject","inLanguage":"en-GB","@id":"https:\/\/secure.gravatar.com\/avatar\/68592660ad6347fad0fb587f8d5d8f1a7b44961362f56e4f2cd524feb87e9069?s=96&d=mm&r=g","url":"https:\/\/secure.gravatar.com\/avatar\/68592660ad6347fad0fb587f8d5d8f1a7b44961362f56e4f2cd524feb87e9069?s=96&d=mm&r=g","contentUrl":"https:\/\/secure.gravatar.com\/avatar\/68592660ad6347fad0fb587f8d5d8f1a7b44961362f56e4f2cd524feb87e9069?s=96&d=mm&r=g","caption":"dmcsrbija.com@gmail.com"},"sameAs":["https:\/\/dmcsrb.com"],"url":"https:\/\/dmcsrb.com\/en\/author\/dmcsrbija-comgmail-com\/"}]}},"_links":{"self":[{"href":"https:\/\/dmcsrb.com\/en\/wp-json\/wp\/v2\/posts\/916159","targetHints":{"allow":["GET"]}}],"collection":[{"href":"https:\/\/dmcsrb.com\/en\/wp-json\/wp\/v2\/posts"}],"about":[{"href":"https:\/\/dmcsrb.com\/en\/wp-json\/wp\/v2\/types\/post"}],"author":[{"embeddable":true,"href":"https:\/\/dmcsrb.com\/en\/wp-json\/wp\/v2\/users\/1"}],"replies":[{"embeddable":true,"href":"https:\/\/dmcsrb.com\/en\/wp-json\/wp\/v2\/comments?post=916159"}],"version-history":[{"count":0,"href":"https:\/\/dmcsrb.com\/en\/wp-json\/wp\/v2\/posts\/916159\/revisions"}],"wp:featuredmedia":[{"embeddable":true,"href":"https:\/\/dmcsrb.com\/en\/wp-json\/wp\/v2\/media\/916160"}],"wp:attachment":[{"href":"https:\/\/dmcsrb.com\/en\/wp-json\/wp\/v2\/media?parent=916159"}],"wp:term":[{"taxonomy":"category","embeddable":true,"href":"https:\/\/dmcsrb.com\/en\/wp-json\/wp\/v2\/categories?post=916159"},{"taxonomy":"post_tag","embeddable":true,"href":"https:\/\/dmcsrb.com\/en\/wp-json\/wp\/v2\/tags?post=916159"},{"taxonomy":"naslovna","embeddable":true,"href":"https:\/\/dmcsrb.com\/en\/wp-json\/wp\/v2\/naslovna?post=916159"}],"curies":[{"name":"wp","href":"https:\/\/api.w.org\/{rel}","templated":true}]}}