{"id":916060,"date":"2025-12-27T09:12:00","date_gmt":"2025-12-27T08:12:00","guid":{"rendered":"https:\/\/dmcsrb.com\/uncategorized\/apelacioni-sud-u-beogradu-donio-rjesenje-o-trajnom-oduzimanju-dijela-sariceve-imovine\/"},"modified":"2025-12-27T09:12:00","modified_gmt":"2025-12-27T08:12:00","slug":"apelacioni-sud-u-beogradu-donio-rjesenje-o-trajnom-oduzimanju-dijela-sariceve-imovine","status":"publish","type":"post","link":"https:\/\/dmcsrb.com\/en\/hronika\/apelacioni-sud-u-beogradu-donio-rjesenje-o-trajnom-oduzimanju-dijela-sariceve-imovine\/","title":{"rendered":"Apelacioni sud u Beogradu donio rje\u0161enje o trajnom oduzimanju dijela \u0160ari\u0107eve imovine"},"content":{"rendered":"<p><\/p>\n\n\n\n<p>Drugostepeni sud je donio odluku da odbije kao neosnovane \u017ealbe osu\u0111enog Darka \u0160ari\u0107a i tre\u0107ih lica, osim u dijelu koji se odnosi na oduzimanje gara\u017ee od N. \u0160, kao i \u017ealbu tu\u017eila\u0161tva na odbijaju\u0107i dio rje\u0161enja i potvrdio prvostepeno rje\u0161enje.<\/p>\n\n\n\n<p>S druge strane, sud je usvojio \u017ealbe punomo\u0107nika S. D, D. \u0160. i D. N. \u0160. u cjelosti i N. \u0160, u dijelu koji se odnosi na oduzimanje gara\u017ee povr\u0161ine 22,67 kvadratnih metara, i ukinuo prvostepeno rje\u0161enje i u tom dijelu predmet vratio prvostepenom sudu na ponovno odu\u010divanje, objavljeno je na sajtu tog suda.<\/p>\n\n\n\n<p>Prethodno je Vi\u0161i sud u Beogradu usvojio zahtjev Javnog tu\u017eila\u0161tva za organizovani kriminal i od \u0160ari\u0107a je trajno oduzeta imovina proistekla iz krivi\u010dnog djela.<\/p>\n\n\n\n<p>Od \u0160ari\u0107a je oduzeta porodi\u010dna stambena zgrada u Kragujevcu, stambeni objekat sa gara\u017eom i bazenom u Sremskoj Kamenici, nekoliko placeva i objekata u istom mjestu, kao i novac na dinarskom ra\u010dunu od 1.764.533,73 dinara, i na deviznim ra\u010dunima od 5.435,48 eura i od 3.162,69 eura, kao i sve pokretne stvari prona\u0111ene u nepokretnostima.<\/p>\n\n\n\n<p>Pored toga, prvostepenim rje\u0161enjem od tre\u0107ih lica je oduzeto i to od T. A. stan u Beogradu, od N. \u0160. tako\u0111e stan u Beogradu i jedan na Zlatiboru, od D. \u0160. dva stana i gara\u017ea u Beogradu, dok je od I. \u0160. oduzeta stambena zgrada u Beogradu, od D. \u0160. stan u Beogradu, od L. P. jedan stan, objekat, automobil &#8220;BMW&#8221;, 17.250 eura i pokretne stvari, od S. D. je oduzet stan u \u0160apcu, od M. \u0160. 110.000 eura i od D. \u0160. sa deviznog ra\u010duna 30.922 eura.<\/p>\n\n\n\n<p>Prvostepenim rje\u0161enjem odbijen je zahtjev tu\u017eila\u0161tva da se od \u0160ari\u0107a trajno oduzme nekoliko parcela i objekata u Sremskoj Kamenici, kao i od tre\u0107eg lica N. \u0160. stan u Beogradu, prenosi Tanjug.<\/p>\n\n\n\n<p>Darko \u0160ari\u0107 je ina\u010de pravosna\u017eno osu\u0111en na kaznu zatvora od 15 godina zbog krijum\u010darenja 5,7 tona kokaina Ju\u017ene Amerike u Evropu, dok se protiv njega pred Specijalnim sudom u Srbiji vode jo\u0161 dva krivi\u010dna postupka.<\/p>","protected":false},"excerpt":{"rendered":"<p>Apelacioni sud u Beogradu ju\u010de je donio odluku da trajno oduzme dio imovine od osu\u0111enog Darka \u0160ari\u0107a, za koju se sumnja da je proistekla iz krivi\u010dnog djela.<\/p>","protected":false},"author":1,"featured_media":916061,"comment_status":"open","ping_status":"open","sticky":false,"template":"","format":"standard","meta":{"_acf_changed":false,"footnotes":""},"categories":[17],"tags":[2311,1121,4691,4692],"naslovna":[],"class_list":["post-916060","post","type-post","status-publish","format-standard","has-post-thumbnail","hentry","category-hronika","tag-apelacioni-sud","tag-beograd","tag-dio-sariceve-imovine","tag-rjesenje-o-trajnom-oduzimanju"],"acf":[],"yoast_head":"<!-- This site is optimized with the Yoast SEO plugin v27.0 - https:\/\/yoast.com\/product\/yoast-seo-wordpress\/ -->\n<title>Apelacioni sud u Beogradu donio rje\u0161enje o trajnom oduzimanju dijela \u0160ari\u0107eve imovine - dmcsrb.com<\/title>\n<meta name=\"robots\" content=\"index, follow, max-snippet:-1, max-image-preview:large, max-video-preview:-1\" \/>\n<link rel=\"canonical\" href=\"https:\/\/dmcsrb.com\/en\/hronika\/apelacioni-sud-u-beogradu-donio-rjesenje-o-trajnom-oduzimanju-dijela-sariceve-imovine\/\" \/>\n<meta property=\"og:locale\" content=\"en_GB\" \/>\n<meta property=\"og:type\" content=\"article\" \/>\n<meta property=\"og:title\" content=\"Apelacioni sud u Beogradu donio rje\u0161enje o trajnom oduzimanju dijela \u0160ari\u0107eve imovine - dmcsrb.com\" \/>\n<meta property=\"og:description\" content=\"Apelacioni sud u Beogradu ju\u010de je donio odluku da trajno oduzme dio imovine od osu\u0111enog Darka \u0160ari\u0107a, za koju se sumnja da je proistekla iz krivi\u010dnog djela.\" \/>\n<meta property=\"og:url\" content=\"https:\/\/dmcsrb.com\/en\/hronika\/apelacioni-sud-u-beogradu-donio-rjesenje-o-trajnom-oduzimanju-dijela-sariceve-imovine\/\" \/>\n<meta property=\"og:site_name\" content=\"dmcsrb.com\" \/>\n<meta property=\"article:published_time\" content=\"2025-12-27T08:12:00+00:00\" \/>\n<meta property=\"og:image\" content=\"https:\/\/dmcsrb.com\/wp-content\/uploads\/2026\/01\/9999999999999999999999_672x900.jpg\" \/>\n\t<meta property=\"og:image:width\" content=\"900\" \/>\n\t<meta property=\"og:image:height\" content=\"672\" \/>\n\t<meta property=\"og:image:type\" content=\"image\/jpeg\" \/>\n<meta name=\"author\" content=\"dmcsrbija.com@gmail.com\" \/>\n<meta name=\"twitter:card\" content=\"summary_large_image\" \/>\n<meta name=\"twitter:label1\" content=\"Written by\" \/>\n\t<meta name=\"twitter:data1\" content=\"dmcsrbija.com@gmail.com\" \/>\n\t<meta name=\"twitter:label2\" content=\"Estimated reading time\" \/>\n\t<meta name=\"twitter:data2\" content=\"2 minutes\" \/>\n<script type=\"application\/ld+json\" class=\"yoast-schema-graph\">{\"@context\":\"https:\/\/schema.org\",\"@graph\":[{\"@type\":\"Article\",\"@id\":\"https:\/\/dmcsrb.com\/hronika\/apelacioni-sud-u-beogradu-donio-rjesenje-o-trajnom-oduzimanju-dijela-sariceve-imovine\/#article\",\"isPartOf\":{\"@id\":\"https:\/\/dmcsrb.com\/hronika\/apelacioni-sud-u-beogradu-donio-rjesenje-o-trajnom-oduzimanju-dijela-sariceve-imovine\/\"},\"author\":{\"name\":\"dmcsrbija.com@gmail.com\",\"@id\":\"https:\/\/dmcsrb.com\/#\/schema\/person\/5c39170f12db1b8b457732d0b5c854e2\"},\"headline\":\"Apelacioni sud u Beogradu donio rje\u0161enje o trajnom oduzimanju dijela \u0160ari\u0107eve imovine\",\"datePublished\":\"2025-12-27T08:12:00+00:00\",\"mainEntityOfPage\":{\"@id\":\"https:\/\/dmcsrb.com\/hronika\/apelacioni-sud-u-beogradu-donio-rjesenje-o-trajnom-oduzimanju-dijela-sariceve-imovine\/\"},\"wordCount\":360,\"commentCount\":0,\"image\":{\"@id\":\"https:\/\/dmcsrb.com\/hronika\/apelacioni-sud-u-beogradu-donio-rjesenje-o-trajnom-oduzimanju-dijela-sariceve-imovine\/#primaryimage\"},\"thumbnailUrl\":\"https:\/\/dmcsrb.com\/wp-content\/uploads\/2026\/01\/9999999999999999999999_672x900.jpg\",\"keywords\":[\"Apelacioni sud\",\"Beograd\",\"Dio \u0160ari\u0107eve imovine\",\"Rje\u0161enje o trajnom oduzimanju\"],\"articleSection\":[\"Hronika\"],\"inLanguage\":\"en-GB\",\"potentialAction\":[{\"@type\":\"CommentAction\",\"name\":\"Comment\",\"target\":[\"https:\/\/dmcsrb.com\/hronika\/apelacioni-sud-u-beogradu-donio-rjesenje-o-trajnom-oduzimanju-dijela-sariceve-imovine\/#respond\"]}]},{\"@type\":\"WebPage\",\"@id\":\"https:\/\/dmcsrb.com\/hronika\/apelacioni-sud-u-beogradu-donio-rjesenje-o-trajnom-oduzimanju-dijela-sariceve-imovine\/\",\"url\":\"https:\/\/dmcsrb.com\/hronika\/apelacioni-sud-u-beogradu-donio-rjesenje-o-trajnom-oduzimanju-dijela-sariceve-imovine\/\",\"name\":\"Apelacioni sud u Beogradu donio rje\u0161enje o trajnom oduzimanju dijela \u0160ari\u0107eve imovine - dmcsrb.com\",\"isPartOf\":{\"@id\":\"https:\/\/dmcsrb.com\/#website\"},\"primaryImageOfPage\":{\"@id\":\"https:\/\/dmcsrb.com\/hronika\/apelacioni-sud-u-beogradu-donio-rjesenje-o-trajnom-oduzimanju-dijela-sariceve-imovine\/#primaryimage\"},\"image\":{\"@id\":\"https:\/\/dmcsrb.com\/hronika\/apelacioni-sud-u-beogradu-donio-rjesenje-o-trajnom-oduzimanju-dijela-sariceve-imovine\/#primaryimage\"},\"thumbnailUrl\":\"https:\/\/dmcsrb.com\/wp-content\/uploads\/2026\/01\/9999999999999999999999_672x900.jpg\",\"datePublished\":\"2025-12-27T08:12:00+00:00\",\"author\":{\"@id\":\"https:\/\/dmcsrb.com\/#\/schema\/person\/5c39170f12db1b8b457732d0b5c854e2\"},\"breadcrumb\":{\"@id\":\"https:\/\/dmcsrb.com\/hronika\/apelacioni-sud-u-beogradu-donio-rjesenje-o-trajnom-oduzimanju-dijela-sariceve-imovine\/#breadcrumb\"},\"inLanguage\":\"en-GB\",\"potentialAction\":[{\"@type\":\"ReadAction\",\"target\":[\"https:\/\/dmcsrb.com\/hronika\/apelacioni-sud-u-beogradu-donio-rjesenje-o-trajnom-oduzimanju-dijela-sariceve-imovine\/\"]}]},{\"@type\":\"ImageObject\",\"inLanguage\":\"en-GB\",\"@id\":\"https:\/\/dmcsrb.com\/hronika\/apelacioni-sud-u-beogradu-donio-rjesenje-o-trajnom-oduzimanju-dijela-sariceve-imovine\/#primaryimage\",\"url\":\"https:\/\/dmcsrb.com\/wp-content\/uploads\/2026\/01\/9999999999999999999999_672x900.jpg\",\"contentUrl\":\"https:\/\/dmcsrb.com\/wp-content\/uploads\/2026\/01\/9999999999999999999999_672x900.jpg\",\"width\":900,\"height\":672},{\"@type\":\"BreadcrumbList\",\"@id\":\"https:\/\/dmcsrb.com\/hronika\/apelacioni-sud-u-beogradu-donio-rjesenje-o-trajnom-oduzimanju-dijela-sariceve-imovine\/#breadcrumb\",\"itemListElement\":[{\"@type\":\"ListItem\",\"position\":1,\"name\":\"Home\",\"item\":\"https:\/\/dmcsrb.com\/\"},{\"@type\":\"ListItem\",\"position\":2,\"name\":\"Apelacioni sud u Beogradu donio rje\u0161enje o trajnom oduzimanju dijela \u0160ari\u0107eve imovine\"}]},{\"@type\":\"WebSite\",\"@id\":\"https:\/\/dmcsrb.com\/#website\",\"url\":\"https:\/\/dmcsrb.com\/\",\"name\":\"dmcsrb.com\",\"description\":\"\",\"potentialAction\":[{\"@type\":\"SearchAction\",\"target\":{\"@type\":\"EntryPoint\",\"urlTemplate\":\"https:\/\/dmcsrb.com\/?s={search_term_string}\"},\"query-input\":{\"@type\":\"PropertyValueSpecification\",\"valueRequired\":true,\"valueName\":\"search_term_string\"}}],\"inLanguage\":\"en-GB\"},{\"@type\":\"Person\",\"@id\":\"https:\/\/dmcsrb.com\/#\/schema\/person\/5c39170f12db1b8b457732d0b5c854e2\",\"name\":\"dmcsrbija.com@gmail.com\",\"image\":{\"@type\":\"ImageObject\",\"inLanguage\":\"en-GB\",\"@id\":\"https:\/\/dmcsrb.com\/#\/schema\/person\/image\/\",\"url\":\"https:\/\/secure.gravatar.com\/avatar\/68592660ad6347fad0fb587f8d5d8f1a7b44961362f56e4f2cd524feb87e9069?s=96&d=mm&r=g\",\"contentUrl\":\"https:\/\/secure.gravatar.com\/avatar\/68592660ad6347fad0fb587f8d5d8f1a7b44961362f56e4f2cd524feb87e9069?s=96&d=mm&r=g\",\"caption\":\"dmcsrbija.com@gmail.com\"},\"sameAs\":[\"https:\/\/dmcsrb.com\"],\"url\":\"https:\/\/dmcsrb.com\/en\/author\/dmcsrbija-comgmail-com\/\"}]}<\/script>\n<!-- \/ Yoast SEO plugin. -->","yoast_head_json":{"title":"Apelacioni sud u Beogradu donio rje\u0161enje o trajnom oduzimanju dijela \u0160ari\u0107eve imovine - dmcsrb.com","robots":{"index":"index","follow":"follow","max-snippet":"max-snippet:-1","max-image-preview":"max-image-preview:large","max-video-preview":"max-video-preview:-1"},"canonical":"https:\/\/dmcsrb.com\/en\/hronika\/apelacioni-sud-u-beogradu-donio-rjesenje-o-trajnom-oduzimanju-dijela-sariceve-imovine\/","og_locale":"en_GB","og_type":"article","og_title":"Apelacioni sud u Beogradu donio rje\u0161enje o trajnom oduzimanju dijela \u0160ari\u0107eve imovine - dmcsrb.com","og_description":"Apelacioni sud u Beogradu ju\u010de je donio odluku da trajno oduzme dio imovine od osu\u0111enog Darka \u0160ari\u0107a, za koju se sumnja da je proistekla iz krivi\u010dnog djela.","og_url":"https:\/\/dmcsrb.com\/en\/hronika\/apelacioni-sud-u-beogradu-donio-rjesenje-o-trajnom-oduzimanju-dijela-sariceve-imovine\/","og_site_name":"dmcsrb.com","article_published_time":"2025-12-27T08:12:00+00:00","og_image":[{"width":900,"height":672,"url":"https:\/\/dmcsrb.com\/wp-content\/uploads\/2026\/01\/9999999999999999999999_672x900.jpg","type":"image\/jpeg"}],"author":"dmcsrbija.com@gmail.com","twitter_card":"summary_large_image","twitter_misc":{"Written by":"dmcsrbija.com@gmail.com","Estimated reading time":"2 minutes"},"schema":{"@context":"https:\/\/schema.org","@graph":[{"@type":"Article","@id":"https:\/\/dmcsrb.com\/hronika\/apelacioni-sud-u-beogradu-donio-rjesenje-o-trajnom-oduzimanju-dijela-sariceve-imovine\/#article","isPartOf":{"@id":"https:\/\/dmcsrb.com\/hronika\/apelacioni-sud-u-beogradu-donio-rjesenje-o-trajnom-oduzimanju-dijela-sariceve-imovine\/"},"author":{"name":"dmcsrbija.com@gmail.com","@id":"https:\/\/dmcsrb.com\/#\/schema\/person\/5c39170f12db1b8b457732d0b5c854e2"},"headline":"Apelacioni sud u Beogradu donio rje\u0161enje o trajnom oduzimanju dijela \u0160ari\u0107eve imovine","datePublished":"2025-12-27T08:12:00+00:00","mainEntityOfPage":{"@id":"https:\/\/dmcsrb.com\/hronika\/apelacioni-sud-u-beogradu-donio-rjesenje-o-trajnom-oduzimanju-dijela-sariceve-imovine\/"},"wordCount":360,"commentCount":0,"image":{"@id":"https:\/\/dmcsrb.com\/hronika\/apelacioni-sud-u-beogradu-donio-rjesenje-o-trajnom-oduzimanju-dijela-sariceve-imovine\/#primaryimage"},"thumbnailUrl":"https:\/\/dmcsrb.com\/wp-content\/uploads\/2026\/01\/9999999999999999999999_672x900.jpg","keywords":["Apelacioni sud","Beograd","Dio \u0160ari\u0107eve imovine","Rje\u0161enje o trajnom oduzimanju"],"articleSection":["Hronika"],"inLanguage":"en-GB","potentialAction":[{"@type":"CommentAction","name":"Comment","target":["https:\/\/dmcsrb.com\/hronika\/apelacioni-sud-u-beogradu-donio-rjesenje-o-trajnom-oduzimanju-dijela-sariceve-imovine\/#respond"]}]},{"@type":"WebPage","@id":"https:\/\/dmcsrb.com\/hronika\/apelacioni-sud-u-beogradu-donio-rjesenje-o-trajnom-oduzimanju-dijela-sariceve-imovine\/","url":"https:\/\/dmcsrb.com\/hronika\/apelacioni-sud-u-beogradu-donio-rjesenje-o-trajnom-oduzimanju-dijela-sariceve-imovine\/","name":"Apelacioni sud u Beogradu donio rje\u0161enje o trajnom oduzimanju dijela \u0160ari\u0107eve imovine - dmcsrb.com","isPartOf":{"@id":"https:\/\/dmcsrb.com\/#website"},"primaryImageOfPage":{"@id":"https:\/\/dmcsrb.com\/hronika\/apelacioni-sud-u-beogradu-donio-rjesenje-o-trajnom-oduzimanju-dijela-sariceve-imovine\/#primaryimage"},"image":{"@id":"https:\/\/dmcsrb.com\/hronika\/apelacioni-sud-u-beogradu-donio-rjesenje-o-trajnom-oduzimanju-dijela-sariceve-imovine\/#primaryimage"},"thumbnailUrl":"https:\/\/dmcsrb.com\/wp-content\/uploads\/2026\/01\/9999999999999999999999_672x900.jpg","datePublished":"2025-12-27T08:12:00+00:00","author":{"@id":"https:\/\/dmcsrb.com\/#\/schema\/person\/5c39170f12db1b8b457732d0b5c854e2"},"breadcrumb":{"@id":"https:\/\/dmcsrb.com\/hronika\/apelacioni-sud-u-beogradu-donio-rjesenje-o-trajnom-oduzimanju-dijela-sariceve-imovine\/#breadcrumb"},"inLanguage":"en-GB","potentialAction":[{"@type":"ReadAction","target":["https:\/\/dmcsrb.com\/hronika\/apelacioni-sud-u-beogradu-donio-rjesenje-o-trajnom-oduzimanju-dijela-sariceve-imovine\/"]}]},{"@type":"ImageObject","inLanguage":"en-GB","@id":"https:\/\/dmcsrb.com\/hronika\/apelacioni-sud-u-beogradu-donio-rjesenje-o-trajnom-oduzimanju-dijela-sariceve-imovine\/#primaryimage","url":"https:\/\/dmcsrb.com\/wp-content\/uploads\/2026\/01\/9999999999999999999999_672x900.jpg","contentUrl":"https:\/\/dmcsrb.com\/wp-content\/uploads\/2026\/01\/9999999999999999999999_672x900.jpg","width":900,"height":672},{"@type":"BreadcrumbList","@id":"https:\/\/dmcsrb.com\/hronika\/apelacioni-sud-u-beogradu-donio-rjesenje-o-trajnom-oduzimanju-dijela-sariceve-imovine\/#breadcrumb","itemListElement":[{"@type":"ListItem","position":1,"name":"Home","item":"https:\/\/dmcsrb.com\/"},{"@type":"ListItem","position":2,"name":"Apelacioni sud u Beogradu donio rje\u0161enje o trajnom oduzimanju dijela \u0160ari\u0107eve imovine"}]},{"@type":"WebSite","@id":"https:\/\/dmcsrb.com\/#website","url":"https:\/\/dmcsrb.com\/","name":"dmcsrb.com","description":"","potentialAction":[{"@type":"SearchAction","target":{"@type":"EntryPoint","urlTemplate":"https:\/\/dmcsrb.com\/?s={search_term_string}"},"query-input":{"@type":"PropertyValueSpecification","valueRequired":true,"valueName":"search_term_string"}}],"inLanguage":"en-GB"},{"@type":"Person","@id":"https:\/\/dmcsrb.com\/#\/schema\/person\/5c39170f12db1b8b457732d0b5c854e2","name":"dmcsrbija.com@gmail.com","image":{"@type":"ImageObject","inLanguage":"en-GB","@id":"https:\/\/dmcsrb.com\/#\/schema\/person\/image\/","url":"https:\/\/secure.gravatar.com\/avatar\/68592660ad6347fad0fb587f8d5d8f1a7b44961362f56e4f2cd524feb87e9069?s=96&d=mm&r=g","contentUrl":"https:\/\/secure.gravatar.com\/avatar\/68592660ad6347fad0fb587f8d5d8f1a7b44961362f56e4f2cd524feb87e9069?s=96&d=mm&r=g","caption":"dmcsrbija.com@gmail.com"},"sameAs":["https:\/\/dmcsrb.com"],"url":"https:\/\/dmcsrb.com\/en\/author\/dmcsrbija-comgmail-com\/"}]}},"_links":{"self":[{"href":"https:\/\/dmcsrb.com\/en\/wp-json\/wp\/v2\/posts\/916060","targetHints":{"allow":["GET"]}}],"collection":[{"href":"https:\/\/dmcsrb.com\/en\/wp-json\/wp\/v2\/posts"}],"about":[{"href":"https:\/\/dmcsrb.com\/en\/wp-json\/wp\/v2\/types\/post"}],"author":[{"embeddable":true,"href":"https:\/\/dmcsrb.com\/en\/wp-json\/wp\/v2\/users\/1"}],"replies":[{"embeddable":true,"href":"https:\/\/dmcsrb.com\/en\/wp-json\/wp\/v2\/comments?post=916060"}],"version-history":[{"count":0,"href":"https:\/\/dmcsrb.com\/en\/wp-json\/wp\/v2\/posts\/916060\/revisions"}],"wp:featuredmedia":[{"embeddable":true,"href":"https:\/\/dmcsrb.com\/en\/wp-json\/wp\/v2\/media\/916061"}],"wp:attachment":[{"href":"https:\/\/dmcsrb.com\/en\/wp-json\/wp\/v2\/media?parent=916060"}],"wp:term":[{"taxonomy":"category","embeddable":true,"href":"https:\/\/dmcsrb.com\/en\/wp-json\/wp\/v2\/categories?post=916060"},{"taxonomy":"post_tag","embeddable":true,"href":"https:\/\/dmcsrb.com\/en\/wp-json\/wp\/v2\/tags?post=916060"},{"taxonomy":"naslovna","embeddable":true,"href":"https:\/\/dmcsrb.com\/en\/wp-json\/wp\/v2\/naslovna?post=916060"}],"curies":[{"name":"wp","href":"https:\/\/api.w.org\/{rel}","templated":true}]}}