{"id":916007,"date":"2025-12-26T18:48:00","date_gmt":"2025-12-26T17:48:00","guid":{"rendered":"https:\/\/dmcsrb.com\/uncategorized\/kekovic-u-ponedjeljak-sa-premijerom-o-oku-nadamo-se-rjesenju\/"},"modified":"2025-12-26T18:48:00","modified_gmt":"2025-12-26T17:48:00","slug":"kekovic-u-ponedjeljak-sa-premijerom-o-oku-nadamo-se-rjesenju","status":"publish","type":"post","link":"https:\/\/dmcsrb.com\/en\/ekonomija\/kekovic-u-ponedjeljak-sa-premijerom-o-oku-nadamo-se-rjesenju\/","title":{"rendered":"Kekovi\u0107: U ponedjeljak sa premijerom o OKU, nadamo se rje\u0161enju"},"content":{"rendered":"<p><\/p>\n\n\n\n<p>\u201cBilo bi u\u017easno da se Op\u0161ti kolektivni ugovor ne produ\u017ei. Nema razloga da se ne produ\u017ei. Loptice su na terenu Vlade, evo, mi \u0107emo imati razgovor sa premijerom u ponedjeljak pa \u0107emo dobiti jasniju sliku&#8221;, kazao je Kekovi\u0107.<\/p>\n\n\n\n<p>Op\u0161ti kolektivni ugovor (OKU), iz kojeg zaposleni koriste ve\u0107inu radni\u010dkih i sindikalnih prava, isti\u010de 31. decembra.<\/p>\n\n\n\n<p>Ukoliko novi ugovor do tada ne bude potpisan bez zna\u010dajnog dijela radni\u010dkih prava od 1. januara moglo bi da ostane vi\u0161e od sto hiljada zaposlenih iz djelatnosti koje nemaju granske kolektivne ugovore ili kolektivne ugovore sa poslodavcem, prenijele su danas Vijesti.<\/p>\n\n\n\n<p>Socijalni partneri \u2013 Vlada, Unija poslodavaca, Unija slobodnih sindikata i Savez sindikata \u2013 ve\u0107 mjesecima pregovaraju o zaklju\u010denju novog kolektivnog ugovora.<\/p>\n\n\n\n<p>Obje sindikalne centrale tra\u017ee da se novim OKU pove\u0107a obra\u010dunska vrijednost koeficijenta sa 90 na 100 eura, \u0161to bi uticalo na rast zarada za oko deset odsto. Predstavnici Unije poslodavaca podr\u017eavaju ovu raspravu, dok se predstavnici Vlade protive, \u0161to je dovelo do vi\u0161estrukog odlaganja sjednica Socijalnog savjeta, koji treba da potvrdi novi OKU.<\/p>\n\n\n\n<p>Kekovi\u0107 je objasnio da je ranije postojala, ali da vi\u0161e nije u igri opcija da Skup\u0161tina izmjenom Zakona o radu produ\u017ei va\u017eenje postoje\u0107eg OKU.<\/p>\n\n\n\n<p>Najavio je da \u0107e na sastanku sa Spaji\u0107em situacija biti detaljno analizirana.<\/p>","protected":false},"excerpt":{"rendered":"<p>Genaralni sekretau Unije slobodnih sindikata Crne Gore Sr\u0111a Kekovi\u0107 najavio je za Portal RTCG da \u0107e reprezentativni socijalni partneri imati sastanak u ponedjeljak sa premijerom Milojkom Spaji\u0107em povodom potpisivanja Op\u0161teg kolektivnog ugovora (OKU). Kekovi\u0107 je naglasio da OKU isti\u010de 31. decembra i da bi bilo u\u017easno da ne bude produ\u017een.<\/p>","protected":false},"author":1,"featured_media":916008,"comment_status":"open","ping_status":"open","sticky":false,"template":"","format":"standard","meta":{"_acf_changed":false,"footnotes":""},"categories":[27],"tags":[166,4637,4638,854],"naslovna":[],"class_list":["post-916007","post","type-post","status-publish","format-standard","has-post-thumbnail","hentry","category-ekonomija","tag-milojko-spajic","tag-oku","tag-srdja-kekovic","tag-usscg"],"acf":[],"yoast_head":"<!-- This site is optimized with the Yoast SEO plugin v27.4 - https:\/\/yoast.com\/product\/yoast-seo-wordpress\/ -->\n<title>Kekovi\u0107: U ponedjeljak sa premijerom o OKU, nadamo se rje\u0161enju - dmcsrb.com<\/title>\n<meta name=\"robots\" content=\"index, follow, max-snippet:-1, max-image-preview:large, max-video-preview:-1\" \/>\n<link rel=\"canonical\" href=\"https:\/\/dmcsrb.com\/en\/ekonomija\/kekovic-u-ponedjeljak-sa-premijerom-o-oku-nadamo-se-rjesenju\/\" \/>\n<meta property=\"og:locale\" content=\"en_GB\" \/>\n<meta property=\"og:type\" content=\"article\" \/>\n<meta property=\"og:title\" content=\"Kekovi\u0107: U ponedjeljak sa premijerom o OKU, nadamo se rje\u0161enju - dmcsrb.com\" \/>\n<meta property=\"og:description\" content=\"Genaralni sekretau Unije slobodnih sindikata Crne Gore Sr\u0111a Kekovi\u0107 najavio je za Portal RTCG da \u0107e reprezentativni socijalni partneri imati sastanak u ponedjeljak sa premijerom Milojkom Spaji\u0107em povodom potpisivanja Op\u0161teg kolektivnog ugovora (OKU). Kekovi\u0107 je naglasio da OKU isti\u010de 31. decembra i da bi bilo u\u017easno da ne bude produ\u017een.\" \/>\n<meta property=\"og:url\" content=\"https:\/\/dmcsrb.com\/en\/ekonomija\/kekovic-u-ponedjeljak-sa-premijerom-o-oku-nadamo-se-rjesenju\/\" \/>\n<meta property=\"og:site_name\" content=\"dmcsrb.com\" \/>\n<meta property=\"article:published_time\" content=\"2025-12-26T17:48:00+00:00\" \/>\n<meta property=\"og:image\" content=\"https:\/\/dmcsrb.com\/wp-content\/uploads\/2026\/01\/Srdja-Kekovic-foto-gradski-me.jpg\" \/>\n\t<meta property=\"og:image:width\" content=\"1430\" \/>\n\t<meta property=\"og:image:height\" content=\"847\" \/>\n\t<meta property=\"og:image:type\" content=\"image\/jpeg\" \/>\n<meta name=\"author\" content=\"dmcsrbija.com@gmail.com\" \/>\n<meta name=\"twitter:card\" content=\"summary_large_image\" \/>\n<meta name=\"twitter:label1\" content=\"Written by\" \/>\n\t<meta name=\"twitter:data1\" content=\"dmcsrbija.com@gmail.com\" \/>\n\t<meta name=\"twitter:label2\" content=\"Estimated reading time\" \/>\n\t<meta name=\"twitter:data2\" content=\"1 minute\" \/>\n<script type=\"application\/ld+json\" class=\"yoast-schema-graph\">{\"@context\":\"https:\\\/\\\/schema.org\",\"@graph\":[{\"@type\":\"Article\",\"@id\":\"https:\\\/\\\/dmcsrb.com\\\/ekonomija\\\/kekovic-u-ponedjeljak-sa-premijerom-o-oku-nadamo-se-rjesenju\\\/#article\",\"isPartOf\":{\"@id\":\"https:\\\/\\\/dmcsrb.com\\\/ekonomija\\\/kekovic-u-ponedjeljak-sa-premijerom-o-oku-nadamo-se-rjesenju\\\/\"},\"author\":{\"name\":\"dmcsrbija.com@gmail.com\",\"@id\":\"https:\\\/\\\/dmcsrb.com\\\/#\\\/schema\\\/person\\\/5c39170f12db1b8b457732d0b5c854e2\"},\"headline\":\"Kekovi\u0107: U ponedjeljak sa premijerom o OKU, nadamo se rje\u0161enju\",\"datePublished\":\"2025-12-26T17:48:00+00:00\",\"mainEntityOfPage\":{\"@id\":\"https:\\\/\\\/dmcsrb.com\\\/ekonomija\\\/kekovic-u-ponedjeljak-sa-premijerom-o-oku-nadamo-se-rjesenju\\\/\"},\"wordCount\":233,\"commentCount\":0,\"image\":{\"@id\":\"https:\\\/\\\/dmcsrb.com\\\/ekonomija\\\/kekovic-u-ponedjeljak-sa-premijerom-o-oku-nadamo-se-rjesenju\\\/#primaryimage\"},\"thumbnailUrl\":\"https:\\\/\\\/dmcsrb.com\\\/wp-content\\\/uploads\\\/2026\\\/01\\\/Srdja-Kekovic-foto-gradski-me.jpg\",\"keywords\":[\"Milojko Spaji\u0107\",\"OKU\",\"Sr\u0111a Kekovi\u0107\",\"USSCG\"],\"articleSection\":[\"Ekonomija\"],\"inLanguage\":\"en-GB\",\"potentialAction\":[{\"@type\":\"CommentAction\",\"name\":\"Comment\",\"target\":[\"https:\\\/\\\/dmcsrb.com\\\/ekonomija\\\/kekovic-u-ponedjeljak-sa-premijerom-o-oku-nadamo-se-rjesenju\\\/#respond\"]}]},{\"@type\":\"WebPage\",\"@id\":\"https:\\\/\\\/dmcsrb.com\\\/ekonomija\\\/kekovic-u-ponedjeljak-sa-premijerom-o-oku-nadamo-se-rjesenju\\\/\",\"url\":\"https:\\\/\\\/dmcsrb.com\\\/ekonomija\\\/kekovic-u-ponedjeljak-sa-premijerom-o-oku-nadamo-se-rjesenju\\\/\",\"name\":\"Kekovi\u0107: U ponedjeljak sa premijerom o OKU, nadamo se rje\u0161enju - dmcsrb.com\",\"isPartOf\":{\"@id\":\"https:\\\/\\\/dmcsrb.com\\\/#website\"},\"primaryImageOfPage\":{\"@id\":\"https:\\\/\\\/dmcsrb.com\\\/ekonomija\\\/kekovic-u-ponedjeljak-sa-premijerom-o-oku-nadamo-se-rjesenju\\\/#primaryimage\"},\"image\":{\"@id\":\"https:\\\/\\\/dmcsrb.com\\\/ekonomija\\\/kekovic-u-ponedjeljak-sa-premijerom-o-oku-nadamo-se-rjesenju\\\/#primaryimage\"},\"thumbnailUrl\":\"https:\\\/\\\/dmcsrb.com\\\/wp-content\\\/uploads\\\/2026\\\/01\\\/Srdja-Kekovic-foto-gradski-me.jpg\",\"datePublished\":\"2025-12-26T17:48:00+00:00\",\"author\":{\"@id\":\"https:\\\/\\\/dmcsrb.com\\\/#\\\/schema\\\/person\\\/5c39170f12db1b8b457732d0b5c854e2\"},\"breadcrumb\":{\"@id\":\"https:\\\/\\\/dmcsrb.com\\\/ekonomija\\\/kekovic-u-ponedjeljak-sa-premijerom-o-oku-nadamo-se-rjesenju\\\/#breadcrumb\"},\"inLanguage\":\"en-GB\",\"potentialAction\":[{\"@type\":\"ReadAction\",\"target\":[\"https:\\\/\\\/dmcsrb.com\\\/ekonomija\\\/kekovic-u-ponedjeljak-sa-premijerom-o-oku-nadamo-se-rjesenju\\\/\"]}]},{\"@type\":\"ImageObject\",\"inLanguage\":\"en-GB\",\"@id\":\"https:\\\/\\\/dmcsrb.com\\\/ekonomija\\\/kekovic-u-ponedjeljak-sa-premijerom-o-oku-nadamo-se-rjesenju\\\/#primaryimage\",\"url\":\"https:\\\/\\\/dmcsrb.com\\\/wp-content\\\/uploads\\\/2026\\\/01\\\/Srdja-Kekovic-foto-gradski-me.jpg\",\"contentUrl\":\"https:\\\/\\\/dmcsrb.com\\\/wp-content\\\/uploads\\\/2026\\\/01\\\/Srdja-Kekovic-foto-gradski-me.jpg\",\"width\":1430,\"height\":847},{\"@type\":\"BreadcrumbList\",\"@id\":\"https:\\\/\\\/dmcsrb.com\\\/ekonomija\\\/kekovic-u-ponedjeljak-sa-premijerom-o-oku-nadamo-se-rjesenju\\\/#breadcrumb\",\"itemListElement\":[{\"@type\":\"ListItem\",\"position\":1,\"name\":\"Home\",\"item\":\"https:\\\/\\\/dmcsrb.com\\\/\"},{\"@type\":\"ListItem\",\"position\":2,\"name\":\"Kekovi\u0107: U ponedjeljak sa premijerom o OKU, nadamo se rje\u0161enju\"}]},{\"@type\":\"WebSite\",\"@id\":\"https:\\\/\\\/dmcsrb.com\\\/#website\",\"url\":\"https:\\\/\\\/dmcsrb.com\\\/\",\"name\":\"dmcsrb.com\",\"description\":\"\",\"potentialAction\":[{\"@type\":\"SearchAction\",\"target\":{\"@type\":\"EntryPoint\",\"urlTemplate\":\"https:\\\/\\\/dmcsrb.com\\\/?s={search_term_string}\"},\"query-input\":{\"@type\":\"PropertyValueSpecification\",\"valueRequired\":true,\"valueName\":\"search_term_string\"}}],\"inLanguage\":\"en-GB\"},{\"@type\":\"Person\",\"@id\":\"https:\\\/\\\/dmcsrb.com\\\/#\\\/schema\\\/person\\\/5c39170f12db1b8b457732d0b5c854e2\",\"name\":\"dmcsrbija.com@gmail.com\",\"image\":{\"@type\":\"ImageObject\",\"inLanguage\":\"en-GB\",\"@id\":\"https:\\\/\\\/secure.gravatar.com\\\/avatar\\\/68592660ad6347fad0fb587f8d5d8f1a7b44961362f56e4f2cd524feb87e9069?s=96&d=mm&r=g\",\"url\":\"https:\\\/\\\/secure.gravatar.com\\\/avatar\\\/68592660ad6347fad0fb587f8d5d8f1a7b44961362f56e4f2cd524feb87e9069?s=96&d=mm&r=g\",\"contentUrl\":\"https:\\\/\\\/secure.gravatar.com\\\/avatar\\\/68592660ad6347fad0fb587f8d5d8f1a7b44961362f56e4f2cd524feb87e9069?s=96&d=mm&r=g\",\"caption\":\"dmcsrbija.com@gmail.com\"},\"sameAs\":[\"https:\\\/\\\/dmcsrb.com\"],\"url\":\"https:\\\/\\\/dmcsrb.com\\\/en\\\/author\\\/dmcsrbija-comgmail-com\\\/\"}]}<\/script>\n<!-- \/ Yoast SEO plugin. -->","yoast_head_json":{"title":"Kekovi\u0107: U ponedjeljak sa premijerom o OKU, nadamo se rje\u0161enju - dmcsrb.com","robots":{"index":"index","follow":"follow","max-snippet":"max-snippet:-1","max-image-preview":"max-image-preview:large","max-video-preview":"max-video-preview:-1"},"canonical":"https:\/\/dmcsrb.com\/en\/ekonomija\/kekovic-u-ponedjeljak-sa-premijerom-o-oku-nadamo-se-rjesenju\/","og_locale":"en_GB","og_type":"article","og_title":"Kekovi\u0107: U ponedjeljak sa premijerom o OKU, nadamo se rje\u0161enju - dmcsrb.com","og_description":"Genaralni sekretau Unije slobodnih sindikata Crne Gore Sr\u0111a Kekovi\u0107 najavio je za Portal RTCG da \u0107e reprezentativni socijalni partneri imati sastanak u ponedjeljak sa premijerom Milojkom Spaji\u0107em povodom potpisivanja Op\u0161teg kolektivnog ugovora (OKU). Kekovi\u0107 je naglasio da OKU isti\u010de 31. decembra i da bi bilo u\u017easno da ne bude produ\u017een.","og_url":"https:\/\/dmcsrb.com\/en\/ekonomija\/kekovic-u-ponedjeljak-sa-premijerom-o-oku-nadamo-se-rjesenju\/","og_site_name":"dmcsrb.com","article_published_time":"2025-12-26T17:48:00+00:00","og_image":[{"width":1430,"height":847,"url":"https:\/\/dmcsrb.com\/wp-content\/uploads\/2026\/01\/Srdja-Kekovic-foto-gradski-me.jpg","type":"image\/jpeg"}],"author":"dmcsrbija.com@gmail.com","twitter_card":"summary_large_image","twitter_misc":{"Written by":"dmcsrbija.com@gmail.com","Estimated reading time":"1 minute"},"schema":{"@context":"https:\/\/schema.org","@graph":[{"@type":"Article","@id":"https:\/\/dmcsrb.com\/ekonomija\/kekovic-u-ponedjeljak-sa-premijerom-o-oku-nadamo-se-rjesenju\/#article","isPartOf":{"@id":"https:\/\/dmcsrb.com\/ekonomija\/kekovic-u-ponedjeljak-sa-premijerom-o-oku-nadamo-se-rjesenju\/"},"author":{"name":"dmcsrbija.com@gmail.com","@id":"https:\/\/dmcsrb.com\/#\/schema\/person\/5c39170f12db1b8b457732d0b5c854e2"},"headline":"Kekovi\u0107: U ponedjeljak sa premijerom o OKU, nadamo se rje\u0161enju","datePublished":"2025-12-26T17:48:00+00:00","mainEntityOfPage":{"@id":"https:\/\/dmcsrb.com\/ekonomija\/kekovic-u-ponedjeljak-sa-premijerom-o-oku-nadamo-se-rjesenju\/"},"wordCount":233,"commentCount":0,"image":{"@id":"https:\/\/dmcsrb.com\/ekonomija\/kekovic-u-ponedjeljak-sa-premijerom-o-oku-nadamo-se-rjesenju\/#primaryimage"},"thumbnailUrl":"https:\/\/dmcsrb.com\/wp-content\/uploads\/2026\/01\/Srdja-Kekovic-foto-gradski-me.jpg","keywords":["Milojko Spaji\u0107","OKU","Sr\u0111a Kekovi\u0107","USSCG"],"articleSection":["Ekonomija"],"inLanguage":"en-GB","potentialAction":[{"@type":"CommentAction","name":"Comment","target":["https:\/\/dmcsrb.com\/ekonomija\/kekovic-u-ponedjeljak-sa-premijerom-o-oku-nadamo-se-rjesenju\/#respond"]}]},{"@type":"WebPage","@id":"https:\/\/dmcsrb.com\/ekonomija\/kekovic-u-ponedjeljak-sa-premijerom-o-oku-nadamo-se-rjesenju\/","url":"https:\/\/dmcsrb.com\/ekonomija\/kekovic-u-ponedjeljak-sa-premijerom-o-oku-nadamo-se-rjesenju\/","name":"Kekovi\u0107: U ponedjeljak sa premijerom o OKU, nadamo se rje\u0161enju - dmcsrb.com","isPartOf":{"@id":"https:\/\/dmcsrb.com\/#website"},"primaryImageOfPage":{"@id":"https:\/\/dmcsrb.com\/ekonomija\/kekovic-u-ponedjeljak-sa-premijerom-o-oku-nadamo-se-rjesenju\/#primaryimage"},"image":{"@id":"https:\/\/dmcsrb.com\/ekonomija\/kekovic-u-ponedjeljak-sa-premijerom-o-oku-nadamo-se-rjesenju\/#primaryimage"},"thumbnailUrl":"https:\/\/dmcsrb.com\/wp-content\/uploads\/2026\/01\/Srdja-Kekovic-foto-gradski-me.jpg","datePublished":"2025-12-26T17:48:00+00:00","author":{"@id":"https:\/\/dmcsrb.com\/#\/schema\/person\/5c39170f12db1b8b457732d0b5c854e2"},"breadcrumb":{"@id":"https:\/\/dmcsrb.com\/ekonomija\/kekovic-u-ponedjeljak-sa-premijerom-o-oku-nadamo-se-rjesenju\/#breadcrumb"},"inLanguage":"en-GB","potentialAction":[{"@type":"ReadAction","target":["https:\/\/dmcsrb.com\/ekonomija\/kekovic-u-ponedjeljak-sa-premijerom-o-oku-nadamo-se-rjesenju\/"]}]},{"@type":"ImageObject","inLanguage":"en-GB","@id":"https:\/\/dmcsrb.com\/ekonomija\/kekovic-u-ponedjeljak-sa-premijerom-o-oku-nadamo-se-rjesenju\/#primaryimage","url":"https:\/\/dmcsrb.com\/wp-content\/uploads\/2026\/01\/Srdja-Kekovic-foto-gradski-me.jpg","contentUrl":"https:\/\/dmcsrb.com\/wp-content\/uploads\/2026\/01\/Srdja-Kekovic-foto-gradski-me.jpg","width":1430,"height":847},{"@type":"BreadcrumbList","@id":"https:\/\/dmcsrb.com\/ekonomija\/kekovic-u-ponedjeljak-sa-premijerom-o-oku-nadamo-se-rjesenju\/#breadcrumb","itemListElement":[{"@type":"ListItem","position":1,"name":"Home","item":"https:\/\/dmcsrb.com\/"},{"@type":"ListItem","position":2,"name":"Kekovi\u0107: U ponedjeljak sa premijerom o OKU, nadamo se rje\u0161enju"}]},{"@type":"WebSite","@id":"https:\/\/dmcsrb.com\/#website","url":"https:\/\/dmcsrb.com\/","name":"dmcsrb.com","description":"","potentialAction":[{"@type":"SearchAction","target":{"@type":"EntryPoint","urlTemplate":"https:\/\/dmcsrb.com\/?s={search_term_string}"},"query-input":{"@type":"PropertyValueSpecification","valueRequired":true,"valueName":"search_term_string"}}],"inLanguage":"en-GB"},{"@type":"Person","@id":"https:\/\/dmcsrb.com\/#\/schema\/person\/5c39170f12db1b8b457732d0b5c854e2","name":"dmcsrbija.com@gmail.com","image":{"@type":"ImageObject","inLanguage":"en-GB","@id":"https:\/\/secure.gravatar.com\/avatar\/68592660ad6347fad0fb587f8d5d8f1a7b44961362f56e4f2cd524feb87e9069?s=96&d=mm&r=g","url":"https:\/\/secure.gravatar.com\/avatar\/68592660ad6347fad0fb587f8d5d8f1a7b44961362f56e4f2cd524feb87e9069?s=96&d=mm&r=g","contentUrl":"https:\/\/secure.gravatar.com\/avatar\/68592660ad6347fad0fb587f8d5d8f1a7b44961362f56e4f2cd524feb87e9069?s=96&d=mm&r=g","caption":"dmcsrbija.com@gmail.com"},"sameAs":["https:\/\/dmcsrb.com"],"url":"https:\/\/dmcsrb.com\/en\/author\/dmcsrbija-comgmail-com\/"}]}},"_links":{"self":[{"href":"https:\/\/dmcsrb.com\/en\/wp-json\/wp\/v2\/posts\/916007","targetHints":{"allow":["GET"]}}],"collection":[{"href":"https:\/\/dmcsrb.com\/en\/wp-json\/wp\/v2\/posts"}],"about":[{"href":"https:\/\/dmcsrb.com\/en\/wp-json\/wp\/v2\/types\/post"}],"author":[{"embeddable":true,"href":"https:\/\/dmcsrb.com\/en\/wp-json\/wp\/v2\/users\/1"}],"replies":[{"embeddable":true,"href":"https:\/\/dmcsrb.com\/en\/wp-json\/wp\/v2\/comments?post=916007"}],"version-history":[{"count":0,"href":"https:\/\/dmcsrb.com\/en\/wp-json\/wp\/v2\/posts\/916007\/revisions"}],"wp:featuredmedia":[{"embeddable":true,"href":"https:\/\/dmcsrb.com\/en\/wp-json\/wp\/v2\/media\/916008"}],"wp:attachment":[{"href":"https:\/\/dmcsrb.com\/en\/wp-json\/wp\/v2\/media?parent=916007"}],"wp:term":[{"taxonomy":"category","embeddable":true,"href":"https:\/\/dmcsrb.com\/en\/wp-json\/wp\/v2\/categories?post=916007"},{"taxonomy":"post_tag","embeddable":true,"href":"https:\/\/dmcsrb.com\/en\/wp-json\/wp\/v2\/tags?post=916007"},{"taxonomy":"naslovna","embeddable":true,"href":"https:\/\/dmcsrb.com\/en\/wp-json\/wp\/v2\/naslovna?post=916007"}],"curies":[{"name":"wp","href":"https:\/\/api.w.org\/{rel}","templated":true}]}}