{"id":915906,"date":"2025-12-26T17:00:00","date_gmt":"2025-12-26T16:00:00","guid":{"rendered":"https:\/\/dmcsrb.com\/uncategorized\/lidiji-djukanovic-urucena-zahvalnica-ju-djecji-dom-mladost-u-bijeloj\/"},"modified":"2025-12-26T17:00:00","modified_gmt":"2025-12-26T16:00:00","slug":"lidiji-djukanovic-urucena-zahvalnica-ju-djecji-dom-mladost-u-bijeloj","status":"publish","type":"post","link":"https:\/\/dmcsrb.com\/en\/drustvo\/lidiji-djukanovic-urucena-zahvalnica-ju-djecji-dom-mladost-u-bijeloj\/","title":{"rendered":"Lidiji \u0110ukanovi\u0107 uru\u010dena zahvalnica JU Dje\u010dji dom \u201cMladost\u201d u Bijeloj"},"content":{"rendered":"<p>Lidija \u0110ukanovi\u0107 supruga biv\u0161eg predsjednika Crne Gore Mila \u0110ukanovi\u0107a i ove godine je u susret novogodi\u0161njim praznicima posjetila JU Dje\u010dji dom \u201cMladost\u201d, nastavljaju\u0107i vi\u0161egodi\u0161nju saradnju na unapre\u0111enju kvaliteta \u017eivota djece u Ustanovi.<\/p>\n\n\n\n<p>Tom prilikom uru\u010dena joj je zahvalnica, za humani doprinos prema djeci li\u0161enoj roditeljskog staranja.<\/p>\n\n\n\n<p>\u0110ukanovi\u0107 je iskazala zadovoljstvo uspje\u0161nom saradnjom i visoko po\u0161tovanje za posve\u0107enost i zalaganje stru\u010dnih lica i osoblja Doma na \u010delu sa direktoricom Marelom Savi\u010b u obavljanju zahtjevnog i iznad svega, humanog posla.<\/p>\n\n\n\n<p>Direktorica Savi\u0107 je uz ponovljenu zahvalnost za podr\u0161ku koju godinama imaju od gospo\u0111e \u0110ukanovi\u0107 istakla da posebno prepoznaju i cijene pomo\u010b koja se pru\u017ea sa iskrenom namjerom i \u010dista srca.<\/p>","protected":false},"excerpt":{"rendered":"<p>Supruzi biv\u0161eg predsjednika Lidiji \u0110ukanovi\u0107 uru\u010dena zahvalnica JU Dje\u010dji dom \u201cMladost\u201d u Bijeloj, za humani doprinos prema djeci li\u0161enoj roditeljskog staranja<\/p>","protected":false},"author":1,"featured_media":915907,"comment_status":"open","ping_status":"open","sticky":false,"template":"","format":"standard","meta":{"_acf_changed":false,"footnotes":""},"categories":[2],"tags":[3682,4609,835,115],"naslovna":[],"class_list":["post-915906","post","type-post","status-publish","format-standard","has-post-thumbnail","hentry","category-drustvo","tag-djeciji-dom","tag-lidija-djukanovic","tag-milo-djukanovic","tag-nagrada"],"acf":[],"yoast_head":"<!-- This site is optimized with the Yoast SEO plugin v27.4 - https:\/\/yoast.com\/product\/yoast-seo-wordpress\/ -->\n<title>Lidiji \u0110ukanovi\u0107 uru\u010dena zahvalnica JU Dje\u010dji dom \u201cMladost\u201d u Bijeloj - dmcsrb.com<\/title>\n<meta name=\"robots\" content=\"index, follow, max-snippet:-1, max-image-preview:large, max-video-preview:-1\" \/>\n<link rel=\"canonical\" href=\"https:\/\/dmcsrb.com\/en\/drustvo\/lidiji-djukanovic-urucena-zahvalnica-ju-djecji-dom-mladost-u-bijeloj\/\" \/>\n<meta property=\"og:locale\" content=\"en_GB\" \/>\n<meta property=\"og:type\" content=\"article\" \/>\n<meta property=\"og:title\" content=\"Lidiji \u0110ukanovi\u0107 uru\u010dena zahvalnica JU Dje\u010dji dom \u201cMladost\u201d u Bijeloj - dmcsrb.com\" \/>\n<meta property=\"og:description\" content=\"Supruzi biv\u0161eg predsjednika Lidiji \u0110ukanovi\u0107 uru\u010dena zahvalnica JU Dje\u010dji dom \u201cMladost\u201d u Bijeloj, za humani doprinos prema djeci li\u0161enoj roditeljskog staranja\" \/>\n<meta property=\"og:url\" content=\"https:\/\/dmcsrb.com\/en\/drustvo\/lidiji-djukanovic-urucena-zahvalnica-ju-djecji-dom-mladost-u-bijeloj\/\" \/>\n<meta property=\"og:site_name\" content=\"dmcsrb.com\" \/>\n<meta property=\"article:published_time\" content=\"2025-12-26T16:00:00+00:00\" \/>\n<meta property=\"og:image\" content=\"https:\/\/dmcsrb.com\/wp-content\/uploads\/2026\/01\/Lidija-DJukanovic.jpeg\" \/>\n\t<meta property=\"og:image:width\" content=\"960\" \/>\n\t<meta property=\"og:image:height\" content=\"1280\" \/>\n\t<meta property=\"og:image:type\" content=\"image\/jpeg\" \/>\n<meta name=\"author\" content=\"dmcsrbija.com@gmail.com\" \/>\n<meta name=\"twitter:card\" content=\"summary_large_image\" \/>\n<meta name=\"twitter:label1\" content=\"Written by\" \/>\n\t<meta name=\"twitter:data1\" content=\"dmcsrbija.com@gmail.com\" \/>\n\t<meta name=\"twitter:label2\" content=\"Estimated reading time\" \/>\n\t<meta name=\"twitter:data2\" content=\"1 minute\" \/>\n<script type=\"application\/ld+json\" class=\"yoast-schema-graph\">{\"@context\":\"https:\\\/\\\/schema.org\",\"@graph\":[{\"@type\":\"Article\",\"@id\":\"https:\\\/\\\/dmcsrb.com\\\/en\\\/drustvo\\\/lidiji-djukanovic-urucena-zahvalnica-ju-djecji-dom-mladost-u-bijeloj\\\/#article\",\"isPartOf\":{\"@id\":\"https:\\\/\\\/dmcsrb.com\\\/en\\\/drustvo\\\/lidiji-djukanovic-urucena-zahvalnica-ju-djecji-dom-mladost-u-bijeloj\\\/\"},\"author\":{\"name\":\"dmcsrbija.com@gmail.com\",\"@id\":\"https:\\\/\\\/dmcsrb.com\\\/#\\\/schema\\\/person\\\/5c39170f12db1b8b457732d0b5c854e2\"},\"headline\":\"Lidiji \u0110ukanovi\u0107 uru\u010dena zahvalnica JU Dje\u010dji dom \u201cMladost\u201d u Bijeloj\",\"datePublished\":\"2025-12-26T16:00:00+00:00\",\"mainEntityOfPage\":{\"@id\":\"https:\\\/\\\/dmcsrb.com\\\/en\\\/drustvo\\\/lidiji-djukanovic-urucena-zahvalnica-ju-djecji-dom-mladost-u-bijeloj\\\/\"},\"wordCount\":137,\"commentCount\":0,\"image\":{\"@id\":\"https:\\\/\\\/dmcsrb.com\\\/en\\\/drustvo\\\/lidiji-djukanovic-urucena-zahvalnica-ju-djecji-dom-mladost-u-bijeloj\\\/#primaryimage\"},\"thumbnailUrl\":\"https:\\\/\\\/dmcsrb.com\\\/wp-content\\\/uploads\\\/2026\\\/01\\\/Lidija-DJukanovic.jpeg\",\"keywords\":[\"dje\u010diji dom\",\"lidija \u0111ukanovi\u010d\",\"Milo \u0110ukanovi\u0107\",\"nagrada\"],\"articleSection\":[\"Dru\u0161tvo\"],\"inLanguage\":\"en-GB\",\"potentialAction\":[{\"@type\":\"CommentAction\",\"name\":\"Comment\",\"target\":[\"https:\\\/\\\/dmcsrb.com\\\/en\\\/drustvo\\\/lidiji-djukanovic-urucena-zahvalnica-ju-djecji-dom-mladost-u-bijeloj\\\/#respond\"]}]},{\"@type\":\"WebPage\",\"@id\":\"https:\\\/\\\/dmcsrb.com\\\/en\\\/drustvo\\\/lidiji-djukanovic-urucena-zahvalnica-ju-djecji-dom-mladost-u-bijeloj\\\/\",\"url\":\"https:\\\/\\\/dmcsrb.com\\\/en\\\/drustvo\\\/lidiji-djukanovic-urucena-zahvalnica-ju-djecji-dom-mladost-u-bijeloj\\\/\",\"name\":\"Lidiji \u0110ukanovi\u0107 uru\u010dena zahvalnica JU Dje\u010dji dom \u201cMladost\u201d u Bijeloj - dmcsrb.com\",\"isPartOf\":{\"@id\":\"https:\\\/\\\/dmcsrb.com\\\/#website\"},\"primaryImageOfPage\":{\"@id\":\"https:\\\/\\\/dmcsrb.com\\\/en\\\/drustvo\\\/lidiji-djukanovic-urucena-zahvalnica-ju-djecji-dom-mladost-u-bijeloj\\\/#primaryimage\"},\"image\":{\"@id\":\"https:\\\/\\\/dmcsrb.com\\\/en\\\/drustvo\\\/lidiji-djukanovic-urucena-zahvalnica-ju-djecji-dom-mladost-u-bijeloj\\\/#primaryimage\"},\"thumbnailUrl\":\"https:\\\/\\\/dmcsrb.com\\\/wp-content\\\/uploads\\\/2026\\\/01\\\/Lidija-DJukanovic.jpeg\",\"datePublished\":\"2025-12-26T16:00:00+00:00\",\"author\":{\"@id\":\"https:\\\/\\\/dmcsrb.com\\\/#\\\/schema\\\/person\\\/5c39170f12db1b8b457732d0b5c854e2\"},\"breadcrumb\":{\"@id\":\"https:\\\/\\\/dmcsrb.com\\\/en\\\/drustvo\\\/lidiji-djukanovic-urucena-zahvalnica-ju-djecji-dom-mladost-u-bijeloj\\\/#breadcrumb\"},\"inLanguage\":\"en-GB\",\"potentialAction\":[{\"@type\":\"ReadAction\",\"target\":[\"https:\\\/\\\/dmcsrb.com\\\/en\\\/drustvo\\\/lidiji-djukanovic-urucena-zahvalnica-ju-djecji-dom-mladost-u-bijeloj\\\/\"]}]},{\"@type\":\"ImageObject\",\"inLanguage\":\"en-GB\",\"@id\":\"https:\\\/\\\/dmcsrb.com\\\/en\\\/drustvo\\\/lidiji-djukanovic-urucena-zahvalnica-ju-djecji-dom-mladost-u-bijeloj\\\/#primaryimage\",\"url\":\"https:\\\/\\\/dmcsrb.com\\\/wp-content\\\/uploads\\\/2026\\\/01\\\/Lidija-DJukanovic.jpeg\",\"contentUrl\":\"https:\\\/\\\/dmcsrb.com\\\/wp-content\\\/uploads\\\/2026\\\/01\\\/Lidija-DJukanovic.jpeg\",\"width\":960,\"height\":1280},{\"@type\":\"BreadcrumbList\",\"@id\":\"https:\\\/\\\/dmcsrb.com\\\/en\\\/drustvo\\\/lidiji-djukanovic-urucena-zahvalnica-ju-djecji-dom-mladost-u-bijeloj\\\/#breadcrumb\",\"itemListElement\":[{\"@type\":\"ListItem\",\"position\":1,\"name\":\"Home\",\"item\":\"https:\\\/\\\/dmcsrb.com\\\/\"},{\"@type\":\"ListItem\",\"position\":2,\"name\":\"Lidiji \u0110ukanovi\u0107 uru\u010dena zahvalnica JU Dje\u010dji dom \u201cMladost\u201d u Bijeloj\"}]},{\"@type\":\"WebSite\",\"@id\":\"https:\\\/\\\/dmcsrb.com\\\/#website\",\"url\":\"https:\\\/\\\/dmcsrb.com\\\/\",\"name\":\"dmcsrb.com\",\"description\":\"\",\"potentialAction\":[{\"@type\":\"SearchAction\",\"target\":{\"@type\":\"EntryPoint\",\"urlTemplate\":\"https:\\\/\\\/dmcsrb.com\\\/?s={search_term_string}\"},\"query-input\":{\"@type\":\"PropertyValueSpecification\",\"valueRequired\":true,\"valueName\":\"search_term_string\"}}],\"inLanguage\":\"en-GB\"},{\"@type\":\"Person\",\"@id\":\"https:\\\/\\\/dmcsrb.com\\\/#\\\/schema\\\/person\\\/5c39170f12db1b8b457732d0b5c854e2\",\"name\":\"dmcsrbija.com@gmail.com\",\"image\":{\"@type\":\"ImageObject\",\"inLanguage\":\"en-GB\",\"@id\":\"https:\\\/\\\/secure.gravatar.com\\\/avatar\\\/68592660ad6347fad0fb587f8d5d8f1a7b44961362f56e4f2cd524feb87e9069?s=96&d=mm&r=g\",\"url\":\"https:\\\/\\\/secure.gravatar.com\\\/avatar\\\/68592660ad6347fad0fb587f8d5d8f1a7b44961362f56e4f2cd524feb87e9069?s=96&d=mm&r=g\",\"contentUrl\":\"https:\\\/\\\/secure.gravatar.com\\\/avatar\\\/68592660ad6347fad0fb587f8d5d8f1a7b44961362f56e4f2cd524feb87e9069?s=96&d=mm&r=g\",\"caption\":\"dmcsrbija.com@gmail.com\"},\"sameAs\":[\"https:\\\/\\\/dmcsrb.com\"],\"url\":\"https:\\\/\\\/dmcsrb.com\\\/en\\\/author\\\/dmcsrbija-comgmail-com\\\/\"}]}<\/script>\n<!-- \/ Yoast SEO plugin. -->","yoast_head_json":{"title":"Lidiji \u0110ukanovi\u0107 uru\u010dena zahvalnica JU Dje\u010dji dom \u201cMladost\u201d u Bijeloj - dmcsrb.com","robots":{"index":"index","follow":"follow","max-snippet":"max-snippet:-1","max-image-preview":"max-image-preview:large","max-video-preview":"max-video-preview:-1"},"canonical":"https:\/\/dmcsrb.com\/en\/drustvo\/lidiji-djukanovic-urucena-zahvalnica-ju-djecji-dom-mladost-u-bijeloj\/","og_locale":"en_GB","og_type":"article","og_title":"Lidiji \u0110ukanovi\u0107 uru\u010dena zahvalnica JU Dje\u010dji dom \u201cMladost\u201d u Bijeloj - dmcsrb.com","og_description":"Supruzi biv\u0161eg predsjednika Lidiji \u0110ukanovi\u0107 uru\u010dena zahvalnica JU Dje\u010dji dom \u201cMladost\u201d u Bijeloj, za humani doprinos prema djeci li\u0161enoj roditeljskog staranja","og_url":"https:\/\/dmcsrb.com\/en\/drustvo\/lidiji-djukanovic-urucena-zahvalnica-ju-djecji-dom-mladost-u-bijeloj\/","og_site_name":"dmcsrb.com","article_published_time":"2025-12-26T16:00:00+00:00","og_image":[{"width":960,"height":1280,"url":"https:\/\/dmcsrb.com\/wp-content\/uploads\/2026\/01\/Lidija-DJukanovic.jpeg","type":"image\/jpeg"}],"author":"dmcsrbija.com@gmail.com","twitter_card":"summary_large_image","twitter_misc":{"Written by":"dmcsrbija.com@gmail.com","Estimated reading time":"1 minute"},"schema":{"@context":"https:\/\/schema.org","@graph":[{"@type":"Article","@id":"https:\/\/dmcsrb.com\/en\/drustvo\/lidiji-djukanovic-urucena-zahvalnica-ju-djecji-dom-mladost-u-bijeloj\/#article","isPartOf":{"@id":"https:\/\/dmcsrb.com\/en\/drustvo\/lidiji-djukanovic-urucena-zahvalnica-ju-djecji-dom-mladost-u-bijeloj\/"},"author":{"name":"dmcsrbija.com@gmail.com","@id":"https:\/\/dmcsrb.com\/#\/schema\/person\/5c39170f12db1b8b457732d0b5c854e2"},"headline":"Lidiji \u0110ukanovi\u0107 uru\u010dena zahvalnica JU Dje\u010dji dom \u201cMladost\u201d u Bijeloj","datePublished":"2025-12-26T16:00:00+00:00","mainEntityOfPage":{"@id":"https:\/\/dmcsrb.com\/en\/drustvo\/lidiji-djukanovic-urucena-zahvalnica-ju-djecji-dom-mladost-u-bijeloj\/"},"wordCount":137,"commentCount":0,"image":{"@id":"https:\/\/dmcsrb.com\/en\/drustvo\/lidiji-djukanovic-urucena-zahvalnica-ju-djecji-dom-mladost-u-bijeloj\/#primaryimage"},"thumbnailUrl":"https:\/\/dmcsrb.com\/wp-content\/uploads\/2026\/01\/Lidija-DJukanovic.jpeg","keywords":["dje\u010diji dom","lidija \u0111ukanovi\u010d","Milo \u0110ukanovi\u0107","nagrada"],"articleSection":["Dru\u0161tvo"],"inLanguage":"en-GB","potentialAction":[{"@type":"CommentAction","name":"Comment","target":["https:\/\/dmcsrb.com\/en\/drustvo\/lidiji-djukanovic-urucena-zahvalnica-ju-djecji-dom-mladost-u-bijeloj\/#respond"]}]},{"@type":"WebPage","@id":"https:\/\/dmcsrb.com\/en\/drustvo\/lidiji-djukanovic-urucena-zahvalnica-ju-djecji-dom-mladost-u-bijeloj\/","url":"https:\/\/dmcsrb.com\/en\/drustvo\/lidiji-djukanovic-urucena-zahvalnica-ju-djecji-dom-mladost-u-bijeloj\/","name":"Lidiji \u0110ukanovi\u0107 uru\u010dena zahvalnica JU Dje\u010dji dom \u201cMladost\u201d u Bijeloj - dmcsrb.com","isPartOf":{"@id":"https:\/\/dmcsrb.com\/#website"},"primaryImageOfPage":{"@id":"https:\/\/dmcsrb.com\/en\/drustvo\/lidiji-djukanovic-urucena-zahvalnica-ju-djecji-dom-mladost-u-bijeloj\/#primaryimage"},"image":{"@id":"https:\/\/dmcsrb.com\/en\/drustvo\/lidiji-djukanovic-urucena-zahvalnica-ju-djecji-dom-mladost-u-bijeloj\/#primaryimage"},"thumbnailUrl":"https:\/\/dmcsrb.com\/wp-content\/uploads\/2026\/01\/Lidija-DJukanovic.jpeg","datePublished":"2025-12-26T16:00:00+00:00","author":{"@id":"https:\/\/dmcsrb.com\/#\/schema\/person\/5c39170f12db1b8b457732d0b5c854e2"},"breadcrumb":{"@id":"https:\/\/dmcsrb.com\/en\/drustvo\/lidiji-djukanovic-urucena-zahvalnica-ju-djecji-dom-mladost-u-bijeloj\/#breadcrumb"},"inLanguage":"en-GB","potentialAction":[{"@type":"ReadAction","target":["https:\/\/dmcsrb.com\/en\/drustvo\/lidiji-djukanovic-urucena-zahvalnica-ju-djecji-dom-mladost-u-bijeloj\/"]}]},{"@type":"ImageObject","inLanguage":"en-GB","@id":"https:\/\/dmcsrb.com\/en\/drustvo\/lidiji-djukanovic-urucena-zahvalnica-ju-djecji-dom-mladost-u-bijeloj\/#primaryimage","url":"https:\/\/dmcsrb.com\/wp-content\/uploads\/2026\/01\/Lidija-DJukanovic.jpeg","contentUrl":"https:\/\/dmcsrb.com\/wp-content\/uploads\/2026\/01\/Lidija-DJukanovic.jpeg","width":960,"height":1280},{"@type":"BreadcrumbList","@id":"https:\/\/dmcsrb.com\/en\/drustvo\/lidiji-djukanovic-urucena-zahvalnica-ju-djecji-dom-mladost-u-bijeloj\/#breadcrumb","itemListElement":[{"@type":"ListItem","position":1,"name":"Home","item":"https:\/\/dmcsrb.com\/"},{"@type":"ListItem","position":2,"name":"Lidiji \u0110ukanovi\u0107 uru\u010dena zahvalnica JU Dje\u010dji dom \u201cMladost\u201d u Bijeloj"}]},{"@type":"WebSite","@id":"https:\/\/dmcsrb.com\/#website","url":"https:\/\/dmcsrb.com\/","name":"dmcsrb.com","description":"","potentialAction":[{"@type":"SearchAction","target":{"@type":"EntryPoint","urlTemplate":"https:\/\/dmcsrb.com\/?s={search_term_string}"},"query-input":{"@type":"PropertyValueSpecification","valueRequired":true,"valueName":"search_term_string"}}],"inLanguage":"en-GB"},{"@type":"Person","@id":"https:\/\/dmcsrb.com\/#\/schema\/person\/5c39170f12db1b8b457732d0b5c854e2","name":"dmcsrbija.com@gmail.com","image":{"@type":"ImageObject","inLanguage":"en-GB","@id":"https:\/\/secure.gravatar.com\/avatar\/68592660ad6347fad0fb587f8d5d8f1a7b44961362f56e4f2cd524feb87e9069?s=96&d=mm&r=g","url":"https:\/\/secure.gravatar.com\/avatar\/68592660ad6347fad0fb587f8d5d8f1a7b44961362f56e4f2cd524feb87e9069?s=96&d=mm&r=g","contentUrl":"https:\/\/secure.gravatar.com\/avatar\/68592660ad6347fad0fb587f8d5d8f1a7b44961362f56e4f2cd524feb87e9069?s=96&d=mm&r=g","caption":"dmcsrbija.com@gmail.com"},"sameAs":["https:\/\/dmcsrb.com"],"url":"https:\/\/dmcsrb.com\/en\/author\/dmcsrbija-comgmail-com\/"}]}},"_links":{"self":[{"href":"https:\/\/dmcsrb.com\/en\/wp-json\/wp\/v2\/posts\/915906","targetHints":{"allow":["GET"]}}],"collection":[{"href":"https:\/\/dmcsrb.com\/en\/wp-json\/wp\/v2\/posts"}],"about":[{"href":"https:\/\/dmcsrb.com\/en\/wp-json\/wp\/v2\/types\/post"}],"author":[{"embeddable":true,"href":"https:\/\/dmcsrb.com\/en\/wp-json\/wp\/v2\/users\/1"}],"replies":[{"embeddable":true,"href":"https:\/\/dmcsrb.com\/en\/wp-json\/wp\/v2\/comments?post=915906"}],"version-history":[{"count":0,"href":"https:\/\/dmcsrb.com\/en\/wp-json\/wp\/v2\/posts\/915906\/revisions"}],"wp:featuredmedia":[{"embeddable":true,"href":"https:\/\/dmcsrb.com\/en\/wp-json\/wp\/v2\/media\/915907"}],"wp:attachment":[{"href":"https:\/\/dmcsrb.com\/en\/wp-json\/wp\/v2\/media?parent=915906"}],"wp:term":[{"taxonomy":"category","embeddable":true,"href":"https:\/\/dmcsrb.com\/en\/wp-json\/wp\/v2\/categories?post=915906"},{"taxonomy":"post_tag","embeddable":true,"href":"https:\/\/dmcsrb.com\/en\/wp-json\/wp\/v2\/tags?post=915906"},{"taxonomy":"naslovna","embeddable":true,"href":"https:\/\/dmcsrb.com\/en\/wp-json\/wp\/v2\/naslovna?post=915906"}],"curies":[{"name":"wp","href":"https:\/\/api.w.org\/{rel}","templated":true}]}}