{"id":915873,"date":"2025-12-26T10:25:00","date_gmt":"2025-12-26T09:25:00","guid":{"rendered":"https:\/\/dmcsrb.com\/uncategorized\/istorijska-godina-za-drzavni-arhiv-crne-gore-najveci-iskorak-od-osnivanja-rezultati-od-nacionalnog-znacaja\/"},"modified":"2025-12-26T10:25:00","modified_gmt":"2025-12-26T09:25:00","slug":"istorijska-godina-za-drzavni-arhiv-crne-gore-najveci-iskorak-od-osnivanja-rezultati-od-nacionalnog-znacaja","status":"publish","type":"post","link":"https:\/\/dmcsrb.com\/en\/drustvo\/istorijska-godina-za-drzavni-arhiv-crne-gore-najveci-iskorak-od-osnivanja-rezultati-od-nacionalnog-znacaja\/","title":{"rendered":"Istorijska godina za Dr\u017eavni arhiv Crne Gore: Najve\u0107i iskorak od osnivanja, rezultati od nacionalnog zna\u010daja"},"content":{"rendered":"<p><\/p>\n\n\n\n<p>Direktor Dr\u017eavnog arhiva Crne Gore Danilo Mrvaljevi\u0107 ocijenio je da su 2025. obilje\u017eile aktivnosti koje su instituciju sna\u017eno pozicionirali u javnosti i potvrdili njen razvoj na vi\u0161e nivoa.<\/p>\n\n\n\n<p>\u201eGodina za nama predstavlja prekretnicu u istoriji Dr\u017eavnog arhiva Crne Gore. Povratak crnogorske arhivske gra\u0111e iz Be\u010da nakon vi\u0161e od vijeka nije samo va\u017ean trenutak za na\u0161u instituciju, ve\u0107 doga\u0111aj od trajne vrijednosti za crnogorsku istoriju i identitet, odnosno povratak dijela na\u0161eg dr\u017eavnog pam\u0107enja. U ovoj godini unaprijedili smo organizacionu strukturu, standard i procese rada i u\u010dinili arhivsku gra\u0111u dostupnijom javnosti i istra\u017eiva\u010dima, uz sna\u017ean odjek na\u0161ih programa kroz saradnje u zemlji i inostranstvu. Ponosni smo \u0161to je Dr\u017eavni arhiv Crne Gore danas prepoznat kao savremena ustanova koja \u010duva najvrijednije tragove pro\u0161losti, a istovremeno aktivno doprinosi kulturi i znanju dr\u017eave. Ovi uspjesi obavezuju nas da nastavimo istim intenzitetom, sa jasnom vizijom razvoja i odgovorno\u0161\u0107u prema gra\u0111i koju \u010duvamo i generacijama koje dolaze\u201c, kazao je Mrvaljevi\u0107.<\/p>\n\n\n\n<p><strong>Istorijski trenutak &#8211; povratak crnogorske arhivske gra\u0111e iz Be\u010da<\/strong><\/p>\n\n\n\n<p>Jedan od najzna\u010dajnijih doga\u0111aja 2025. godine, ali i u cjelokupnoj istoriji DACG, jeste povratak arhivske gra\u0111e iz Be\u010da nakon vi\u0161e od jednog vijeka, koja predstavlja nezamjenjiv izvor za razumijevanje politi\u010dkog, administrativnog i dru\u0161tvenog razvoja Crne Gore u klju\u010dnom periodu njene istorije. U junu, u Austrijskom dr\u017eavnom arhivu sve\u010dano je potpisan akt o primopredaji gra\u0111e nastale radom institucija Knja\u017eevine i Kraljevine Crne Gore iz perioda 1906\u20131916. Na sve\u010danoj prezentaciji preuzete gra\u0111e u novembru, u Vladinom domu na Cetinju, direktor DACG Danilo Mrvaljevi\u0107 i generalni direktor Austrijskog dr\u017eavnog arhiva dr Helmut Vonut potpisali su i Sporazum o saradnji, \u010dime je formalizovano partnerstvo i otvoren prostor za dalju razmjenu gra\u0111e i stru\u010dnih iskustava.<\/p>\n\n\n\n<p>Dodatno, Dr\u017eavni arhiv Crne Gore je Biskupiji kotorskoj, Crkvi sv. Ivana Krstitelja u Budvi, vratio mati\u010dne knjige iz perioda XVIII\u2013XX vijeka, koje su nakon zemljotresa 1979. bile samo privremeno preuzete radi za\u0161tite. Nakon vi\u0161edecenijskog \u010dekanja,&nbsp;mati\u010dne knjige su kona\u010dno vra\u0107ene \u010dime je DACG pokazao profesionalnu odgovornost i po\u0161tovanje prema stvaraocima gra\u0111e.<\/p>\n\n\n\n<p><strong>\u201eNe\u0111elja arhiva\u201c \u2013 manifestacija koja je o\u017eivjela arhivsku ba\u0161tinu<\/strong><\/p>\n\n\n\n<p>Manifestacija \u201eNe\u0111elja arhiva\u201c, odr\u017eana od 26. do 30. maja \u0161irom Crne Gore, bila je jedan od najuspje\u0161nijih projekata Dr\u017eavnog arhiva u ovoj godini. Kroz vi\u0161e od sto doga\u0111aja u 21 gradu okupila je hiljade gra\u0111ana i potvrdila Arhiv kao \u017eiv prostor susreta sa istorijom, uz izlo\u017ebe u\u017eivo i online, stru\u010dna predavanja, promocije publikacija i edukativne programe. Posebno su zapa\u017eene izlo\u017ebe \u201eU\u010diteljska \u0161kola Cetinje 1922\u20131945\u201c, \u201ePrivreda u Ro\u017eajama\u201c, postavka \u201eJevto Miletin Nikoli\u0107\u201c u Nik\u0161i\u0107u i retrospektiva Arhivskog odsjeka Ulcinj, kao i internet izlo\u017ebe \u201eSreski Narodni odbor Titograd 1945\u20131959\u201c i \u201eU\u010diteljsko dru\u0161tvo u Baru 1919\u20131935\u201c. U okviru manifestacije, u saradnji sa Nacionalnom bibliotekom Crne Gore \u201e\u0110ur\u0111e Crnojevi\u0107\u201d i Narodnim muzejem Crne Gore, 28. i 29. maja na Cetinju je odr\u017eana i V me\u0111unarodna konferencija bibliotekara, arhivista i muzealaca &#8211; LAM 2025. Konferencija je okupila na desetine autora iz regiona.<\/p>\n\n\n\n<p>\u201e<strong>Dani Milo\u0161a Milo\u0161evi\u0107a<\/strong>&#8220;<strong> &#8211; novo poglavlje nau\u010dne saradnje<\/strong><\/p>\n\n\n\n<p>U saradnji sa Op\u0161tinom Kotor, DACG je 6. i 7. novembra organizovao me\u0111unarodni nau\u010dno-stru\u010dni skup \u201eDani Milo\u0161a Milo\u0161evi\u0107a\u201c, posve\u0107en imenu i naslje\u0111u dr Milo\u0161a Milo\u0161evi\u0107a, kao i nau\u010dnoj valorizaciji kulturnog naslje\u0111a Boke Kotorske nakon zemljotresa 1979. godine i vrednovanju dokumentarnog naslje\u0111a kroz istra\u017eivanja, prezentacije, digitalizaciju i me\u0111uinstitucionalnu saradnju. Na skupu je u\u010destvovalo 35 autora iz vi\u0161e zemalja regiona i Evropske unije. Nadovezuju\u0107i se na raniji skup \u201eMilo\u0161 Milo\u0161evi\u0107 i kulturna tradicija Boke\u201c, ova manifestacija postavila je &nbsp;temelj da se ubudu\u0107e odr\u017eava svake druge godine, kao trajni prostor okupljanja stru\u010dnjaka i predstavljanja najnovijih istra\u017eivanja u oblasti arhivske djelatnosti i kulturno-istorijske ba\u0161tine.<\/p>\n\n\n\n<p><strong>Me\u0111unarodna saradnja na najvi\u0161im nivoima<\/strong><\/p>\n\n\n\n<p>U oblasti me\u0111unarodne saradnje, DACG je ostvario izuzetne rezultate koji su instituciju postavili na mapu najzna\u010dajnijih arhivskih centara. Predstavnici Arhiva u\u010destvovali su na globalnoj konferenciji RootsTech u SAD, gdje su otvoreni razgovori o saradnji u digitalizaciji sa FamilySearch International, najve\u0107om genealo\u0161kom organizacijom na svijetu, a zatim je uslijedila i posjeta delegacije ove organizacije Crnoj Gori. Tako\u0111e, Direktor DACG Danilo Mrvaljevi\u0107 po prvi je put prisustvovao sastanku Evropskog odbora nacionalnih arhivista (EBNA) u Var\u0161avi, kao i Kongresu Me\u0111unarodnog arhivskog savjeta \u2013 ICA Congress Barcelona 2025, \u010dime je dodatno osna\u017eeno u\u010de\u0161\u0107e Crne Gore u me\u0111unarodnim temama savremene arhivistike. Pored navedenih doga\u0111aja na najvi\u0161em nivou, vi\u0161e slu\u017ebenika DACG je tokom 2025. u\u010destvovalo i na brojnim konferencijama, seminarima, stru\u010dnim obukama i nau\u010dnim skupovima u zemlji i inostranstvu, doprinose\u0107i kontinuiranom stru\u010dnom usavr\u0161avanju i razmjeni iskustava.<\/p>\n\n\n\n<p>Istovremeno, unaprije\u0111ena je saradnja sa udru\u017eenjima i nacionalnim zajednicama Crnogoraca u regionu, s ciljem ja\u010danja veza sa dijasporom i podr\u0161ke o\u010duvanju crnogorske kulture, tradicije, jezika i identiteta.<\/p>\n\n\n\n<p>Zna\u010dajne sporazume o saradnji DACG je potpisao sa Dr\u017eavnim arhivom Republike Sjeverne Makedonije, nakon zajedni\u010dkih izlo\u017ebenih projekata u Podgorici i Skoplju; zatim je potpisan i Sporazum o nau\u010dnoj i istra\u017eiva\u010dkoj saradnji sa Hrvatskim institutom za povijest u Zagrebu, uz planove za zajedni\u010dke projekte, razmjenu stru\u010dnjaka i publikacije.<\/p>\n\n\n\n<p>Tokom godine, u okviru ja\u010danja saradnje u Crnoj Gori, potpisani su i memorandumi o saradnji sa Savezom udru\u017eenja boraca NOR-a i antifa\u0161ista Crne Gore (SUBNOR-A), zatim Zajednicom Italijana Crne Gore, koji se odnosi na realizaciju velike me\u0111unarodne izlo\u017ebe \u201eItalija i Crna Gora \u2013 dvije zemlje sa zajedni\u010dkim Jadranom\u201c, posve\u0107ene predstavljanju kulturnih veza, zajedni\u010dke istorije i naslje\u0111a dvije zemlje na jadranskom prostoru. Tako\u0111e je potpisan Memorandum o saradnji sa Fakultetom likovnih umjetnosti Univerziteta Crne Gore, kojim je predvi\u0111ena razmjena stru\u010dnih iskustava i zajedni\u010dka realizacija programa u oblasti za\u0161tite i prezentacije kulturne ba\u0161tine. Posebno je zna\u010dajno \u0161to \u0107e studenti FLU sa programa konzervacija i restauracija od februara 2026. zapo\u010deti stru\u010dnu praksu u Odjeljenju za tehni\u010dku za\u0161titu arhivske gra\u0111e, \u010dime se stvaraju uslovi za sistematsko osposobljavanje novog kadra u oblasti konzervacije i ja\u010danje kapaciteta Arhiva za budu\u0107nost.<\/p>\n\n\n\n<p><strong>Izdava\u010dka djelatnost i promocija kulturne ba\u0161tine<\/strong><\/p>\n\n\n\n<p>U 2025. godini sna\u017ean pe\u010dat ostavila je izdava\u010dka i prezentaciona djelatnost DACG, koja je arhivsku gra\u0111u pribli\u017eila javnosti kroz izlo\u017ebe, promocije i nastupe na manifestacijama posve\u0107enim knjizi i znanju. Tokom godine realizovane su promocije zbornika \u201eIzvje\u0161taji Mitra Baki\u0107a, crnogorskog poslanika u Carigradu\u201c, knjige III i IV, u Zagrebu, Podgorici i Beranama. Uskoro u \u0161tampu ulazi i peta knjiga, \u010dime \u0107e biti zaokru\u017een va\u017ean projekat objavljivanja izvje\u0161taja Mitra Baki\u0107a, crnogorskog poslanika u Carigradu.<\/p>\n\n\n\n<p>DACG je tako\u0111e jedan od izdava\u010da kapitalnog enciklopedijskog djela \u201ePovijest Crkve I\u201c autorke dr sc. Lenke Blechove \u010celebi\u0107, predstavljenog u septembru u Katedrali Svetog Tripuna u Kotoru, kao i crnogorskog izdanja \u201cIstorija Crkve I\u201d iste autorke, dok je u novembru promovisan i zbornik \u201eOkru\u017eni komitet KPJ Cetinje u NOR-u 1941\u20131945\u201c, knjiga I i II.<\/p>\n\n\n\n<p>U okviru kontinuiranog sistematskog objavljivanja arhivske gra\u0111e, promovisan je i zbornik dokumenata \u201ePodgori\u010dka banka 1904\u20131949\u201c, koji donosi vrijedne izvore o razvoju jedne od klju\u010dnih finansijskih institucija u Crnoj Gori, osnovane 1904. godine kao druge banke u zemlji, nakon nik\u0161i\u0107ke iz 1901.<\/p>\n\n\n\n<p>DACG je svoja izdanja predstavio na 19. Me\u0111unarodnom podgori\u010dkom sajmu knjiga i obrazovanja, Me\u0111unarodnom festivalu knji\u017eevnosti u Podgorici, te po prvi put na 68. Me\u0111unarodnom beogradskom sajmu knjiga, promovi\u0161u\u0107i bogatu izdava\u010dku djelatnost od ukupno preko 50 izdanja koja svjedo\u010de o kulturnom i istorijskom naslje\u0111u Crne Gore.<\/p>\n\n\n\n<p><strong>Izlo\u017ebe i kulturne manifestacije \u0161irom regiona<\/strong><\/p>\n\n\n\n<p>U godini za nama, DACG je realizovao i brojne izlo\u017ebe dokumenata i tematske postavke u zemlji i inostranstvu. Izlo\u017eba \u201eKonzularna predstavni\u0161tva Crne Gore 1880\u20131914\u201c, autora mr Vukote Vukoti\u0107a i Jelene Nikoli\u0107, predstavljena je u Tirani u okviru Sedmice crnogorske kulture u Albaniji, potom u Kotoru na otvaranju Festivala knjige FesKK, kao i u Skoplju povodom obilje\u017eavanja Njego\u0161evog dana, crnogorskog praznika kulture. Dodatno, u okviru obilje\u017eavanja praznika, DACG je u saradnji sa Ambasadom Crne Gore u Hrvatskoj u\u010destvovao i u programu u Zagrebu, gdje je u Novinarskom domu predstavljena video-prezentacija \u201eVeze Crne Gore i Hrvatske tokom revolucije 1848\/49\u201c, koju je pripremio i izlo\u017eio arhivski savjetnik mr Vukota Vukoti\u0107.<\/p>\n\n\n\n<p>Na Cetinju je, u saradnji sa Dr\u017eavnim arhivom Republike Sjeverne Makedonije, otvorena izlo\u017eba \u201eASNOM \u2013 Izraz suverene volje makedonskog naroda\u201c, dok je u decembru, povodom 120 godina od dono\u0161enja Ustava za Knja\u017eevinu Crnu Goru iz 1905, na Pravnom fakultetu UCG otvorena izlo\u017eba \u201eUstavi Crne Gore\u201c, autora direktora DACG Danila Mrvaljevi\u0107a. Na izlo\u017ebi su predstavljeni originali ustava koji se \u010duvaju u DACG, kao i dokumenta ustupljena od Nacionalne biblioteke Crne Gore \u201e\u0110ur\u0111e Crnojevi\u0107\u201c i Skup\u0161tine Crne Gore.<\/p>\n\n\n\n<p><strong>Infrastrukturni iskoraci i bolji uslovi za za\u0161titu gra\u0111e<\/strong><\/p>\n\n\n\n<p>Kroz intenzivne radove i pripremu razvojnih projekata, DACG je tokom godine zna\u010dajno unaprijedio uslove za \u010duvanje arhivske gra\u0111e i podigao nivo usluga korisnicima u vi\u0161e arhivskih jedinica. Sanacijom kompletnog objekta u Beranama i unapre\u0111enjem uslova rada u arhivskom odsjeku Kotor, ure\u0111enjem i renoviranjem radnih prostorija, oja\u010dani su infrastrukturni kapaciteti institucije. Na Cetinju su pokrenute pripremne aktivnosti i izrada nove projektne dokumentacije za izgradnju savremene arhivske zgrade planiranne u jubilarnoj 2026 godini, kada Arhiv ulazi u 75 godinu od svog osnivanja. Paralelno, obnovom i ure\u0111enjem centralnog hola zgrade sjedi\u0161ta Arhiva na Cetinju dodatno je osna\u017eena institucionalna prepoznatljivost i nagla\u0161en kontinuitet arhivske tradicije.<\/p>\n\n\n\n<p>U cilju pobolj\u0161anja uslova rada na konzervaciji i restauraciji, iz Njema\u010dke je, za Odjeljenje za tehni\u010dku za\u0161titu arhivske gra\u0111e nabavljen savremeni mobilni ekstraktor ili otpra\u0161iva\u010d u vrijednosti od preko 6 hiljada eura.<\/p>\n\n\n\n<p>Na inicijativu direktora Danila Mrvaljevi\u0107a, Dr\u017eavni arhiv je na kraju godine uputio zahvalnost koleginicama i kolegama koji su svoj radni vijek posvetili Arhivu, a kojima je tokom 2025. godine prestao radni odnos zbog odlaska u penziju. Mrvaljevi\u0107 im je tom prilikom uru\u010dio zahvalnice kao &nbsp;i prigodne poklone u znak po\u0161tovanja za njihov doprinos struci i razvoju Arhiva.<\/p>\n\n\n\n<p>Zahvaliv\u0161i se svima koji su podr\u017eali rad institucije, Mrvaljevi\u0107 je najavio nastavak uspje\u0161nih aktivnosti u 2026. godini, kada \u0107e Dr\u017eavni arhiv obilje\u017eiti niz zna\u010dajnih jubileja koji \u0107e dodatno u\u010dvrstiti njegovu poziciju kao klju\u010dne institucije u o\u010duvanju crnogorskog kulturno-istorijskog naslje\u0111a i nacionalnog identiteta.<\/p>","protected":false},"excerpt":{"rendered":"<p>Dr\u017eavni arhiv Crne Gore uspje\u0161no privodi kraju 2025. godinu koju su obilje\u017eili va\u017eni iskoraci i izuzetni rezultati koji, po obimu i zna\u010daju, predstavljaju najzna\u010dajniji period u istoriji institucije od osnivanja 1951. godine. Tokom godine organizovano je ukupno 14 izlo\u017ebi i prezentacija arhivske gra\u0111e &#8211; 11 u Crnoj Gori i tri u inostranstvu; objavljeno je pet izdanja, a \u0161esto je u pripremi i uskoro ulazi u \u0161tampu. Kroz niz uspje\u0161nih projekata, me\u0111unarodnih partnerstava, publikacija te manifestacija koje su okupile hiljade gra\u0111ana, Dr\u017eavni arhiv Crne Gore (DACG) potvrdio je svoju ulogu klju\u010dne institucije u o\u010duvanju nacionalnog identiteta i kulturno-istorijskog naslje\u0111a, navodi se u saop\u0161tenju.<\/p>","protected":false},"author":1,"featured_media":915874,"comment_status":"open","ping_status":"open","sticky":false,"template":"","format":"standard","meta":{"_acf_changed":false,"footnotes":""},"categories":[2],"tags":[2477,4571,4572],"naslovna":[],"class_list":["post-915873","post","type-post","status-publish","format-standard","has-post-thumbnail","hentry","category-drustvo","tag-danilo-mrvaljevic","tag-drzavni-arhiv","tag-istorijska-godina"],"acf":[],"yoast_head":"<!-- This site is optimized with the Yoast SEO plugin v27.4 - https:\/\/yoast.com\/product\/yoast-seo-wordpress\/ -->\n<title>Istorijska godina za Dr\u017eavni arhiv Crne Gore: Najve\u0107i iskorak od osnivanja, rezultati od nacionalnog zna\u010daja - dmcsrb.com<\/title>\n<meta name=\"robots\" content=\"index, follow, max-snippet:-1, max-image-preview:large, max-video-preview:-1\" \/>\n<link rel=\"canonical\" href=\"https:\/\/dmcsrb.com\/en\/drustvo\/istorijska-godina-za-drzavni-arhiv-crne-gore-najveci-iskorak-od-osnivanja-rezultati-od-nacionalnog-znacaja\/\" \/>\n<meta property=\"og:locale\" content=\"en_GB\" \/>\n<meta property=\"og:type\" content=\"article\" \/>\n<meta property=\"og:title\" content=\"Istorijska godina za Dr\u017eavni arhiv Crne Gore: Najve\u0107i iskorak od osnivanja, rezultati od nacionalnog zna\u010daja - dmcsrb.com\" \/>\n<meta property=\"og:description\" content=\"Dr\u017eavni arhiv Crne Gore uspje\u0161no privodi kraju 2025. godinu koju su obilje\u017eili va\u017eni iskoraci i izuzetni rezultati koji, po obimu i zna\u010daju, predstavljaju najzna\u010dajniji period u istoriji institucije od osnivanja 1951. godine. Tokom godine organizovano je ukupno 14 izlo\u017ebi i prezentacija arhivske gra\u0111e - 11 u Crnoj Gori i tri u inostranstvu; objavljeno je pet izdanja, a \u0161esto je u pripremi i uskoro ulazi u \u0161tampu. Kroz niz uspje\u0161nih projekata, me\u0111unarodnih partnerstava, publikacija te manifestacija koje su okupile hiljade gra\u0111ana, Dr\u017eavni arhiv Crne Gore (DACG) potvrdio je svoju ulogu klju\u010dne institucije u o\u010duvanju nacionalnog identiteta i kulturno-istorijskog naslje\u0111a, navodi se u saop\u0161tenju.\" \/>\n<meta property=\"og:url\" content=\"https:\/\/dmcsrb.com\/en\/drustvo\/istorijska-godina-za-drzavni-arhiv-crne-gore-najveci-iskorak-od-osnivanja-rezultati-od-nacionalnog-znacaja\/\" \/>\n<meta property=\"og:site_name\" content=\"dmcsrb.com\" \/>\n<meta property=\"article:published_time\" content=\"2025-12-26T09:25:00+00:00\" \/>\n<meta property=\"og:image\" content=\"https:\/\/dmcsrb.com\/wp-content\/uploads\/2026\/01\/Glavna-slika.jpg\" \/>\n\t<meta property=\"og:image:width\" content=\"1280\" \/>\n\t<meta property=\"og:image:height\" content=\"942\" \/>\n\t<meta property=\"og:image:type\" content=\"image\/jpeg\" \/>\n<meta name=\"author\" content=\"dmcsrbija.com@gmail.com\" \/>\n<meta name=\"twitter:card\" content=\"summary_large_image\" \/>\n<meta name=\"twitter:label1\" content=\"Written by\" \/>\n\t<meta name=\"twitter:data1\" content=\"dmcsrbija.com@gmail.com\" \/>\n\t<meta name=\"twitter:label2\" content=\"Estimated reading time\" \/>\n\t<meta name=\"twitter:data2\" content=\"9 minutes\" \/>\n<script type=\"application\/ld+json\" class=\"yoast-schema-graph\">{\"@context\":\"https:\\\/\\\/schema.org\",\"@graph\":[{\"@type\":\"Article\",\"@id\":\"https:\\\/\\\/dmcsrb.com\\\/drustvo\\\/istorijska-godina-za-drzavni-arhiv-crne-gore-najveci-iskorak-od-osnivanja-rezultati-od-nacionalnog-znacaja\\\/#article\",\"isPartOf\":{\"@id\":\"https:\\\/\\\/dmcsrb.com\\\/drustvo\\\/istorijska-godina-za-drzavni-arhiv-crne-gore-najveci-iskorak-od-osnivanja-rezultati-od-nacionalnog-znacaja\\\/\"},\"author\":{\"name\":\"dmcsrbija.com@gmail.com\",\"@id\":\"https:\\\/\\\/dmcsrb.com\\\/#\\\/schema\\\/person\\\/5c39170f12db1b8b457732d0b5c854e2\"},\"headline\":\"Istorijska godina za Dr\u017eavni arhiv Crne Gore: Najve\u0107i iskorak od osnivanja, rezultati od nacionalnog zna\u010daja\",\"datePublished\":\"2025-12-26T09:25:00+00:00\",\"mainEntityOfPage\":{\"@id\":\"https:\\\/\\\/dmcsrb.com\\\/drustvo\\\/istorijska-godina-za-drzavni-arhiv-crne-gore-najveci-iskorak-od-osnivanja-rezultati-od-nacionalnog-znacaja\\\/\"},\"wordCount\":1802,\"commentCount\":0,\"image\":{\"@id\":\"https:\\\/\\\/dmcsrb.com\\\/drustvo\\\/istorijska-godina-za-drzavni-arhiv-crne-gore-najveci-iskorak-od-osnivanja-rezultati-od-nacionalnog-znacaja\\\/#primaryimage\"},\"thumbnailUrl\":\"https:\\\/\\\/dmcsrb.com\\\/wp-content\\\/uploads\\\/2026\\\/01\\\/Glavna-slika.jpg\",\"keywords\":[\"Danilo Mrvaljevi\u0107\",\"Dr\u017eavni arhiv\",\"istorijska godina\"],\"articleSection\":[\"Dru\u0161tvo\"],\"inLanguage\":\"en-GB\",\"potentialAction\":[{\"@type\":\"CommentAction\",\"name\":\"Comment\",\"target\":[\"https:\\\/\\\/dmcsrb.com\\\/drustvo\\\/istorijska-godina-za-drzavni-arhiv-crne-gore-najveci-iskorak-od-osnivanja-rezultati-od-nacionalnog-znacaja\\\/#respond\"]}]},{\"@type\":\"WebPage\",\"@id\":\"https:\\\/\\\/dmcsrb.com\\\/drustvo\\\/istorijska-godina-za-drzavni-arhiv-crne-gore-najveci-iskorak-od-osnivanja-rezultati-od-nacionalnog-znacaja\\\/\",\"url\":\"https:\\\/\\\/dmcsrb.com\\\/drustvo\\\/istorijska-godina-za-drzavni-arhiv-crne-gore-najveci-iskorak-od-osnivanja-rezultati-od-nacionalnog-znacaja\\\/\",\"name\":\"Istorijska godina za Dr\u017eavni arhiv Crne Gore: Najve\u0107i iskorak od osnivanja, rezultati od nacionalnog zna\u010daja - dmcsrb.com\",\"isPartOf\":{\"@id\":\"https:\\\/\\\/dmcsrb.com\\\/#website\"},\"primaryImageOfPage\":{\"@id\":\"https:\\\/\\\/dmcsrb.com\\\/drustvo\\\/istorijska-godina-za-drzavni-arhiv-crne-gore-najveci-iskorak-od-osnivanja-rezultati-od-nacionalnog-znacaja\\\/#primaryimage\"},\"image\":{\"@id\":\"https:\\\/\\\/dmcsrb.com\\\/drustvo\\\/istorijska-godina-za-drzavni-arhiv-crne-gore-najveci-iskorak-od-osnivanja-rezultati-od-nacionalnog-znacaja\\\/#primaryimage\"},\"thumbnailUrl\":\"https:\\\/\\\/dmcsrb.com\\\/wp-content\\\/uploads\\\/2026\\\/01\\\/Glavna-slika.jpg\",\"datePublished\":\"2025-12-26T09:25:00+00:00\",\"author\":{\"@id\":\"https:\\\/\\\/dmcsrb.com\\\/#\\\/schema\\\/person\\\/5c39170f12db1b8b457732d0b5c854e2\"},\"breadcrumb\":{\"@id\":\"https:\\\/\\\/dmcsrb.com\\\/drustvo\\\/istorijska-godina-za-drzavni-arhiv-crne-gore-najveci-iskorak-od-osnivanja-rezultati-od-nacionalnog-znacaja\\\/#breadcrumb\"},\"inLanguage\":\"en-GB\",\"potentialAction\":[{\"@type\":\"ReadAction\",\"target\":[\"https:\\\/\\\/dmcsrb.com\\\/drustvo\\\/istorijska-godina-za-drzavni-arhiv-crne-gore-najveci-iskorak-od-osnivanja-rezultati-od-nacionalnog-znacaja\\\/\"]}]},{\"@type\":\"ImageObject\",\"inLanguage\":\"en-GB\",\"@id\":\"https:\\\/\\\/dmcsrb.com\\\/drustvo\\\/istorijska-godina-za-drzavni-arhiv-crne-gore-najveci-iskorak-od-osnivanja-rezultati-od-nacionalnog-znacaja\\\/#primaryimage\",\"url\":\"https:\\\/\\\/dmcsrb.com\\\/wp-content\\\/uploads\\\/2026\\\/01\\\/Glavna-slika.jpg\",\"contentUrl\":\"https:\\\/\\\/dmcsrb.com\\\/wp-content\\\/uploads\\\/2026\\\/01\\\/Glavna-slika.jpg\",\"width\":1280,\"height\":942},{\"@type\":\"BreadcrumbList\",\"@id\":\"https:\\\/\\\/dmcsrb.com\\\/drustvo\\\/istorijska-godina-za-drzavni-arhiv-crne-gore-najveci-iskorak-od-osnivanja-rezultati-od-nacionalnog-znacaja\\\/#breadcrumb\",\"itemListElement\":[{\"@type\":\"ListItem\",\"position\":1,\"name\":\"Home\",\"item\":\"https:\\\/\\\/dmcsrb.com\\\/\"},{\"@type\":\"ListItem\",\"position\":2,\"name\":\"Istorijska godina za Dr\u017eavni arhiv Crne Gore: Najve\u0107i iskorak od osnivanja, rezultati od nacionalnog zna\u010daja\"}]},{\"@type\":\"WebSite\",\"@id\":\"https:\\\/\\\/dmcsrb.com\\\/#website\",\"url\":\"https:\\\/\\\/dmcsrb.com\\\/\",\"name\":\"dmcsrb.com\",\"description\":\"\",\"potentialAction\":[{\"@type\":\"SearchAction\",\"target\":{\"@type\":\"EntryPoint\",\"urlTemplate\":\"https:\\\/\\\/dmcsrb.com\\\/?s={search_term_string}\"},\"query-input\":{\"@type\":\"PropertyValueSpecification\",\"valueRequired\":true,\"valueName\":\"search_term_string\"}}],\"inLanguage\":\"en-GB\"},{\"@type\":\"Person\",\"@id\":\"https:\\\/\\\/dmcsrb.com\\\/#\\\/schema\\\/person\\\/5c39170f12db1b8b457732d0b5c854e2\",\"name\":\"dmcsrbija.com@gmail.com\",\"image\":{\"@type\":\"ImageObject\",\"inLanguage\":\"en-GB\",\"@id\":\"https:\\\/\\\/secure.gravatar.com\\\/avatar\\\/68592660ad6347fad0fb587f8d5d8f1a7b44961362f56e4f2cd524feb87e9069?s=96&d=mm&r=g\",\"url\":\"https:\\\/\\\/secure.gravatar.com\\\/avatar\\\/68592660ad6347fad0fb587f8d5d8f1a7b44961362f56e4f2cd524feb87e9069?s=96&d=mm&r=g\",\"contentUrl\":\"https:\\\/\\\/secure.gravatar.com\\\/avatar\\\/68592660ad6347fad0fb587f8d5d8f1a7b44961362f56e4f2cd524feb87e9069?s=96&d=mm&r=g\",\"caption\":\"dmcsrbija.com@gmail.com\"},\"sameAs\":[\"https:\\\/\\\/dmcsrb.com\"],\"url\":\"https:\\\/\\\/dmcsrb.com\\\/en\\\/author\\\/dmcsrbija-comgmail-com\\\/\"}]}<\/script>\n<!-- \/ Yoast SEO plugin. -->","yoast_head_json":{"title":"Istorijska godina za Dr\u017eavni arhiv Crne Gore: Najve\u0107i iskorak od osnivanja, rezultati od nacionalnog zna\u010daja - dmcsrb.com","robots":{"index":"index","follow":"follow","max-snippet":"max-snippet:-1","max-image-preview":"max-image-preview:large","max-video-preview":"max-video-preview:-1"},"canonical":"https:\/\/dmcsrb.com\/en\/drustvo\/istorijska-godina-za-drzavni-arhiv-crne-gore-najveci-iskorak-od-osnivanja-rezultati-od-nacionalnog-znacaja\/","og_locale":"en_GB","og_type":"article","og_title":"Istorijska godina za Dr\u017eavni arhiv Crne Gore: Najve\u0107i iskorak od osnivanja, rezultati od nacionalnog zna\u010daja - dmcsrb.com","og_description":"Dr\u017eavni arhiv Crne Gore uspje\u0161no privodi kraju 2025. godinu koju su obilje\u017eili va\u017eni iskoraci i izuzetni rezultati koji, po obimu i zna\u010daju, predstavljaju najzna\u010dajniji period u istoriji institucije od osnivanja 1951. godine. Tokom godine organizovano je ukupno 14 izlo\u017ebi i prezentacija arhivske gra\u0111e - 11 u Crnoj Gori i tri u inostranstvu; objavljeno je pet izdanja, a \u0161esto je u pripremi i uskoro ulazi u \u0161tampu. Kroz niz uspje\u0161nih projekata, me\u0111unarodnih partnerstava, publikacija te manifestacija koje su okupile hiljade gra\u0111ana, Dr\u017eavni arhiv Crne Gore (DACG) potvrdio je svoju ulogu klju\u010dne institucije u o\u010duvanju nacionalnog identiteta i kulturno-istorijskog naslje\u0111a, navodi se u saop\u0161tenju.","og_url":"https:\/\/dmcsrb.com\/en\/drustvo\/istorijska-godina-za-drzavni-arhiv-crne-gore-najveci-iskorak-od-osnivanja-rezultati-od-nacionalnog-znacaja\/","og_site_name":"dmcsrb.com","article_published_time":"2025-12-26T09:25:00+00:00","og_image":[{"width":1280,"height":942,"url":"https:\/\/dmcsrb.com\/wp-content\/uploads\/2026\/01\/Glavna-slika.jpg","type":"image\/jpeg"}],"author":"dmcsrbija.com@gmail.com","twitter_card":"summary_large_image","twitter_misc":{"Written by":"dmcsrbija.com@gmail.com","Estimated reading time":"9 minutes"},"schema":{"@context":"https:\/\/schema.org","@graph":[{"@type":"Article","@id":"https:\/\/dmcsrb.com\/drustvo\/istorijska-godina-za-drzavni-arhiv-crne-gore-najveci-iskorak-od-osnivanja-rezultati-od-nacionalnog-znacaja\/#article","isPartOf":{"@id":"https:\/\/dmcsrb.com\/drustvo\/istorijska-godina-za-drzavni-arhiv-crne-gore-najveci-iskorak-od-osnivanja-rezultati-od-nacionalnog-znacaja\/"},"author":{"name":"dmcsrbija.com@gmail.com","@id":"https:\/\/dmcsrb.com\/#\/schema\/person\/5c39170f12db1b8b457732d0b5c854e2"},"headline":"Istorijska godina za Dr\u017eavni arhiv Crne Gore: Najve\u0107i iskorak od osnivanja, rezultati od nacionalnog zna\u010daja","datePublished":"2025-12-26T09:25:00+00:00","mainEntityOfPage":{"@id":"https:\/\/dmcsrb.com\/drustvo\/istorijska-godina-za-drzavni-arhiv-crne-gore-najveci-iskorak-od-osnivanja-rezultati-od-nacionalnog-znacaja\/"},"wordCount":1802,"commentCount":0,"image":{"@id":"https:\/\/dmcsrb.com\/drustvo\/istorijska-godina-za-drzavni-arhiv-crne-gore-najveci-iskorak-od-osnivanja-rezultati-od-nacionalnog-znacaja\/#primaryimage"},"thumbnailUrl":"https:\/\/dmcsrb.com\/wp-content\/uploads\/2026\/01\/Glavna-slika.jpg","keywords":["Danilo Mrvaljevi\u0107","Dr\u017eavni arhiv","istorijska godina"],"articleSection":["Dru\u0161tvo"],"inLanguage":"en-GB","potentialAction":[{"@type":"CommentAction","name":"Comment","target":["https:\/\/dmcsrb.com\/drustvo\/istorijska-godina-za-drzavni-arhiv-crne-gore-najveci-iskorak-od-osnivanja-rezultati-od-nacionalnog-znacaja\/#respond"]}]},{"@type":"WebPage","@id":"https:\/\/dmcsrb.com\/drustvo\/istorijska-godina-za-drzavni-arhiv-crne-gore-najveci-iskorak-od-osnivanja-rezultati-od-nacionalnog-znacaja\/","url":"https:\/\/dmcsrb.com\/drustvo\/istorijska-godina-za-drzavni-arhiv-crne-gore-najveci-iskorak-od-osnivanja-rezultati-od-nacionalnog-znacaja\/","name":"Istorijska godina za Dr\u017eavni arhiv Crne Gore: Najve\u0107i iskorak od osnivanja, rezultati od nacionalnog zna\u010daja - dmcsrb.com","isPartOf":{"@id":"https:\/\/dmcsrb.com\/#website"},"primaryImageOfPage":{"@id":"https:\/\/dmcsrb.com\/drustvo\/istorijska-godina-za-drzavni-arhiv-crne-gore-najveci-iskorak-od-osnivanja-rezultati-od-nacionalnog-znacaja\/#primaryimage"},"image":{"@id":"https:\/\/dmcsrb.com\/drustvo\/istorijska-godina-za-drzavni-arhiv-crne-gore-najveci-iskorak-od-osnivanja-rezultati-od-nacionalnog-znacaja\/#primaryimage"},"thumbnailUrl":"https:\/\/dmcsrb.com\/wp-content\/uploads\/2026\/01\/Glavna-slika.jpg","datePublished":"2025-12-26T09:25:00+00:00","author":{"@id":"https:\/\/dmcsrb.com\/#\/schema\/person\/5c39170f12db1b8b457732d0b5c854e2"},"breadcrumb":{"@id":"https:\/\/dmcsrb.com\/drustvo\/istorijska-godina-za-drzavni-arhiv-crne-gore-najveci-iskorak-od-osnivanja-rezultati-od-nacionalnog-znacaja\/#breadcrumb"},"inLanguage":"en-GB","potentialAction":[{"@type":"ReadAction","target":["https:\/\/dmcsrb.com\/drustvo\/istorijska-godina-za-drzavni-arhiv-crne-gore-najveci-iskorak-od-osnivanja-rezultati-od-nacionalnog-znacaja\/"]}]},{"@type":"ImageObject","inLanguage":"en-GB","@id":"https:\/\/dmcsrb.com\/drustvo\/istorijska-godina-za-drzavni-arhiv-crne-gore-najveci-iskorak-od-osnivanja-rezultati-od-nacionalnog-znacaja\/#primaryimage","url":"https:\/\/dmcsrb.com\/wp-content\/uploads\/2026\/01\/Glavna-slika.jpg","contentUrl":"https:\/\/dmcsrb.com\/wp-content\/uploads\/2026\/01\/Glavna-slika.jpg","width":1280,"height":942},{"@type":"BreadcrumbList","@id":"https:\/\/dmcsrb.com\/drustvo\/istorijska-godina-za-drzavni-arhiv-crne-gore-najveci-iskorak-od-osnivanja-rezultati-od-nacionalnog-znacaja\/#breadcrumb","itemListElement":[{"@type":"ListItem","position":1,"name":"Home","item":"https:\/\/dmcsrb.com\/"},{"@type":"ListItem","position":2,"name":"Istorijska godina za Dr\u017eavni arhiv Crne Gore: Najve\u0107i iskorak od osnivanja, rezultati od nacionalnog zna\u010daja"}]},{"@type":"WebSite","@id":"https:\/\/dmcsrb.com\/#website","url":"https:\/\/dmcsrb.com\/","name":"dmcsrb.com","description":"","potentialAction":[{"@type":"SearchAction","target":{"@type":"EntryPoint","urlTemplate":"https:\/\/dmcsrb.com\/?s={search_term_string}"},"query-input":{"@type":"PropertyValueSpecification","valueRequired":true,"valueName":"search_term_string"}}],"inLanguage":"en-GB"},{"@type":"Person","@id":"https:\/\/dmcsrb.com\/#\/schema\/person\/5c39170f12db1b8b457732d0b5c854e2","name":"dmcsrbija.com@gmail.com","image":{"@type":"ImageObject","inLanguage":"en-GB","@id":"https:\/\/secure.gravatar.com\/avatar\/68592660ad6347fad0fb587f8d5d8f1a7b44961362f56e4f2cd524feb87e9069?s=96&d=mm&r=g","url":"https:\/\/secure.gravatar.com\/avatar\/68592660ad6347fad0fb587f8d5d8f1a7b44961362f56e4f2cd524feb87e9069?s=96&d=mm&r=g","contentUrl":"https:\/\/secure.gravatar.com\/avatar\/68592660ad6347fad0fb587f8d5d8f1a7b44961362f56e4f2cd524feb87e9069?s=96&d=mm&r=g","caption":"dmcsrbija.com@gmail.com"},"sameAs":["https:\/\/dmcsrb.com"],"url":"https:\/\/dmcsrb.com\/en\/author\/dmcsrbija-comgmail-com\/"}]}},"_links":{"self":[{"href":"https:\/\/dmcsrb.com\/en\/wp-json\/wp\/v2\/posts\/915873","targetHints":{"allow":["GET"]}}],"collection":[{"href":"https:\/\/dmcsrb.com\/en\/wp-json\/wp\/v2\/posts"}],"about":[{"href":"https:\/\/dmcsrb.com\/en\/wp-json\/wp\/v2\/types\/post"}],"author":[{"embeddable":true,"href":"https:\/\/dmcsrb.com\/en\/wp-json\/wp\/v2\/users\/1"}],"replies":[{"embeddable":true,"href":"https:\/\/dmcsrb.com\/en\/wp-json\/wp\/v2\/comments?post=915873"}],"version-history":[{"count":0,"href":"https:\/\/dmcsrb.com\/en\/wp-json\/wp\/v2\/posts\/915873\/revisions"}],"wp:featuredmedia":[{"embeddable":true,"href":"https:\/\/dmcsrb.com\/en\/wp-json\/wp\/v2\/media\/915874"}],"wp:attachment":[{"href":"https:\/\/dmcsrb.com\/en\/wp-json\/wp\/v2\/media?parent=915873"}],"wp:term":[{"taxonomy":"category","embeddable":true,"href":"https:\/\/dmcsrb.com\/en\/wp-json\/wp\/v2\/categories?post=915873"},{"taxonomy":"post_tag","embeddable":true,"href":"https:\/\/dmcsrb.com\/en\/wp-json\/wp\/v2\/tags?post=915873"},{"taxonomy":"naslovna","embeddable":true,"href":"https:\/\/dmcsrb.com\/en\/wp-json\/wp\/v2\/naslovna?post=915873"}],"curies":[{"name":"wp","href":"https:\/\/api.w.org\/{rel}","templated":true}]}}