{"id":915871,"date":"2025-12-26T12:07:00","date_gmt":"2025-12-26T11:07:00","guid":{"rendered":"https:\/\/dmcsrb.com\/uncategorized\/svecano-obiljezen-dan-pravnog-fakulteta\/"},"modified":"2025-12-26T12:07:00","modified_gmt":"2025-12-26T11:07:00","slug":"svecano-obiljezen-dan-pravnog-fakulteta","status":"publish","type":"post","link":"https:\/\/dmcsrb.com\/en\/podgorica\/svecano-obiljezen-dan-pravnog-fakulteta\/","title":{"rendered":"Sve\u010dano obilje\u017een Dan Pravnog fakulteta"},"content":{"rendered":"<p>Program je otpo\u010deo izvo\u0111enjem dr\u017eavne himne Crne Gore, himne Evropske unije \u201eOda radosti\u201c i studentske himne \u201eGaudeamus igitur\u201c, u izvo\u0111enju hora Srednje muzi\u010dke \u0161kole \u201eVasa Pavi\u0107\u201c.<\/p>\n\n\n\n<p>Prisutnima se obratio dekan Pravnog fakulteta, Vladimir Savkovi\u0107, koji je ukazao na vi\u0161edecenijsku tradiciju Pravnog fakulteta, njegovu ulogu u obrazovanju generacija pravnika i zna\u010daj kontinuiranog ulaganja u znanje i akademsku izvrsnost. U svom obra\u0107anju, dekan Savkovi\u0107 je istakao sljede\u0107e: &#8220;Ova godi\u0161njica jeste povod za slavlje, ali je ujedno i prilika da jo\u0161 jednom odgovorno sagledamo na\u0161u, rekao bih, istorijsku ulogu u crnogorskom dru\u0161tvu, sada\u0161nje, kao i budu\u0107e izazove na tom planu, jer Pravni fakultet je od samog osnivanja bio vi\u0161e od obrazovne ustanove \u2013 bio je i ostao stub crnogorske pravne kulture, mjesto na kojem su oblikovani temelji na\u0161eg institucionalnog poretka i pravne svijesti.\u201d <\/p>\n\n\n\n<p>Dekan je dodao da je \u201cna tom dugom i zahtjevnom putu, bilo i uspona i padova, brojnih prepreka sa kojima su se nosile generacije prije na\u0161e.\u201d Ipak, kako je naglasio \u201cdanas s ponosom mo\u017eemo re\u0107i da je Pravni fakultet uvijek uspijevao da pru\u017ei sna\u017ean doprinos emancipaciji crnogorske dr\u017eave i dru\u0161tva. Taj doprinos, prije svega, ogledao se u \u0161kolovanju generacija pravnika koji su svojim profesionalnim integritetom, znanjem i odgovorno\u0161\u0107u prema javnom interesu u\u010dinili da Crna Gora danas bude jasno prepoznata kao dio evropskog i \u0161ireg, zapadnog civilizacijsko-pravnog kruga.&#8221; <\/p>\n\n\n\n<p>U okviru programa predstavljene su i izabrane besjede studenata Pravnog fakulteta. Prisutni su imali priliku da \u010duju besjedu studentkinje prve godine Anje Male\u0161i\u0107 \u2013 Besjedu Marka Bruta o ubistvu Cezara, zatim autorsku besjedu studenta druge godine Mihaila \u010coguri\u0107a na temu slobode govora, kao i autorsku besjedu studentkinje Teodore Stijepovi\u0107, posve\u0107enu crnogorskoj zastavi, koja je osvojila prvo mjesto na Smotri besjedni\u0161tva, ranije odr\u017eane na Pravnom fakultetu. Sve\u010dani dio obilje\u017eila je dodjela studentskih nagrada. Nagrade Komore javnih izvr\u0161itelja Crne Gore dodijeljene su studentima koji su u roku polo\u017eili sve ispite i ostvarili najbolje prosjeke u svojoj generaciji: Milici Komatini (prosjek 9,75), Nikoli Kova\u010devi\u0107u (prosjek 10,00) i Jani \u0110urovi\u0107 (prosjek 9,90). Nagrade je uru\u010dio gospodin Vidak Latkovi\u0107, predsjednik Komore javnih izvr\u0161itelja Crne Gore. <\/p>\n\n\n\n<p>Nagrada Advokatske komore Crne Gore pripala je Jani \u0110urovi\u0107, koja je osnovne studije zavr\u0161ila redovno sa prosjekom 9,89, najboljim u svojoj generaciji. Nagradu je, ispred Advokatske komore Crne Gore, uru\u010dio advokat Stefan Jovanovi\u0107. Nagradu Notarske komore Crne Gore za najbolji uspjeh na master studijama dobila je Katarina Danilovi\u0107, sa ostvarenim ukupnim prosjekom 9,67. <\/p>\n\n\n\n<p>Nagradu je uru\u010dio Darko \u0106uri\u0107, predsjednik Notarske komore Crne Gore. Dekan Pravnog fakulteta, prof. dr Vladimir Savkovi\u0107, uru\u010dio je i Dekanove nagrade najboljim studentima osnovnih studija. Za najbolji uspjeh u prvoj godini nagra\u0111ene su Ma\u0161a Stani\u0107 (prosjek 9,47), Ma\u0161a Ivanovi\u0107 (prosjek 9,57) i Milica Komatina (prosjek 9,75). Nagrade za drugu godinu studija dobili su Enita Softi\u0107 (prosjek 9,59), Iva Draga\u0161 (prosjek 9,72) i Nikola Kova\u010devi\u0107 (prosjek 9,88). Najbolji studenti tre\u0107e godine bili su Nina Nikoli\u0107 (prosjek 9,03), Na\u0111a Popovi\u0107 (prosjek 9,26) i Jana \u0110urovi\u0107 (prosjek 9,89). Sve\u010danost je zavr\u0161ena zajedni\u010dkom fotografijom nagra\u0111enih studenata i predstavnika institucija, kao i prigodnim koktelom u holu Fakulteta. Tradicionalnim obilje\u017eavanjem Dana Pravnog fakulteta jo\u0161 jednom je potvr\u0111ena posve\u0107enost ove ustanove njegovanju znanja, akademske izvrsnosti i studentskih uspjeha.<\/p>","protected":false},"excerpt":{"rendered":"<p>Na Pravnom fakultetu Univerziteta Crne Gore, uprili\u010dena je sve\u010danost povodom Dana Pravnog fakulteta, 25. decembra, na kojoj su prisustvovali brojni gosti iz reda pravni\u010dke profesije, profesori, studenti i prijatelji Pravnog fakulteta.<\/p>","protected":false},"author":1,"featured_media":915872,"comment_status":"open","ping_status":"open","sticky":false,"template":"","format":"standard","meta":{"_acf_changed":false,"footnotes":""},"categories":[56],"tags":[95,31,1745],"naslovna":[],"class_list":["post-915871","post","type-post","status-publish","format-standard","has-post-thumbnail","hentry","category-podgorica","tag-crna-gora","tag-podgorica","tag-pravni-fakultet"],"acf":[],"yoast_head":"<!-- This site is optimized with the Yoast SEO plugin v27.4 - https:\/\/yoast.com\/product\/yoast-seo-wordpress\/ -->\n<title>Sve\u010dano obilje\u017een Dan Pravnog fakulteta - dmcsrb.com<\/title>\n<meta name=\"robots\" content=\"index, follow, max-snippet:-1, max-image-preview:large, max-video-preview:-1\" \/>\n<link rel=\"canonical\" href=\"https:\/\/dmcsrb.com\/en\/podgorica\/svecano-obiljezen-dan-pravnog-fakulteta\/\" \/>\n<meta property=\"og:locale\" content=\"en_GB\" \/>\n<meta property=\"og:type\" content=\"article\" \/>\n<meta property=\"og:title\" content=\"Sve\u010dano obilje\u017een Dan Pravnog fakulteta - dmcsrb.com\" \/>\n<meta property=\"og:description\" content=\"Na Pravnom fakultetu Univerziteta Crne Gore, uprili\u010dena je sve\u010danost povodom Dana Pravnog fakulteta, 25. decembra, na kojoj su prisustvovali brojni gosti iz reda pravni\u010dke profesije, profesori, studenti i prijatelji Pravnog fakulteta.\" \/>\n<meta property=\"og:url\" content=\"https:\/\/dmcsrb.com\/en\/podgorica\/svecano-obiljezen-dan-pravnog-fakulteta\/\" \/>\n<meta property=\"og:site_name\" content=\"dmcsrb.com\" \/>\n<meta property=\"article:published_time\" content=\"2025-12-26T11:07:00+00:00\" \/>\n<meta property=\"og:image\" content=\"https:\/\/dmcsrb.com\/wp-content\/uploads\/2026\/01\/stud.jpg\" \/>\n\t<meta property=\"og:image:width\" content=\"1600\" \/>\n\t<meta property=\"og:image:height\" content=\"1136\" \/>\n\t<meta property=\"og:image:type\" content=\"image\/jpeg\" \/>\n<meta name=\"author\" content=\"dmcsrbija.com@gmail.com\" \/>\n<meta name=\"twitter:card\" content=\"summary_large_image\" \/>\n<meta name=\"twitter:label1\" content=\"Written by\" \/>\n\t<meta name=\"twitter:data1\" content=\"dmcsrbija.com@gmail.com\" \/>\n\t<meta name=\"twitter:label2\" content=\"Estimated reading time\" \/>\n\t<meta name=\"twitter:data2\" content=\"3 minutes\" \/>\n<script type=\"application\/ld+json\" class=\"yoast-schema-graph\">{\"@context\":\"https:\\\/\\\/schema.org\",\"@graph\":[{\"@type\":\"Article\",\"@id\":\"https:\\\/\\\/dmcsrb.com\\\/podgorica\\\/svecano-obiljezen-dan-pravnog-fakulteta\\\/#article\",\"isPartOf\":{\"@id\":\"https:\\\/\\\/dmcsrb.com\\\/podgorica\\\/svecano-obiljezen-dan-pravnog-fakulteta\\\/\"},\"author\":{\"name\":\"dmcsrbija.com@gmail.com\",\"@id\":\"https:\\\/\\\/dmcsrb.com\\\/#\\\/schema\\\/person\\\/5c39170f12db1b8b457732d0b5c854e2\"},\"headline\":\"Sve\u010dano obilje\u017een Dan Pravnog fakulteta\",\"datePublished\":\"2025-12-26T11:07:00+00:00\",\"mainEntityOfPage\":{\"@id\":\"https:\\\/\\\/dmcsrb.com\\\/podgorica\\\/svecano-obiljezen-dan-pravnog-fakulteta\\\/\"},\"wordCount\":558,\"commentCount\":0,\"image\":{\"@id\":\"https:\\\/\\\/dmcsrb.com\\\/podgorica\\\/svecano-obiljezen-dan-pravnog-fakulteta\\\/#primaryimage\"},\"thumbnailUrl\":\"https:\\\/\\\/dmcsrb.com\\\/wp-content\\\/uploads\\\/2026\\\/01\\\/stud.jpg\",\"keywords\":[\"Crna Gora\",\"Podgorica\",\"Pravni fakultet\"],\"articleSection\":[\"Podgorica\"],\"inLanguage\":\"en-GB\",\"potentialAction\":[{\"@type\":\"CommentAction\",\"name\":\"Comment\",\"target\":[\"https:\\\/\\\/dmcsrb.com\\\/podgorica\\\/svecano-obiljezen-dan-pravnog-fakulteta\\\/#respond\"]}]},{\"@type\":\"WebPage\",\"@id\":\"https:\\\/\\\/dmcsrb.com\\\/podgorica\\\/svecano-obiljezen-dan-pravnog-fakulteta\\\/\",\"url\":\"https:\\\/\\\/dmcsrb.com\\\/podgorica\\\/svecano-obiljezen-dan-pravnog-fakulteta\\\/\",\"name\":\"Sve\u010dano obilje\u017een Dan Pravnog fakulteta - dmcsrb.com\",\"isPartOf\":{\"@id\":\"https:\\\/\\\/dmcsrb.com\\\/#website\"},\"primaryImageOfPage\":{\"@id\":\"https:\\\/\\\/dmcsrb.com\\\/podgorica\\\/svecano-obiljezen-dan-pravnog-fakulteta\\\/#primaryimage\"},\"image\":{\"@id\":\"https:\\\/\\\/dmcsrb.com\\\/podgorica\\\/svecano-obiljezen-dan-pravnog-fakulteta\\\/#primaryimage\"},\"thumbnailUrl\":\"https:\\\/\\\/dmcsrb.com\\\/wp-content\\\/uploads\\\/2026\\\/01\\\/stud.jpg\",\"datePublished\":\"2025-12-26T11:07:00+00:00\",\"author\":{\"@id\":\"https:\\\/\\\/dmcsrb.com\\\/#\\\/schema\\\/person\\\/5c39170f12db1b8b457732d0b5c854e2\"},\"breadcrumb\":{\"@id\":\"https:\\\/\\\/dmcsrb.com\\\/podgorica\\\/svecano-obiljezen-dan-pravnog-fakulteta\\\/#breadcrumb\"},\"inLanguage\":\"en-GB\",\"potentialAction\":[{\"@type\":\"ReadAction\",\"target\":[\"https:\\\/\\\/dmcsrb.com\\\/podgorica\\\/svecano-obiljezen-dan-pravnog-fakulteta\\\/\"]}]},{\"@type\":\"ImageObject\",\"inLanguage\":\"en-GB\",\"@id\":\"https:\\\/\\\/dmcsrb.com\\\/podgorica\\\/svecano-obiljezen-dan-pravnog-fakulteta\\\/#primaryimage\",\"url\":\"https:\\\/\\\/dmcsrb.com\\\/wp-content\\\/uploads\\\/2026\\\/01\\\/stud.jpg\",\"contentUrl\":\"https:\\\/\\\/dmcsrb.com\\\/wp-content\\\/uploads\\\/2026\\\/01\\\/stud.jpg\",\"width\":1600,\"height\":1136},{\"@type\":\"BreadcrumbList\",\"@id\":\"https:\\\/\\\/dmcsrb.com\\\/podgorica\\\/svecano-obiljezen-dan-pravnog-fakulteta\\\/#breadcrumb\",\"itemListElement\":[{\"@type\":\"ListItem\",\"position\":1,\"name\":\"Home\",\"item\":\"https:\\\/\\\/dmcsrb.com\\\/\"},{\"@type\":\"ListItem\",\"position\":2,\"name\":\"Sve\u010dano obilje\u017een Dan Pravnog fakulteta\"}]},{\"@type\":\"WebSite\",\"@id\":\"https:\\\/\\\/dmcsrb.com\\\/#website\",\"url\":\"https:\\\/\\\/dmcsrb.com\\\/\",\"name\":\"dmcsrb.com\",\"description\":\"\",\"potentialAction\":[{\"@type\":\"SearchAction\",\"target\":{\"@type\":\"EntryPoint\",\"urlTemplate\":\"https:\\\/\\\/dmcsrb.com\\\/?s={search_term_string}\"},\"query-input\":{\"@type\":\"PropertyValueSpecification\",\"valueRequired\":true,\"valueName\":\"search_term_string\"}}],\"inLanguage\":\"en-GB\"},{\"@type\":\"Person\",\"@id\":\"https:\\\/\\\/dmcsrb.com\\\/#\\\/schema\\\/person\\\/5c39170f12db1b8b457732d0b5c854e2\",\"name\":\"dmcsrbija.com@gmail.com\",\"image\":{\"@type\":\"ImageObject\",\"inLanguage\":\"en-GB\",\"@id\":\"https:\\\/\\\/secure.gravatar.com\\\/avatar\\\/68592660ad6347fad0fb587f8d5d8f1a7b44961362f56e4f2cd524feb87e9069?s=96&d=mm&r=g\",\"url\":\"https:\\\/\\\/secure.gravatar.com\\\/avatar\\\/68592660ad6347fad0fb587f8d5d8f1a7b44961362f56e4f2cd524feb87e9069?s=96&d=mm&r=g\",\"contentUrl\":\"https:\\\/\\\/secure.gravatar.com\\\/avatar\\\/68592660ad6347fad0fb587f8d5d8f1a7b44961362f56e4f2cd524feb87e9069?s=96&d=mm&r=g\",\"caption\":\"dmcsrbija.com@gmail.com\"},\"sameAs\":[\"https:\\\/\\\/dmcsrb.com\"],\"url\":\"https:\\\/\\\/dmcsrb.com\\\/en\\\/author\\\/dmcsrbija-comgmail-com\\\/\"}]}<\/script>\n<!-- \/ Yoast SEO plugin. -->","yoast_head_json":{"title":"Sve\u010dano obilje\u017een Dan Pravnog fakulteta - dmcsrb.com","robots":{"index":"index","follow":"follow","max-snippet":"max-snippet:-1","max-image-preview":"max-image-preview:large","max-video-preview":"max-video-preview:-1"},"canonical":"https:\/\/dmcsrb.com\/en\/podgorica\/svecano-obiljezen-dan-pravnog-fakulteta\/","og_locale":"en_GB","og_type":"article","og_title":"Sve\u010dano obilje\u017een Dan Pravnog fakulteta - dmcsrb.com","og_description":"Na Pravnom fakultetu Univerziteta Crne Gore, uprili\u010dena je sve\u010danost povodom Dana Pravnog fakulteta, 25. decembra, na kojoj su prisustvovali brojni gosti iz reda pravni\u010dke profesije, profesori, studenti i prijatelji Pravnog fakulteta.","og_url":"https:\/\/dmcsrb.com\/en\/podgorica\/svecano-obiljezen-dan-pravnog-fakulteta\/","og_site_name":"dmcsrb.com","article_published_time":"2025-12-26T11:07:00+00:00","og_image":[{"width":1600,"height":1136,"url":"https:\/\/dmcsrb.com\/wp-content\/uploads\/2026\/01\/stud.jpg","type":"image\/jpeg"}],"author":"dmcsrbija.com@gmail.com","twitter_card":"summary_large_image","twitter_misc":{"Written by":"dmcsrbija.com@gmail.com","Estimated reading time":"3 minutes"},"schema":{"@context":"https:\/\/schema.org","@graph":[{"@type":"Article","@id":"https:\/\/dmcsrb.com\/podgorica\/svecano-obiljezen-dan-pravnog-fakulteta\/#article","isPartOf":{"@id":"https:\/\/dmcsrb.com\/podgorica\/svecano-obiljezen-dan-pravnog-fakulteta\/"},"author":{"name":"dmcsrbija.com@gmail.com","@id":"https:\/\/dmcsrb.com\/#\/schema\/person\/5c39170f12db1b8b457732d0b5c854e2"},"headline":"Sve\u010dano obilje\u017een Dan Pravnog fakulteta","datePublished":"2025-12-26T11:07:00+00:00","mainEntityOfPage":{"@id":"https:\/\/dmcsrb.com\/podgorica\/svecano-obiljezen-dan-pravnog-fakulteta\/"},"wordCount":558,"commentCount":0,"image":{"@id":"https:\/\/dmcsrb.com\/podgorica\/svecano-obiljezen-dan-pravnog-fakulteta\/#primaryimage"},"thumbnailUrl":"https:\/\/dmcsrb.com\/wp-content\/uploads\/2026\/01\/stud.jpg","keywords":["Crna Gora","Podgorica","Pravni fakultet"],"articleSection":["Podgorica"],"inLanguage":"en-GB","potentialAction":[{"@type":"CommentAction","name":"Comment","target":["https:\/\/dmcsrb.com\/podgorica\/svecano-obiljezen-dan-pravnog-fakulteta\/#respond"]}]},{"@type":"WebPage","@id":"https:\/\/dmcsrb.com\/podgorica\/svecano-obiljezen-dan-pravnog-fakulteta\/","url":"https:\/\/dmcsrb.com\/podgorica\/svecano-obiljezen-dan-pravnog-fakulteta\/","name":"Sve\u010dano obilje\u017een Dan Pravnog fakulteta - dmcsrb.com","isPartOf":{"@id":"https:\/\/dmcsrb.com\/#website"},"primaryImageOfPage":{"@id":"https:\/\/dmcsrb.com\/podgorica\/svecano-obiljezen-dan-pravnog-fakulteta\/#primaryimage"},"image":{"@id":"https:\/\/dmcsrb.com\/podgorica\/svecano-obiljezen-dan-pravnog-fakulteta\/#primaryimage"},"thumbnailUrl":"https:\/\/dmcsrb.com\/wp-content\/uploads\/2026\/01\/stud.jpg","datePublished":"2025-12-26T11:07:00+00:00","author":{"@id":"https:\/\/dmcsrb.com\/#\/schema\/person\/5c39170f12db1b8b457732d0b5c854e2"},"breadcrumb":{"@id":"https:\/\/dmcsrb.com\/podgorica\/svecano-obiljezen-dan-pravnog-fakulteta\/#breadcrumb"},"inLanguage":"en-GB","potentialAction":[{"@type":"ReadAction","target":["https:\/\/dmcsrb.com\/podgorica\/svecano-obiljezen-dan-pravnog-fakulteta\/"]}]},{"@type":"ImageObject","inLanguage":"en-GB","@id":"https:\/\/dmcsrb.com\/podgorica\/svecano-obiljezen-dan-pravnog-fakulteta\/#primaryimage","url":"https:\/\/dmcsrb.com\/wp-content\/uploads\/2026\/01\/stud.jpg","contentUrl":"https:\/\/dmcsrb.com\/wp-content\/uploads\/2026\/01\/stud.jpg","width":1600,"height":1136},{"@type":"BreadcrumbList","@id":"https:\/\/dmcsrb.com\/podgorica\/svecano-obiljezen-dan-pravnog-fakulteta\/#breadcrumb","itemListElement":[{"@type":"ListItem","position":1,"name":"Home","item":"https:\/\/dmcsrb.com\/"},{"@type":"ListItem","position":2,"name":"Sve\u010dano obilje\u017een Dan Pravnog fakulteta"}]},{"@type":"WebSite","@id":"https:\/\/dmcsrb.com\/#website","url":"https:\/\/dmcsrb.com\/","name":"dmcsrb.com","description":"","potentialAction":[{"@type":"SearchAction","target":{"@type":"EntryPoint","urlTemplate":"https:\/\/dmcsrb.com\/?s={search_term_string}"},"query-input":{"@type":"PropertyValueSpecification","valueRequired":true,"valueName":"search_term_string"}}],"inLanguage":"en-GB"},{"@type":"Person","@id":"https:\/\/dmcsrb.com\/#\/schema\/person\/5c39170f12db1b8b457732d0b5c854e2","name":"dmcsrbija.com@gmail.com","image":{"@type":"ImageObject","inLanguage":"en-GB","@id":"https:\/\/secure.gravatar.com\/avatar\/68592660ad6347fad0fb587f8d5d8f1a7b44961362f56e4f2cd524feb87e9069?s=96&d=mm&r=g","url":"https:\/\/secure.gravatar.com\/avatar\/68592660ad6347fad0fb587f8d5d8f1a7b44961362f56e4f2cd524feb87e9069?s=96&d=mm&r=g","contentUrl":"https:\/\/secure.gravatar.com\/avatar\/68592660ad6347fad0fb587f8d5d8f1a7b44961362f56e4f2cd524feb87e9069?s=96&d=mm&r=g","caption":"dmcsrbija.com@gmail.com"},"sameAs":["https:\/\/dmcsrb.com"],"url":"https:\/\/dmcsrb.com\/en\/author\/dmcsrbija-comgmail-com\/"}]}},"_links":{"self":[{"href":"https:\/\/dmcsrb.com\/en\/wp-json\/wp\/v2\/posts\/915871","targetHints":{"allow":["GET"]}}],"collection":[{"href":"https:\/\/dmcsrb.com\/en\/wp-json\/wp\/v2\/posts"}],"about":[{"href":"https:\/\/dmcsrb.com\/en\/wp-json\/wp\/v2\/types\/post"}],"author":[{"embeddable":true,"href":"https:\/\/dmcsrb.com\/en\/wp-json\/wp\/v2\/users\/1"}],"replies":[{"embeddable":true,"href":"https:\/\/dmcsrb.com\/en\/wp-json\/wp\/v2\/comments?post=915871"}],"version-history":[{"count":0,"href":"https:\/\/dmcsrb.com\/en\/wp-json\/wp\/v2\/posts\/915871\/revisions"}],"wp:featuredmedia":[{"embeddable":true,"href":"https:\/\/dmcsrb.com\/en\/wp-json\/wp\/v2\/media\/915872"}],"wp:attachment":[{"href":"https:\/\/dmcsrb.com\/en\/wp-json\/wp\/v2\/media?parent=915871"}],"wp:term":[{"taxonomy":"category","embeddable":true,"href":"https:\/\/dmcsrb.com\/en\/wp-json\/wp\/v2\/categories?post=915871"},{"taxonomy":"post_tag","embeddable":true,"href":"https:\/\/dmcsrb.com\/en\/wp-json\/wp\/v2\/tags?post=915871"},{"taxonomy":"naslovna","embeddable":true,"href":"https:\/\/dmcsrb.com\/en\/wp-json\/wp\/v2\/naslovna?post=915871"}],"curies":[{"name":"wp","href":"https:\/\/api.w.org\/{rel}","templated":true}]}}