{"id":915796,"date":"2025-12-25T20:20:00","date_gmt":"2025-12-25T19:20:00","guid":{"rendered":"https:\/\/dmcsrb.com\/uncategorized\/drzavni-arhiv-crne-gore-donirao-knjige-nvo-grupa-gradjana-bu2\/"},"modified":"2025-12-25T20:20:00","modified_gmt":"2025-12-25T19:20:00","slug":"drzavni-arhiv-crne-gore-donirao-knjige-nvo-grupa-gradjana-bu2","status":"publish","type":"post","link":"https:\/\/dmcsrb.com\/en\/kultura\/drzavni-arhiv-crne-gore-donirao-knjige-nvo-grupa-gradjana-bu2\/","title":{"rendered":"Dr\u017eavni arhiv Crne Gore donirao knjige NVO &#8220;Grupa gra\u0111ana BU2&#8221;"},"content":{"rendered":"<p>Dr\u017eavni arhiv Crne Gore donirao je knjige i \u010dasopise u izdanju Arhiva udru\u017eenju \u201eGrupa gra\u0111ana BU2\u201c, u okviru projekta \u201eBiblioteka na otvorenom\u201c.<\/p>\n\n\n\n<p>Donaciju je uru\u010dio direktor Dr\u017eavnog arhiva Crne Gore, Danilo Mrvaljevi\u0107, dr Mariji Ve\u0161ovi\u0107, uz \u017eelju da ovakve inicijative doprinesu ja\u010danju kulturnih i obrazovnih vrijednosti u lokalnoj zajednici.<\/p>\n\n\n\n<p>\u201eIzuzetno smo zahvalni Dr\u017eavnom arhivu Crne Gore na ovoj vrijednoj donaciji. Ovaj gest ne samo da oboga\u0107uje na\u0161 projekat \u2018Biblioteka na otvorenom\u2019, ve\u0107 i inspiri\u0161e zajednicu da njeguje kulturu \u010ditanja i dijeljenja znanja. Nastavljamo sa posve\u0107eno\u0161\u0107u promovisanja kulture i dostupnosti literature u javnom prostoru, jer vjerujemo da svaka knjiga koja stigne do \u010ditaoca doprinosi ja\u010danju na\u0161e zajednice\u201c, istakla je dr Marija Ve\u0161ovi\u0107, programska direktorka Grupe gra\u0111ana BU2.<\/p>","protected":false},"excerpt":{"rendered":"<p>Poru\u010dili su da ovim gestom Arhiv daje doprinos oboga\u0107ivanju kulturnog \u017eivota gra\u0111ana i posjetilaca Budve, podsti\u010du\u0107i kulturu \u010ditanja, dijeljenja znanja i dostupnost pisane rije\u010di u javnom prostoru.<\/p>","protected":false},"author":1,"featured_media":915797,"comment_status":"open","ping_status":"open","sticky":false,"template":"","format":"standard","meta":{"_acf_changed":false,"footnotes":""},"categories":[50],"tags":[2477,4505,4506,4507],"naslovna":[],"class_list":["post-915796","post","type-post","status-publish","format-standard","has-post-thumbnail","hentry","category-kultura","tag-danilo-mrvaljevic","tag-drzavni-arhiv-crne-gore","tag-grupa-gradjana-bu2","tag-marija-vesovic"],"acf":[],"yoast_head":"<!-- This site is optimized with the Yoast SEO plugin v27.4 - https:\/\/yoast.com\/product\/yoast-seo-wordpress\/ -->\n<title>Dr\u017eavni arhiv Crne Gore donirao knjige NVO &quot;Grupa gra\u0111ana BU2&quot; - dmcsrb.com<\/title>\n<meta name=\"robots\" content=\"index, follow, max-snippet:-1, max-image-preview:large, max-video-preview:-1\" \/>\n<link rel=\"canonical\" href=\"https:\/\/dmcsrb.com\/en\/kultura\/drzavni-arhiv-crne-gore-donirao-knjige-nvo-grupa-gradjana-bu2\/\" \/>\n<meta property=\"og:locale\" content=\"en_GB\" \/>\n<meta property=\"og:type\" content=\"article\" \/>\n<meta property=\"og:title\" content=\"Dr\u017eavni arhiv Crne Gore donirao knjige NVO &quot;Grupa gra\u0111ana BU2&quot; - dmcsrb.com\" \/>\n<meta property=\"og:description\" content=\"Poru\u010dili su da ovim gestom Arhiv daje doprinos oboga\u0107ivanju kulturnog \u017eivota gra\u0111ana i posjetilaca Budve, podsti\u010du\u0107i kulturu \u010ditanja, dijeljenja znanja i dostupnost pisane rije\u010di u javnom prostoru.\" \/>\n<meta property=\"og:url\" content=\"https:\/\/dmcsrb.com\/en\/kultura\/drzavni-arhiv-crne-gore-donirao-knjige-nvo-grupa-gradjana-bu2\/\" \/>\n<meta property=\"og:site_name\" content=\"dmcsrb.com\" \/>\n<meta property=\"article:published_time\" content=\"2025-12-25T19:20:00+00:00\" \/>\n<meta property=\"og:image\" content=\"https:\/\/dmcsrb.com\/wp-content\/uploads\/2026\/01\/Drzavni-arhiv.jpg\" \/>\n\t<meta property=\"og:image:width\" content=\"1080\" \/>\n\t<meta property=\"og:image:height\" content=\"1346\" \/>\n\t<meta property=\"og:image:type\" content=\"image\/jpeg\" \/>\n<meta name=\"author\" content=\"dmcsrbija.com@gmail.com\" \/>\n<meta name=\"twitter:card\" content=\"summary_large_image\" \/>\n<meta name=\"twitter:label1\" content=\"Written by\" \/>\n\t<meta name=\"twitter:data1\" content=\"dmcsrbija.com@gmail.com\" \/>\n\t<meta name=\"twitter:label2\" content=\"Estimated reading time\" \/>\n\t<meta name=\"twitter:data2\" content=\"1 minute\" \/>\n<script type=\"application\/ld+json\" class=\"yoast-schema-graph\">{\"@context\":\"https:\\\/\\\/schema.org\",\"@graph\":[{\"@type\":\"Article\",\"@id\":\"https:\\\/\\\/dmcsrb.com\\\/kultura\\\/drzavni-arhiv-crne-gore-donirao-knjige-nvo-grupa-gradjana-bu2\\\/#article\",\"isPartOf\":{\"@id\":\"https:\\\/\\\/dmcsrb.com\\\/kultura\\\/drzavni-arhiv-crne-gore-donirao-knjige-nvo-grupa-gradjana-bu2\\\/\"},\"author\":{\"name\":\"dmcsrbija.com@gmail.com\",\"@id\":\"https:\\\/\\\/dmcsrb.com\\\/#\\\/schema\\\/person\\\/5c39170f12db1b8b457732d0b5c854e2\"},\"headline\":\"Dr\u017eavni arhiv Crne Gore donirao knjige NVO &#8220;Grupa gra\u0111ana BU2&#8221;\",\"datePublished\":\"2025-12-25T19:20:00+00:00\",\"mainEntityOfPage\":{\"@id\":\"https:\\\/\\\/dmcsrb.com\\\/kultura\\\/drzavni-arhiv-crne-gore-donirao-knjige-nvo-grupa-gradjana-bu2\\\/\"},\"wordCount\":144,\"commentCount\":0,\"image\":{\"@id\":\"https:\\\/\\\/dmcsrb.com\\\/kultura\\\/drzavni-arhiv-crne-gore-donirao-knjige-nvo-grupa-gradjana-bu2\\\/#primaryimage\"},\"thumbnailUrl\":\"https:\\\/\\\/dmcsrb.com\\\/wp-content\\\/uploads\\\/2026\\\/01\\\/Drzavni-arhiv.jpg\",\"keywords\":[\"Danilo Mrvaljevi\u0107\",\"Dr\u017eavni arhiv Crne Gore\",\"Grupa gra\u0111ana BU2\",\"Marija Ve\u0161ovi\u0107\"],\"articleSection\":[\"Kultura\"],\"inLanguage\":\"en-GB\",\"potentialAction\":[{\"@type\":\"CommentAction\",\"name\":\"Comment\",\"target\":[\"https:\\\/\\\/dmcsrb.com\\\/kultura\\\/drzavni-arhiv-crne-gore-donirao-knjige-nvo-grupa-gradjana-bu2\\\/#respond\"]}]},{\"@type\":\"WebPage\",\"@id\":\"https:\\\/\\\/dmcsrb.com\\\/kultura\\\/drzavni-arhiv-crne-gore-donirao-knjige-nvo-grupa-gradjana-bu2\\\/\",\"url\":\"https:\\\/\\\/dmcsrb.com\\\/kultura\\\/drzavni-arhiv-crne-gore-donirao-knjige-nvo-grupa-gradjana-bu2\\\/\",\"name\":\"Dr\u017eavni arhiv Crne Gore donirao knjige NVO \\\"Grupa gra\u0111ana BU2\\\" - dmcsrb.com\",\"isPartOf\":{\"@id\":\"https:\\\/\\\/dmcsrb.com\\\/#website\"},\"primaryImageOfPage\":{\"@id\":\"https:\\\/\\\/dmcsrb.com\\\/kultura\\\/drzavni-arhiv-crne-gore-donirao-knjige-nvo-grupa-gradjana-bu2\\\/#primaryimage\"},\"image\":{\"@id\":\"https:\\\/\\\/dmcsrb.com\\\/kultura\\\/drzavni-arhiv-crne-gore-donirao-knjige-nvo-grupa-gradjana-bu2\\\/#primaryimage\"},\"thumbnailUrl\":\"https:\\\/\\\/dmcsrb.com\\\/wp-content\\\/uploads\\\/2026\\\/01\\\/Drzavni-arhiv.jpg\",\"datePublished\":\"2025-12-25T19:20:00+00:00\",\"author\":{\"@id\":\"https:\\\/\\\/dmcsrb.com\\\/#\\\/schema\\\/person\\\/5c39170f12db1b8b457732d0b5c854e2\"},\"breadcrumb\":{\"@id\":\"https:\\\/\\\/dmcsrb.com\\\/kultura\\\/drzavni-arhiv-crne-gore-donirao-knjige-nvo-grupa-gradjana-bu2\\\/#breadcrumb\"},\"inLanguage\":\"en-GB\",\"potentialAction\":[{\"@type\":\"ReadAction\",\"target\":[\"https:\\\/\\\/dmcsrb.com\\\/kultura\\\/drzavni-arhiv-crne-gore-donirao-knjige-nvo-grupa-gradjana-bu2\\\/\"]}]},{\"@type\":\"ImageObject\",\"inLanguage\":\"en-GB\",\"@id\":\"https:\\\/\\\/dmcsrb.com\\\/kultura\\\/drzavni-arhiv-crne-gore-donirao-knjige-nvo-grupa-gradjana-bu2\\\/#primaryimage\",\"url\":\"https:\\\/\\\/dmcsrb.com\\\/wp-content\\\/uploads\\\/2026\\\/01\\\/Drzavni-arhiv.jpg\",\"contentUrl\":\"https:\\\/\\\/dmcsrb.com\\\/wp-content\\\/uploads\\\/2026\\\/01\\\/Drzavni-arhiv.jpg\",\"width\":1080,\"height\":1346},{\"@type\":\"BreadcrumbList\",\"@id\":\"https:\\\/\\\/dmcsrb.com\\\/kultura\\\/drzavni-arhiv-crne-gore-donirao-knjige-nvo-grupa-gradjana-bu2\\\/#breadcrumb\",\"itemListElement\":[{\"@type\":\"ListItem\",\"position\":1,\"name\":\"Home\",\"item\":\"https:\\\/\\\/dmcsrb.com\\\/\"},{\"@type\":\"ListItem\",\"position\":2,\"name\":\"Dr\u017eavni arhiv Crne Gore donirao knjige NVO &#8220;Grupa gra\u0111ana BU2&#8221;\"}]},{\"@type\":\"WebSite\",\"@id\":\"https:\\\/\\\/dmcsrb.com\\\/#website\",\"url\":\"https:\\\/\\\/dmcsrb.com\\\/\",\"name\":\"dmcsrb.com\",\"description\":\"\",\"potentialAction\":[{\"@type\":\"SearchAction\",\"target\":{\"@type\":\"EntryPoint\",\"urlTemplate\":\"https:\\\/\\\/dmcsrb.com\\\/?s={search_term_string}\"},\"query-input\":{\"@type\":\"PropertyValueSpecification\",\"valueRequired\":true,\"valueName\":\"search_term_string\"}}],\"inLanguage\":\"en-GB\"},{\"@type\":\"Person\",\"@id\":\"https:\\\/\\\/dmcsrb.com\\\/#\\\/schema\\\/person\\\/5c39170f12db1b8b457732d0b5c854e2\",\"name\":\"dmcsrbija.com@gmail.com\",\"image\":{\"@type\":\"ImageObject\",\"inLanguage\":\"en-GB\",\"@id\":\"https:\\\/\\\/secure.gravatar.com\\\/avatar\\\/68592660ad6347fad0fb587f8d5d8f1a7b44961362f56e4f2cd524feb87e9069?s=96&d=mm&r=g\",\"url\":\"https:\\\/\\\/secure.gravatar.com\\\/avatar\\\/68592660ad6347fad0fb587f8d5d8f1a7b44961362f56e4f2cd524feb87e9069?s=96&d=mm&r=g\",\"contentUrl\":\"https:\\\/\\\/secure.gravatar.com\\\/avatar\\\/68592660ad6347fad0fb587f8d5d8f1a7b44961362f56e4f2cd524feb87e9069?s=96&d=mm&r=g\",\"caption\":\"dmcsrbija.com@gmail.com\"},\"sameAs\":[\"https:\\\/\\\/dmcsrb.com\"],\"url\":\"https:\\\/\\\/dmcsrb.com\\\/en\\\/author\\\/dmcsrbija-comgmail-com\\\/\"}]}<\/script>\n<!-- \/ Yoast SEO plugin. -->","yoast_head_json":{"title":"Dr\u017eavni arhiv Crne Gore donirao knjige NVO \"Grupa gra\u0111ana BU2\" - dmcsrb.com","robots":{"index":"index","follow":"follow","max-snippet":"max-snippet:-1","max-image-preview":"max-image-preview:large","max-video-preview":"max-video-preview:-1"},"canonical":"https:\/\/dmcsrb.com\/en\/kultura\/drzavni-arhiv-crne-gore-donirao-knjige-nvo-grupa-gradjana-bu2\/","og_locale":"en_GB","og_type":"article","og_title":"Dr\u017eavni arhiv Crne Gore donirao knjige NVO \"Grupa gra\u0111ana BU2\" - dmcsrb.com","og_description":"Poru\u010dili su da ovim gestom Arhiv daje doprinos oboga\u0107ivanju kulturnog \u017eivota gra\u0111ana i posjetilaca Budve, podsti\u010du\u0107i kulturu \u010ditanja, dijeljenja znanja i dostupnost pisane rije\u010di u javnom prostoru.","og_url":"https:\/\/dmcsrb.com\/en\/kultura\/drzavni-arhiv-crne-gore-donirao-knjige-nvo-grupa-gradjana-bu2\/","og_site_name":"dmcsrb.com","article_published_time":"2025-12-25T19:20:00+00:00","og_image":[{"width":1080,"height":1346,"url":"https:\/\/dmcsrb.com\/wp-content\/uploads\/2026\/01\/Drzavni-arhiv.jpg","type":"image\/jpeg"}],"author":"dmcsrbija.com@gmail.com","twitter_card":"summary_large_image","twitter_misc":{"Written by":"dmcsrbija.com@gmail.com","Estimated reading time":"1 minute"},"schema":{"@context":"https:\/\/schema.org","@graph":[{"@type":"Article","@id":"https:\/\/dmcsrb.com\/kultura\/drzavni-arhiv-crne-gore-donirao-knjige-nvo-grupa-gradjana-bu2\/#article","isPartOf":{"@id":"https:\/\/dmcsrb.com\/kultura\/drzavni-arhiv-crne-gore-donirao-knjige-nvo-grupa-gradjana-bu2\/"},"author":{"name":"dmcsrbija.com@gmail.com","@id":"https:\/\/dmcsrb.com\/#\/schema\/person\/5c39170f12db1b8b457732d0b5c854e2"},"headline":"Dr\u017eavni arhiv Crne Gore donirao knjige NVO &#8220;Grupa gra\u0111ana BU2&#8221;","datePublished":"2025-12-25T19:20:00+00:00","mainEntityOfPage":{"@id":"https:\/\/dmcsrb.com\/kultura\/drzavni-arhiv-crne-gore-donirao-knjige-nvo-grupa-gradjana-bu2\/"},"wordCount":144,"commentCount":0,"image":{"@id":"https:\/\/dmcsrb.com\/kultura\/drzavni-arhiv-crne-gore-donirao-knjige-nvo-grupa-gradjana-bu2\/#primaryimage"},"thumbnailUrl":"https:\/\/dmcsrb.com\/wp-content\/uploads\/2026\/01\/Drzavni-arhiv.jpg","keywords":["Danilo Mrvaljevi\u0107","Dr\u017eavni arhiv Crne Gore","Grupa gra\u0111ana BU2","Marija Ve\u0161ovi\u0107"],"articleSection":["Kultura"],"inLanguage":"en-GB","potentialAction":[{"@type":"CommentAction","name":"Comment","target":["https:\/\/dmcsrb.com\/kultura\/drzavni-arhiv-crne-gore-donirao-knjige-nvo-grupa-gradjana-bu2\/#respond"]}]},{"@type":"WebPage","@id":"https:\/\/dmcsrb.com\/kultura\/drzavni-arhiv-crne-gore-donirao-knjige-nvo-grupa-gradjana-bu2\/","url":"https:\/\/dmcsrb.com\/kultura\/drzavni-arhiv-crne-gore-donirao-knjige-nvo-grupa-gradjana-bu2\/","name":"Dr\u017eavni arhiv Crne Gore donirao knjige NVO \"Grupa gra\u0111ana BU2\" - dmcsrb.com","isPartOf":{"@id":"https:\/\/dmcsrb.com\/#website"},"primaryImageOfPage":{"@id":"https:\/\/dmcsrb.com\/kultura\/drzavni-arhiv-crne-gore-donirao-knjige-nvo-grupa-gradjana-bu2\/#primaryimage"},"image":{"@id":"https:\/\/dmcsrb.com\/kultura\/drzavni-arhiv-crne-gore-donirao-knjige-nvo-grupa-gradjana-bu2\/#primaryimage"},"thumbnailUrl":"https:\/\/dmcsrb.com\/wp-content\/uploads\/2026\/01\/Drzavni-arhiv.jpg","datePublished":"2025-12-25T19:20:00+00:00","author":{"@id":"https:\/\/dmcsrb.com\/#\/schema\/person\/5c39170f12db1b8b457732d0b5c854e2"},"breadcrumb":{"@id":"https:\/\/dmcsrb.com\/kultura\/drzavni-arhiv-crne-gore-donirao-knjige-nvo-grupa-gradjana-bu2\/#breadcrumb"},"inLanguage":"en-GB","potentialAction":[{"@type":"ReadAction","target":["https:\/\/dmcsrb.com\/kultura\/drzavni-arhiv-crne-gore-donirao-knjige-nvo-grupa-gradjana-bu2\/"]}]},{"@type":"ImageObject","inLanguage":"en-GB","@id":"https:\/\/dmcsrb.com\/kultura\/drzavni-arhiv-crne-gore-donirao-knjige-nvo-grupa-gradjana-bu2\/#primaryimage","url":"https:\/\/dmcsrb.com\/wp-content\/uploads\/2026\/01\/Drzavni-arhiv.jpg","contentUrl":"https:\/\/dmcsrb.com\/wp-content\/uploads\/2026\/01\/Drzavni-arhiv.jpg","width":1080,"height":1346},{"@type":"BreadcrumbList","@id":"https:\/\/dmcsrb.com\/kultura\/drzavni-arhiv-crne-gore-donirao-knjige-nvo-grupa-gradjana-bu2\/#breadcrumb","itemListElement":[{"@type":"ListItem","position":1,"name":"Home","item":"https:\/\/dmcsrb.com\/"},{"@type":"ListItem","position":2,"name":"Dr\u017eavni arhiv Crne Gore donirao knjige NVO &#8220;Grupa gra\u0111ana BU2&#8221;"}]},{"@type":"WebSite","@id":"https:\/\/dmcsrb.com\/#website","url":"https:\/\/dmcsrb.com\/","name":"dmcsrb.com","description":"","potentialAction":[{"@type":"SearchAction","target":{"@type":"EntryPoint","urlTemplate":"https:\/\/dmcsrb.com\/?s={search_term_string}"},"query-input":{"@type":"PropertyValueSpecification","valueRequired":true,"valueName":"search_term_string"}}],"inLanguage":"en-GB"},{"@type":"Person","@id":"https:\/\/dmcsrb.com\/#\/schema\/person\/5c39170f12db1b8b457732d0b5c854e2","name":"dmcsrbija.com@gmail.com","image":{"@type":"ImageObject","inLanguage":"en-GB","@id":"https:\/\/secure.gravatar.com\/avatar\/68592660ad6347fad0fb587f8d5d8f1a7b44961362f56e4f2cd524feb87e9069?s=96&d=mm&r=g","url":"https:\/\/secure.gravatar.com\/avatar\/68592660ad6347fad0fb587f8d5d8f1a7b44961362f56e4f2cd524feb87e9069?s=96&d=mm&r=g","contentUrl":"https:\/\/secure.gravatar.com\/avatar\/68592660ad6347fad0fb587f8d5d8f1a7b44961362f56e4f2cd524feb87e9069?s=96&d=mm&r=g","caption":"dmcsrbija.com@gmail.com"},"sameAs":["https:\/\/dmcsrb.com"],"url":"https:\/\/dmcsrb.com\/en\/author\/dmcsrbija-comgmail-com\/"}]}},"_links":{"self":[{"href":"https:\/\/dmcsrb.com\/en\/wp-json\/wp\/v2\/posts\/915796","targetHints":{"allow":["GET"]}}],"collection":[{"href":"https:\/\/dmcsrb.com\/en\/wp-json\/wp\/v2\/posts"}],"about":[{"href":"https:\/\/dmcsrb.com\/en\/wp-json\/wp\/v2\/types\/post"}],"author":[{"embeddable":true,"href":"https:\/\/dmcsrb.com\/en\/wp-json\/wp\/v2\/users\/1"}],"replies":[{"embeddable":true,"href":"https:\/\/dmcsrb.com\/en\/wp-json\/wp\/v2\/comments?post=915796"}],"version-history":[{"count":0,"href":"https:\/\/dmcsrb.com\/en\/wp-json\/wp\/v2\/posts\/915796\/revisions"}],"wp:featuredmedia":[{"embeddable":true,"href":"https:\/\/dmcsrb.com\/en\/wp-json\/wp\/v2\/media\/915797"}],"wp:attachment":[{"href":"https:\/\/dmcsrb.com\/en\/wp-json\/wp\/v2\/media?parent=915796"}],"wp:term":[{"taxonomy":"category","embeddable":true,"href":"https:\/\/dmcsrb.com\/en\/wp-json\/wp\/v2\/categories?post=915796"},{"taxonomy":"post_tag","embeddable":true,"href":"https:\/\/dmcsrb.com\/en\/wp-json\/wp\/v2\/tags?post=915796"},{"taxonomy":"naslovna","embeddable":true,"href":"https:\/\/dmcsrb.com\/en\/wp-json\/wp\/v2\/naslovna?post=915796"}],"curies":[{"name":"wp","href":"https:\/\/api.w.org\/{rel}","templated":true}]}}