{"id":915789,"date":"2025-12-25T20:10:00","date_gmt":"2025-12-25T19:10:00","guid":{"rendered":"https:\/\/dmcsrb.com\/uncategorized\/tragedija-u-slavoniji-dvojici-djecaka-morali-amputirati-prste\/"},"modified":"2025-12-25T20:10:00","modified_gmt":"2025-12-25T19:10:00","slug":"tragedija-u-slavoniji-dvojici-djecaka-morali-amputirati-prste","status":"publish","type":"post","link":"https:\/\/dmcsrb.com\/en\/region\/tragedija-u-slavoniji-dvojici-djecaka-morali-amputirati-prste\/","title":{"rendered":"Tragedija u Slavoniji, dvojici dje\u010daka morali amputirati prste"},"content":{"rendered":"<p>Dva amputirana prsta i trajni invaliditet kod 10-godi\u0161njeg dje\u010daka iz Osijeka epilog su &#8220;zabave&#8221; s petardama koja je u Osijeku po\u0161la po zlu. Ne\u0161to malo bolje, sa &#8220;samo&#8221; jednim amputiranim prstom, pro\u0161ao je 14-godi\u0161njak iz Privlake. Njih su dvojica prve \u017ertve ovogodi\u0161njeg pirotehni\u010dkog ludila u Hrvatskoj, koje svake godine u decembru \u0161irom svijeta, naj\u010de\u0161\u0107e kod djece i mladih, odnosi dijelove ekstremiteta, ponegdje i \u017eivote.<\/p>\n\n\n\n<p>&#8211; Djeca su stabilno, ali imaju te\u0161ke tjelesne povrede i imat \u0107e invaliditet. Dje\u010dak iz Privlake ostao je bez dijela petog prsta koji mu je amputiran i on \u0107e imati manji stepen invaliditeta, a dje\u010dak iz Osijeka ostao je bez ka\u017eiprsta i srednjeg prsta i on \u0107e imati te\u017ei  invaliditet. <\/p>\n\n\n\n<p>-Tu nema rekonstrukcije, mo\u017ee se samo \u2018konzervirati\u2018 &#8211; plasti\u010dno je objasnio\u00a0<strong>Dalibor Divkovi\u0107<\/strong>, dje\u010dji hirurg.<\/p>\n\n\n\n<p>Tu su, navodi i o\u010dekivane psiholo\u0161ke i psihi\u010dke negativne posljedice. <\/p>\n\n\n\n<p>&#8211; Situacija se zapravo, na\u017ealost, tek zahuktava. Dosad imamo evidentirana dva prekr\u0161aja i tri prekr\u0161ajno prijavljene osobe na podru\u010dju \u017eupanije, pri \u010demu smo oduzeli 148 pirotehni\u010dkih sredstava. Prekr\u0161ajne prijave podnesene su protiv roditelja, a Hrvatskom zavodu za socijalni rad ide obavijest. Kazne za fizi\u010dke osobe idu do 2000 eura&#8221;, objasnio je.<\/p>","protected":false},"excerpt":{"rendered":"<p>Te\u0161ke posljedice nepromi\u0161ljenog kori\u0161tenja petardi ponovno su pogodile najmla\u0111e i njihove porodice.<\/p>","protected":false},"author":1,"featured_media":0,"comment_status":"open","ping_status":"open","sticky":false,"template":"","format":"standard","meta":{"_acf_changed":false,"footnotes":""},"categories":[103],"tags":[806,3808,4503],"naslovna":[],"class_list":["post-915789","post","type-post","status-publish","format-standard","hentry","category-region","tag-hrvatska","tag-petarde","tag-slavojina"],"acf":[],"yoast_head":"<!-- This site is optimized with the Yoast SEO plugin v27.4 - https:\/\/yoast.com\/product\/yoast-seo-wordpress\/ -->\n<title>Tragedija u Slavoniji, dvojici dje\u010daka morali amputirati prste - dmcsrb.com<\/title>\n<meta name=\"robots\" content=\"index, follow, max-snippet:-1, max-image-preview:large, max-video-preview:-1\" \/>\n<link rel=\"canonical\" href=\"https:\/\/dmcsrb.com\/en\/region\/tragedija-u-slavoniji-dvojici-djecaka-morali-amputirati-prste\/\" \/>\n<meta property=\"og:locale\" content=\"en_GB\" \/>\n<meta property=\"og:type\" content=\"article\" \/>\n<meta property=\"og:title\" content=\"Tragedija u Slavoniji, dvojici dje\u010daka morali amputirati prste - dmcsrb.com\" \/>\n<meta property=\"og:description\" content=\"Te\u0161ke posljedice nepromi\u0161ljenog kori\u0161tenja petardi ponovno su pogodile najmla\u0111e i njihove porodice.\" \/>\n<meta property=\"og:url\" content=\"https:\/\/dmcsrb.com\/en\/region\/tragedija-u-slavoniji-dvojici-djecaka-morali-amputirati-prste\/\" \/>\n<meta property=\"og:site_name\" content=\"dmcsrb.com\" \/>\n<meta property=\"article:published_time\" content=\"2025-12-25T19:10:00+00:00\" \/>\n<meta name=\"author\" content=\"dmcsrbija.com@gmail.com\" \/>\n<meta name=\"twitter:card\" content=\"summary_large_image\" \/>\n<meta name=\"twitter:label1\" content=\"Written by\" \/>\n\t<meta name=\"twitter:data1\" content=\"dmcsrbija.com@gmail.com\" \/>\n\t<meta name=\"twitter:label2\" content=\"Estimated reading time\" \/>\n\t<meta name=\"twitter:data2\" content=\"1 minute\" \/>\n<script type=\"application\/ld+json\" class=\"yoast-schema-graph\">{\"@context\":\"https:\\\/\\\/schema.org\",\"@graph\":[{\"@type\":\"Article\",\"@id\":\"https:\\\/\\\/dmcsrb.com\\\/region\\\/tragedija-u-slavoniji-dvojici-djecaka-morali-amputirati-prste\\\/#article\",\"isPartOf\":{\"@id\":\"https:\\\/\\\/dmcsrb.com\\\/region\\\/tragedija-u-slavoniji-dvojici-djecaka-morali-amputirati-prste\\\/\"},\"author\":{\"name\":\"dmcsrbija.com@gmail.com\",\"@id\":\"https:\\\/\\\/dmcsrb.com\\\/#\\\/schema\\\/person\\\/5c39170f12db1b8b457732d0b5c854e2\"},\"headline\":\"Tragedija u Slavoniji, dvojici dje\u010daka morali amputirati prste\",\"datePublished\":\"2025-12-25T19:10:00+00:00\",\"mainEntityOfPage\":{\"@id\":\"https:\\\/\\\/dmcsrb.com\\\/region\\\/tragedija-u-slavoniji-dvojici-djecaka-morali-amputirati-prste\\\/\"},\"wordCount\":225,\"commentCount\":0,\"keywords\":[\"Hrvatska\",\"petarde\",\"Slavojina\"],\"articleSection\":[\"Region\"],\"inLanguage\":\"en-GB\",\"potentialAction\":[{\"@type\":\"CommentAction\",\"name\":\"Comment\",\"target\":[\"https:\\\/\\\/dmcsrb.com\\\/region\\\/tragedija-u-slavoniji-dvojici-djecaka-morali-amputirati-prste\\\/#respond\"]}]},{\"@type\":\"WebPage\",\"@id\":\"https:\\\/\\\/dmcsrb.com\\\/region\\\/tragedija-u-slavoniji-dvojici-djecaka-morali-amputirati-prste\\\/\",\"url\":\"https:\\\/\\\/dmcsrb.com\\\/region\\\/tragedija-u-slavoniji-dvojici-djecaka-morali-amputirati-prste\\\/\",\"name\":\"Tragedija u Slavoniji, dvojici dje\u010daka morali amputirati prste - dmcsrb.com\",\"isPartOf\":{\"@id\":\"https:\\\/\\\/dmcsrb.com\\\/#website\"},\"datePublished\":\"2025-12-25T19:10:00+00:00\",\"author\":{\"@id\":\"https:\\\/\\\/dmcsrb.com\\\/#\\\/schema\\\/person\\\/5c39170f12db1b8b457732d0b5c854e2\"},\"breadcrumb\":{\"@id\":\"https:\\\/\\\/dmcsrb.com\\\/region\\\/tragedija-u-slavoniji-dvojici-djecaka-morali-amputirati-prste\\\/#breadcrumb\"},\"inLanguage\":\"en-GB\",\"potentialAction\":[{\"@type\":\"ReadAction\",\"target\":[\"https:\\\/\\\/dmcsrb.com\\\/region\\\/tragedija-u-slavoniji-dvojici-djecaka-morali-amputirati-prste\\\/\"]}]},{\"@type\":\"BreadcrumbList\",\"@id\":\"https:\\\/\\\/dmcsrb.com\\\/region\\\/tragedija-u-slavoniji-dvojici-djecaka-morali-amputirati-prste\\\/#breadcrumb\",\"itemListElement\":[{\"@type\":\"ListItem\",\"position\":1,\"name\":\"Home\",\"item\":\"https:\\\/\\\/dmcsrb.com\\\/\"},{\"@type\":\"ListItem\",\"position\":2,\"name\":\"Tragedija u Slavoniji, dvojici dje\u010daka morali amputirati prste\"}]},{\"@type\":\"WebSite\",\"@id\":\"https:\\\/\\\/dmcsrb.com\\\/#website\",\"url\":\"https:\\\/\\\/dmcsrb.com\\\/\",\"name\":\"dmcsrb.com\",\"description\":\"\",\"potentialAction\":[{\"@type\":\"SearchAction\",\"target\":{\"@type\":\"EntryPoint\",\"urlTemplate\":\"https:\\\/\\\/dmcsrb.com\\\/?s={search_term_string}\"},\"query-input\":{\"@type\":\"PropertyValueSpecification\",\"valueRequired\":true,\"valueName\":\"search_term_string\"}}],\"inLanguage\":\"en-GB\"},{\"@type\":\"Person\",\"@id\":\"https:\\\/\\\/dmcsrb.com\\\/#\\\/schema\\\/person\\\/5c39170f12db1b8b457732d0b5c854e2\",\"name\":\"dmcsrbija.com@gmail.com\",\"image\":{\"@type\":\"ImageObject\",\"inLanguage\":\"en-GB\",\"@id\":\"https:\\\/\\\/secure.gravatar.com\\\/avatar\\\/68592660ad6347fad0fb587f8d5d8f1a7b44961362f56e4f2cd524feb87e9069?s=96&d=mm&r=g\",\"url\":\"https:\\\/\\\/secure.gravatar.com\\\/avatar\\\/68592660ad6347fad0fb587f8d5d8f1a7b44961362f56e4f2cd524feb87e9069?s=96&d=mm&r=g\",\"contentUrl\":\"https:\\\/\\\/secure.gravatar.com\\\/avatar\\\/68592660ad6347fad0fb587f8d5d8f1a7b44961362f56e4f2cd524feb87e9069?s=96&d=mm&r=g\",\"caption\":\"dmcsrbija.com@gmail.com\"},\"sameAs\":[\"https:\\\/\\\/dmcsrb.com\"],\"url\":\"https:\\\/\\\/dmcsrb.com\\\/en\\\/author\\\/dmcsrbija-comgmail-com\\\/\"}]}<\/script>\n<!-- \/ Yoast SEO plugin. -->","yoast_head_json":{"title":"Tragedija u Slavoniji, dvojici dje\u010daka morali amputirati prste - dmcsrb.com","robots":{"index":"index","follow":"follow","max-snippet":"max-snippet:-1","max-image-preview":"max-image-preview:large","max-video-preview":"max-video-preview:-1"},"canonical":"https:\/\/dmcsrb.com\/en\/region\/tragedija-u-slavoniji-dvojici-djecaka-morali-amputirati-prste\/","og_locale":"en_GB","og_type":"article","og_title":"Tragedija u Slavoniji, dvojici dje\u010daka morali amputirati prste - dmcsrb.com","og_description":"Te\u0161ke posljedice nepromi\u0161ljenog kori\u0161tenja petardi ponovno su pogodile najmla\u0111e i njihove porodice.","og_url":"https:\/\/dmcsrb.com\/en\/region\/tragedija-u-slavoniji-dvojici-djecaka-morali-amputirati-prste\/","og_site_name":"dmcsrb.com","article_published_time":"2025-12-25T19:10:00+00:00","author":"dmcsrbija.com@gmail.com","twitter_card":"summary_large_image","twitter_misc":{"Written by":"dmcsrbija.com@gmail.com","Estimated reading time":"1 minute"},"schema":{"@context":"https:\/\/schema.org","@graph":[{"@type":"Article","@id":"https:\/\/dmcsrb.com\/region\/tragedija-u-slavoniji-dvojici-djecaka-morali-amputirati-prste\/#article","isPartOf":{"@id":"https:\/\/dmcsrb.com\/region\/tragedija-u-slavoniji-dvojici-djecaka-morali-amputirati-prste\/"},"author":{"name":"dmcsrbija.com@gmail.com","@id":"https:\/\/dmcsrb.com\/#\/schema\/person\/5c39170f12db1b8b457732d0b5c854e2"},"headline":"Tragedija u Slavoniji, dvojici dje\u010daka morali amputirati prste","datePublished":"2025-12-25T19:10:00+00:00","mainEntityOfPage":{"@id":"https:\/\/dmcsrb.com\/region\/tragedija-u-slavoniji-dvojici-djecaka-morali-amputirati-prste\/"},"wordCount":225,"commentCount":0,"keywords":["Hrvatska","petarde","Slavojina"],"articleSection":["Region"],"inLanguage":"en-GB","potentialAction":[{"@type":"CommentAction","name":"Comment","target":["https:\/\/dmcsrb.com\/region\/tragedija-u-slavoniji-dvojici-djecaka-morali-amputirati-prste\/#respond"]}]},{"@type":"WebPage","@id":"https:\/\/dmcsrb.com\/region\/tragedija-u-slavoniji-dvojici-djecaka-morali-amputirati-prste\/","url":"https:\/\/dmcsrb.com\/region\/tragedija-u-slavoniji-dvojici-djecaka-morali-amputirati-prste\/","name":"Tragedija u Slavoniji, dvojici dje\u010daka morali amputirati prste - dmcsrb.com","isPartOf":{"@id":"https:\/\/dmcsrb.com\/#website"},"datePublished":"2025-12-25T19:10:00+00:00","author":{"@id":"https:\/\/dmcsrb.com\/#\/schema\/person\/5c39170f12db1b8b457732d0b5c854e2"},"breadcrumb":{"@id":"https:\/\/dmcsrb.com\/region\/tragedija-u-slavoniji-dvojici-djecaka-morali-amputirati-prste\/#breadcrumb"},"inLanguage":"en-GB","potentialAction":[{"@type":"ReadAction","target":["https:\/\/dmcsrb.com\/region\/tragedija-u-slavoniji-dvojici-djecaka-morali-amputirati-prste\/"]}]},{"@type":"BreadcrumbList","@id":"https:\/\/dmcsrb.com\/region\/tragedija-u-slavoniji-dvojici-djecaka-morali-amputirati-prste\/#breadcrumb","itemListElement":[{"@type":"ListItem","position":1,"name":"Home","item":"https:\/\/dmcsrb.com\/"},{"@type":"ListItem","position":2,"name":"Tragedija u Slavoniji, dvojici dje\u010daka morali amputirati prste"}]},{"@type":"WebSite","@id":"https:\/\/dmcsrb.com\/#website","url":"https:\/\/dmcsrb.com\/","name":"dmcsrb.com","description":"","potentialAction":[{"@type":"SearchAction","target":{"@type":"EntryPoint","urlTemplate":"https:\/\/dmcsrb.com\/?s={search_term_string}"},"query-input":{"@type":"PropertyValueSpecification","valueRequired":true,"valueName":"search_term_string"}}],"inLanguage":"en-GB"},{"@type":"Person","@id":"https:\/\/dmcsrb.com\/#\/schema\/person\/5c39170f12db1b8b457732d0b5c854e2","name":"dmcsrbija.com@gmail.com","image":{"@type":"ImageObject","inLanguage":"en-GB","@id":"https:\/\/secure.gravatar.com\/avatar\/68592660ad6347fad0fb587f8d5d8f1a7b44961362f56e4f2cd524feb87e9069?s=96&d=mm&r=g","url":"https:\/\/secure.gravatar.com\/avatar\/68592660ad6347fad0fb587f8d5d8f1a7b44961362f56e4f2cd524feb87e9069?s=96&d=mm&r=g","contentUrl":"https:\/\/secure.gravatar.com\/avatar\/68592660ad6347fad0fb587f8d5d8f1a7b44961362f56e4f2cd524feb87e9069?s=96&d=mm&r=g","caption":"dmcsrbija.com@gmail.com"},"sameAs":["https:\/\/dmcsrb.com"],"url":"https:\/\/dmcsrb.com\/en\/author\/dmcsrbija-comgmail-com\/"}]}},"_links":{"self":[{"href":"https:\/\/dmcsrb.com\/en\/wp-json\/wp\/v2\/posts\/915789","targetHints":{"allow":["GET"]}}],"collection":[{"href":"https:\/\/dmcsrb.com\/en\/wp-json\/wp\/v2\/posts"}],"about":[{"href":"https:\/\/dmcsrb.com\/en\/wp-json\/wp\/v2\/types\/post"}],"author":[{"embeddable":true,"href":"https:\/\/dmcsrb.com\/en\/wp-json\/wp\/v2\/users\/1"}],"replies":[{"embeddable":true,"href":"https:\/\/dmcsrb.com\/en\/wp-json\/wp\/v2\/comments?post=915789"}],"version-history":[{"count":0,"href":"https:\/\/dmcsrb.com\/en\/wp-json\/wp\/v2\/posts\/915789\/revisions"}],"wp:attachment":[{"href":"https:\/\/dmcsrb.com\/en\/wp-json\/wp\/v2\/media?parent=915789"}],"wp:term":[{"taxonomy":"category","embeddable":true,"href":"https:\/\/dmcsrb.com\/en\/wp-json\/wp\/v2\/categories?post=915789"},{"taxonomy":"post_tag","embeddable":true,"href":"https:\/\/dmcsrb.com\/en\/wp-json\/wp\/v2\/tags?post=915789"},{"taxonomy":"naslovna","embeddable":true,"href":"https:\/\/dmcsrb.com\/en\/wp-json\/wp\/v2\/naslovna?post=915789"}],"curies":[{"name":"wp","href":"https:\/\/api.w.org\/{rel}","templated":true}]}}