{"id":915771,"date":"2025-12-25T19:26:00","date_gmt":"2025-12-25T18:26:00","guid":{"rendered":"https:\/\/dmcsrb.com\/uncategorized\/popovic-brojni-megatrendovci-sjede-u-parlamentarnoj-vecini\/"},"modified":"2025-12-25T19:26:00","modified_gmt":"2025-12-25T18:26:00","slug":"popovic-brojni-megatrendovci-sjede-u-parlamentarnoj-vecini","status":"publish","type":"post","link":"https:\/\/dmcsrb.com\/en\/politika\/popovic-brojni-megatrendovci-sjede-u-parlamentarnoj-vecini\/","title":{"rendered":"Popovi\u0107: Brojni Megatrendovci sjede u parlamentarnoj ve\u0107ini"},"content":{"rendered":"<p><\/p>\n\n\n\n<p>\u201cI \u010duda gle \u2013 obi\u010dno su ti velji pravnici s la\u017enim diplomama s pomenutog Univerziteta najglasniji u pri\u010di o pravu, pravdi i pravosu\u0111u, najbu\u010dniji u najavama grandioznih hap\u0161enja koja se de\u0161avaju po Crnoj Gori kao rezultat kriminalnog udru\u017eivanja tu\u017eila\u0161tva i politike\u201d, kazala je Popovi\u0107.<\/p>\n\n\n\n<p>Kako dodaje, javna je tajna da la\u017ene diplome zauzimaju pozicije i u Vladi Crne Gore, jasno je da Ministarstvo prosvjete, nauke i inovacija \u010deka ogroman posao \u010di\u0161\u0107enja kupljenih fakultetskih zvanja prvo iz redova parlamentarne ve\u0107ine.<\/p>\n\n\n\n<p>\u201cN\u2019o pitanje je, ukoliko resorno ministarstvo krene u taj kompleksan posao, ho\u0107e li ova parlamentarna ve\u0107ina postojati u ovom i ovakvom obliku\u201d, navela je Popovi\u0107.<\/p>\n\n\n\n<p>Na kraju, ocjenjuje, zlo je vrijeme u Crnoj Gori do\u0161lo kad o njenoj sudbini odlu\u010duju oni koji su fakultete zavr\u0161ili u drugoj dr\u017eavi, bez da su pre\u0161li granicu.<\/p>\n\n\n\n<p>\u201cN\u2019o nije daleko dan kad \u0107e tako neznaveni, nekompetentni, nepozvani da dijele moralne lekcije, a nadasve iskompleksirani Megatrendovci biti tamo \u0111e i zaslu\u017euju da budu \u2013 na marginama politi\u010dkog \u017eivota u Crnoj Gori\u201d, zaklju\u010dila je portparolka DPS-a.<\/p>","protected":false},"excerpt":{"rendered":"<p>Nesporno je da je odluka Vlade Crne Gore da obustavi priznavanje diploma ste\u010denih na Univerzitetu Megatrend u svrhu zapo\u0161ljavanja radi za\u0161tite javnog interesa opravdana. Isto tako, nesporno je i da brojni Megatrendovci sjede u parlamentarnoj ve\u0107ini, saop\u0161tila je portparolka DPS-a\u00a0Sonja Popovi\u0107.<\/p>","protected":false},"author":1,"featured_media":915772,"comment_status":"open","ping_status":"open","sticky":false,"template":"","format":"standard","meta":{"_acf_changed":false,"footnotes":""},"categories":[12],"tags":[63,780],"naslovna":[],"class_list":["post-915771","post","type-post","status-publish","format-standard","has-post-thumbnail","hentry","category-politika","tag-dps","tag-sonja-popovic"],"acf":[],"yoast_head":"<!-- This site is optimized with the Yoast SEO plugin v27.4 - https:\/\/yoast.com\/product\/yoast-seo-wordpress\/ -->\n<title>Popovi\u0107: Brojni Megatrendovci sjede u parlamentarnoj ve\u0107ini - dmcsrb.com<\/title>\n<meta name=\"robots\" content=\"index, follow, max-snippet:-1, max-image-preview:large, max-video-preview:-1\" \/>\n<link rel=\"canonical\" href=\"https:\/\/dmcsrb.com\/en\/politika\/popovic-brojni-megatrendovci-sjede-u-parlamentarnoj-vecini\/\" \/>\n<meta property=\"og:locale\" content=\"en_GB\" \/>\n<meta property=\"og:type\" content=\"article\" \/>\n<meta property=\"og:title\" content=\"Popovi\u0107: Brojni Megatrendovci sjede u parlamentarnoj ve\u0107ini - dmcsrb.com\" \/>\n<meta property=\"og:description\" content=\"Nesporno je da je odluka Vlade Crne Gore da obustavi priznavanje diploma ste\u010denih na Univerzitetu Megatrend u svrhu zapo\u0161ljavanja radi za\u0161tite javnog interesa opravdana. Isto tako, nesporno je i da brojni Megatrendovci sjede u parlamentarnoj ve\u0107ini, saop\u0161tila je portparolka DPS-a\u00a0Sonja Popovi\u0107.\" \/>\n<meta property=\"og:url\" content=\"https:\/\/dmcsrb.com\/en\/politika\/popovic-brojni-megatrendovci-sjede-u-parlamentarnoj-vecini\/\" \/>\n<meta property=\"og:site_name\" content=\"dmcsrb.com\" \/>\n<meta property=\"article:published_time\" content=\"2025-12-25T18:26:00+00:00\" \/>\n<meta property=\"og:image\" content=\"https:\/\/dmcsrb.com\/wp-content\/uploads\/2026\/01\/Sonja-Popovic.jpg\" \/>\n\t<meta property=\"og:image:width\" content=\"1024\" \/>\n\t<meta property=\"og:image:height\" content=\"682\" \/>\n\t<meta property=\"og:image:type\" content=\"image\/jpeg\" \/>\n<meta name=\"author\" content=\"dmcsrbija.com@gmail.com\" \/>\n<meta name=\"twitter:card\" content=\"summary_large_image\" \/>\n<meta name=\"twitter:label1\" content=\"Written by\" \/>\n\t<meta name=\"twitter:data1\" content=\"dmcsrbija.com@gmail.com\" \/>\n\t<meta name=\"twitter:label2\" content=\"Estimated reading time\" \/>\n\t<meta name=\"twitter:data2\" content=\"1 minute\" \/>\n<script type=\"application\/ld+json\" class=\"yoast-schema-graph\">{\"@context\":\"https:\\\/\\\/schema.org\",\"@graph\":[{\"@type\":\"Article\",\"@id\":\"https:\\\/\\\/dmcsrb.com\\\/politika\\\/popovic-brojni-megatrendovci-sjede-u-parlamentarnoj-vecini\\\/#article\",\"isPartOf\":{\"@id\":\"https:\\\/\\\/dmcsrb.com\\\/politika\\\/popovic-brojni-megatrendovci-sjede-u-parlamentarnoj-vecini\\\/\"},\"author\":{\"name\":\"dmcsrbija.com@gmail.com\",\"@id\":\"https:\\\/\\\/dmcsrb.com\\\/#\\\/schema\\\/person\\\/5c39170f12db1b8b457732d0b5c854e2\"},\"headline\":\"Popovi\u0107: Brojni Megatrendovci sjede u parlamentarnoj ve\u0107ini\",\"datePublished\":\"2025-12-25T18:26:00+00:00\",\"mainEntityOfPage\":{\"@id\":\"https:\\\/\\\/dmcsrb.com\\\/politika\\\/popovic-brojni-megatrendovci-sjede-u-parlamentarnoj-vecini\\\/\"},\"wordCount\":200,\"commentCount\":0,\"image\":{\"@id\":\"https:\\\/\\\/dmcsrb.com\\\/politika\\\/popovic-brojni-megatrendovci-sjede-u-parlamentarnoj-vecini\\\/#primaryimage\"},\"thumbnailUrl\":\"https:\\\/\\\/dmcsrb.com\\\/wp-content\\\/uploads\\\/2026\\\/01\\\/Sonja-Popovic.jpg\",\"keywords\":[\"DPS\",\"Sonja Popovi\u0107\"],\"articleSection\":[\"Politika\"],\"inLanguage\":\"en-GB\",\"potentialAction\":[{\"@type\":\"CommentAction\",\"name\":\"Comment\",\"target\":[\"https:\\\/\\\/dmcsrb.com\\\/politika\\\/popovic-brojni-megatrendovci-sjede-u-parlamentarnoj-vecini\\\/#respond\"]}]},{\"@type\":\"WebPage\",\"@id\":\"https:\\\/\\\/dmcsrb.com\\\/politika\\\/popovic-brojni-megatrendovci-sjede-u-parlamentarnoj-vecini\\\/\",\"url\":\"https:\\\/\\\/dmcsrb.com\\\/politika\\\/popovic-brojni-megatrendovci-sjede-u-parlamentarnoj-vecini\\\/\",\"name\":\"Popovi\u0107: Brojni Megatrendovci sjede u parlamentarnoj ve\u0107ini - dmcsrb.com\",\"isPartOf\":{\"@id\":\"https:\\\/\\\/dmcsrb.com\\\/#website\"},\"primaryImageOfPage\":{\"@id\":\"https:\\\/\\\/dmcsrb.com\\\/politika\\\/popovic-brojni-megatrendovci-sjede-u-parlamentarnoj-vecini\\\/#primaryimage\"},\"image\":{\"@id\":\"https:\\\/\\\/dmcsrb.com\\\/politika\\\/popovic-brojni-megatrendovci-sjede-u-parlamentarnoj-vecini\\\/#primaryimage\"},\"thumbnailUrl\":\"https:\\\/\\\/dmcsrb.com\\\/wp-content\\\/uploads\\\/2026\\\/01\\\/Sonja-Popovic.jpg\",\"datePublished\":\"2025-12-25T18:26:00+00:00\",\"author\":{\"@id\":\"https:\\\/\\\/dmcsrb.com\\\/#\\\/schema\\\/person\\\/5c39170f12db1b8b457732d0b5c854e2\"},\"breadcrumb\":{\"@id\":\"https:\\\/\\\/dmcsrb.com\\\/politika\\\/popovic-brojni-megatrendovci-sjede-u-parlamentarnoj-vecini\\\/#breadcrumb\"},\"inLanguage\":\"en-GB\",\"potentialAction\":[{\"@type\":\"ReadAction\",\"target\":[\"https:\\\/\\\/dmcsrb.com\\\/politika\\\/popovic-brojni-megatrendovci-sjede-u-parlamentarnoj-vecini\\\/\"]}]},{\"@type\":\"ImageObject\",\"inLanguage\":\"en-GB\",\"@id\":\"https:\\\/\\\/dmcsrb.com\\\/politika\\\/popovic-brojni-megatrendovci-sjede-u-parlamentarnoj-vecini\\\/#primaryimage\",\"url\":\"https:\\\/\\\/dmcsrb.com\\\/wp-content\\\/uploads\\\/2026\\\/01\\\/Sonja-Popovic.jpg\",\"contentUrl\":\"https:\\\/\\\/dmcsrb.com\\\/wp-content\\\/uploads\\\/2026\\\/01\\\/Sonja-Popovic.jpg\",\"width\":1024,\"height\":682},{\"@type\":\"BreadcrumbList\",\"@id\":\"https:\\\/\\\/dmcsrb.com\\\/politika\\\/popovic-brojni-megatrendovci-sjede-u-parlamentarnoj-vecini\\\/#breadcrumb\",\"itemListElement\":[{\"@type\":\"ListItem\",\"position\":1,\"name\":\"Home\",\"item\":\"https:\\\/\\\/dmcsrb.com\\\/\"},{\"@type\":\"ListItem\",\"position\":2,\"name\":\"Popovi\u0107: Brojni Megatrendovci sjede u parlamentarnoj ve\u0107ini\"}]},{\"@type\":\"WebSite\",\"@id\":\"https:\\\/\\\/dmcsrb.com\\\/#website\",\"url\":\"https:\\\/\\\/dmcsrb.com\\\/\",\"name\":\"dmcsrb.com\",\"description\":\"\",\"potentialAction\":[{\"@type\":\"SearchAction\",\"target\":{\"@type\":\"EntryPoint\",\"urlTemplate\":\"https:\\\/\\\/dmcsrb.com\\\/?s={search_term_string}\"},\"query-input\":{\"@type\":\"PropertyValueSpecification\",\"valueRequired\":true,\"valueName\":\"search_term_string\"}}],\"inLanguage\":\"en-GB\"},{\"@type\":\"Person\",\"@id\":\"https:\\\/\\\/dmcsrb.com\\\/#\\\/schema\\\/person\\\/5c39170f12db1b8b457732d0b5c854e2\",\"name\":\"dmcsrbija.com@gmail.com\",\"image\":{\"@type\":\"ImageObject\",\"inLanguage\":\"en-GB\",\"@id\":\"https:\\\/\\\/secure.gravatar.com\\\/avatar\\\/68592660ad6347fad0fb587f8d5d8f1a7b44961362f56e4f2cd524feb87e9069?s=96&d=mm&r=g\",\"url\":\"https:\\\/\\\/secure.gravatar.com\\\/avatar\\\/68592660ad6347fad0fb587f8d5d8f1a7b44961362f56e4f2cd524feb87e9069?s=96&d=mm&r=g\",\"contentUrl\":\"https:\\\/\\\/secure.gravatar.com\\\/avatar\\\/68592660ad6347fad0fb587f8d5d8f1a7b44961362f56e4f2cd524feb87e9069?s=96&d=mm&r=g\",\"caption\":\"dmcsrbija.com@gmail.com\"},\"sameAs\":[\"https:\\\/\\\/dmcsrb.com\"],\"url\":\"https:\\\/\\\/dmcsrb.com\\\/en\\\/author\\\/dmcsrbija-comgmail-com\\\/\"}]}<\/script>\n<!-- \/ Yoast SEO plugin. -->","yoast_head_json":{"title":"Popovi\u0107: Brojni Megatrendovci sjede u parlamentarnoj ve\u0107ini - dmcsrb.com","robots":{"index":"index","follow":"follow","max-snippet":"max-snippet:-1","max-image-preview":"max-image-preview:large","max-video-preview":"max-video-preview:-1"},"canonical":"https:\/\/dmcsrb.com\/en\/politika\/popovic-brojni-megatrendovci-sjede-u-parlamentarnoj-vecini\/","og_locale":"en_GB","og_type":"article","og_title":"Popovi\u0107: Brojni Megatrendovci sjede u parlamentarnoj ve\u0107ini - dmcsrb.com","og_description":"Nesporno je da je odluka Vlade Crne Gore da obustavi priznavanje diploma ste\u010denih na Univerzitetu Megatrend u svrhu zapo\u0161ljavanja radi za\u0161tite javnog interesa opravdana. Isto tako, nesporno je i da brojni Megatrendovci sjede u parlamentarnoj ve\u0107ini, saop\u0161tila je portparolka DPS-a\u00a0Sonja Popovi\u0107.","og_url":"https:\/\/dmcsrb.com\/en\/politika\/popovic-brojni-megatrendovci-sjede-u-parlamentarnoj-vecini\/","og_site_name":"dmcsrb.com","article_published_time":"2025-12-25T18:26:00+00:00","og_image":[{"width":1024,"height":682,"url":"https:\/\/dmcsrb.com\/wp-content\/uploads\/2026\/01\/Sonja-Popovic.jpg","type":"image\/jpeg"}],"author":"dmcsrbija.com@gmail.com","twitter_card":"summary_large_image","twitter_misc":{"Written by":"dmcsrbija.com@gmail.com","Estimated reading time":"1 minute"},"schema":{"@context":"https:\/\/schema.org","@graph":[{"@type":"Article","@id":"https:\/\/dmcsrb.com\/politika\/popovic-brojni-megatrendovci-sjede-u-parlamentarnoj-vecini\/#article","isPartOf":{"@id":"https:\/\/dmcsrb.com\/politika\/popovic-brojni-megatrendovci-sjede-u-parlamentarnoj-vecini\/"},"author":{"name":"dmcsrbija.com@gmail.com","@id":"https:\/\/dmcsrb.com\/#\/schema\/person\/5c39170f12db1b8b457732d0b5c854e2"},"headline":"Popovi\u0107: Brojni Megatrendovci sjede u parlamentarnoj ve\u0107ini","datePublished":"2025-12-25T18:26:00+00:00","mainEntityOfPage":{"@id":"https:\/\/dmcsrb.com\/politika\/popovic-brojni-megatrendovci-sjede-u-parlamentarnoj-vecini\/"},"wordCount":200,"commentCount":0,"image":{"@id":"https:\/\/dmcsrb.com\/politika\/popovic-brojni-megatrendovci-sjede-u-parlamentarnoj-vecini\/#primaryimage"},"thumbnailUrl":"https:\/\/dmcsrb.com\/wp-content\/uploads\/2026\/01\/Sonja-Popovic.jpg","keywords":["DPS","Sonja Popovi\u0107"],"articleSection":["Politika"],"inLanguage":"en-GB","potentialAction":[{"@type":"CommentAction","name":"Comment","target":["https:\/\/dmcsrb.com\/politika\/popovic-brojni-megatrendovci-sjede-u-parlamentarnoj-vecini\/#respond"]}]},{"@type":"WebPage","@id":"https:\/\/dmcsrb.com\/politika\/popovic-brojni-megatrendovci-sjede-u-parlamentarnoj-vecini\/","url":"https:\/\/dmcsrb.com\/politika\/popovic-brojni-megatrendovci-sjede-u-parlamentarnoj-vecini\/","name":"Popovi\u0107: Brojni Megatrendovci sjede u parlamentarnoj ve\u0107ini - dmcsrb.com","isPartOf":{"@id":"https:\/\/dmcsrb.com\/#website"},"primaryImageOfPage":{"@id":"https:\/\/dmcsrb.com\/politika\/popovic-brojni-megatrendovci-sjede-u-parlamentarnoj-vecini\/#primaryimage"},"image":{"@id":"https:\/\/dmcsrb.com\/politika\/popovic-brojni-megatrendovci-sjede-u-parlamentarnoj-vecini\/#primaryimage"},"thumbnailUrl":"https:\/\/dmcsrb.com\/wp-content\/uploads\/2026\/01\/Sonja-Popovic.jpg","datePublished":"2025-12-25T18:26:00+00:00","author":{"@id":"https:\/\/dmcsrb.com\/#\/schema\/person\/5c39170f12db1b8b457732d0b5c854e2"},"breadcrumb":{"@id":"https:\/\/dmcsrb.com\/politika\/popovic-brojni-megatrendovci-sjede-u-parlamentarnoj-vecini\/#breadcrumb"},"inLanguage":"en-GB","potentialAction":[{"@type":"ReadAction","target":["https:\/\/dmcsrb.com\/politika\/popovic-brojni-megatrendovci-sjede-u-parlamentarnoj-vecini\/"]}]},{"@type":"ImageObject","inLanguage":"en-GB","@id":"https:\/\/dmcsrb.com\/politika\/popovic-brojni-megatrendovci-sjede-u-parlamentarnoj-vecini\/#primaryimage","url":"https:\/\/dmcsrb.com\/wp-content\/uploads\/2026\/01\/Sonja-Popovic.jpg","contentUrl":"https:\/\/dmcsrb.com\/wp-content\/uploads\/2026\/01\/Sonja-Popovic.jpg","width":1024,"height":682},{"@type":"BreadcrumbList","@id":"https:\/\/dmcsrb.com\/politika\/popovic-brojni-megatrendovci-sjede-u-parlamentarnoj-vecini\/#breadcrumb","itemListElement":[{"@type":"ListItem","position":1,"name":"Home","item":"https:\/\/dmcsrb.com\/"},{"@type":"ListItem","position":2,"name":"Popovi\u0107: Brojni Megatrendovci sjede u parlamentarnoj ve\u0107ini"}]},{"@type":"WebSite","@id":"https:\/\/dmcsrb.com\/#website","url":"https:\/\/dmcsrb.com\/","name":"dmcsrb.com","description":"","potentialAction":[{"@type":"SearchAction","target":{"@type":"EntryPoint","urlTemplate":"https:\/\/dmcsrb.com\/?s={search_term_string}"},"query-input":{"@type":"PropertyValueSpecification","valueRequired":true,"valueName":"search_term_string"}}],"inLanguage":"en-GB"},{"@type":"Person","@id":"https:\/\/dmcsrb.com\/#\/schema\/person\/5c39170f12db1b8b457732d0b5c854e2","name":"dmcsrbija.com@gmail.com","image":{"@type":"ImageObject","inLanguage":"en-GB","@id":"https:\/\/secure.gravatar.com\/avatar\/68592660ad6347fad0fb587f8d5d8f1a7b44961362f56e4f2cd524feb87e9069?s=96&d=mm&r=g","url":"https:\/\/secure.gravatar.com\/avatar\/68592660ad6347fad0fb587f8d5d8f1a7b44961362f56e4f2cd524feb87e9069?s=96&d=mm&r=g","contentUrl":"https:\/\/secure.gravatar.com\/avatar\/68592660ad6347fad0fb587f8d5d8f1a7b44961362f56e4f2cd524feb87e9069?s=96&d=mm&r=g","caption":"dmcsrbija.com@gmail.com"},"sameAs":["https:\/\/dmcsrb.com"],"url":"https:\/\/dmcsrb.com\/en\/author\/dmcsrbija-comgmail-com\/"}]}},"_links":{"self":[{"href":"https:\/\/dmcsrb.com\/en\/wp-json\/wp\/v2\/posts\/915771","targetHints":{"allow":["GET"]}}],"collection":[{"href":"https:\/\/dmcsrb.com\/en\/wp-json\/wp\/v2\/posts"}],"about":[{"href":"https:\/\/dmcsrb.com\/en\/wp-json\/wp\/v2\/types\/post"}],"author":[{"embeddable":true,"href":"https:\/\/dmcsrb.com\/en\/wp-json\/wp\/v2\/users\/1"}],"replies":[{"embeddable":true,"href":"https:\/\/dmcsrb.com\/en\/wp-json\/wp\/v2\/comments?post=915771"}],"version-history":[{"count":0,"href":"https:\/\/dmcsrb.com\/en\/wp-json\/wp\/v2\/posts\/915771\/revisions"}],"wp:featuredmedia":[{"embeddable":true,"href":"https:\/\/dmcsrb.com\/en\/wp-json\/wp\/v2\/media\/915772"}],"wp:attachment":[{"href":"https:\/\/dmcsrb.com\/en\/wp-json\/wp\/v2\/media?parent=915771"}],"wp:term":[{"taxonomy":"category","embeddable":true,"href":"https:\/\/dmcsrb.com\/en\/wp-json\/wp\/v2\/categories?post=915771"},{"taxonomy":"post_tag","embeddable":true,"href":"https:\/\/dmcsrb.com\/en\/wp-json\/wp\/v2\/tags?post=915771"},{"taxonomy":"naslovna","embeddable":true,"href":"https:\/\/dmcsrb.com\/en\/wp-json\/wp\/v2\/naslovna?post=915771"}],"curies":[{"name":"wp","href":"https:\/\/api.w.org\/{rel}","templated":true}]}}