{"id":915748,"date":"2025-12-25T15:34:15","date_gmt":"2025-12-25T14:34:15","guid":{"rendered":"https:\/\/dmcsrb.com\/uncategorized\/dragan-koprivica-i-prijatelji-odusevili-niksicku-publiku\/"},"modified":"2025-12-25T15:34:15","modified_gmt":"2025-12-25T14:34:15","slug":"dragan-koprivica-i-prijatelji-odusevili-niksicku-publiku","status":"publish","type":"post","link":"https:\/\/dmcsrb.com\/en\/kultura\/dragan-koprivica-i-prijatelji-odusevili-niksicku-publiku\/","title":{"rendered":"Dragan Koprivica i prijatelji odu\u0161evili nik\u0161i\u0107ku publiku"},"content":{"rendered":"<p>Ovaj nastup muzi\u010dko-pjesni\u010dkog karavana po Crnoj Gori, od januara ove godine ve\u0107 dvadeset osmi po redu, posebno je obilje\u017eio spontanitet svih u\u010desnika programa, koji je Koprivica i vodio, daju\u0107i prednost mladim talentima.<\/p>\n\n\n\n<p>Muzi\u010dki dio posebno je obilje\u017eio mladi, talentovani vokalni solista iz Nik\u0161i\u0107a, Marko Duborija, uz svoj osoben dar za interpretiranje crnogorskih narodnih pjesama, pred kojim o\u010digledno stoji uspje\u0161na muzi\u010dka karijera.<br><\/p>\n\n\n\n<p>Dragan Koprivica je, uz kra\u0107e komentare o sudbinama pojedinim velikih pjeva\u010da sa eks-ju prostora, izvodio numere \u0110or\u0111a Marjanovi\u0107a, Iva Robi\u0107a i Halida Be\u0161li\u0107a, i na harmonici svirao potpuri narodnih pjesama uz aplauze prisutnih.<br><\/p>\n\n\n\n<p>Zatim je publici predstavio Bojana Rajevi\u0107a, jednog od najve\u0107ih aforisti\u010dara na na\u0161im prostorima, \u010diji su humoristi\u010dko-satiri\u010dni aforizmi odli\u010dno primljeni uz brojne aplauze, a predstavio se i Zoran Matija\u0161evi\u0107, pisac iz Nik\u0161i\u0107a, koji je nedavno objavio izvanrednu knjigu seoskih pripovijedaka \u201eHronika sela Lisi\u010dino\u201c.<\/p>\n\n\n\n<p>Svoje stihove zatim je maestralno govorila pjesnikinja iz Podgorice, Ana \u0110urovi\u0107, a na\u0161a poznata poetesa i aktivistkinja u sferi evropske i \u0161ire kulture, Gordana Sari\u0107, uputila niz komplimenata ovoj talentovanoj pjesnikinji. Publici su se izvanredno predstavili i mlada Tijana Dragani\u0107, koja je vrlo sugestivno \u010ditala svoju poeziju, kao i Darko Buli\u0107, uz aplauze za svoje stihove na otvorenoj sceni. Danijela \u0160undi\u0107 je izvanredno govorila poeziju na\u0161ih poznatih pjesnika, tematski vezanu za njen rodni kraj Zetu, te je ovo dinami\u010dno ve\u010de imalo izuzetan tempo i atmosferu za pam\u0107enje.<\/p>\n\n\n\n<p>Liana \u017divkovi\u0107, direktorica JU NB \u201eNjego\u0161\u201c Nik\u0161i\u0107, imala je samo rije\u010di hvale za cjelokupan program i u\u010desnike, koje je pozvala da ubrzo ponove svoje gostovanje uz nadu da \u0107e se pjesnicima pridru\u017eiti i Milan Kne\u017eevi\u0107, koji bi nakon promocija svoje nove knjige \u201eNe dam mandat\u201c u Nik\u0161i\u0107kom pozori\u0161tu, u JU NB \u201eRadosav Ljumovi\u0107\u201c u Podgorici, i na Me\u0111unarodnom sajmu knjiga u Beogradu, svoju poeziju predstavio i u Gradskoj ku\u0107i, u organizaciji JU NB \u201eNjego\u0161\u201c u Nik\u0161i\u0107u<br><\/p>\n\n\n\n<p>Ovaj muzi\u010dko-pjesni\u010dki karavan danas gostuje u Podgorici, u NVU \u201ePru\u017eite nam \u0161ansu\u201c, sjutra u Dje\u010djem domu \u201eMladost\u201c Bijela, u nedjelju u KIC-u \u201eZeta\u201c, a trideset i drugi nastup zakazan je u UIKS-u u utorak, 30.12. u mu\u0161kom i \u017eenskom zatvoru za duge kazne, u znak obilje\u017eavanja novogodi\u0161njih praznika za zatvorenike, u dogovoru sa direktorom UIKS-a, g. Darkom Vuk\u010devi\u0107em, i na\u010delnikom Zatvora, g. Sa\u0161om Buri\u0107em.<\/p>","protected":false},"excerpt":{"rendered":"<p>Da spontano izvedeni programi \u010desto bivaju posebno uspje\u0161ni, sino\u0107 su Dragan Koprivica i prijatelji, u spletu muzi\u010dkih i pjesni\u010dkih numera, na najbolji na\u010din dokazali u Gradskoj ku\u0107i u Nik\u0161i\u0107u, u organizaciji JU NB \u201eNjego\u0161\u201c, i pritom odu\u0161evili probirljivu nik\u0161i\u0107ku publiku.<\/p>","protected":false},"author":1,"featured_media":915749,"comment_status":"open","ping_status":"open","sticky":false,"template":"","format":"standard","meta":{"_acf_changed":false,"footnotes":""},"categories":[50],"tags":[2699,491],"naslovna":[],"class_list":["post-915748","post","type-post","status-publish","format-standard","has-post-thumbnail","hentry","category-kultura","tag-dragan-koprivica-i-prijatelji","tag-niksic-4"],"acf":[],"yoast_head":"<!-- This site is optimized with the Yoast SEO plugin v27.0 - https:\/\/yoast.com\/product\/yoast-seo-wordpress\/ -->\n<title>Dragan Koprivica i prijatelji odu\u0161evili nik\u0161i\u0107ku publiku - dmcsrb.com<\/title>\n<meta name=\"robots\" content=\"index, follow, max-snippet:-1, max-image-preview:large, max-video-preview:-1\" \/>\n<link rel=\"canonical\" href=\"https:\/\/dmcsrb.com\/en\/kultura\/dragan-koprivica-i-prijatelji-odusevili-niksicku-publiku\/\" \/>\n<meta property=\"og:locale\" content=\"en_GB\" \/>\n<meta property=\"og:type\" content=\"article\" \/>\n<meta property=\"og:title\" content=\"Dragan Koprivica i prijatelji odu\u0161evili nik\u0161i\u0107ku publiku - dmcsrb.com\" \/>\n<meta property=\"og:description\" content=\"Da spontano izvedeni programi \u010desto bivaju posebno uspje\u0161ni, sino\u0107 su Dragan Koprivica i prijatelji, u spletu muzi\u010dkih i pjesni\u010dkih numera, na najbolji na\u010din dokazali u Gradskoj ku\u0107i u Nik\u0161i\u0107u, u organizaciji JU NB \u201eNjego\u0161\u201c, i pritom odu\u0161evili probirljivu nik\u0161i\u0107ku publiku.\" \/>\n<meta property=\"og:url\" content=\"https:\/\/dmcsrb.com\/en\/kultura\/dragan-koprivica-i-prijatelji-odusevili-niksicku-publiku\/\" \/>\n<meta property=\"og:site_name\" content=\"dmcsrb.com\" \/>\n<meta property=\"article:published_time\" content=\"2025-12-25T14:34:15+00:00\" \/>\n<meta property=\"og:image\" content=\"https:\/\/dmcsrb.com\/wp-content\/uploads\/2026\/01\/GRADSKA-KUCA-NK-24.12.2025.-FOTOS.jpg\" \/>\n\t<meta property=\"og:image:width\" content=\"738\" \/>\n\t<meta property=\"og:image:height\" content=\"410\" \/>\n\t<meta property=\"og:image:type\" content=\"image\/jpeg\" \/>\n<meta name=\"author\" content=\"dmcsrbija.com@gmail.com\" \/>\n<meta name=\"twitter:card\" content=\"summary_large_image\" \/>\n<meta name=\"twitter:label1\" content=\"Written by\" \/>\n\t<meta name=\"twitter:data1\" content=\"dmcsrbija.com@gmail.com\" \/>\n\t<meta name=\"twitter:label2\" content=\"Estimated reading time\" \/>\n\t<meta name=\"twitter:data2\" content=\"2 minutes\" \/>\n<script type=\"application\/ld+json\" class=\"yoast-schema-graph\">{\"@context\":\"https:\/\/schema.org\",\"@graph\":[{\"@type\":\"Article\",\"@id\":\"https:\/\/dmcsrb.com\/kultura\/dragan-koprivica-i-prijatelji-odusevili-niksicku-publiku\/#article\",\"isPartOf\":{\"@id\":\"https:\/\/dmcsrb.com\/kultura\/dragan-koprivica-i-prijatelji-odusevili-niksicku-publiku\/\"},\"author\":{\"name\":\"dmcsrbija.com@gmail.com\",\"@id\":\"https:\/\/dmcsrb.com\/#\/schema\/person\/5c39170f12db1b8b457732d0b5c854e2\"},\"headline\":\"Dragan Koprivica i prijatelji odu\u0161evili nik\u0161i\u0107ku publiku\",\"datePublished\":\"2025-12-25T14:34:15+00:00\",\"mainEntityOfPage\":{\"@id\":\"https:\/\/dmcsrb.com\/kultura\/dragan-koprivica-i-prijatelji-odusevili-niksicku-publiku\/\"},\"wordCount\":431,\"commentCount\":0,\"image\":{\"@id\":\"https:\/\/dmcsrb.com\/kultura\/dragan-koprivica-i-prijatelji-odusevili-niksicku-publiku\/#primaryimage\"},\"thumbnailUrl\":\"https:\/\/dmcsrb.com\/wp-content\/uploads\/2026\/01\/GRADSKA-KUCA-NK-24.12.2025.-FOTOS.jpg\",\"keywords\":[\"''Dragan Koprivica i prijatelji''\",\"Niksic\"],\"articleSection\":[\"Kultura\"],\"inLanguage\":\"en-GB\",\"potentialAction\":[{\"@type\":\"CommentAction\",\"name\":\"Comment\",\"target\":[\"https:\/\/dmcsrb.com\/kultura\/dragan-koprivica-i-prijatelji-odusevili-niksicku-publiku\/#respond\"]}]},{\"@type\":\"WebPage\",\"@id\":\"https:\/\/dmcsrb.com\/kultura\/dragan-koprivica-i-prijatelji-odusevili-niksicku-publiku\/\",\"url\":\"https:\/\/dmcsrb.com\/kultura\/dragan-koprivica-i-prijatelji-odusevili-niksicku-publiku\/\",\"name\":\"Dragan Koprivica i prijatelji odu\u0161evili nik\u0161i\u0107ku publiku - dmcsrb.com\",\"isPartOf\":{\"@id\":\"https:\/\/dmcsrb.com\/#website\"},\"primaryImageOfPage\":{\"@id\":\"https:\/\/dmcsrb.com\/kultura\/dragan-koprivica-i-prijatelji-odusevili-niksicku-publiku\/#primaryimage\"},\"image\":{\"@id\":\"https:\/\/dmcsrb.com\/kultura\/dragan-koprivica-i-prijatelji-odusevili-niksicku-publiku\/#primaryimage\"},\"thumbnailUrl\":\"https:\/\/dmcsrb.com\/wp-content\/uploads\/2026\/01\/GRADSKA-KUCA-NK-24.12.2025.-FOTOS.jpg\",\"datePublished\":\"2025-12-25T14:34:15+00:00\",\"author\":{\"@id\":\"https:\/\/dmcsrb.com\/#\/schema\/person\/5c39170f12db1b8b457732d0b5c854e2\"},\"breadcrumb\":{\"@id\":\"https:\/\/dmcsrb.com\/kultura\/dragan-koprivica-i-prijatelji-odusevili-niksicku-publiku\/#breadcrumb\"},\"inLanguage\":\"en-GB\",\"potentialAction\":[{\"@type\":\"ReadAction\",\"target\":[\"https:\/\/dmcsrb.com\/kultura\/dragan-koprivica-i-prijatelji-odusevili-niksicku-publiku\/\"]}]},{\"@type\":\"ImageObject\",\"inLanguage\":\"en-GB\",\"@id\":\"https:\/\/dmcsrb.com\/kultura\/dragan-koprivica-i-prijatelji-odusevili-niksicku-publiku\/#primaryimage\",\"url\":\"https:\/\/dmcsrb.com\/wp-content\/uploads\/2026\/01\/GRADSKA-KUCA-NK-24.12.2025.-FOTOS.jpg\",\"contentUrl\":\"https:\/\/dmcsrb.com\/wp-content\/uploads\/2026\/01\/GRADSKA-KUCA-NK-24.12.2025.-FOTOS.jpg\",\"width\":738,\"height\":410},{\"@type\":\"BreadcrumbList\",\"@id\":\"https:\/\/dmcsrb.com\/kultura\/dragan-koprivica-i-prijatelji-odusevili-niksicku-publiku\/#breadcrumb\",\"itemListElement\":[{\"@type\":\"ListItem\",\"position\":1,\"name\":\"Home\",\"item\":\"https:\/\/dmcsrb.com\/\"},{\"@type\":\"ListItem\",\"position\":2,\"name\":\"Dragan Koprivica i prijatelji odu\u0161evili nik\u0161i\u0107ku publiku\"}]},{\"@type\":\"WebSite\",\"@id\":\"https:\/\/dmcsrb.com\/#website\",\"url\":\"https:\/\/dmcsrb.com\/\",\"name\":\"dmcsrb.com\",\"description\":\"\",\"potentialAction\":[{\"@type\":\"SearchAction\",\"target\":{\"@type\":\"EntryPoint\",\"urlTemplate\":\"https:\/\/dmcsrb.com\/?s={search_term_string}\"},\"query-input\":{\"@type\":\"PropertyValueSpecification\",\"valueRequired\":true,\"valueName\":\"search_term_string\"}}],\"inLanguage\":\"en-GB\"},{\"@type\":\"Person\",\"@id\":\"https:\/\/dmcsrb.com\/#\/schema\/person\/5c39170f12db1b8b457732d0b5c854e2\",\"name\":\"dmcsrbija.com@gmail.com\",\"image\":{\"@type\":\"ImageObject\",\"inLanguage\":\"en-GB\",\"@id\":\"https:\/\/dmcsrb.com\/#\/schema\/person\/image\/\",\"url\":\"https:\/\/secure.gravatar.com\/avatar\/68592660ad6347fad0fb587f8d5d8f1a7b44961362f56e4f2cd524feb87e9069?s=96&d=mm&r=g\",\"contentUrl\":\"https:\/\/secure.gravatar.com\/avatar\/68592660ad6347fad0fb587f8d5d8f1a7b44961362f56e4f2cd524feb87e9069?s=96&d=mm&r=g\",\"caption\":\"dmcsrbija.com@gmail.com\"},\"sameAs\":[\"https:\/\/dmcsrb.com\"],\"url\":\"https:\/\/dmcsrb.com\/en\/author\/dmcsrbija-comgmail-com\/\"}]}<\/script>\n<!-- \/ Yoast SEO plugin. -->","yoast_head_json":{"title":"Dragan Koprivica i prijatelji odu\u0161evili nik\u0161i\u0107ku publiku - dmcsrb.com","robots":{"index":"index","follow":"follow","max-snippet":"max-snippet:-1","max-image-preview":"max-image-preview:large","max-video-preview":"max-video-preview:-1"},"canonical":"https:\/\/dmcsrb.com\/en\/kultura\/dragan-koprivica-i-prijatelji-odusevili-niksicku-publiku\/","og_locale":"en_GB","og_type":"article","og_title":"Dragan Koprivica i prijatelji odu\u0161evili nik\u0161i\u0107ku publiku - dmcsrb.com","og_description":"Da spontano izvedeni programi \u010desto bivaju posebno uspje\u0161ni, sino\u0107 su Dragan Koprivica i prijatelji, u spletu muzi\u010dkih i pjesni\u010dkih numera, na najbolji na\u010din dokazali u Gradskoj ku\u0107i u Nik\u0161i\u0107u, u organizaciji JU NB \u201eNjego\u0161\u201c, i pritom odu\u0161evili probirljivu nik\u0161i\u0107ku publiku.","og_url":"https:\/\/dmcsrb.com\/en\/kultura\/dragan-koprivica-i-prijatelji-odusevili-niksicku-publiku\/","og_site_name":"dmcsrb.com","article_published_time":"2025-12-25T14:34:15+00:00","og_image":[{"width":738,"height":410,"url":"https:\/\/dmcsrb.com\/wp-content\/uploads\/2026\/01\/GRADSKA-KUCA-NK-24.12.2025.-FOTOS.jpg","type":"image\/jpeg"}],"author":"dmcsrbija.com@gmail.com","twitter_card":"summary_large_image","twitter_misc":{"Written by":"dmcsrbija.com@gmail.com","Estimated reading time":"2 minutes"},"schema":{"@context":"https:\/\/schema.org","@graph":[{"@type":"Article","@id":"https:\/\/dmcsrb.com\/kultura\/dragan-koprivica-i-prijatelji-odusevili-niksicku-publiku\/#article","isPartOf":{"@id":"https:\/\/dmcsrb.com\/kultura\/dragan-koprivica-i-prijatelji-odusevili-niksicku-publiku\/"},"author":{"name":"dmcsrbija.com@gmail.com","@id":"https:\/\/dmcsrb.com\/#\/schema\/person\/5c39170f12db1b8b457732d0b5c854e2"},"headline":"Dragan Koprivica i prijatelji odu\u0161evili nik\u0161i\u0107ku publiku","datePublished":"2025-12-25T14:34:15+00:00","mainEntityOfPage":{"@id":"https:\/\/dmcsrb.com\/kultura\/dragan-koprivica-i-prijatelji-odusevili-niksicku-publiku\/"},"wordCount":431,"commentCount":0,"image":{"@id":"https:\/\/dmcsrb.com\/kultura\/dragan-koprivica-i-prijatelji-odusevili-niksicku-publiku\/#primaryimage"},"thumbnailUrl":"https:\/\/dmcsrb.com\/wp-content\/uploads\/2026\/01\/GRADSKA-KUCA-NK-24.12.2025.-FOTOS.jpg","keywords":["''Dragan Koprivica i prijatelji''","Niksic"],"articleSection":["Kultura"],"inLanguage":"en-GB","potentialAction":[{"@type":"CommentAction","name":"Comment","target":["https:\/\/dmcsrb.com\/kultura\/dragan-koprivica-i-prijatelji-odusevili-niksicku-publiku\/#respond"]}]},{"@type":"WebPage","@id":"https:\/\/dmcsrb.com\/kultura\/dragan-koprivica-i-prijatelji-odusevili-niksicku-publiku\/","url":"https:\/\/dmcsrb.com\/kultura\/dragan-koprivica-i-prijatelji-odusevili-niksicku-publiku\/","name":"Dragan Koprivica i prijatelji odu\u0161evili nik\u0161i\u0107ku publiku - dmcsrb.com","isPartOf":{"@id":"https:\/\/dmcsrb.com\/#website"},"primaryImageOfPage":{"@id":"https:\/\/dmcsrb.com\/kultura\/dragan-koprivica-i-prijatelji-odusevili-niksicku-publiku\/#primaryimage"},"image":{"@id":"https:\/\/dmcsrb.com\/kultura\/dragan-koprivica-i-prijatelji-odusevili-niksicku-publiku\/#primaryimage"},"thumbnailUrl":"https:\/\/dmcsrb.com\/wp-content\/uploads\/2026\/01\/GRADSKA-KUCA-NK-24.12.2025.-FOTOS.jpg","datePublished":"2025-12-25T14:34:15+00:00","author":{"@id":"https:\/\/dmcsrb.com\/#\/schema\/person\/5c39170f12db1b8b457732d0b5c854e2"},"breadcrumb":{"@id":"https:\/\/dmcsrb.com\/kultura\/dragan-koprivica-i-prijatelji-odusevili-niksicku-publiku\/#breadcrumb"},"inLanguage":"en-GB","potentialAction":[{"@type":"ReadAction","target":["https:\/\/dmcsrb.com\/kultura\/dragan-koprivica-i-prijatelji-odusevili-niksicku-publiku\/"]}]},{"@type":"ImageObject","inLanguage":"en-GB","@id":"https:\/\/dmcsrb.com\/kultura\/dragan-koprivica-i-prijatelji-odusevili-niksicku-publiku\/#primaryimage","url":"https:\/\/dmcsrb.com\/wp-content\/uploads\/2026\/01\/GRADSKA-KUCA-NK-24.12.2025.-FOTOS.jpg","contentUrl":"https:\/\/dmcsrb.com\/wp-content\/uploads\/2026\/01\/GRADSKA-KUCA-NK-24.12.2025.-FOTOS.jpg","width":738,"height":410},{"@type":"BreadcrumbList","@id":"https:\/\/dmcsrb.com\/kultura\/dragan-koprivica-i-prijatelji-odusevili-niksicku-publiku\/#breadcrumb","itemListElement":[{"@type":"ListItem","position":1,"name":"Home","item":"https:\/\/dmcsrb.com\/"},{"@type":"ListItem","position":2,"name":"Dragan Koprivica i prijatelji odu\u0161evili nik\u0161i\u0107ku publiku"}]},{"@type":"WebSite","@id":"https:\/\/dmcsrb.com\/#website","url":"https:\/\/dmcsrb.com\/","name":"dmcsrb.com","description":"","potentialAction":[{"@type":"SearchAction","target":{"@type":"EntryPoint","urlTemplate":"https:\/\/dmcsrb.com\/?s={search_term_string}"},"query-input":{"@type":"PropertyValueSpecification","valueRequired":true,"valueName":"search_term_string"}}],"inLanguage":"en-GB"},{"@type":"Person","@id":"https:\/\/dmcsrb.com\/#\/schema\/person\/5c39170f12db1b8b457732d0b5c854e2","name":"dmcsrbija.com@gmail.com","image":{"@type":"ImageObject","inLanguage":"en-GB","@id":"https:\/\/dmcsrb.com\/#\/schema\/person\/image\/","url":"https:\/\/secure.gravatar.com\/avatar\/68592660ad6347fad0fb587f8d5d8f1a7b44961362f56e4f2cd524feb87e9069?s=96&d=mm&r=g","contentUrl":"https:\/\/secure.gravatar.com\/avatar\/68592660ad6347fad0fb587f8d5d8f1a7b44961362f56e4f2cd524feb87e9069?s=96&d=mm&r=g","caption":"dmcsrbija.com@gmail.com"},"sameAs":["https:\/\/dmcsrb.com"],"url":"https:\/\/dmcsrb.com\/en\/author\/dmcsrbija-comgmail-com\/"}]}},"_links":{"self":[{"href":"https:\/\/dmcsrb.com\/en\/wp-json\/wp\/v2\/posts\/915748","targetHints":{"allow":["GET"]}}],"collection":[{"href":"https:\/\/dmcsrb.com\/en\/wp-json\/wp\/v2\/posts"}],"about":[{"href":"https:\/\/dmcsrb.com\/en\/wp-json\/wp\/v2\/types\/post"}],"author":[{"embeddable":true,"href":"https:\/\/dmcsrb.com\/en\/wp-json\/wp\/v2\/users\/1"}],"replies":[{"embeddable":true,"href":"https:\/\/dmcsrb.com\/en\/wp-json\/wp\/v2\/comments?post=915748"}],"version-history":[{"count":0,"href":"https:\/\/dmcsrb.com\/en\/wp-json\/wp\/v2\/posts\/915748\/revisions"}],"wp:featuredmedia":[{"embeddable":true,"href":"https:\/\/dmcsrb.com\/en\/wp-json\/wp\/v2\/media\/915749"}],"wp:attachment":[{"href":"https:\/\/dmcsrb.com\/en\/wp-json\/wp\/v2\/media?parent=915748"}],"wp:term":[{"taxonomy":"category","embeddable":true,"href":"https:\/\/dmcsrb.com\/en\/wp-json\/wp\/v2\/categories?post=915748"},{"taxonomy":"post_tag","embeddable":true,"href":"https:\/\/dmcsrb.com\/en\/wp-json\/wp\/v2\/tags?post=915748"},{"taxonomy":"naslovna","embeddable":true,"href":"https:\/\/dmcsrb.com\/en\/wp-json\/wp\/v2\/naslovna?post=915748"}],"curies":[{"name":"wp","href":"https:\/\/api.w.org\/{rel}","templated":true}]}}