{"id":915718,"date":"2025-12-25T14:41:00","date_gmt":"2025-12-25T13:41:00","guid":{"rendered":"https:\/\/dmcsrb.com\/uncategorized\/markovic-i-ivasaki-zajednicke-vrijednosti-temelj-partnerstva-crne-gore-i-japana\/"},"modified":"2025-12-25T14:41:00","modified_gmt":"2025-12-25T13:41:00","slug":"markovic-i-ivasaki-zajednicke-vrijednosti-temelj-partnerstva-crne-gore-i-japana","status":"publish","type":"post","link":"https:\/\/dmcsrb.com\/en\/drustvo\/markovic-i-ivasaki-zajednicke-vrijednosti-temelj-partnerstva-crne-gore-i-japana\/","title":{"rendered":"Markovi\u0107 i Ivasaki: Zajedni\u010dke vrijednosti temelj partnerstva Crne Gore i Japana"},"content":{"rendered":"<p>Iz Ministartva odbrane je saop\u0161teno da je dr\u017eavni sekretar Markovi\u0107 informisao puk Ivasakija o spoljnopoliti\u010dkim prioritetima Vlade Crne Gore i ostvarenom progresu na putu ka EU.<\/p>\n\n\n\n<p>Crna Gora tako\u0111e ostaje posve\u0107ena ispunjavanju svih obaveza koje proizilaze iz NATO \u010dlanstva, ali i ja\u010danju regionalne stabilnosti, kazao je Markovi\u0107 tokom sastanka.<\/p>\n\n\n\n<p>Govore\u0107i o prioritetima odbrambenog sektora, Markovi\u0107 je istakao modernizaciju Vojske Crne Gore i ja\u010danje nacionalnih odbrambenih sposobnosti, kao i dalji aktivan doprinos me\u0111unarodnim mirovnim i bezbjednosnim misijama.&nbsp;&nbsp;<\/p>\n\n\n\n<p>Tokom razmjene mi\u0161ljenja o bezbjednosnim izazovima kako na evropskom tlu, tako i u indo-pacifi\u010dkom regionu, zaklju\u010deno je da je ja\u010danje partnerstava najbolji odgovor na \u0161irok spektar savremenih i sve slo\u017eenijih izazova.<\/p>\n\n\n\n<p>U vezi sa tim Markovi\u0107 je pozdravio bezbjednosno partnerstvo EU sa Japanom, kao i odluku Japana da unaprijedi svoje odbrambene kapacitete i dodatno intenzivira saradnju sa NATO savezom, nagla\u0161avaju\u0107i da \u0107e i Crna Gora, kao prva naredna EU \u010dlanica i kredibilan NATO saveznik nastaviti da njeguje partnerske odnose sa Japanom.<\/p>\n\n\n\n<p>Na\u010delnik General\u0161taba Vojske Crne Gore bg Miodrag Vuksanovi\u0107 tako\u0111e se susreo sa izaslanikom odbrane Japana.<\/p>","protected":false},"excerpt":{"rendered":"<p>Crna Gora i Japan dijele iste temeljne vrijednosti i opredijeljeni su ja\u010danju partnerstva u oblasti bezbjednosti i odbrane, poru\u010deno je sa sastanka dr\u017eavnog sekretara u Ministarstvu odbrane Marka Markovi\u0107a i izaslanika odbrane Japana akreditovanog u Crnoj Gori, pukovnika Tomofumija Ivasakija u okviru njegove nastupne posjete Ministarstvu odbrane.<\/p>","protected":false},"author":1,"featured_media":915719,"comment_status":"open","ping_status":"open","sticky":false,"template":"","format":"standard","meta":{"_acf_changed":false,"footnotes":""},"categories":[2],"tags":[95,1073,682,843],"naslovna":[],"class_list":["post-915718","post","type-post","status-publish","format-standard","has-post-thumbnail","hentry","category-drustvo","tag-crna-gora","tag-japan","tag-marko-markovic","tag-vcg"],"acf":[],"yoast_head":"<!-- This site is optimized with the Yoast SEO plugin v27.4 - https:\/\/yoast.com\/product\/yoast-seo-wordpress\/ -->\n<title>Markovi\u0107 i Ivasaki: Zajedni\u010dke vrijednosti temelj partnerstva Crne Gore i Japana - dmcsrb.com<\/title>\n<meta name=\"robots\" content=\"index, follow, max-snippet:-1, max-image-preview:large, max-video-preview:-1\" \/>\n<link rel=\"canonical\" href=\"https:\/\/dmcsrb.com\/en\/drustvo\/markovic-i-ivasaki-zajednicke-vrijednosti-temelj-partnerstva-crne-gore-i-japana\/\" \/>\n<meta property=\"og:locale\" content=\"en_GB\" \/>\n<meta property=\"og:type\" content=\"article\" \/>\n<meta property=\"og:title\" content=\"Markovi\u0107 i Ivasaki: Zajedni\u010dke vrijednosti temelj partnerstva Crne Gore i Japana - dmcsrb.com\" \/>\n<meta property=\"og:description\" content=\"Crna Gora i Japan dijele iste temeljne vrijednosti i opredijeljeni su ja\u010danju partnerstva u oblasti bezbjednosti i odbrane, poru\u010deno je sa sastanka dr\u017eavnog sekretara u Ministarstvu odbrane Marka Markovi\u0107a i izaslanika odbrane Japana akreditovanog u Crnoj Gori, pukovnika Tomofumija Ivasakija u okviru njegove nastupne posjete Ministarstvu odbrane.\" \/>\n<meta property=\"og:url\" content=\"https:\/\/dmcsrb.com\/en\/drustvo\/markovic-i-ivasaki-zajednicke-vrijednosti-temelj-partnerstva-crne-gore-i-japana\/\" \/>\n<meta property=\"og:site_name\" content=\"dmcsrb.com\" \/>\n<meta property=\"article:published_time\" content=\"2025-12-25T13:41:00+00:00\" \/>\n<meta property=\"og:image\" content=\"https:\/\/dmcsrb.com\/wp-content\/uploads\/2026\/01\/111_710x900.jpg\" \/>\n\t<meta property=\"og:image:width\" content=\"900\" \/>\n\t<meta property=\"og:image:height\" content=\"710\" \/>\n\t<meta property=\"og:image:type\" content=\"image\/jpeg\" \/>\n<meta name=\"author\" content=\"dmcsrbija.com@gmail.com\" \/>\n<meta name=\"twitter:card\" content=\"summary_large_image\" \/>\n<meta name=\"twitter:label1\" content=\"Written by\" \/>\n\t<meta name=\"twitter:data1\" content=\"dmcsrbija.com@gmail.com\" \/>\n\t<meta name=\"twitter:label2\" content=\"Estimated reading time\" \/>\n\t<meta name=\"twitter:data2\" content=\"1 minute\" \/>\n<script type=\"application\/ld+json\" class=\"yoast-schema-graph\">{\"@context\":\"https:\\\/\\\/schema.org\",\"@graph\":[{\"@type\":\"Article\",\"@id\":\"https:\\\/\\\/dmcsrb.com\\\/drustvo\\\/markovic-i-ivasaki-zajednicke-vrijednosti-temelj-partnerstva-crne-gore-i-japana\\\/#article\",\"isPartOf\":{\"@id\":\"https:\\\/\\\/dmcsrb.com\\\/drustvo\\\/markovic-i-ivasaki-zajednicke-vrijednosti-temelj-partnerstva-crne-gore-i-japana\\\/\"},\"author\":{\"name\":\"dmcsrbija.com@gmail.com\",\"@id\":\"https:\\\/\\\/dmcsrb.com\\\/#\\\/schema\\\/person\\\/5c39170f12db1b8b457732d0b5c854e2\"},\"headline\":\"Markovi\u0107 i Ivasaki: Zajedni\u010dke vrijednosti temelj partnerstva Crne Gore i Japana\",\"datePublished\":\"2025-12-25T13:41:00+00:00\",\"mainEntityOfPage\":{\"@id\":\"https:\\\/\\\/dmcsrb.com\\\/drustvo\\\/markovic-i-ivasaki-zajednicke-vrijednosti-temelj-partnerstva-crne-gore-i-japana\\\/\"},\"wordCount\":205,\"commentCount\":0,\"image\":{\"@id\":\"https:\\\/\\\/dmcsrb.com\\\/drustvo\\\/markovic-i-ivasaki-zajednicke-vrijednosti-temelj-partnerstva-crne-gore-i-japana\\\/#primaryimage\"},\"thumbnailUrl\":\"https:\\\/\\\/dmcsrb.com\\\/wp-content\\\/uploads\\\/2026\\\/01\\\/111_710x900.jpg\",\"keywords\":[\"Crna Gora\",\"Japan\",\"Marko Markovi\u0107\",\"VCG\"],\"articleSection\":[\"Dru\u0161tvo\"],\"inLanguage\":\"en-GB\",\"potentialAction\":[{\"@type\":\"CommentAction\",\"name\":\"Comment\",\"target\":[\"https:\\\/\\\/dmcsrb.com\\\/drustvo\\\/markovic-i-ivasaki-zajednicke-vrijednosti-temelj-partnerstva-crne-gore-i-japana\\\/#respond\"]}]},{\"@type\":\"WebPage\",\"@id\":\"https:\\\/\\\/dmcsrb.com\\\/drustvo\\\/markovic-i-ivasaki-zajednicke-vrijednosti-temelj-partnerstva-crne-gore-i-japana\\\/\",\"url\":\"https:\\\/\\\/dmcsrb.com\\\/drustvo\\\/markovic-i-ivasaki-zajednicke-vrijednosti-temelj-partnerstva-crne-gore-i-japana\\\/\",\"name\":\"Markovi\u0107 i Ivasaki: Zajedni\u010dke vrijednosti temelj partnerstva Crne Gore i Japana - dmcsrb.com\",\"isPartOf\":{\"@id\":\"https:\\\/\\\/dmcsrb.com\\\/#website\"},\"primaryImageOfPage\":{\"@id\":\"https:\\\/\\\/dmcsrb.com\\\/drustvo\\\/markovic-i-ivasaki-zajednicke-vrijednosti-temelj-partnerstva-crne-gore-i-japana\\\/#primaryimage\"},\"image\":{\"@id\":\"https:\\\/\\\/dmcsrb.com\\\/drustvo\\\/markovic-i-ivasaki-zajednicke-vrijednosti-temelj-partnerstva-crne-gore-i-japana\\\/#primaryimage\"},\"thumbnailUrl\":\"https:\\\/\\\/dmcsrb.com\\\/wp-content\\\/uploads\\\/2026\\\/01\\\/111_710x900.jpg\",\"datePublished\":\"2025-12-25T13:41:00+00:00\",\"author\":{\"@id\":\"https:\\\/\\\/dmcsrb.com\\\/#\\\/schema\\\/person\\\/5c39170f12db1b8b457732d0b5c854e2\"},\"breadcrumb\":{\"@id\":\"https:\\\/\\\/dmcsrb.com\\\/drustvo\\\/markovic-i-ivasaki-zajednicke-vrijednosti-temelj-partnerstva-crne-gore-i-japana\\\/#breadcrumb\"},\"inLanguage\":\"en-GB\",\"potentialAction\":[{\"@type\":\"ReadAction\",\"target\":[\"https:\\\/\\\/dmcsrb.com\\\/drustvo\\\/markovic-i-ivasaki-zajednicke-vrijednosti-temelj-partnerstva-crne-gore-i-japana\\\/\"]}]},{\"@type\":\"ImageObject\",\"inLanguage\":\"en-GB\",\"@id\":\"https:\\\/\\\/dmcsrb.com\\\/drustvo\\\/markovic-i-ivasaki-zajednicke-vrijednosti-temelj-partnerstva-crne-gore-i-japana\\\/#primaryimage\",\"url\":\"https:\\\/\\\/dmcsrb.com\\\/wp-content\\\/uploads\\\/2026\\\/01\\\/111_710x900.jpg\",\"contentUrl\":\"https:\\\/\\\/dmcsrb.com\\\/wp-content\\\/uploads\\\/2026\\\/01\\\/111_710x900.jpg\",\"width\":900,\"height\":710},{\"@type\":\"BreadcrumbList\",\"@id\":\"https:\\\/\\\/dmcsrb.com\\\/drustvo\\\/markovic-i-ivasaki-zajednicke-vrijednosti-temelj-partnerstva-crne-gore-i-japana\\\/#breadcrumb\",\"itemListElement\":[{\"@type\":\"ListItem\",\"position\":1,\"name\":\"Home\",\"item\":\"https:\\\/\\\/dmcsrb.com\\\/\"},{\"@type\":\"ListItem\",\"position\":2,\"name\":\"Markovi\u0107 i Ivasaki: Zajedni\u010dke vrijednosti temelj partnerstva Crne Gore i Japana\"}]},{\"@type\":\"WebSite\",\"@id\":\"https:\\\/\\\/dmcsrb.com\\\/#website\",\"url\":\"https:\\\/\\\/dmcsrb.com\\\/\",\"name\":\"dmcsrb.com\",\"description\":\"\",\"potentialAction\":[{\"@type\":\"SearchAction\",\"target\":{\"@type\":\"EntryPoint\",\"urlTemplate\":\"https:\\\/\\\/dmcsrb.com\\\/?s={search_term_string}\"},\"query-input\":{\"@type\":\"PropertyValueSpecification\",\"valueRequired\":true,\"valueName\":\"search_term_string\"}}],\"inLanguage\":\"en-GB\"},{\"@type\":\"Person\",\"@id\":\"https:\\\/\\\/dmcsrb.com\\\/#\\\/schema\\\/person\\\/5c39170f12db1b8b457732d0b5c854e2\",\"name\":\"dmcsrbija.com@gmail.com\",\"image\":{\"@type\":\"ImageObject\",\"inLanguage\":\"en-GB\",\"@id\":\"https:\\\/\\\/secure.gravatar.com\\\/avatar\\\/68592660ad6347fad0fb587f8d5d8f1a7b44961362f56e4f2cd524feb87e9069?s=96&d=mm&r=g\",\"url\":\"https:\\\/\\\/secure.gravatar.com\\\/avatar\\\/68592660ad6347fad0fb587f8d5d8f1a7b44961362f56e4f2cd524feb87e9069?s=96&d=mm&r=g\",\"contentUrl\":\"https:\\\/\\\/secure.gravatar.com\\\/avatar\\\/68592660ad6347fad0fb587f8d5d8f1a7b44961362f56e4f2cd524feb87e9069?s=96&d=mm&r=g\",\"caption\":\"dmcsrbija.com@gmail.com\"},\"sameAs\":[\"https:\\\/\\\/dmcsrb.com\"],\"url\":\"https:\\\/\\\/dmcsrb.com\\\/en\\\/author\\\/dmcsrbija-comgmail-com\\\/\"}]}<\/script>\n<!-- \/ Yoast SEO plugin. -->","yoast_head_json":{"title":"Markovi\u0107 i Ivasaki: Zajedni\u010dke vrijednosti temelj partnerstva Crne Gore i Japana - dmcsrb.com","robots":{"index":"index","follow":"follow","max-snippet":"max-snippet:-1","max-image-preview":"max-image-preview:large","max-video-preview":"max-video-preview:-1"},"canonical":"https:\/\/dmcsrb.com\/en\/drustvo\/markovic-i-ivasaki-zajednicke-vrijednosti-temelj-partnerstva-crne-gore-i-japana\/","og_locale":"en_GB","og_type":"article","og_title":"Markovi\u0107 i Ivasaki: Zajedni\u010dke vrijednosti temelj partnerstva Crne Gore i Japana - dmcsrb.com","og_description":"Crna Gora i Japan dijele iste temeljne vrijednosti i opredijeljeni su ja\u010danju partnerstva u oblasti bezbjednosti i odbrane, poru\u010deno je sa sastanka dr\u017eavnog sekretara u Ministarstvu odbrane Marka Markovi\u0107a i izaslanika odbrane Japana akreditovanog u Crnoj Gori, pukovnika Tomofumija Ivasakija u okviru njegove nastupne posjete Ministarstvu odbrane.","og_url":"https:\/\/dmcsrb.com\/en\/drustvo\/markovic-i-ivasaki-zajednicke-vrijednosti-temelj-partnerstva-crne-gore-i-japana\/","og_site_name":"dmcsrb.com","article_published_time":"2025-12-25T13:41:00+00:00","og_image":[{"width":900,"height":710,"url":"https:\/\/dmcsrb.com\/wp-content\/uploads\/2026\/01\/111_710x900.jpg","type":"image\/jpeg"}],"author":"dmcsrbija.com@gmail.com","twitter_card":"summary_large_image","twitter_misc":{"Written by":"dmcsrbija.com@gmail.com","Estimated reading time":"1 minute"},"schema":{"@context":"https:\/\/schema.org","@graph":[{"@type":"Article","@id":"https:\/\/dmcsrb.com\/drustvo\/markovic-i-ivasaki-zajednicke-vrijednosti-temelj-partnerstva-crne-gore-i-japana\/#article","isPartOf":{"@id":"https:\/\/dmcsrb.com\/drustvo\/markovic-i-ivasaki-zajednicke-vrijednosti-temelj-partnerstva-crne-gore-i-japana\/"},"author":{"name":"dmcsrbija.com@gmail.com","@id":"https:\/\/dmcsrb.com\/#\/schema\/person\/5c39170f12db1b8b457732d0b5c854e2"},"headline":"Markovi\u0107 i Ivasaki: Zajedni\u010dke vrijednosti temelj partnerstva Crne Gore i Japana","datePublished":"2025-12-25T13:41:00+00:00","mainEntityOfPage":{"@id":"https:\/\/dmcsrb.com\/drustvo\/markovic-i-ivasaki-zajednicke-vrijednosti-temelj-partnerstva-crne-gore-i-japana\/"},"wordCount":205,"commentCount":0,"image":{"@id":"https:\/\/dmcsrb.com\/drustvo\/markovic-i-ivasaki-zajednicke-vrijednosti-temelj-partnerstva-crne-gore-i-japana\/#primaryimage"},"thumbnailUrl":"https:\/\/dmcsrb.com\/wp-content\/uploads\/2026\/01\/111_710x900.jpg","keywords":["Crna Gora","Japan","Marko Markovi\u0107","VCG"],"articleSection":["Dru\u0161tvo"],"inLanguage":"en-GB","potentialAction":[{"@type":"CommentAction","name":"Comment","target":["https:\/\/dmcsrb.com\/drustvo\/markovic-i-ivasaki-zajednicke-vrijednosti-temelj-partnerstva-crne-gore-i-japana\/#respond"]}]},{"@type":"WebPage","@id":"https:\/\/dmcsrb.com\/drustvo\/markovic-i-ivasaki-zajednicke-vrijednosti-temelj-partnerstva-crne-gore-i-japana\/","url":"https:\/\/dmcsrb.com\/drustvo\/markovic-i-ivasaki-zajednicke-vrijednosti-temelj-partnerstva-crne-gore-i-japana\/","name":"Markovi\u0107 i Ivasaki: Zajedni\u010dke vrijednosti temelj partnerstva Crne Gore i Japana - dmcsrb.com","isPartOf":{"@id":"https:\/\/dmcsrb.com\/#website"},"primaryImageOfPage":{"@id":"https:\/\/dmcsrb.com\/drustvo\/markovic-i-ivasaki-zajednicke-vrijednosti-temelj-partnerstva-crne-gore-i-japana\/#primaryimage"},"image":{"@id":"https:\/\/dmcsrb.com\/drustvo\/markovic-i-ivasaki-zajednicke-vrijednosti-temelj-partnerstva-crne-gore-i-japana\/#primaryimage"},"thumbnailUrl":"https:\/\/dmcsrb.com\/wp-content\/uploads\/2026\/01\/111_710x900.jpg","datePublished":"2025-12-25T13:41:00+00:00","author":{"@id":"https:\/\/dmcsrb.com\/#\/schema\/person\/5c39170f12db1b8b457732d0b5c854e2"},"breadcrumb":{"@id":"https:\/\/dmcsrb.com\/drustvo\/markovic-i-ivasaki-zajednicke-vrijednosti-temelj-partnerstva-crne-gore-i-japana\/#breadcrumb"},"inLanguage":"en-GB","potentialAction":[{"@type":"ReadAction","target":["https:\/\/dmcsrb.com\/drustvo\/markovic-i-ivasaki-zajednicke-vrijednosti-temelj-partnerstva-crne-gore-i-japana\/"]}]},{"@type":"ImageObject","inLanguage":"en-GB","@id":"https:\/\/dmcsrb.com\/drustvo\/markovic-i-ivasaki-zajednicke-vrijednosti-temelj-partnerstva-crne-gore-i-japana\/#primaryimage","url":"https:\/\/dmcsrb.com\/wp-content\/uploads\/2026\/01\/111_710x900.jpg","contentUrl":"https:\/\/dmcsrb.com\/wp-content\/uploads\/2026\/01\/111_710x900.jpg","width":900,"height":710},{"@type":"BreadcrumbList","@id":"https:\/\/dmcsrb.com\/drustvo\/markovic-i-ivasaki-zajednicke-vrijednosti-temelj-partnerstva-crne-gore-i-japana\/#breadcrumb","itemListElement":[{"@type":"ListItem","position":1,"name":"Home","item":"https:\/\/dmcsrb.com\/"},{"@type":"ListItem","position":2,"name":"Markovi\u0107 i Ivasaki: Zajedni\u010dke vrijednosti temelj partnerstva Crne Gore i Japana"}]},{"@type":"WebSite","@id":"https:\/\/dmcsrb.com\/#website","url":"https:\/\/dmcsrb.com\/","name":"dmcsrb.com","description":"","potentialAction":[{"@type":"SearchAction","target":{"@type":"EntryPoint","urlTemplate":"https:\/\/dmcsrb.com\/?s={search_term_string}"},"query-input":{"@type":"PropertyValueSpecification","valueRequired":true,"valueName":"search_term_string"}}],"inLanguage":"en-GB"},{"@type":"Person","@id":"https:\/\/dmcsrb.com\/#\/schema\/person\/5c39170f12db1b8b457732d0b5c854e2","name":"dmcsrbija.com@gmail.com","image":{"@type":"ImageObject","inLanguage":"en-GB","@id":"https:\/\/secure.gravatar.com\/avatar\/68592660ad6347fad0fb587f8d5d8f1a7b44961362f56e4f2cd524feb87e9069?s=96&d=mm&r=g","url":"https:\/\/secure.gravatar.com\/avatar\/68592660ad6347fad0fb587f8d5d8f1a7b44961362f56e4f2cd524feb87e9069?s=96&d=mm&r=g","contentUrl":"https:\/\/secure.gravatar.com\/avatar\/68592660ad6347fad0fb587f8d5d8f1a7b44961362f56e4f2cd524feb87e9069?s=96&d=mm&r=g","caption":"dmcsrbija.com@gmail.com"},"sameAs":["https:\/\/dmcsrb.com"],"url":"https:\/\/dmcsrb.com\/en\/author\/dmcsrbija-comgmail-com\/"}]}},"_links":{"self":[{"href":"https:\/\/dmcsrb.com\/en\/wp-json\/wp\/v2\/posts\/915718","targetHints":{"allow":["GET"]}}],"collection":[{"href":"https:\/\/dmcsrb.com\/en\/wp-json\/wp\/v2\/posts"}],"about":[{"href":"https:\/\/dmcsrb.com\/en\/wp-json\/wp\/v2\/types\/post"}],"author":[{"embeddable":true,"href":"https:\/\/dmcsrb.com\/en\/wp-json\/wp\/v2\/users\/1"}],"replies":[{"embeddable":true,"href":"https:\/\/dmcsrb.com\/en\/wp-json\/wp\/v2\/comments?post=915718"}],"version-history":[{"count":0,"href":"https:\/\/dmcsrb.com\/en\/wp-json\/wp\/v2\/posts\/915718\/revisions"}],"wp:featuredmedia":[{"embeddable":true,"href":"https:\/\/dmcsrb.com\/en\/wp-json\/wp\/v2\/media\/915719"}],"wp:attachment":[{"href":"https:\/\/dmcsrb.com\/en\/wp-json\/wp\/v2\/media?parent=915718"}],"wp:term":[{"taxonomy":"category","embeddable":true,"href":"https:\/\/dmcsrb.com\/en\/wp-json\/wp\/v2\/categories?post=915718"},{"taxonomy":"post_tag","embeddable":true,"href":"https:\/\/dmcsrb.com\/en\/wp-json\/wp\/v2\/tags?post=915718"},{"taxonomy":"naslovna","embeddable":true,"href":"https:\/\/dmcsrb.com\/en\/wp-json\/wp\/v2\/naslovna?post=915718"}],"curies":[{"name":"wp","href":"https:\/\/api.w.org\/{rel}","templated":true}]}}