{"id":915697,"date":"2025-12-25T13:07:20","date_gmt":"2025-12-25T12:07:20","guid":{"rendered":"https:\/\/dmcsrb.com\/uncategorized\/crna-gora-izrucila-srbiji-osumnjicenog-za-tesko-ubistvo-u-pomaganju\/"},"modified":"2025-12-25T13:07:20","modified_gmt":"2025-12-25T12:07:20","slug":"crna-gora-izrucila-srbiji-osumnjicenog-za-tesko-ubistvo-u-pomaganju","status":"publish","type":"post","link":"https:\/\/dmcsrb.com\/en\/hronika\/crna-gora-izrucila-srbiji-osumnjicenog-za-tesko-ubistvo-u-pomaganju\/","title":{"rendered":"Crna Gora izru\u010dila Srbiji osumnji\u010denog za te\u0161ko ubistvo u pomaganju"},"content":{"rendered":"<p><\/p>\n\n\n\n<p>Naime, postupaju\u0107i po Rje\u0161enju Vi\u0161eg suda u Bijelom Polju, slu\u017ebenici Regionalnog centra bezbjednosti \u201eSjever\u201c u saradnji sa slu\u017ebenicima NCB Interpol-a Podgorica su, pravosudnim organima Republike Srbije izru\u010dili S.S., \u010dlana jedne visokorizi\u010dne kriminalne grupe sa teritorije te dr\u017eave.<\/p>\n\n\n\n<p>&#8220;Napominjemo, sprovo\u0111enjem intenzivnih mjera u cilju lociranja me\u0111unarodno tra\u017eenih lica, sa akcentom na \u010dlanove organizovanih kriminalnih grupa i izvr\u0161ioce te\u0161kih krivi\u010dnih djela, S.S. je slobode li\u0161en od strane slu\u017ebenika Odjeljenja bezbjednosti Bijelo Polje 25. aprila teku\u0107e godine u tom gradu&#8221;, navodi se u saop\u0161tenju.<\/p>\n\n\n\n<p>On je danas izru\u010den Republici Srbiji na grani\u010dnom prelazu Dobrakovo.<\/p>\n\n\n\n<p>&#8220;Izru\u010denje visokorangiranog pripadnika organizovane kriminalne grupe predstavlja rezultat pa\u017eljivo koordinisane me\u0111unarodne operacije izme\u0111u Uprave policije Crne Gore, Uprave kriminalisti\u010dke policije Republike Srbije (Slu\u017ebe za borbu protiv organizovanog kriminala \u2013 SBPOK) i Ministarstva pravde Crne Gore, kao i potvrdu sna\u017ene policijske saradnje izme\u0111u dvije dr\u017eave&#8221;, navodi se u saop\u0161tenju.<\/p>\n\n\n\n<p>Uprava policije nastavlja da sprovodi sveobuhvatne, strate\u0161ki usmjerene aktivnosti u borbi protiv svih oblika te\u0161kog i organizovanog kriminala, sa posebnim akcentom na privo\u0111enje pravdi najrizi\u010dnijih kriminalnih struktura.<\/p>","protected":false},"excerpt":{"rendered":"<p>Danas je izvr\u0161ena ekstradicija me\u0111unarodno tra\u017eenog lica iz Crne Gore u Republiku Srbiju \u2013 S.S. (38), dr\u017eavljanina Republike Srbije koji se potra\u017eivao zbog prisustva krivi\u010dnom postupku koji se protiv njega vodi zbog sumnje da je izvr\u0161io krivi\u010dna djela te\u0161ko ubistvo u pomaganju i udru\u017eivanje radi vr\u0161enja krivi\u010dnih djela, Krivi\u010dnog zakonika Republike Srbije, saop\u0161teno je iz Uprave policije.<\/p>","protected":false},"author":1,"featured_media":915698,"comment_status":"open","ping_status":"open","sticky":false,"template":"","format":"standard","meta":{"_acf_changed":false,"footnotes":""},"categories":[17],"tags":[95,46,22,72],"naslovna":[],"class_list":["post-915697","post","type-post","status-publish","format-standard","has-post-thumbnail","hentry","category-hronika","tag-crna-gora","tag-sjever","tag-srbija","tag-uprava-policije"],"acf":[],"yoast_head":"<!-- This site is optimized with the Yoast SEO plugin v27.4 - https:\/\/yoast.com\/product\/yoast-seo-wordpress\/ -->\n<title>Crna Gora izru\u010dila Srbiji osumnji\u010denog za te\u0161ko ubistvo u pomaganju - dmcsrb.com<\/title>\n<meta name=\"robots\" content=\"index, follow, max-snippet:-1, max-image-preview:large, max-video-preview:-1\" \/>\n<link rel=\"canonical\" href=\"https:\/\/dmcsrb.com\/en\/hronika\/crna-gora-izrucila-srbiji-osumnjicenog-za-tesko-ubistvo-u-pomaganju\/\" \/>\n<meta property=\"og:locale\" content=\"en_GB\" \/>\n<meta property=\"og:type\" content=\"article\" \/>\n<meta property=\"og:title\" content=\"Crna Gora izru\u010dila Srbiji osumnji\u010denog za te\u0161ko ubistvo u pomaganju - dmcsrb.com\" \/>\n<meta property=\"og:description\" content=\"Danas je izvr\u0161ena ekstradicija me\u0111unarodno tra\u017eenog lica iz Crne Gore u Republiku Srbiju \u2013 S.S. (38), dr\u017eavljanina Republike Srbije koji se potra\u017eivao zbog prisustva krivi\u010dnom postupku koji se protiv njega vodi zbog sumnje da je izvr\u0161io krivi\u010dna djela te\u0161ko ubistvo u pomaganju i udru\u017eivanje radi vr\u0161enja krivi\u010dnih djela, Krivi\u010dnog zakonika Republike Srbije, saop\u0161teno je iz Uprave policije.\" \/>\n<meta property=\"og:url\" content=\"https:\/\/dmcsrb.com\/en\/hronika\/crna-gora-izrucila-srbiji-osumnjicenog-za-tesko-ubistvo-u-pomaganju\/\" \/>\n<meta property=\"og:site_name\" content=\"dmcsrb.com\" \/>\n<meta property=\"article:published_time\" content=\"2025-12-25T12:07:20+00:00\" \/>\n<meta property=\"og:image\" content=\"https:\/\/dmcsrb.com\/wp-content\/uploads\/2026\/01\/ISIMG-1079236.jpeg\" \/>\n\t<meta property=\"og:image:width\" content=\"1808\" \/>\n\t<meta property=\"og:image:height\" content=\"1808\" \/>\n\t<meta property=\"og:image:type\" content=\"image\/jpeg\" \/>\n<meta name=\"author\" content=\"dmcsrbija.com@gmail.com\" \/>\n<meta name=\"twitter:card\" content=\"summary_large_image\" \/>\n<meta name=\"twitter:label1\" content=\"Written by\" \/>\n\t<meta name=\"twitter:data1\" content=\"dmcsrbija.com@gmail.com\" \/>\n\t<meta name=\"twitter:label2\" content=\"Estimated reading time\" \/>\n\t<meta name=\"twitter:data2\" content=\"1 minute\" \/>\n<script type=\"application\/ld+json\" class=\"yoast-schema-graph\">{\"@context\":\"https:\\\/\\\/schema.org\",\"@graph\":[{\"@type\":\"Article\",\"@id\":\"https:\\\/\\\/dmcsrb.com\\\/hronika\\\/crna-gora-izrucila-srbiji-osumnjicenog-za-tesko-ubistvo-u-pomaganju\\\/#article\",\"isPartOf\":{\"@id\":\"https:\\\/\\\/dmcsrb.com\\\/hronika\\\/crna-gora-izrucila-srbiji-osumnjicenog-za-tesko-ubistvo-u-pomaganju\\\/\"},\"author\":{\"name\":\"dmcsrbija.com@gmail.com\",\"@id\":\"https:\\\/\\\/dmcsrb.com\\\/#\\\/schema\\\/person\\\/5c39170f12db1b8b457732d0b5c854e2\"},\"headline\":\"Crna Gora izru\u010dila Srbiji osumnji\u010denog za te\u0161ko ubistvo u pomaganju\",\"datePublished\":\"2025-12-25T12:07:20+00:00\",\"mainEntityOfPage\":{\"@id\":\"https:\\\/\\\/dmcsrb.com\\\/hronika\\\/crna-gora-izrucila-srbiji-osumnjicenog-za-tesko-ubistvo-u-pomaganju\\\/\"},\"wordCount\":213,\"commentCount\":0,\"image\":{\"@id\":\"https:\\\/\\\/dmcsrb.com\\\/hronika\\\/crna-gora-izrucila-srbiji-osumnjicenog-za-tesko-ubistvo-u-pomaganju\\\/#primaryimage\"},\"thumbnailUrl\":\"https:\\\/\\\/dmcsrb.com\\\/wp-content\\\/uploads\\\/2026\\\/01\\\/ISIMG-1079236.jpeg\",\"keywords\":[\"Crna Gora\",\"sjever\",\"Srbija\",\"Uprava policije\"],\"articleSection\":[\"Hronika\"],\"inLanguage\":\"en-GB\",\"potentialAction\":[{\"@type\":\"CommentAction\",\"name\":\"Comment\",\"target\":[\"https:\\\/\\\/dmcsrb.com\\\/hronika\\\/crna-gora-izrucila-srbiji-osumnjicenog-za-tesko-ubistvo-u-pomaganju\\\/#respond\"]}]},{\"@type\":\"WebPage\",\"@id\":\"https:\\\/\\\/dmcsrb.com\\\/hronika\\\/crna-gora-izrucila-srbiji-osumnjicenog-za-tesko-ubistvo-u-pomaganju\\\/\",\"url\":\"https:\\\/\\\/dmcsrb.com\\\/hronika\\\/crna-gora-izrucila-srbiji-osumnjicenog-za-tesko-ubistvo-u-pomaganju\\\/\",\"name\":\"Crna Gora izru\u010dila Srbiji osumnji\u010denog za te\u0161ko ubistvo u pomaganju - dmcsrb.com\",\"isPartOf\":{\"@id\":\"https:\\\/\\\/dmcsrb.com\\\/#website\"},\"primaryImageOfPage\":{\"@id\":\"https:\\\/\\\/dmcsrb.com\\\/hronika\\\/crna-gora-izrucila-srbiji-osumnjicenog-za-tesko-ubistvo-u-pomaganju\\\/#primaryimage\"},\"image\":{\"@id\":\"https:\\\/\\\/dmcsrb.com\\\/hronika\\\/crna-gora-izrucila-srbiji-osumnjicenog-za-tesko-ubistvo-u-pomaganju\\\/#primaryimage\"},\"thumbnailUrl\":\"https:\\\/\\\/dmcsrb.com\\\/wp-content\\\/uploads\\\/2026\\\/01\\\/ISIMG-1079236.jpeg\",\"datePublished\":\"2025-12-25T12:07:20+00:00\",\"author\":{\"@id\":\"https:\\\/\\\/dmcsrb.com\\\/#\\\/schema\\\/person\\\/5c39170f12db1b8b457732d0b5c854e2\"},\"breadcrumb\":{\"@id\":\"https:\\\/\\\/dmcsrb.com\\\/hronika\\\/crna-gora-izrucila-srbiji-osumnjicenog-za-tesko-ubistvo-u-pomaganju\\\/#breadcrumb\"},\"inLanguage\":\"en-GB\",\"potentialAction\":[{\"@type\":\"ReadAction\",\"target\":[\"https:\\\/\\\/dmcsrb.com\\\/hronika\\\/crna-gora-izrucila-srbiji-osumnjicenog-za-tesko-ubistvo-u-pomaganju\\\/\"]}]},{\"@type\":\"ImageObject\",\"inLanguage\":\"en-GB\",\"@id\":\"https:\\\/\\\/dmcsrb.com\\\/hronika\\\/crna-gora-izrucila-srbiji-osumnjicenog-za-tesko-ubistvo-u-pomaganju\\\/#primaryimage\",\"url\":\"https:\\\/\\\/dmcsrb.com\\\/wp-content\\\/uploads\\\/2026\\\/01\\\/ISIMG-1079236.jpeg\",\"contentUrl\":\"https:\\\/\\\/dmcsrb.com\\\/wp-content\\\/uploads\\\/2026\\\/01\\\/ISIMG-1079236.jpeg\",\"width\":1808,\"height\":1808},{\"@type\":\"BreadcrumbList\",\"@id\":\"https:\\\/\\\/dmcsrb.com\\\/hronika\\\/crna-gora-izrucila-srbiji-osumnjicenog-za-tesko-ubistvo-u-pomaganju\\\/#breadcrumb\",\"itemListElement\":[{\"@type\":\"ListItem\",\"position\":1,\"name\":\"Home\",\"item\":\"https:\\\/\\\/dmcsrb.com\\\/\"},{\"@type\":\"ListItem\",\"position\":2,\"name\":\"Crna Gora izru\u010dila Srbiji osumnji\u010denog za te\u0161ko ubistvo u pomaganju\"}]},{\"@type\":\"WebSite\",\"@id\":\"https:\\\/\\\/dmcsrb.com\\\/#website\",\"url\":\"https:\\\/\\\/dmcsrb.com\\\/\",\"name\":\"dmcsrb.com\",\"description\":\"\",\"potentialAction\":[{\"@type\":\"SearchAction\",\"target\":{\"@type\":\"EntryPoint\",\"urlTemplate\":\"https:\\\/\\\/dmcsrb.com\\\/?s={search_term_string}\"},\"query-input\":{\"@type\":\"PropertyValueSpecification\",\"valueRequired\":true,\"valueName\":\"search_term_string\"}}],\"inLanguage\":\"en-GB\"},{\"@type\":\"Person\",\"@id\":\"https:\\\/\\\/dmcsrb.com\\\/#\\\/schema\\\/person\\\/5c39170f12db1b8b457732d0b5c854e2\",\"name\":\"dmcsrbija.com@gmail.com\",\"image\":{\"@type\":\"ImageObject\",\"inLanguage\":\"en-GB\",\"@id\":\"https:\\\/\\\/secure.gravatar.com\\\/avatar\\\/68592660ad6347fad0fb587f8d5d8f1a7b44961362f56e4f2cd524feb87e9069?s=96&d=mm&r=g\",\"url\":\"https:\\\/\\\/secure.gravatar.com\\\/avatar\\\/68592660ad6347fad0fb587f8d5d8f1a7b44961362f56e4f2cd524feb87e9069?s=96&d=mm&r=g\",\"contentUrl\":\"https:\\\/\\\/secure.gravatar.com\\\/avatar\\\/68592660ad6347fad0fb587f8d5d8f1a7b44961362f56e4f2cd524feb87e9069?s=96&d=mm&r=g\",\"caption\":\"dmcsrbija.com@gmail.com\"},\"sameAs\":[\"https:\\\/\\\/dmcsrb.com\"],\"url\":\"https:\\\/\\\/dmcsrb.com\\\/en\\\/author\\\/dmcsrbija-comgmail-com\\\/\"}]}<\/script>\n<!-- \/ Yoast SEO plugin. -->","yoast_head_json":{"title":"Crna Gora izru\u010dila Srbiji osumnji\u010denog za te\u0161ko ubistvo u pomaganju - dmcsrb.com","robots":{"index":"index","follow":"follow","max-snippet":"max-snippet:-1","max-image-preview":"max-image-preview:large","max-video-preview":"max-video-preview:-1"},"canonical":"https:\/\/dmcsrb.com\/en\/hronika\/crna-gora-izrucila-srbiji-osumnjicenog-za-tesko-ubistvo-u-pomaganju\/","og_locale":"en_GB","og_type":"article","og_title":"Crna Gora izru\u010dila Srbiji osumnji\u010denog za te\u0161ko ubistvo u pomaganju - dmcsrb.com","og_description":"Danas je izvr\u0161ena ekstradicija me\u0111unarodno tra\u017eenog lica iz Crne Gore u Republiku Srbiju \u2013 S.S. (38), dr\u017eavljanina Republike Srbije koji se potra\u017eivao zbog prisustva krivi\u010dnom postupku koji se protiv njega vodi zbog sumnje da je izvr\u0161io krivi\u010dna djela te\u0161ko ubistvo u pomaganju i udru\u017eivanje radi vr\u0161enja krivi\u010dnih djela, Krivi\u010dnog zakonika Republike Srbije, saop\u0161teno je iz Uprave policije.","og_url":"https:\/\/dmcsrb.com\/en\/hronika\/crna-gora-izrucila-srbiji-osumnjicenog-za-tesko-ubistvo-u-pomaganju\/","og_site_name":"dmcsrb.com","article_published_time":"2025-12-25T12:07:20+00:00","og_image":[{"width":1808,"height":1808,"url":"https:\/\/dmcsrb.com\/wp-content\/uploads\/2026\/01\/ISIMG-1079236.jpeg","type":"image\/jpeg"}],"author":"dmcsrbija.com@gmail.com","twitter_card":"summary_large_image","twitter_misc":{"Written by":"dmcsrbija.com@gmail.com","Estimated reading time":"1 minute"},"schema":{"@context":"https:\/\/schema.org","@graph":[{"@type":"Article","@id":"https:\/\/dmcsrb.com\/hronika\/crna-gora-izrucila-srbiji-osumnjicenog-za-tesko-ubistvo-u-pomaganju\/#article","isPartOf":{"@id":"https:\/\/dmcsrb.com\/hronika\/crna-gora-izrucila-srbiji-osumnjicenog-za-tesko-ubistvo-u-pomaganju\/"},"author":{"name":"dmcsrbija.com@gmail.com","@id":"https:\/\/dmcsrb.com\/#\/schema\/person\/5c39170f12db1b8b457732d0b5c854e2"},"headline":"Crna Gora izru\u010dila Srbiji osumnji\u010denog za te\u0161ko ubistvo u pomaganju","datePublished":"2025-12-25T12:07:20+00:00","mainEntityOfPage":{"@id":"https:\/\/dmcsrb.com\/hronika\/crna-gora-izrucila-srbiji-osumnjicenog-za-tesko-ubistvo-u-pomaganju\/"},"wordCount":213,"commentCount":0,"image":{"@id":"https:\/\/dmcsrb.com\/hronika\/crna-gora-izrucila-srbiji-osumnjicenog-za-tesko-ubistvo-u-pomaganju\/#primaryimage"},"thumbnailUrl":"https:\/\/dmcsrb.com\/wp-content\/uploads\/2026\/01\/ISIMG-1079236.jpeg","keywords":["Crna Gora","sjever","Srbija","Uprava policije"],"articleSection":["Hronika"],"inLanguage":"en-GB","potentialAction":[{"@type":"CommentAction","name":"Comment","target":["https:\/\/dmcsrb.com\/hronika\/crna-gora-izrucila-srbiji-osumnjicenog-za-tesko-ubistvo-u-pomaganju\/#respond"]}]},{"@type":"WebPage","@id":"https:\/\/dmcsrb.com\/hronika\/crna-gora-izrucila-srbiji-osumnjicenog-za-tesko-ubistvo-u-pomaganju\/","url":"https:\/\/dmcsrb.com\/hronika\/crna-gora-izrucila-srbiji-osumnjicenog-za-tesko-ubistvo-u-pomaganju\/","name":"Crna Gora izru\u010dila Srbiji osumnji\u010denog za te\u0161ko ubistvo u pomaganju - dmcsrb.com","isPartOf":{"@id":"https:\/\/dmcsrb.com\/#website"},"primaryImageOfPage":{"@id":"https:\/\/dmcsrb.com\/hronika\/crna-gora-izrucila-srbiji-osumnjicenog-za-tesko-ubistvo-u-pomaganju\/#primaryimage"},"image":{"@id":"https:\/\/dmcsrb.com\/hronika\/crna-gora-izrucila-srbiji-osumnjicenog-za-tesko-ubistvo-u-pomaganju\/#primaryimage"},"thumbnailUrl":"https:\/\/dmcsrb.com\/wp-content\/uploads\/2026\/01\/ISIMG-1079236.jpeg","datePublished":"2025-12-25T12:07:20+00:00","author":{"@id":"https:\/\/dmcsrb.com\/#\/schema\/person\/5c39170f12db1b8b457732d0b5c854e2"},"breadcrumb":{"@id":"https:\/\/dmcsrb.com\/hronika\/crna-gora-izrucila-srbiji-osumnjicenog-za-tesko-ubistvo-u-pomaganju\/#breadcrumb"},"inLanguage":"en-GB","potentialAction":[{"@type":"ReadAction","target":["https:\/\/dmcsrb.com\/hronika\/crna-gora-izrucila-srbiji-osumnjicenog-za-tesko-ubistvo-u-pomaganju\/"]}]},{"@type":"ImageObject","inLanguage":"en-GB","@id":"https:\/\/dmcsrb.com\/hronika\/crna-gora-izrucila-srbiji-osumnjicenog-za-tesko-ubistvo-u-pomaganju\/#primaryimage","url":"https:\/\/dmcsrb.com\/wp-content\/uploads\/2026\/01\/ISIMG-1079236.jpeg","contentUrl":"https:\/\/dmcsrb.com\/wp-content\/uploads\/2026\/01\/ISIMG-1079236.jpeg","width":1808,"height":1808},{"@type":"BreadcrumbList","@id":"https:\/\/dmcsrb.com\/hronika\/crna-gora-izrucila-srbiji-osumnjicenog-za-tesko-ubistvo-u-pomaganju\/#breadcrumb","itemListElement":[{"@type":"ListItem","position":1,"name":"Home","item":"https:\/\/dmcsrb.com\/"},{"@type":"ListItem","position":2,"name":"Crna Gora izru\u010dila Srbiji osumnji\u010denog za te\u0161ko ubistvo u pomaganju"}]},{"@type":"WebSite","@id":"https:\/\/dmcsrb.com\/#website","url":"https:\/\/dmcsrb.com\/","name":"dmcsrb.com","description":"","potentialAction":[{"@type":"SearchAction","target":{"@type":"EntryPoint","urlTemplate":"https:\/\/dmcsrb.com\/?s={search_term_string}"},"query-input":{"@type":"PropertyValueSpecification","valueRequired":true,"valueName":"search_term_string"}}],"inLanguage":"en-GB"},{"@type":"Person","@id":"https:\/\/dmcsrb.com\/#\/schema\/person\/5c39170f12db1b8b457732d0b5c854e2","name":"dmcsrbija.com@gmail.com","image":{"@type":"ImageObject","inLanguage":"en-GB","@id":"https:\/\/secure.gravatar.com\/avatar\/68592660ad6347fad0fb587f8d5d8f1a7b44961362f56e4f2cd524feb87e9069?s=96&d=mm&r=g","url":"https:\/\/secure.gravatar.com\/avatar\/68592660ad6347fad0fb587f8d5d8f1a7b44961362f56e4f2cd524feb87e9069?s=96&d=mm&r=g","contentUrl":"https:\/\/secure.gravatar.com\/avatar\/68592660ad6347fad0fb587f8d5d8f1a7b44961362f56e4f2cd524feb87e9069?s=96&d=mm&r=g","caption":"dmcsrbija.com@gmail.com"},"sameAs":["https:\/\/dmcsrb.com"],"url":"https:\/\/dmcsrb.com\/en\/author\/dmcsrbija-comgmail-com\/"}]}},"_links":{"self":[{"href":"https:\/\/dmcsrb.com\/en\/wp-json\/wp\/v2\/posts\/915697","targetHints":{"allow":["GET"]}}],"collection":[{"href":"https:\/\/dmcsrb.com\/en\/wp-json\/wp\/v2\/posts"}],"about":[{"href":"https:\/\/dmcsrb.com\/en\/wp-json\/wp\/v2\/types\/post"}],"author":[{"embeddable":true,"href":"https:\/\/dmcsrb.com\/en\/wp-json\/wp\/v2\/users\/1"}],"replies":[{"embeddable":true,"href":"https:\/\/dmcsrb.com\/en\/wp-json\/wp\/v2\/comments?post=915697"}],"version-history":[{"count":0,"href":"https:\/\/dmcsrb.com\/en\/wp-json\/wp\/v2\/posts\/915697\/revisions"}],"wp:featuredmedia":[{"embeddable":true,"href":"https:\/\/dmcsrb.com\/en\/wp-json\/wp\/v2\/media\/915698"}],"wp:attachment":[{"href":"https:\/\/dmcsrb.com\/en\/wp-json\/wp\/v2\/media?parent=915697"}],"wp:term":[{"taxonomy":"category","embeddable":true,"href":"https:\/\/dmcsrb.com\/en\/wp-json\/wp\/v2\/categories?post=915697"},{"taxonomy":"post_tag","embeddable":true,"href":"https:\/\/dmcsrb.com\/en\/wp-json\/wp\/v2\/tags?post=915697"},{"taxonomy":"naslovna","embeddable":true,"href":"https:\/\/dmcsrb.com\/en\/wp-json\/wp\/v2\/naslovna?post=915697"}],"curies":[{"name":"wp","href":"https:\/\/api.w.org\/{rel}","templated":true}]}}