{"id":915670,"date":"2025-12-25T11:11:06","date_gmt":"2025-12-25T10:11:06","guid":{"rendered":"https:\/\/dmcsrb.com\/uncategorized\/istrazivacki-centar-skupstine-rast-prosjecne-plate-u-crnoj-gori-medju-najvecima-u-evropi\/"},"modified":"2025-12-25T11:11:06","modified_gmt":"2025-12-25T10:11:06","slug":"istrazivacki-centar-skupstine-rast-prosjecne-plate-u-crnoj-gori-medju-najvecima-u-evropi","status":"publish","type":"post","link":"https:\/\/dmcsrb.com\/en\/ekonomija\/istrazivacki-centar-skupstine-rast-prosjecne-plate-u-crnoj-gori-medju-najvecima-u-evropi\/","title":{"rendered":"Istra\u017eiva\u010dki centar Skup\u0161tine: Rast prosje\u010dne plate u Crnoj Gori me\u0111u najve\u0107ima u Evropi"},"content":{"rendered":"<p>Prema statisti\u010dkom pregledu Istra\u017eiva\u010dkog centra Skup\u0161tine Crne Gore, prosje\u010dna mjese\u010dna neto zarada u Crnoj Gori u 2024. godini iznosi 1.012 eura, \u0161to predstavlja istorijski maksimum za ovu zemlju.<\/p>\n\n\n\n<figure class=\"wp-block-image\"><img decoding=\"async\" src=\"https:\/\/rtcg.me\/upload\/\/media\/2025\/11\/25\/11\/9\/24\/2377035\/resize\/2377038\/Untitled_550x900\" alt=\"\" title=\"\"\/><\/figure>\n\n\n\n<p>Foto: RTCG<\/p>\n\n\n\n<p><br>Analiza podataka za period od 2019. do 2024. godine pokazuje da je put do \u010detvorocifrenog iznosa bio obilje\u017een periodima stagnacije, a potom i naglog rasta.<\/p>\n\n\n\n<p>U 2019. godini, prosje\u010dna neto plata iznosila je svega 520 eura, da bi se tokom pandemijskih godina (2020. i 2021.) neznatno uve\u0107ala na 527, odnosno 537 eura.<\/p>\n\n\n\n<p>Me\u0111utim, prekretnica se dogodila 2022. godine, kada prosje\u010dna zarada ska\u010de na 727 eura, nastavljaju\u0107i trend rasta u 2023. godini (814 eura), pa sve do aktuelnih 1.012 eura u 2024. godini. Ovaj trend rasta svrstava Crnu Goru u vrh evropskih zemalja po procentualnom pove\u0107anju zarada u posmatranom petogodi\u0161njem periodu.<br>Crna Gora u odnosu na region i EU<\/p>\n\n\n\n<p>U pore\u0111enju sa neposrednim susjedima koji nisu \u010dlanice EU, Crna Gora dr\u017ei \u010dvrstu prvu poziciju. Slijedi Srbija sa 926 eura, Bosna i Hercegovina sa 735 eura i Sjeverna Makedonija sa 710 eura.<\/p>\n\n\n\n<p>Crna Gora je po visini prosje\u010dne neto zarade u 2024. godini uspjela da pretekne i Bugarsku (923 eura), koja je \u010dlanica Evropske unije, dok se ozbiljno pribli\u017eila Rumuniji (1.055 eura) i Hrvatskoj (1.151 eura).<\/p>\n\n\n\n<p>Iako su crnogorski rezultati optimisti\u010dni, podaci Eurostata podsje\u0107aju na to koliko je evropski vrh jo\u0161 uvijek ekonomski udaljen. Na samom vrhu liste nalazi se Luksemburg sa nevjerovatnih 4.201 euro prosje\u010dne neto zarade, a prate ga Holandija (3.991 euro) i Irska (3.851 euro).<\/p>\n\n\n\n<figure class=\"wp-block-image\"><img decoding=\"async\" src=\"https:\/\/rtcg.me\/upload\/\/media\/2025\/11\/25\/11\/20\/245\/2377047\/resize\/2377050\/Untitled_508x900\" alt=\"\" title=\"\"\/><\/figure>\n\n\n\n<p>Foto: RTCG<\/p>\n\n\n\n<p>S druge strane, Crna Gora se vi\u0161e ne nalazi u grupi zemalja sa najni\u017eim primanjima u Evropi, \u0161to potvr\u0111uju i grafi\u010dki prikazi trendova rasta, gdje je crnogorska ekonomija pokazala jednu od najve\u0107ih dinamika promjena u posmatranom periodu.<\/p>\n\n\n\n<p>Ovaj statisti\u010dki pregled pripremio je Istra\u017eiva\u010dki centar Skup\u0161tine Crne Gore u cilju pru\u017eanja podr\u0161ke poslanicima i javnosti kroz sistematizovan prikaz podataka. Podaci su prikupljeni iz baza Eurostata i nacionalnih zavoda za statistiku, uz napomenu da su iznosi konvertovani u eure prema va\u017ee\u0107im kursevima radi lak\u0161e uporedivosti.<\/p>","protected":false},"excerpt":{"rendered":"<p>Crna Gora je u posljednjih pet godina ostvarila zna\u010dajan skok u visini prosje\u010dnih primanja, pozicioniraju\u0107i se kao lider me\u0111u zemljama Zapadnog Balkana koje nisu \u010dlanice EU, ali i susti\u017eu\u0107i pojedine dr\u017eave unutar evropske porodice.<\/p>","protected":false},"author":1,"featured_media":913047,"comment_status":"open","ping_status":"open","sticky":false,"template":"","format":"standard","meta":{"_acf_changed":false,"footnotes":""},"categories":[27],"tags":[95,10,1881,15],"naslovna":[],"class_list":["post-915670","post","type-post","status-publish","format-standard","has-post-thumbnail","hentry","category-ekonomija","tag-crna-gora","tag-eu","tag-plate","tag-skupstina"],"acf":[],"yoast_head":"<!-- This site is optimized with the Yoast SEO plugin v27.4 - https:\/\/yoast.com\/product\/yoast-seo-wordpress\/ -->\n<title>Istra\u017eiva\u010dki centar Skup\u0161tine: Rast prosje\u010dne plate u Crnoj Gori me\u0111u najve\u0107ima u Evropi - dmcsrb.com<\/title>\n<meta name=\"robots\" content=\"index, follow, max-snippet:-1, max-image-preview:large, max-video-preview:-1\" \/>\n<link rel=\"canonical\" href=\"https:\/\/dmcsrb.com\/en\/ekonomija\/istrazivacki-centar-skupstine-rast-prosjecne-plate-u-crnoj-gori-medju-najvecima-u-evropi\/\" \/>\n<meta property=\"og:locale\" content=\"en_GB\" \/>\n<meta property=\"og:type\" content=\"article\" \/>\n<meta property=\"og:title\" content=\"Istra\u017eiva\u010dki centar Skup\u0161tine: Rast prosje\u010dne plate u Crnoj Gori me\u0111u najve\u0107ima u Evropi - dmcsrb.com\" \/>\n<meta property=\"og:description\" content=\"Crna Gora je u posljednjih pet godina ostvarila zna\u010dajan skok u visini prosje\u010dnih primanja, pozicioniraju\u0107i se kao lider me\u0111u zemljama Zapadnog Balkana koje nisu \u010dlanice EU, ali i susti\u017eu\u0107i pojedine dr\u017eave unutar evropske porodice.\" \/>\n<meta property=\"og:url\" content=\"https:\/\/dmcsrb.com\/en\/ekonomija\/istrazivacki-centar-skupstine-rast-prosjecne-plate-u-crnoj-gori-medju-najvecima-u-evropi\/\" \/>\n<meta property=\"og:site_name\" content=\"dmcsrb.com\" \/>\n<meta property=\"article:published_time\" content=\"2025-12-25T10:11:06+00:00\" \/>\n<meta property=\"og:image\" content=\"https:\/\/dmcsrb.com\/wp-content\/uploads\/2026\/01\/crna-gora.jpg\" \/>\n\t<meta property=\"og:image:width\" content=\"510\" \/>\n\t<meta property=\"og:image:height\" content=\"340\" \/>\n\t<meta property=\"og:image:type\" content=\"image\/jpeg\" \/>\n<meta name=\"author\" content=\"dmcsrbija.com@gmail.com\" \/>\n<meta name=\"twitter:card\" content=\"summary_large_image\" \/>\n<meta name=\"twitter:label1\" content=\"Written by\" \/>\n\t<meta name=\"twitter:data1\" content=\"dmcsrbija.com@gmail.com\" \/>\n\t<meta name=\"twitter:label2\" content=\"Estimated reading time\" \/>\n\t<meta name=\"twitter:data2\" content=\"2 minutes\" \/>\n<script type=\"application\/ld+json\" class=\"yoast-schema-graph\">{\"@context\":\"https:\\\/\\\/schema.org\",\"@graph\":[{\"@type\":\"Article\",\"@id\":\"https:\\\/\\\/dmcsrb.com\\\/ekonomija\\\/istrazivacki-centar-skupstine-rast-prosjecne-plate-u-crnoj-gori-medju-najvecima-u-evropi\\\/#article\",\"isPartOf\":{\"@id\":\"https:\\\/\\\/dmcsrb.com\\\/ekonomija\\\/istrazivacki-centar-skupstine-rast-prosjecne-plate-u-crnoj-gori-medju-najvecima-u-evropi\\\/\"},\"author\":{\"name\":\"dmcsrbija.com@gmail.com\",\"@id\":\"https:\\\/\\\/dmcsrb.com\\\/#\\\/schema\\\/person\\\/5c39170f12db1b8b457732d0b5c854e2\"},\"headline\":\"Istra\u017eiva\u010dki centar Skup\u0161tine: Rast prosje\u010dne plate u Crnoj Gori me\u0111u najve\u0107ima u Evropi\",\"datePublished\":\"2025-12-25T10:11:06+00:00\",\"mainEntityOfPage\":{\"@id\":\"https:\\\/\\\/dmcsrb.com\\\/ekonomija\\\/istrazivacki-centar-skupstine-rast-prosjecne-plate-u-crnoj-gori-medju-najvecima-u-evropi\\\/\"},\"wordCount\":360,\"commentCount\":0,\"image\":{\"@id\":\"https:\\\/\\\/dmcsrb.com\\\/ekonomija\\\/istrazivacki-centar-skupstine-rast-prosjecne-plate-u-crnoj-gori-medju-najvecima-u-evropi\\\/#primaryimage\"},\"thumbnailUrl\":\"https:\\\/\\\/dmcsrb.com\\\/wp-content\\\/uploads\\\/2026\\\/01\\\/crna-gora.jpg\",\"keywords\":[\"Crna Gora\",\"EU\",\"plate\",\"Skup\u0161tina\"],\"articleSection\":[\"Ekonomija\"],\"inLanguage\":\"en-GB\",\"potentialAction\":[{\"@type\":\"CommentAction\",\"name\":\"Comment\",\"target\":[\"https:\\\/\\\/dmcsrb.com\\\/ekonomija\\\/istrazivacki-centar-skupstine-rast-prosjecne-plate-u-crnoj-gori-medju-najvecima-u-evropi\\\/#respond\"]}]},{\"@type\":\"WebPage\",\"@id\":\"https:\\\/\\\/dmcsrb.com\\\/ekonomija\\\/istrazivacki-centar-skupstine-rast-prosjecne-plate-u-crnoj-gori-medju-najvecima-u-evropi\\\/\",\"url\":\"https:\\\/\\\/dmcsrb.com\\\/ekonomija\\\/istrazivacki-centar-skupstine-rast-prosjecne-plate-u-crnoj-gori-medju-najvecima-u-evropi\\\/\",\"name\":\"Istra\u017eiva\u010dki centar Skup\u0161tine: Rast prosje\u010dne plate u Crnoj Gori me\u0111u najve\u0107ima u Evropi - dmcsrb.com\",\"isPartOf\":{\"@id\":\"https:\\\/\\\/dmcsrb.com\\\/#website\"},\"primaryImageOfPage\":{\"@id\":\"https:\\\/\\\/dmcsrb.com\\\/ekonomija\\\/istrazivacki-centar-skupstine-rast-prosjecne-plate-u-crnoj-gori-medju-najvecima-u-evropi\\\/#primaryimage\"},\"image\":{\"@id\":\"https:\\\/\\\/dmcsrb.com\\\/ekonomija\\\/istrazivacki-centar-skupstine-rast-prosjecne-plate-u-crnoj-gori-medju-najvecima-u-evropi\\\/#primaryimage\"},\"thumbnailUrl\":\"https:\\\/\\\/dmcsrb.com\\\/wp-content\\\/uploads\\\/2026\\\/01\\\/crna-gora.jpg\",\"datePublished\":\"2025-12-25T10:11:06+00:00\",\"author\":{\"@id\":\"https:\\\/\\\/dmcsrb.com\\\/#\\\/schema\\\/person\\\/5c39170f12db1b8b457732d0b5c854e2\"},\"breadcrumb\":{\"@id\":\"https:\\\/\\\/dmcsrb.com\\\/ekonomija\\\/istrazivacki-centar-skupstine-rast-prosjecne-plate-u-crnoj-gori-medju-najvecima-u-evropi\\\/#breadcrumb\"},\"inLanguage\":\"en-GB\",\"potentialAction\":[{\"@type\":\"ReadAction\",\"target\":[\"https:\\\/\\\/dmcsrb.com\\\/ekonomija\\\/istrazivacki-centar-skupstine-rast-prosjecne-plate-u-crnoj-gori-medju-najvecima-u-evropi\\\/\"]}]},{\"@type\":\"ImageObject\",\"inLanguage\":\"en-GB\",\"@id\":\"https:\\\/\\\/dmcsrb.com\\\/ekonomija\\\/istrazivacki-centar-skupstine-rast-prosjecne-plate-u-crnoj-gori-medju-najvecima-u-evropi\\\/#primaryimage\",\"url\":\"https:\\\/\\\/dmcsrb.com\\\/wp-content\\\/uploads\\\/2026\\\/01\\\/crna-gora.jpg\",\"contentUrl\":\"https:\\\/\\\/dmcsrb.com\\\/wp-content\\\/uploads\\\/2026\\\/01\\\/crna-gora.jpg\",\"width\":510,\"height\":340},{\"@type\":\"BreadcrumbList\",\"@id\":\"https:\\\/\\\/dmcsrb.com\\\/ekonomija\\\/istrazivacki-centar-skupstine-rast-prosjecne-plate-u-crnoj-gori-medju-najvecima-u-evropi\\\/#breadcrumb\",\"itemListElement\":[{\"@type\":\"ListItem\",\"position\":1,\"name\":\"Home\",\"item\":\"https:\\\/\\\/dmcsrb.com\\\/\"},{\"@type\":\"ListItem\",\"position\":2,\"name\":\"Istra\u017eiva\u010dki centar Skup\u0161tine: Rast prosje\u010dne plate u Crnoj Gori me\u0111u najve\u0107ima u Evropi\"}]},{\"@type\":\"WebSite\",\"@id\":\"https:\\\/\\\/dmcsrb.com\\\/#website\",\"url\":\"https:\\\/\\\/dmcsrb.com\\\/\",\"name\":\"dmcsrb.com\",\"description\":\"\",\"potentialAction\":[{\"@type\":\"SearchAction\",\"target\":{\"@type\":\"EntryPoint\",\"urlTemplate\":\"https:\\\/\\\/dmcsrb.com\\\/?s={search_term_string}\"},\"query-input\":{\"@type\":\"PropertyValueSpecification\",\"valueRequired\":true,\"valueName\":\"search_term_string\"}}],\"inLanguage\":\"en-GB\"},{\"@type\":\"Person\",\"@id\":\"https:\\\/\\\/dmcsrb.com\\\/#\\\/schema\\\/person\\\/5c39170f12db1b8b457732d0b5c854e2\",\"name\":\"dmcsrbija.com@gmail.com\",\"image\":{\"@type\":\"ImageObject\",\"inLanguage\":\"en-GB\",\"@id\":\"https:\\\/\\\/secure.gravatar.com\\\/avatar\\\/68592660ad6347fad0fb587f8d5d8f1a7b44961362f56e4f2cd524feb87e9069?s=96&d=mm&r=g\",\"url\":\"https:\\\/\\\/secure.gravatar.com\\\/avatar\\\/68592660ad6347fad0fb587f8d5d8f1a7b44961362f56e4f2cd524feb87e9069?s=96&d=mm&r=g\",\"contentUrl\":\"https:\\\/\\\/secure.gravatar.com\\\/avatar\\\/68592660ad6347fad0fb587f8d5d8f1a7b44961362f56e4f2cd524feb87e9069?s=96&d=mm&r=g\",\"caption\":\"dmcsrbija.com@gmail.com\"},\"sameAs\":[\"https:\\\/\\\/dmcsrb.com\"],\"url\":\"https:\\\/\\\/dmcsrb.com\\\/en\\\/author\\\/dmcsrbija-comgmail-com\\\/\"}]}<\/script>\n<!-- \/ Yoast SEO plugin. -->","yoast_head_json":{"title":"Istra\u017eiva\u010dki centar Skup\u0161tine: Rast prosje\u010dne plate u Crnoj Gori me\u0111u najve\u0107ima u Evropi - dmcsrb.com","robots":{"index":"index","follow":"follow","max-snippet":"max-snippet:-1","max-image-preview":"max-image-preview:large","max-video-preview":"max-video-preview:-1"},"canonical":"https:\/\/dmcsrb.com\/en\/ekonomija\/istrazivacki-centar-skupstine-rast-prosjecne-plate-u-crnoj-gori-medju-najvecima-u-evropi\/","og_locale":"en_GB","og_type":"article","og_title":"Istra\u017eiva\u010dki centar Skup\u0161tine: Rast prosje\u010dne plate u Crnoj Gori me\u0111u najve\u0107ima u Evropi - dmcsrb.com","og_description":"Crna Gora je u posljednjih pet godina ostvarila zna\u010dajan skok u visini prosje\u010dnih primanja, pozicioniraju\u0107i se kao lider me\u0111u zemljama Zapadnog Balkana koje nisu \u010dlanice EU, ali i susti\u017eu\u0107i pojedine dr\u017eave unutar evropske porodice.","og_url":"https:\/\/dmcsrb.com\/en\/ekonomija\/istrazivacki-centar-skupstine-rast-prosjecne-plate-u-crnoj-gori-medju-najvecima-u-evropi\/","og_site_name":"dmcsrb.com","article_published_time":"2025-12-25T10:11:06+00:00","og_image":[{"width":510,"height":340,"url":"https:\/\/dmcsrb.com\/wp-content\/uploads\/2026\/01\/crna-gora.jpg","type":"image\/jpeg"}],"author":"dmcsrbija.com@gmail.com","twitter_card":"summary_large_image","twitter_misc":{"Written by":"dmcsrbija.com@gmail.com","Estimated reading time":"2 minutes"},"schema":{"@context":"https:\/\/schema.org","@graph":[{"@type":"Article","@id":"https:\/\/dmcsrb.com\/ekonomija\/istrazivacki-centar-skupstine-rast-prosjecne-plate-u-crnoj-gori-medju-najvecima-u-evropi\/#article","isPartOf":{"@id":"https:\/\/dmcsrb.com\/ekonomija\/istrazivacki-centar-skupstine-rast-prosjecne-plate-u-crnoj-gori-medju-najvecima-u-evropi\/"},"author":{"name":"dmcsrbija.com@gmail.com","@id":"https:\/\/dmcsrb.com\/#\/schema\/person\/5c39170f12db1b8b457732d0b5c854e2"},"headline":"Istra\u017eiva\u010dki centar Skup\u0161tine: Rast prosje\u010dne plate u Crnoj Gori me\u0111u najve\u0107ima u Evropi","datePublished":"2025-12-25T10:11:06+00:00","mainEntityOfPage":{"@id":"https:\/\/dmcsrb.com\/ekonomija\/istrazivacki-centar-skupstine-rast-prosjecne-plate-u-crnoj-gori-medju-najvecima-u-evropi\/"},"wordCount":360,"commentCount":0,"image":{"@id":"https:\/\/dmcsrb.com\/ekonomija\/istrazivacki-centar-skupstine-rast-prosjecne-plate-u-crnoj-gori-medju-najvecima-u-evropi\/#primaryimage"},"thumbnailUrl":"https:\/\/dmcsrb.com\/wp-content\/uploads\/2026\/01\/crna-gora.jpg","keywords":["Crna Gora","EU","plate","Skup\u0161tina"],"articleSection":["Ekonomija"],"inLanguage":"en-GB","potentialAction":[{"@type":"CommentAction","name":"Comment","target":["https:\/\/dmcsrb.com\/ekonomija\/istrazivacki-centar-skupstine-rast-prosjecne-plate-u-crnoj-gori-medju-najvecima-u-evropi\/#respond"]}]},{"@type":"WebPage","@id":"https:\/\/dmcsrb.com\/ekonomija\/istrazivacki-centar-skupstine-rast-prosjecne-plate-u-crnoj-gori-medju-najvecima-u-evropi\/","url":"https:\/\/dmcsrb.com\/ekonomija\/istrazivacki-centar-skupstine-rast-prosjecne-plate-u-crnoj-gori-medju-najvecima-u-evropi\/","name":"Istra\u017eiva\u010dki centar Skup\u0161tine: Rast prosje\u010dne plate u Crnoj Gori me\u0111u najve\u0107ima u Evropi - dmcsrb.com","isPartOf":{"@id":"https:\/\/dmcsrb.com\/#website"},"primaryImageOfPage":{"@id":"https:\/\/dmcsrb.com\/ekonomija\/istrazivacki-centar-skupstine-rast-prosjecne-plate-u-crnoj-gori-medju-najvecima-u-evropi\/#primaryimage"},"image":{"@id":"https:\/\/dmcsrb.com\/ekonomija\/istrazivacki-centar-skupstine-rast-prosjecne-plate-u-crnoj-gori-medju-najvecima-u-evropi\/#primaryimage"},"thumbnailUrl":"https:\/\/dmcsrb.com\/wp-content\/uploads\/2026\/01\/crna-gora.jpg","datePublished":"2025-12-25T10:11:06+00:00","author":{"@id":"https:\/\/dmcsrb.com\/#\/schema\/person\/5c39170f12db1b8b457732d0b5c854e2"},"breadcrumb":{"@id":"https:\/\/dmcsrb.com\/ekonomija\/istrazivacki-centar-skupstine-rast-prosjecne-plate-u-crnoj-gori-medju-najvecima-u-evropi\/#breadcrumb"},"inLanguage":"en-GB","potentialAction":[{"@type":"ReadAction","target":["https:\/\/dmcsrb.com\/ekonomija\/istrazivacki-centar-skupstine-rast-prosjecne-plate-u-crnoj-gori-medju-najvecima-u-evropi\/"]}]},{"@type":"ImageObject","inLanguage":"en-GB","@id":"https:\/\/dmcsrb.com\/ekonomija\/istrazivacki-centar-skupstine-rast-prosjecne-plate-u-crnoj-gori-medju-najvecima-u-evropi\/#primaryimage","url":"https:\/\/dmcsrb.com\/wp-content\/uploads\/2026\/01\/crna-gora.jpg","contentUrl":"https:\/\/dmcsrb.com\/wp-content\/uploads\/2026\/01\/crna-gora.jpg","width":510,"height":340},{"@type":"BreadcrumbList","@id":"https:\/\/dmcsrb.com\/ekonomija\/istrazivacki-centar-skupstine-rast-prosjecne-plate-u-crnoj-gori-medju-najvecima-u-evropi\/#breadcrumb","itemListElement":[{"@type":"ListItem","position":1,"name":"Home","item":"https:\/\/dmcsrb.com\/"},{"@type":"ListItem","position":2,"name":"Istra\u017eiva\u010dki centar Skup\u0161tine: Rast prosje\u010dne plate u Crnoj Gori me\u0111u najve\u0107ima u Evropi"}]},{"@type":"WebSite","@id":"https:\/\/dmcsrb.com\/#website","url":"https:\/\/dmcsrb.com\/","name":"dmcsrb.com","description":"","potentialAction":[{"@type":"SearchAction","target":{"@type":"EntryPoint","urlTemplate":"https:\/\/dmcsrb.com\/?s={search_term_string}"},"query-input":{"@type":"PropertyValueSpecification","valueRequired":true,"valueName":"search_term_string"}}],"inLanguage":"en-GB"},{"@type":"Person","@id":"https:\/\/dmcsrb.com\/#\/schema\/person\/5c39170f12db1b8b457732d0b5c854e2","name":"dmcsrbija.com@gmail.com","image":{"@type":"ImageObject","inLanguage":"en-GB","@id":"https:\/\/secure.gravatar.com\/avatar\/68592660ad6347fad0fb587f8d5d8f1a7b44961362f56e4f2cd524feb87e9069?s=96&d=mm&r=g","url":"https:\/\/secure.gravatar.com\/avatar\/68592660ad6347fad0fb587f8d5d8f1a7b44961362f56e4f2cd524feb87e9069?s=96&d=mm&r=g","contentUrl":"https:\/\/secure.gravatar.com\/avatar\/68592660ad6347fad0fb587f8d5d8f1a7b44961362f56e4f2cd524feb87e9069?s=96&d=mm&r=g","caption":"dmcsrbija.com@gmail.com"},"sameAs":["https:\/\/dmcsrb.com"],"url":"https:\/\/dmcsrb.com\/en\/author\/dmcsrbija-comgmail-com\/"}]}},"_links":{"self":[{"href":"https:\/\/dmcsrb.com\/en\/wp-json\/wp\/v2\/posts\/915670","targetHints":{"allow":["GET"]}}],"collection":[{"href":"https:\/\/dmcsrb.com\/en\/wp-json\/wp\/v2\/posts"}],"about":[{"href":"https:\/\/dmcsrb.com\/en\/wp-json\/wp\/v2\/types\/post"}],"author":[{"embeddable":true,"href":"https:\/\/dmcsrb.com\/en\/wp-json\/wp\/v2\/users\/1"}],"replies":[{"embeddable":true,"href":"https:\/\/dmcsrb.com\/en\/wp-json\/wp\/v2\/comments?post=915670"}],"version-history":[{"count":0,"href":"https:\/\/dmcsrb.com\/en\/wp-json\/wp\/v2\/posts\/915670\/revisions"}],"wp:featuredmedia":[{"embeddable":true,"href":"https:\/\/dmcsrb.com\/en\/wp-json\/wp\/v2\/media\/913047"}],"wp:attachment":[{"href":"https:\/\/dmcsrb.com\/en\/wp-json\/wp\/v2\/media?parent=915670"}],"wp:term":[{"taxonomy":"category","embeddable":true,"href":"https:\/\/dmcsrb.com\/en\/wp-json\/wp\/v2\/categories?post=915670"},{"taxonomy":"post_tag","embeddable":true,"href":"https:\/\/dmcsrb.com\/en\/wp-json\/wp\/v2\/tags?post=915670"},{"taxonomy":"naslovna","embeddable":true,"href":"https:\/\/dmcsrb.com\/en\/wp-json\/wp\/v2\/naslovna?post=915670"}],"curies":[{"name":"wp","href":"https:\/\/api.w.org\/{rel}","templated":true}]}}