{"id":915630,"date":"2025-12-25T09:09:00","date_gmt":"2025-12-25T08:09:00","guid":{"rendered":"https:\/\/dmcsrb.com\/uncategorized\/italija-propisala-ryanairu-kaznu-od-256-miliona-eura\/"},"modified":"2025-12-25T09:09:00","modified_gmt":"2025-12-25T08:09:00","slug":"italija-propisala-ryanairu-kaznu-od-256-miliona-eura","status":"publish","type":"post","link":"https:\/\/dmcsrb.com\/en\/svijet\/italija-propisala-ryanairu-kaznu-od-256-miliona-eura\/","title":{"rendered":"Italija propisala Ryanairu kaznu od 256 miliona eura"},"content":{"rendered":"<p><\/p>\n\n\n\n<p>Prema navodima italijanskog nadzornog tijela, avioprjevoznik je od aprila 2023. do aprila ove godine zloupotrebljavao svoj dominantni polo\u017eaj na tr\u017ei\u0161tu, jer je zna\u010dajno ote\u017eao spoljnim pru\u017eaocima usluga, poput putni\u010dkih agencija, kupovinu karata za svoje letove, prenosi Hrportfolio.<\/p>\n\n\n\n<p>Iz Ryanaira su odmah najavili da namjeravaju da ulo\u017ee \u017ealbu na odluku.<\/p>\n\n\n\n<p>Istraga je otkrila da je Ryanair krajem 2022. po\u010deo da razmatra na\u010dine na koje mo\u017ee ometati rad putni\u010dkih agencija i onemogu\u0107iti im rezervacije letova, navodi se u saop\u0161tenju nadzornog tijela.<\/p>\n\n\n\n<p>Kompleksne mjere kompanija je primjenjivala od aprila 2023. godine, a njihovom primjenom avioprevoznik je &#8220;zloupotrebljavao zna\u010dajnu tr\u017ei\u0161nu mo\u0107&#8221;, navodi regulator.<\/p>\n\n\n\n<p>Primjera radi, Ryanair je ote\u017eavao i sprje\u010davao kombiniranje svojih letova s letovima drugih avioprevoznika i blokirao police osiguranja drugih pru\u017ealaca.<\/p>\n\n\n\n<p>U aprilu je Ryanair ponovo uspostavio odre\u0111ene komponente svoga sistema za rezervacije, \u010dime bi, prema navodima nadzornog tijela, trebalo da omogu\u0107i &#8220;stvarno tr\u017ei\u0161no takmi\u010denje&#8221;, budu li one ispravno primijenjene.<\/p>\n\n\n\n<p>Ryanair je odluku nazvao &#8220;bizarnom&#8221;, pozivaju\u0107i se na odluku milanskog suda prema kojoj je, kako je naveo avioprevoznik, potvr\u0111en njegov poslovni model.<\/p>","protected":false},"excerpt":{"rendered":"<p>Italijansko tijelo za za\u0161titu tr\u017ei\u0161nog takmi\u010denja propisalo je kaznu od 256 miliona eura irskom avioprevozniku Ryanairu, navode\u0107i da je ta kompanija primjenjivala kompleksnu strategiju kojom je ote\u017eavala putni\u010dkim agencijama kupovinu karata za njene letove.<\/p>","protected":false},"author":1,"featured_media":915172,"comment_status":"open","ping_status":"open","sticky":false,"template":"","format":"standard","meta":{"_acf_changed":false,"footnotes":""},"categories":[144],"tags":[1238,1761,3416],"naslovna":[],"class_list":["post-915630","post","type-post","status-publish","format-standard","has-post-thumbnail","hentry","category-svijet","tag-italija","tag-kazna","tag-ryanair"],"acf":[],"yoast_head":"<!-- This site is optimized with the Yoast SEO plugin v27.0 - https:\/\/yoast.com\/product\/yoast-seo-wordpress\/ -->\n<title>Italija propisala Ryanairu kaznu od 256 miliona eura - dmcsrb.com<\/title>\n<meta name=\"robots\" content=\"index, follow, max-snippet:-1, max-image-preview:large, max-video-preview:-1\" \/>\n<link rel=\"canonical\" href=\"https:\/\/dmcsrb.com\/en\/svijet\/italija-propisala-ryanairu-kaznu-od-256-miliona-eura\/\" \/>\n<meta property=\"og:locale\" content=\"en_GB\" \/>\n<meta property=\"og:type\" content=\"article\" \/>\n<meta property=\"og:title\" content=\"Italija propisala Ryanairu kaznu od 256 miliona eura - dmcsrb.com\" \/>\n<meta property=\"og:description\" content=\"Italijansko tijelo za za\u0161titu tr\u017ei\u0161nog takmi\u010denja propisalo je kaznu od 256 miliona eura irskom avioprevozniku Ryanairu, navode\u0107i da je ta kompanija primjenjivala kompleksnu strategiju kojom je ote\u017eavala putni\u010dkim agencijama kupovinu karata za njene letove.\" \/>\n<meta property=\"og:url\" content=\"https:\/\/dmcsrb.com\/en\/svijet\/italija-propisala-ryanairu-kaznu-od-256-miliona-eura\/\" \/>\n<meta property=\"og:site_name\" content=\"dmcsrb.com\" \/>\n<meta property=\"article:published_time\" content=\"2025-12-25T08:09:00+00:00\" \/>\n<meta property=\"og:image\" content=\"https:\/\/dmcsrb.com\/wp-content\/uploads\/2026\/01\/Ryanair-rajaner-foto-AP-Armando-Franca.jpg\" \/>\n\t<meta property=\"og:image:width\" content=\"1022\" \/>\n\t<meta property=\"og:image:height\" content=\"603\" \/>\n\t<meta property=\"og:image:type\" content=\"image\/jpeg\" \/>\n<meta name=\"author\" content=\"dmcsrbija.com@gmail.com\" \/>\n<meta name=\"twitter:card\" content=\"summary_large_image\" \/>\n<meta name=\"twitter:label1\" content=\"Written by\" \/>\n\t<meta name=\"twitter:data1\" content=\"dmcsrbija.com@gmail.com\" \/>\n\t<meta name=\"twitter:label2\" content=\"Estimated reading time\" \/>\n\t<meta name=\"twitter:data2\" content=\"1 minute\" \/>\n<script type=\"application\/ld+json\" class=\"yoast-schema-graph\">{\"@context\":\"https:\/\/schema.org\",\"@graph\":[{\"@type\":\"Article\",\"@id\":\"https:\/\/dmcsrb.com\/svijet\/italija-propisala-ryanairu-kaznu-od-256-miliona-eura\/#article\",\"isPartOf\":{\"@id\":\"https:\/\/dmcsrb.com\/svijet\/italija-propisala-ryanairu-kaznu-od-256-miliona-eura\/\"},\"author\":{\"name\":\"dmcsrbija.com@gmail.com\",\"@id\":\"https:\/\/dmcsrb.com\/#\/schema\/person\/5c39170f12db1b8b457732d0b5c854e2\"},\"headline\":\"Italija propisala Ryanairu kaznu od 256 miliona eura\",\"datePublished\":\"2025-12-25T08:09:00+00:00\",\"mainEntityOfPage\":{\"@id\":\"https:\/\/dmcsrb.com\/svijet\/italija-propisala-ryanairu-kaznu-od-256-miliona-eura\/\"},\"wordCount\":201,\"commentCount\":0,\"image\":{\"@id\":\"https:\/\/dmcsrb.com\/svijet\/italija-propisala-ryanairu-kaznu-od-256-miliona-eura\/#primaryimage\"},\"thumbnailUrl\":\"https:\/\/dmcsrb.com\/wp-content\/uploads\/2026\/01\/Ryanair-rajaner-foto-AP-Armando-Franca.jpg\",\"keywords\":[\"Italija\",\"kazna\",\"Ryanair\"],\"articleSection\":[\"Svijet\"],\"inLanguage\":\"en-GB\",\"potentialAction\":[{\"@type\":\"CommentAction\",\"name\":\"Comment\",\"target\":[\"https:\/\/dmcsrb.com\/svijet\/italija-propisala-ryanairu-kaznu-od-256-miliona-eura\/#respond\"]}]},{\"@type\":\"WebPage\",\"@id\":\"https:\/\/dmcsrb.com\/svijet\/italija-propisala-ryanairu-kaznu-od-256-miliona-eura\/\",\"url\":\"https:\/\/dmcsrb.com\/svijet\/italija-propisala-ryanairu-kaznu-od-256-miliona-eura\/\",\"name\":\"Italija propisala Ryanairu kaznu od 256 miliona eura - dmcsrb.com\",\"isPartOf\":{\"@id\":\"https:\/\/dmcsrb.com\/#website\"},\"primaryImageOfPage\":{\"@id\":\"https:\/\/dmcsrb.com\/svijet\/italija-propisala-ryanairu-kaznu-od-256-miliona-eura\/#primaryimage\"},\"image\":{\"@id\":\"https:\/\/dmcsrb.com\/svijet\/italija-propisala-ryanairu-kaznu-od-256-miliona-eura\/#primaryimage\"},\"thumbnailUrl\":\"https:\/\/dmcsrb.com\/wp-content\/uploads\/2026\/01\/Ryanair-rajaner-foto-AP-Armando-Franca.jpg\",\"datePublished\":\"2025-12-25T08:09:00+00:00\",\"author\":{\"@id\":\"https:\/\/dmcsrb.com\/#\/schema\/person\/5c39170f12db1b8b457732d0b5c854e2\"},\"breadcrumb\":{\"@id\":\"https:\/\/dmcsrb.com\/svijet\/italija-propisala-ryanairu-kaznu-od-256-miliona-eura\/#breadcrumb\"},\"inLanguage\":\"en-GB\",\"potentialAction\":[{\"@type\":\"ReadAction\",\"target\":[\"https:\/\/dmcsrb.com\/svijet\/italija-propisala-ryanairu-kaznu-od-256-miliona-eura\/\"]}]},{\"@type\":\"ImageObject\",\"inLanguage\":\"en-GB\",\"@id\":\"https:\/\/dmcsrb.com\/svijet\/italija-propisala-ryanairu-kaznu-od-256-miliona-eura\/#primaryimage\",\"url\":\"https:\/\/dmcsrb.com\/wp-content\/uploads\/2026\/01\/Ryanair-rajaner-foto-AP-Armando-Franca.jpg\",\"contentUrl\":\"https:\/\/dmcsrb.com\/wp-content\/uploads\/2026\/01\/Ryanair-rajaner-foto-AP-Armando-Franca.jpg\",\"width\":1022,\"height\":603},{\"@type\":\"BreadcrumbList\",\"@id\":\"https:\/\/dmcsrb.com\/svijet\/italija-propisala-ryanairu-kaznu-od-256-miliona-eura\/#breadcrumb\",\"itemListElement\":[{\"@type\":\"ListItem\",\"position\":1,\"name\":\"Home\",\"item\":\"https:\/\/dmcsrb.com\/\"},{\"@type\":\"ListItem\",\"position\":2,\"name\":\"Italija propisala Ryanairu kaznu od 256 miliona eura\"}]},{\"@type\":\"WebSite\",\"@id\":\"https:\/\/dmcsrb.com\/#website\",\"url\":\"https:\/\/dmcsrb.com\/\",\"name\":\"dmcsrb.com\",\"description\":\"\",\"potentialAction\":[{\"@type\":\"SearchAction\",\"target\":{\"@type\":\"EntryPoint\",\"urlTemplate\":\"https:\/\/dmcsrb.com\/?s={search_term_string}\"},\"query-input\":{\"@type\":\"PropertyValueSpecification\",\"valueRequired\":true,\"valueName\":\"search_term_string\"}}],\"inLanguage\":\"en-GB\"},{\"@type\":\"Person\",\"@id\":\"https:\/\/dmcsrb.com\/#\/schema\/person\/5c39170f12db1b8b457732d0b5c854e2\",\"name\":\"dmcsrbija.com@gmail.com\",\"image\":{\"@type\":\"ImageObject\",\"inLanguage\":\"en-GB\",\"@id\":\"https:\/\/dmcsrb.com\/#\/schema\/person\/image\/\",\"url\":\"https:\/\/secure.gravatar.com\/avatar\/68592660ad6347fad0fb587f8d5d8f1a7b44961362f56e4f2cd524feb87e9069?s=96&d=mm&r=g\",\"contentUrl\":\"https:\/\/secure.gravatar.com\/avatar\/68592660ad6347fad0fb587f8d5d8f1a7b44961362f56e4f2cd524feb87e9069?s=96&d=mm&r=g\",\"caption\":\"dmcsrbija.com@gmail.com\"},\"sameAs\":[\"https:\/\/dmcsrb.com\"],\"url\":\"https:\/\/dmcsrb.com\/en\/author\/dmcsrbija-comgmail-com\/\"}]}<\/script>\n<!-- \/ Yoast SEO plugin. -->","yoast_head_json":{"title":"Italija propisala Ryanairu kaznu od 256 miliona eura - dmcsrb.com","robots":{"index":"index","follow":"follow","max-snippet":"max-snippet:-1","max-image-preview":"max-image-preview:large","max-video-preview":"max-video-preview:-1"},"canonical":"https:\/\/dmcsrb.com\/en\/svijet\/italija-propisala-ryanairu-kaznu-od-256-miliona-eura\/","og_locale":"en_GB","og_type":"article","og_title":"Italija propisala Ryanairu kaznu od 256 miliona eura - dmcsrb.com","og_description":"Italijansko tijelo za za\u0161titu tr\u017ei\u0161nog takmi\u010denja propisalo je kaznu od 256 miliona eura irskom avioprevozniku Ryanairu, navode\u0107i da je ta kompanija primjenjivala kompleksnu strategiju kojom je ote\u017eavala putni\u010dkim agencijama kupovinu karata za njene letove.","og_url":"https:\/\/dmcsrb.com\/en\/svijet\/italija-propisala-ryanairu-kaznu-od-256-miliona-eura\/","og_site_name":"dmcsrb.com","article_published_time":"2025-12-25T08:09:00+00:00","og_image":[{"width":1022,"height":603,"url":"https:\/\/dmcsrb.com\/wp-content\/uploads\/2026\/01\/Ryanair-rajaner-foto-AP-Armando-Franca.jpg","type":"image\/jpeg"}],"author":"dmcsrbija.com@gmail.com","twitter_card":"summary_large_image","twitter_misc":{"Written by":"dmcsrbija.com@gmail.com","Estimated reading time":"1 minute"},"schema":{"@context":"https:\/\/schema.org","@graph":[{"@type":"Article","@id":"https:\/\/dmcsrb.com\/svijet\/italija-propisala-ryanairu-kaznu-od-256-miliona-eura\/#article","isPartOf":{"@id":"https:\/\/dmcsrb.com\/svijet\/italija-propisala-ryanairu-kaznu-od-256-miliona-eura\/"},"author":{"name":"dmcsrbija.com@gmail.com","@id":"https:\/\/dmcsrb.com\/#\/schema\/person\/5c39170f12db1b8b457732d0b5c854e2"},"headline":"Italija propisala Ryanairu kaznu od 256 miliona eura","datePublished":"2025-12-25T08:09:00+00:00","mainEntityOfPage":{"@id":"https:\/\/dmcsrb.com\/svijet\/italija-propisala-ryanairu-kaznu-od-256-miliona-eura\/"},"wordCount":201,"commentCount":0,"image":{"@id":"https:\/\/dmcsrb.com\/svijet\/italija-propisala-ryanairu-kaznu-od-256-miliona-eura\/#primaryimage"},"thumbnailUrl":"https:\/\/dmcsrb.com\/wp-content\/uploads\/2026\/01\/Ryanair-rajaner-foto-AP-Armando-Franca.jpg","keywords":["Italija","kazna","Ryanair"],"articleSection":["Svijet"],"inLanguage":"en-GB","potentialAction":[{"@type":"CommentAction","name":"Comment","target":["https:\/\/dmcsrb.com\/svijet\/italija-propisala-ryanairu-kaznu-od-256-miliona-eura\/#respond"]}]},{"@type":"WebPage","@id":"https:\/\/dmcsrb.com\/svijet\/italija-propisala-ryanairu-kaznu-od-256-miliona-eura\/","url":"https:\/\/dmcsrb.com\/svijet\/italija-propisala-ryanairu-kaznu-od-256-miliona-eura\/","name":"Italija propisala Ryanairu kaznu od 256 miliona eura - dmcsrb.com","isPartOf":{"@id":"https:\/\/dmcsrb.com\/#website"},"primaryImageOfPage":{"@id":"https:\/\/dmcsrb.com\/svijet\/italija-propisala-ryanairu-kaznu-od-256-miliona-eura\/#primaryimage"},"image":{"@id":"https:\/\/dmcsrb.com\/svijet\/italija-propisala-ryanairu-kaznu-od-256-miliona-eura\/#primaryimage"},"thumbnailUrl":"https:\/\/dmcsrb.com\/wp-content\/uploads\/2026\/01\/Ryanair-rajaner-foto-AP-Armando-Franca.jpg","datePublished":"2025-12-25T08:09:00+00:00","author":{"@id":"https:\/\/dmcsrb.com\/#\/schema\/person\/5c39170f12db1b8b457732d0b5c854e2"},"breadcrumb":{"@id":"https:\/\/dmcsrb.com\/svijet\/italija-propisala-ryanairu-kaznu-od-256-miliona-eura\/#breadcrumb"},"inLanguage":"en-GB","potentialAction":[{"@type":"ReadAction","target":["https:\/\/dmcsrb.com\/svijet\/italija-propisala-ryanairu-kaznu-od-256-miliona-eura\/"]}]},{"@type":"ImageObject","inLanguage":"en-GB","@id":"https:\/\/dmcsrb.com\/svijet\/italija-propisala-ryanairu-kaznu-od-256-miliona-eura\/#primaryimage","url":"https:\/\/dmcsrb.com\/wp-content\/uploads\/2026\/01\/Ryanair-rajaner-foto-AP-Armando-Franca.jpg","contentUrl":"https:\/\/dmcsrb.com\/wp-content\/uploads\/2026\/01\/Ryanair-rajaner-foto-AP-Armando-Franca.jpg","width":1022,"height":603},{"@type":"BreadcrumbList","@id":"https:\/\/dmcsrb.com\/svijet\/italija-propisala-ryanairu-kaznu-od-256-miliona-eura\/#breadcrumb","itemListElement":[{"@type":"ListItem","position":1,"name":"Home","item":"https:\/\/dmcsrb.com\/"},{"@type":"ListItem","position":2,"name":"Italija propisala Ryanairu kaznu od 256 miliona eura"}]},{"@type":"WebSite","@id":"https:\/\/dmcsrb.com\/#website","url":"https:\/\/dmcsrb.com\/","name":"dmcsrb.com","description":"","potentialAction":[{"@type":"SearchAction","target":{"@type":"EntryPoint","urlTemplate":"https:\/\/dmcsrb.com\/?s={search_term_string}"},"query-input":{"@type":"PropertyValueSpecification","valueRequired":true,"valueName":"search_term_string"}}],"inLanguage":"en-GB"},{"@type":"Person","@id":"https:\/\/dmcsrb.com\/#\/schema\/person\/5c39170f12db1b8b457732d0b5c854e2","name":"dmcsrbija.com@gmail.com","image":{"@type":"ImageObject","inLanguage":"en-GB","@id":"https:\/\/dmcsrb.com\/#\/schema\/person\/image\/","url":"https:\/\/secure.gravatar.com\/avatar\/68592660ad6347fad0fb587f8d5d8f1a7b44961362f56e4f2cd524feb87e9069?s=96&d=mm&r=g","contentUrl":"https:\/\/secure.gravatar.com\/avatar\/68592660ad6347fad0fb587f8d5d8f1a7b44961362f56e4f2cd524feb87e9069?s=96&d=mm&r=g","caption":"dmcsrbija.com@gmail.com"},"sameAs":["https:\/\/dmcsrb.com"],"url":"https:\/\/dmcsrb.com\/en\/author\/dmcsrbija-comgmail-com\/"}]}},"_links":{"self":[{"href":"https:\/\/dmcsrb.com\/en\/wp-json\/wp\/v2\/posts\/915630","targetHints":{"allow":["GET"]}}],"collection":[{"href":"https:\/\/dmcsrb.com\/en\/wp-json\/wp\/v2\/posts"}],"about":[{"href":"https:\/\/dmcsrb.com\/en\/wp-json\/wp\/v2\/types\/post"}],"author":[{"embeddable":true,"href":"https:\/\/dmcsrb.com\/en\/wp-json\/wp\/v2\/users\/1"}],"replies":[{"embeddable":true,"href":"https:\/\/dmcsrb.com\/en\/wp-json\/wp\/v2\/comments?post=915630"}],"version-history":[{"count":0,"href":"https:\/\/dmcsrb.com\/en\/wp-json\/wp\/v2\/posts\/915630\/revisions"}],"wp:featuredmedia":[{"embeddable":true,"href":"https:\/\/dmcsrb.com\/en\/wp-json\/wp\/v2\/media\/915172"}],"wp:attachment":[{"href":"https:\/\/dmcsrb.com\/en\/wp-json\/wp\/v2\/media?parent=915630"}],"wp:term":[{"taxonomy":"category","embeddable":true,"href":"https:\/\/dmcsrb.com\/en\/wp-json\/wp\/v2\/categories?post=915630"},{"taxonomy":"post_tag","embeddable":true,"href":"https:\/\/dmcsrb.com\/en\/wp-json\/wp\/v2\/tags?post=915630"},{"taxonomy":"naslovna","embeddable":true,"href":"https:\/\/dmcsrb.com\/en\/wp-json\/wp\/v2\/naslovna?post=915630"}],"curies":[{"name":"wp","href":"https:\/\/api.w.org\/{rel}","templated":true}]}}