{"id":915613,"date":"2025-12-25T08:12:00","date_gmt":"2025-12-25T07:12:00","guid":{"rendered":"https:\/\/dmcsrb.com\/uncategorized\/milosevicu-30-godina-za-ubistvo-djurickovica-vujacicu-i-masanovicu-po-15\/"},"modified":"2025-12-25T08:12:00","modified_gmt":"2025-12-25T07:12:00","slug":"milosevicu-30-godina-za-ubistvo-djurickovica-vujacicu-i-masanovicu-po-15","status":"publish","type":"post","link":"https:\/\/dmcsrb.com\/en\/hronika\/milosevicu-30-godina-za-ubistvo-djurickovica-vujacicu-i-masanovicu-po-15\/","title":{"rendered":"Milo\u0161evi\u0107u 30 godina za ubistvo \u0110uri\u010dkovi\u0107a, Vuja\u010di\u0107u i Ma\u0161anovi\u0107u po 15"},"content":{"rendered":"<p><\/p>\n\n\n\n<p>Milo\u0161evi\u0107 je osu\u0111en na 30 Ma\u0161anovi\u0107 i Vuja\u010di\u0107 na po 15 godina. Tu\u017eiteljka Irena Buri\u0107 je u zavr\u0161nim rije\u010dima zatra\u017eila maksimalne kazne zatvora.<\/p>\n\n\n\n<p>Ona je kao klju\u010dni dokaz istakla svjedo\u010denje o\u010devica, svjedoka Milorada Radulovi\u0107a.<\/p>\n\n\n\n<p>S druge strane, odbrana je zatra\u017eila osloba\u0111aju\u0107u presudu osporavaju\u0107i upravo kredibilitet svjedoka Radulovi\u0107a za kojeg smatraju da je bio podu\u010den \u0161ta \u0107e re\u0107i s obzirom da je u tri navrata davao razli\u010dite iskaze.<\/p>\n\n\n\n<p>Prema navodima optu\u017enice, optu\u017eeni su nakon kra\u0107eg pra\u0107enja sa\u010dekali da \u0110uri\u010dkovi\u0107 u\u0111e u svoje vozilo \u201etiguan\u201c, a Radulovi\u0107 na mjesto suvoza\u010da. Kada je \u0110uri\u010dkovi\u0107 krenuo vozilom prema Bajovoj ulici, Ma\u0161anovi\u0107 je vozilom \u201ereno megan\u201c u\u0161ao u suprotnu kolovoznu traku.<\/p>\n\n\n\n<p>\u0110uri\u010dkovi\u0107 je bio prinu\u0111en da zaustavi vozilo, nakon \u010dega je Milo\u0161evi\u0107, kako se navodi, s mjesta suvoza\u010da, iz automatske pu\u0161ke ispalio vi\u0161e hitaca prema njemu.<\/p>\n\n\n\n<p>Milo\u0161evi\u0107, Ma\u0161anovi\u0107 i Vuja\u010di\u0107 nakon ubistva pobjegli su vozilom seoskim putem Gornji Ceklin \u2013 Ljubotinj, gdje su zapalili automobil u koji su ostavili i automatsku pu\u0161ku iz koje je pucano na \u0110uri\u010dkovi\u0107a, poslije \u010dega su pobjegli u nepoznatom pravcu.<\/p>\n\n\n\n<p>\u0110uri\u010dkovi\u0107 je u Klini\u010dkom centru Crne Gore podlegao povredama dan kasnije.<\/p>","protected":false},"excerpt":{"rendered":"<p>Mario Milo\u0161evi\u0107, Vukan Vuja\u010di\u0107 i Igor Ma\u0161anovi\u0107 osu\u0111eni su na ukupno 60 godina zatvora za ubistvo Radomira \u0110uri\u010dkovi\u0107a 10. oktobra 2016. godine na Cetinju.<\/p>","protected":false},"author":1,"featured_media":912484,"comment_status":"open","ping_status":"open","sticky":false,"template":"","format":"standard","meta":{"_acf_changed":false,"footnotes":""},"categories":[17],"tags":[4397,4398,4399],"naslovna":[],"class_list":["post-915613","post","type-post","status-publish","format-standard","has-post-thumbnail","hentry","category-hronika","tag-igor-masanovic","tag-mario-milosevic","tag-vukan-vujacic"],"acf":[],"yoast_head":"<!-- This site is optimized with the Yoast SEO plugin v27.4 - https:\/\/yoast.com\/product\/yoast-seo-wordpress\/ -->\n<title>Milo\u0161evi\u0107u 30 godina za ubistvo \u0110uri\u010dkovi\u0107a, Vuja\u010di\u0107u i Ma\u0161anovi\u0107u po 15 - dmcsrb.com<\/title>\n<meta name=\"robots\" content=\"index, follow, max-snippet:-1, max-image-preview:large, max-video-preview:-1\" \/>\n<link rel=\"canonical\" href=\"https:\/\/dmcsrb.com\/en\/hronika\/milosevicu-30-godina-za-ubistvo-djurickovica-vujacicu-i-masanovicu-po-15\/\" \/>\n<meta property=\"og:locale\" content=\"en_GB\" \/>\n<meta property=\"og:type\" content=\"article\" \/>\n<meta property=\"og:title\" content=\"Milo\u0161evi\u0107u 30 godina za ubistvo \u0110uri\u010dkovi\u0107a, Vuja\u010di\u0107u i Ma\u0161anovi\u0107u po 15 - dmcsrb.com\" \/>\n<meta property=\"og:description\" content=\"Mario Milo\u0161evi\u0107, Vukan Vuja\u010di\u0107 i Igor Ma\u0161anovi\u0107 osu\u0111eni su na ukupno 60 godina zatvora za ubistvo Radomira \u0110uri\u010dkovi\u0107a 10. oktobra 2016. godine na Cetinju.\" \/>\n<meta property=\"og:url\" content=\"https:\/\/dmcsrb.com\/en\/hronika\/milosevicu-30-godina-za-ubistvo-djurickovica-vujacicu-i-masanovicu-po-15\/\" \/>\n<meta property=\"og:site_name\" content=\"dmcsrb.com\" \/>\n<meta property=\"article:published_time\" content=\"2025-12-25T07:12:00+00:00\" \/>\n<meta property=\"og:image\" content=\"https:\/\/dmcsrb.com\/wp-content\/uploads\/2026\/01\/sud-odluka-presuda-sudija.jpg\" \/>\n\t<meta property=\"og:image:width\" content=\"900\" \/>\n\t<meta property=\"og:image:height\" content=\"600\" \/>\n\t<meta property=\"og:image:type\" content=\"image\/jpeg\" \/>\n<meta name=\"author\" content=\"dmcsrbija.com@gmail.com\" \/>\n<meta name=\"twitter:card\" content=\"summary_large_image\" \/>\n<meta name=\"twitter:label1\" content=\"Written by\" \/>\n\t<meta name=\"twitter:data1\" content=\"dmcsrbija.com@gmail.com\" \/>\n\t<meta name=\"twitter:label2\" content=\"Estimated reading time\" \/>\n\t<meta name=\"twitter:data2\" content=\"1 minute\" \/>\n<script type=\"application\/ld+json\" class=\"yoast-schema-graph\">{\"@context\":\"https:\\\/\\\/schema.org\",\"@graph\":[{\"@type\":\"Article\",\"@id\":\"https:\\\/\\\/dmcsrb.com\\\/hronika\\\/milosevicu-30-godina-za-ubistvo-djurickovica-vujacicu-i-masanovicu-po-15\\\/#article\",\"isPartOf\":{\"@id\":\"https:\\\/\\\/dmcsrb.com\\\/hronika\\\/milosevicu-30-godina-za-ubistvo-djurickovica-vujacicu-i-masanovicu-po-15\\\/\"},\"author\":{\"name\":\"dmcsrbija.com@gmail.com\",\"@id\":\"https:\\\/\\\/dmcsrb.com\\\/#\\\/schema\\\/person\\\/5c39170f12db1b8b457732d0b5c854e2\"},\"headline\":\"Milo\u0161evi\u0107u 30 godina za ubistvo \u0110uri\u010dkovi\u0107a, Vuja\u010di\u0107u i Ma\u0161anovi\u0107u po 15\",\"datePublished\":\"2025-12-25T07:12:00+00:00\",\"mainEntityOfPage\":{\"@id\":\"https:\\\/\\\/dmcsrb.com\\\/hronika\\\/milosevicu-30-godina-za-ubistvo-djurickovica-vujacicu-i-masanovicu-po-15\\\/\"},\"wordCount\":240,\"commentCount\":0,\"image\":{\"@id\":\"https:\\\/\\\/dmcsrb.com\\\/hronika\\\/milosevicu-30-godina-za-ubistvo-djurickovica-vujacicu-i-masanovicu-po-15\\\/#primaryimage\"},\"thumbnailUrl\":\"https:\\\/\\\/dmcsrb.com\\\/wp-content\\\/uploads\\\/2026\\\/01\\\/sud-odluka-presuda-sudija.jpg\",\"keywords\":[\"Igor Ma\u0161anovi\u0107\",\"Mario Milo\u0161evi\u0107\",\"Vukan Vuja\u010di\u0107\"],\"articleSection\":[\"Hronika\"],\"inLanguage\":\"en-GB\",\"potentialAction\":[{\"@type\":\"CommentAction\",\"name\":\"Comment\",\"target\":[\"https:\\\/\\\/dmcsrb.com\\\/hronika\\\/milosevicu-30-godina-za-ubistvo-djurickovica-vujacicu-i-masanovicu-po-15\\\/#respond\"]}]},{\"@type\":\"WebPage\",\"@id\":\"https:\\\/\\\/dmcsrb.com\\\/hronika\\\/milosevicu-30-godina-za-ubistvo-djurickovica-vujacicu-i-masanovicu-po-15\\\/\",\"url\":\"https:\\\/\\\/dmcsrb.com\\\/hronika\\\/milosevicu-30-godina-za-ubistvo-djurickovica-vujacicu-i-masanovicu-po-15\\\/\",\"name\":\"Milo\u0161evi\u0107u 30 godina za ubistvo \u0110uri\u010dkovi\u0107a, Vuja\u010di\u0107u i Ma\u0161anovi\u0107u po 15 - dmcsrb.com\",\"isPartOf\":{\"@id\":\"https:\\\/\\\/dmcsrb.com\\\/#website\"},\"primaryImageOfPage\":{\"@id\":\"https:\\\/\\\/dmcsrb.com\\\/hronika\\\/milosevicu-30-godina-za-ubistvo-djurickovica-vujacicu-i-masanovicu-po-15\\\/#primaryimage\"},\"image\":{\"@id\":\"https:\\\/\\\/dmcsrb.com\\\/hronika\\\/milosevicu-30-godina-za-ubistvo-djurickovica-vujacicu-i-masanovicu-po-15\\\/#primaryimage\"},\"thumbnailUrl\":\"https:\\\/\\\/dmcsrb.com\\\/wp-content\\\/uploads\\\/2026\\\/01\\\/sud-odluka-presuda-sudija.jpg\",\"datePublished\":\"2025-12-25T07:12:00+00:00\",\"author\":{\"@id\":\"https:\\\/\\\/dmcsrb.com\\\/#\\\/schema\\\/person\\\/5c39170f12db1b8b457732d0b5c854e2\"},\"breadcrumb\":{\"@id\":\"https:\\\/\\\/dmcsrb.com\\\/hronika\\\/milosevicu-30-godina-za-ubistvo-djurickovica-vujacicu-i-masanovicu-po-15\\\/#breadcrumb\"},\"inLanguage\":\"en-GB\",\"potentialAction\":[{\"@type\":\"ReadAction\",\"target\":[\"https:\\\/\\\/dmcsrb.com\\\/hronika\\\/milosevicu-30-godina-za-ubistvo-djurickovica-vujacicu-i-masanovicu-po-15\\\/\"]}]},{\"@type\":\"ImageObject\",\"inLanguage\":\"en-GB\",\"@id\":\"https:\\\/\\\/dmcsrb.com\\\/hronika\\\/milosevicu-30-godina-za-ubistvo-djurickovica-vujacicu-i-masanovicu-po-15\\\/#primaryimage\",\"url\":\"https:\\\/\\\/dmcsrb.com\\\/wp-content\\\/uploads\\\/2026\\\/01\\\/sud-odluka-presuda-sudija.jpg\",\"contentUrl\":\"https:\\\/\\\/dmcsrb.com\\\/wp-content\\\/uploads\\\/2026\\\/01\\\/sud-odluka-presuda-sudija.jpg\",\"width\":900,\"height\":600},{\"@type\":\"BreadcrumbList\",\"@id\":\"https:\\\/\\\/dmcsrb.com\\\/hronika\\\/milosevicu-30-godina-za-ubistvo-djurickovica-vujacicu-i-masanovicu-po-15\\\/#breadcrumb\",\"itemListElement\":[{\"@type\":\"ListItem\",\"position\":1,\"name\":\"Home\",\"item\":\"https:\\\/\\\/dmcsrb.com\\\/\"},{\"@type\":\"ListItem\",\"position\":2,\"name\":\"Milo\u0161evi\u0107u 30 godina za ubistvo \u0110uri\u010dkovi\u0107a, Vuja\u010di\u0107u i Ma\u0161anovi\u0107u po 15\"}]},{\"@type\":\"WebSite\",\"@id\":\"https:\\\/\\\/dmcsrb.com\\\/#website\",\"url\":\"https:\\\/\\\/dmcsrb.com\\\/\",\"name\":\"dmcsrb.com\",\"description\":\"\",\"potentialAction\":[{\"@type\":\"SearchAction\",\"target\":{\"@type\":\"EntryPoint\",\"urlTemplate\":\"https:\\\/\\\/dmcsrb.com\\\/?s={search_term_string}\"},\"query-input\":{\"@type\":\"PropertyValueSpecification\",\"valueRequired\":true,\"valueName\":\"search_term_string\"}}],\"inLanguage\":\"en-GB\"},{\"@type\":\"Person\",\"@id\":\"https:\\\/\\\/dmcsrb.com\\\/#\\\/schema\\\/person\\\/5c39170f12db1b8b457732d0b5c854e2\",\"name\":\"dmcsrbija.com@gmail.com\",\"image\":{\"@type\":\"ImageObject\",\"inLanguage\":\"en-GB\",\"@id\":\"https:\\\/\\\/secure.gravatar.com\\\/avatar\\\/68592660ad6347fad0fb587f8d5d8f1a7b44961362f56e4f2cd524feb87e9069?s=96&d=mm&r=g\",\"url\":\"https:\\\/\\\/secure.gravatar.com\\\/avatar\\\/68592660ad6347fad0fb587f8d5d8f1a7b44961362f56e4f2cd524feb87e9069?s=96&d=mm&r=g\",\"contentUrl\":\"https:\\\/\\\/secure.gravatar.com\\\/avatar\\\/68592660ad6347fad0fb587f8d5d8f1a7b44961362f56e4f2cd524feb87e9069?s=96&d=mm&r=g\",\"caption\":\"dmcsrbija.com@gmail.com\"},\"sameAs\":[\"https:\\\/\\\/dmcsrb.com\"],\"url\":\"https:\\\/\\\/dmcsrb.com\\\/en\\\/author\\\/dmcsrbija-comgmail-com\\\/\"}]}<\/script>\n<!-- \/ Yoast SEO plugin. -->","yoast_head_json":{"title":"Milo\u0161evi\u0107u 30 godina za ubistvo \u0110uri\u010dkovi\u0107a, Vuja\u010di\u0107u i Ma\u0161anovi\u0107u po 15 - dmcsrb.com","robots":{"index":"index","follow":"follow","max-snippet":"max-snippet:-1","max-image-preview":"max-image-preview:large","max-video-preview":"max-video-preview:-1"},"canonical":"https:\/\/dmcsrb.com\/en\/hronika\/milosevicu-30-godina-za-ubistvo-djurickovica-vujacicu-i-masanovicu-po-15\/","og_locale":"en_GB","og_type":"article","og_title":"Milo\u0161evi\u0107u 30 godina za ubistvo \u0110uri\u010dkovi\u0107a, Vuja\u010di\u0107u i Ma\u0161anovi\u0107u po 15 - dmcsrb.com","og_description":"Mario Milo\u0161evi\u0107, Vukan Vuja\u010di\u0107 i Igor Ma\u0161anovi\u0107 osu\u0111eni su na ukupno 60 godina zatvora za ubistvo Radomira \u0110uri\u010dkovi\u0107a 10. oktobra 2016. godine na Cetinju.","og_url":"https:\/\/dmcsrb.com\/en\/hronika\/milosevicu-30-godina-za-ubistvo-djurickovica-vujacicu-i-masanovicu-po-15\/","og_site_name":"dmcsrb.com","article_published_time":"2025-12-25T07:12:00+00:00","og_image":[{"width":900,"height":600,"url":"https:\/\/dmcsrb.com\/wp-content\/uploads\/2026\/01\/sud-odluka-presuda-sudija.jpg","type":"image\/jpeg"}],"author":"dmcsrbija.com@gmail.com","twitter_card":"summary_large_image","twitter_misc":{"Written by":"dmcsrbija.com@gmail.com","Estimated reading time":"1 minute"},"schema":{"@context":"https:\/\/schema.org","@graph":[{"@type":"Article","@id":"https:\/\/dmcsrb.com\/hronika\/milosevicu-30-godina-za-ubistvo-djurickovica-vujacicu-i-masanovicu-po-15\/#article","isPartOf":{"@id":"https:\/\/dmcsrb.com\/hronika\/milosevicu-30-godina-za-ubistvo-djurickovica-vujacicu-i-masanovicu-po-15\/"},"author":{"name":"dmcsrbija.com@gmail.com","@id":"https:\/\/dmcsrb.com\/#\/schema\/person\/5c39170f12db1b8b457732d0b5c854e2"},"headline":"Milo\u0161evi\u0107u 30 godina za ubistvo \u0110uri\u010dkovi\u0107a, Vuja\u010di\u0107u i Ma\u0161anovi\u0107u po 15","datePublished":"2025-12-25T07:12:00+00:00","mainEntityOfPage":{"@id":"https:\/\/dmcsrb.com\/hronika\/milosevicu-30-godina-za-ubistvo-djurickovica-vujacicu-i-masanovicu-po-15\/"},"wordCount":240,"commentCount":0,"image":{"@id":"https:\/\/dmcsrb.com\/hronika\/milosevicu-30-godina-za-ubistvo-djurickovica-vujacicu-i-masanovicu-po-15\/#primaryimage"},"thumbnailUrl":"https:\/\/dmcsrb.com\/wp-content\/uploads\/2026\/01\/sud-odluka-presuda-sudija.jpg","keywords":["Igor Ma\u0161anovi\u0107","Mario Milo\u0161evi\u0107","Vukan Vuja\u010di\u0107"],"articleSection":["Hronika"],"inLanguage":"en-GB","potentialAction":[{"@type":"CommentAction","name":"Comment","target":["https:\/\/dmcsrb.com\/hronika\/milosevicu-30-godina-za-ubistvo-djurickovica-vujacicu-i-masanovicu-po-15\/#respond"]}]},{"@type":"WebPage","@id":"https:\/\/dmcsrb.com\/hronika\/milosevicu-30-godina-za-ubistvo-djurickovica-vujacicu-i-masanovicu-po-15\/","url":"https:\/\/dmcsrb.com\/hronika\/milosevicu-30-godina-za-ubistvo-djurickovica-vujacicu-i-masanovicu-po-15\/","name":"Milo\u0161evi\u0107u 30 godina za ubistvo \u0110uri\u010dkovi\u0107a, Vuja\u010di\u0107u i Ma\u0161anovi\u0107u po 15 - dmcsrb.com","isPartOf":{"@id":"https:\/\/dmcsrb.com\/#website"},"primaryImageOfPage":{"@id":"https:\/\/dmcsrb.com\/hronika\/milosevicu-30-godina-za-ubistvo-djurickovica-vujacicu-i-masanovicu-po-15\/#primaryimage"},"image":{"@id":"https:\/\/dmcsrb.com\/hronika\/milosevicu-30-godina-za-ubistvo-djurickovica-vujacicu-i-masanovicu-po-15\/#primaryimage"},"thumbnailUrl":"https:\/\/dmcsrb.com\/wp-content\/uploads\/2026\/01\/sud-odluka-presuda-sudija.jpg","datePublished":"2025-12-25T07:12:00+00:00","author":{"@id":"https:\/\/dmcsrb.com\/#\/schema\/person\/5c39170f12db1b8b457732d0b5c854e2"},"breadcrumb":{"@id":"https:\/\/dmcsrb.com\/hronika\/milosevicu-30-godina-za-ubistvo-djurickovica-vujacicu-i-masanovicu-po-15\/#breadcrumb"},"inLanguage":"en-GB","potentialAction":[{"@type":"ReadAction","target":["https:\/\/dmcsrb.com\/hronika\/milosevicu-30-godina-za-ubistvo-djurickovica-vujacicu-i-masanovicu-po-15\/"]}]},{"@type":"ImageObject","inLanguage":"en-GB","@id":"https:\/\/dmcsrb.com\/hronika\/milosevicu-30-godina-za-ubistvo-djurickovica-vujacicu-i-masanovicu-po-15\/#primaryimage","url":"https:\/\/dmcsrb.com\/wp-content\/uploads\/2026\/01\/sud-odluka-presuda-sudija.jpg","contentUrl":"https:\/\/dmcsrb.com\/wp-content\/uploads\/2026\/01\/sud-odluka-presuda-sudija.jpg","width":900,"height":600},{"@type":"BreadcrumbList","@id":"https:\/\/dmcsrb.com\/hronika\/milosevicu-30-godina-za-ubistvo-djurickovica-vujacicu-i-masanovicu-po-15\/#breadcrumb","itemListElement":[{"@type":"ListItem","position":1,"name":"Home","item":"https:\/\/dmcsrb.com\/"},{"@type":"ListItem","position":2,"name":"Milo\u0161evi\u0107u 30 godina za ubistvo \u0110uri\u010dkovi\u0107a, Vuja\u010di\u0107u i Ma\u0161anovi\u0107u po 15"}]},{"@type":"WebSite","@id":"https:\/\/dmcsrb.com\/#website","url":"https:\/\/dmcsrb.com\/","name":"dmcsrb.com","description":"","potentialAction":[{"@type":"SearchAction","target":{"@type":"EntryPoint","urlTemplate":"https:\/\/dmcsrb.com\/?s={search_term_string}"},"query-input":{"@type":"PropertyValueSpecification","valueRequired":true,"valueName":"search_term_string"}}],"inLanguage":"en-GB"},{"@type":"Person","@id":"https:\/\/dmcsrb.com\/#\/schema\/person\/5c39170f12db1b8b457732d0b5c854e2","name":"dmcsrbija.com@gmail.com","image":{"@type":"ImageObject","inLanguage":"en-GB","@id":"https:\/\/secure.gravatar.com\/avatar\/68592660ad6347fad0fb587f8d5d8f1a7b44961362f56e4f2cd524feb87e9069?s=96&d=mm&r=g","url":"https:\/\/secure.gravatar.com\/avatar\/68592660ad6347fad0fb587f8d5d8f1a7b44961362f56e4f2cd524feb87e9069?s=96&d=mm&r=g","contentUrl":"https:\/\/secure.gravatar.com\/avatar\/68592660ad6347fad0fb587f8d5d8f1a7b44961362f56e4f2cd524feb87e9069?s=96&d=mm&r=g","caption":"dmcsrbija.com@gmail.com"},"sameAs":["https:\/\/dmcsrb.com"],"url":"https:\/\/dmcsrb.com\/en\/author\/dmcsrbija-comgmail-com\/"}]}},"_links":{"self":[{"href":"https:\/\/dmcsrb.com\/en\/wp-json\/wp\/v2\/posts\/915613","targetHints":{"allow":["GET"]}}],"collection":[{"href":"https:\/\/dmcsrb.com\/en\/wp-json\/wp\/v2\/posts"}],"about":[{"href":"https:\/\/dmcsrb.com\/en\/wp-json\/wp\/v2\/types\/post"}],"author":[{"embeddable":true,"href":"https:\/\/dmcsrb.com\/en\/wp-json\/wp\/v2\/users\/1"}],"replies":[{"embeddable":true,"href":"https:\/\/dmcsrb.com\/en\/wp-json\/wp\/v2\/comments?post=915613"}],"version-history":[{"count":0,"href":"https:\/\/dmcsrb.com\/en\/wp-json\/wp\/v2\/posts\/915613\/revisions"}],"wp:featuredmedia":[{"embeddable":true,"href":"https:\/\/dmcsrb.com\/en\/wp-json\/wp\/v2\/media\/912484"}],"wp:attachment":[{"href":"https:\/\/dmcsrb.com\/en\/wp-json\/wp\/v2\/media?parent=915613"}],"wp:term":[{"taxonomy":"category","embeddable":true,"href":"https:\/\/dmcsrb.com\/en\/wp-json\/wp\/v2\/categories?post=915613"},{"taxonomy":"post_tag","embeddable":true,"href":"https:\/\/dmcsrb.com\/en\/wp-json\/wp\/v2\/tags?post=915613"},{"taxonomy":"naslovna","embeddable":true,"href":"https:\/\/dmcsrb.com\/en\/wp-json\/wp\/v2\/naslovna?post=915613"}],"curies":[{"name":"wp","href":"https:\/\/api.w.org\/{rel}","templated":true}]}}