{"id":915606,"date":"2025-12-25T07:37:00","date_gmt":"2025-12-25T06:37:00","guid":{"rendered":"https:\/\/dmcsrb.com\/uncategorized\/vojnicima-koji-su-ucestvovali-u-gasenju-pozara-bice-isplacen-dodatak-na-zaradu\/"},"modified":"2025-12-25T07:37:00","modified_gmt":"2025-12-25T06:37:00","slug":"vojnicima-koji-su-ucestvovali-u-gasenju-pozara-bice-isplacen-dodatak-na-zaradu","status":"publish","type":"post","link":"https:\/\/dmcsrb.com\/en\/drustvo\/vojnicima-koji-su-ucestvovali-u-gasenju-pozara-bice-isplacen-dodatak-na-zaradu\/","title":{"rendered":"Vojnicima koji su u\u010destvovali u ga\u0161enju po\u017eara bi\u0107e ispla\u0107en dodatak na zaradu"},"content":{"rendered":"<p><\/p>\n\n\n\n<p>To je saop\u0161teno iz Kabineta potpredsjednika Vlade&nbsp;za bezbjednost, odbranu, borbu protiv kriminala i unutra\u0161nju politiku, Alekse Be\u010di\u0107a.<\/p>\n\n\n\n<p>&#8220;Dopunama Uredbe predvi\u0111ena je mogu\u0107nost da se, na obrazlo\u017eeni predlog na\u010delnika General\u0161taba Vojske Crne Gore, profesionalnim vojnim licima, kao i civilnim licima u slu\u017ebi u Vojsci Crne Gore, jednom godi\u0161nje isplati dodatak za poseban doprinos u okviru misije Vojske &#8216;Pomo\u0107 drugim institucijama&#8217;, u visini do 30 obra\u010dunskih vrijednosti koeficijenta&#8221;, navodi se u saop\u0161tenju.<\/p>\n\n\n\n<p>Na ovaj na\u010din stvorene su pravne pretpostavke da se u okviru zarade za decembar mjesec izvr\u0161i isplata dodatka za pripadnike Vojske koji su bili anga\u017eovani tokom po\u017earne sezone.<\/p>\n\n\n\n<p>Visina dodatka odre\u0111ena je saglasno obimu i vrsti anga\u017eovanja pripadnika Vojske.<\/p>\n\n\n\n<p>&#8220;Dijele\u0107i ovu informaciju sa vama, cijenjene pripadnice i pripadnici Vojske Crne Gore, vama i va\u0161im porodicama \u017eelim sre\u0107ne nastupaju\u0107e praznike, a neka ovo bude simboli\u010dna \u010destitka dr\u017eave upu\u0107ena vama&#8221;, saop\u0161teno je Be\u010di\u0107evog kabineta.<\/p>","protected":false},"excerpt":{"rendered":"<p>Na predlog ministra odbrane, Dragana Krapovi\u0107a, Vlada Crne Gore je donijela Uredbu o dopunama Uredbe o zaradama lica u slu\u017ebi u Vojsci Crne Gore, na osnovu koje \u0107e pripadnicima Vojske koji su tokom ljeta ove godine bili anga\u017eovani na ga\u0161enju po\u017eara biti ispla\u0107en dodatak na zaradu za poseban doprinos u izvr\u0161avanju zadataka u okviru tre\u0107e misije: \u201cPomo\u0107 drugim institucijama\u201d.<\/p>","protected":false},"author":1,"featured_media":915607,"comment_status":"open","ping_status":"open","sticky":false,"template":"","format":"standard","meta":{"_acf_changed":false,"footnotes":""},"categories":[2],"tags":[355,60,4392,4393],"naslovna":[],"class_list":["post-915606","post","type-post","status-publish","format-standard","has-post-thumbnail","hentry","category-drustvo","tag-aleksa-becic","tag-dragan-krapovic","tag-gasenje-pozara","tag-vojnici"],"acf":[],"yoast_head":"<!-- This site is optimized with the Yoast SEO plugin v27.0 - https:\/\/yoast.com\/product\/yoast-seo-wordpress\/ -->\n<title>Vojnicima koji su u\u010destvovali u ga\u0161enju po\u017eara bi\u0107e ispla\u0107en dodatak na zaradu - dmcsrb.com<\/title>\n<meta name=\"robots\" content=\"index, follow, max-snippet:-1, max-image-preview:large, max-video-preview:-1\" \/>\n<link rel=\"canonical\" href=\"https:\/\/dmcsrb.com\/en\/drustvo\/vojnicima-koji-su-ucestvovali-u-gasenju-pozara-bice-isplacen-dodatak-na-zaradu\/\" \/>\n<meta property=\"og:locale\" content=\"en_GB\" \/>\n<meta property=\"og:type\" content=\"article\" \/>\n<meta property=\"og:title\" content=\"Vojnicima koji su u\u010destvovali u ga\u0161enju po\u017eara bi\u0107e ispla\u0107en dodatak na zaradu - dmcsrb.com\" \/>\n<meta property=\"og:description\" content=\"Na predlog ministra odbrane, Dragana Krapovi\u0107a, Vlada Crne Gore je donijela Uredbu o dopunama Uredbe o zaradama lica u slu\u017ebi u Vojsci Crne Gore, na osnovu koje \u0107e pripadnicima Vojske koji su tokom ljeta ove godine bili anga\u017eovani na ga\u0161enju po\u017eara biti ispla\u0107en dodatak na zaradu za poseban doprinos u izvr\u0161avanju zadataka u okviru tre\u0107e misije: \u201cPomo\u0107 drugim institucijama\u201d.\" \/>\n<meta property=\"og:url\" content=\"https:\/\/dmcsrb.com\/en\/drustvo\/vojnicima-koji-su-ucestvovali-u-gasenju-pozara-bice-isplacen-dodatak-na-zaradu\/\" \/>\n<meta property=\"og:site_name\" content=\"dmcsrb.com\" \/>\n<meta property=\"article:published_time\" content=\"2025-12-25T06:37:00+00:00\" \/>\n<meta property=\"og:image\" content=\"https:\/\/dmcsrb.com\/wp-content\/uploads\/2026\/01\/Krapovic-i-Becic-foto-vlada-cg.jpg\" \/>\n\t<meta property=\"og:image:width\" content=\"1023\" \/>\n\t<meta property=\"og:image:height\" content=\"667\" \/>\n\t<meta property=\"og:image:type\" content=\"image\/jpeg\" \/>\n<meta name=\"author\" content=\"dmcsrbija.com@gmail.com\" \/>\n<meta name=\"twitter:card\" content=\"summary_large_image\" \/>\n<meta name=\"twitter:label1\" content=\"Written by\" \/>\n\t<meta name=\"twitter:data1\" content=\"dmcsrbija.com@gmail.com\" \/>\n\t<meta name=\"twitter:label2\" content=\"Estimated reading time\" \/>\n\t<meta name=\"twitter:data2\" content=\"1 minute\" \/>\n<script type=\"application\/ld+json\" class=\"yoast-schema-graph\">{\"@context\":\"https:\/\/schema.org\",\"@graph\":[{\"@type\":\"Article\",\"@id\":\"https:\/\/dmcsrb.com\/drustvo\/vojnicima-koji-su-ucestvovali-u-gasenju-pozara-bice-isplacen-dodatak-na-zaradu\/#article\",\"isPartOf\":{\"@id\":\"https:\/\/dmcsrb.com\/drustvo\/vojnicima-koji-su-ucestvovali-u-gasenju-pozara-bice-isplacen-dodatak-na-zaradu\/\"},\"author\":{\"name\":\"dmcsrbija.com@gmail.com\",\"@id\":\"https:\/\/dmcsrb.com\/#\/schema\/person\/5c39170f12db1b8b457732d0b5c854e2\"},\"headline\":\"Vojnicima koji su u\u010destvovali u ga\u0161enju po\u017eara bi\u0107e ispla\u0107en dodatak na zaradu\",\"datePublished\":\"2025-12-25T06:37:00+00:00\",\"mainEntityOfPage\":{\"@id\":\"https:\/\/dmcsrb.com\/drustvo\/vojnicima-koji-su-ucestvovali-u-gasenju-pozara-bice-isplacen-dodatak-na-zaradu\/\"},\"wordCount\":189,\"commentCount\":0,\"image\":{\"@id\":\"https:\/\/dmcsrb.com\/drustvo\/vojnicima-koji-su-ucestvovali-u-gasenju-pozara-bice-isplacen-dodatak-na-zaradu\/#primaryimage\"},\"thumbnailUrl\":\"https:\/\/dmcsrb.com\/wp-content\/uploads\/2026\/01\/Krapovic-i-Becic-foto-vlada-cg.jpg\",\"keywords\":[\"Aleksa Be\u010di\u0107\",\"Dragan Krapovi\u0107\",\"Ga\u0161enje po\u017eara\",\"vojnici\"],\"articleSection\":[\"Dru\u0161tvo\"],\"inLanguage\":\"en-GB\",\"potentialAction\":[{\"@type\":\"CommentAction\",\"name\":\"Comment\",\"target\":[\"https:\/\/dmcsrb.com\/drustvo\/vojnicima-koji-su-ucestvovali-u-gasenju-pozara-bice-isplacen-dodatak-na-zaradu\/#respond\"]}]},{\"@type\":\"WebPage\",\"@id\":\"https:\/\/dmcsrb.com\/drustvo\/vojnicima-koji-su-ucestvovali-u-gasenju-pozara-bice-isplacen-dodatak-na-zaradu\/\",\"url\":\"https:\/\/dmcsrb.com\/drustvo\/vojnicima-koji-su-ucestvovali-u-gasenju-pozara-bice-isplacen-dodatak-na-zaradu\/\",\"name\":\"Vojnicima koji su u\u010destvovali u ga\u0161enju po\u017eara bi\u0107e ispla\u0107en dodatak na zaradu - dmcsrb.com\",\"isPartOf\":{\"@id\":\"https:\/\/dmcsrb.com\/#website\"},\"primaryImageOfPage\":{\"@id\":\"https:\/\/dmcsrb.com\/drustvo\/vojnicima-koji-su-ucestvovali-u-gasenju-pozara-bice-isplacen-dodatak-na-zaradu\/#primaryimage\"},\"image\":{\"@id\":\"https:\/\/dmcsrb.com\/drustvo\/vojnicima-koji-su-ucestvovali-u-gasenju-pozara-bice-isplacen-dodatak-na-zaradu\/#primaryimage\"},\"thumbnailUrl\":\"https:\/\/dmcsrb.com\/wp-content\/uploads\/2026\/01\/Krapovic-i-Becic-foto-vlada-cg.jpg\",\"datePublished\":\"2025-12-25T06:37:00+00:00\",\"author\":{\"@id\":\"https:\/\/dmcsrb.com\/#\/schema\/person\/5c39170f12db1b8b457732d0b5c854e2\"},\"breadcrumb\":{\"@id\":\"https:\/\/dmcsrb.com\/drustvo\/vojnicima-koji-su-ucestvovali-u-gasenju-pozara-bice-isplacen-dodatak-na-zaradu\/#breadcrumb\"},\"inLanguage\":\"en-GB\",\"potentialAction\":[{\"@type\":\"ReadAction\",\"target\":[\"https:\/\/dmcsrb.com\/drustvo\/vojnicima-koji-su-ucestvovali-u-gasenju-pozara-bice-isplacen-dodatak-na-zaradu\/\"]}]},{\"@type\":\"ImageObject\",\"inLanguage\":\"en-GB\",\"@id\":\"https:\/\/dmcsrb.com\/drustvo\/vojnicima-koji-su-ucestvovali-u-gasenju-pozara-bice-isplacen-dodatak-na-zaradu\/#primaryimage\",\"url\":\"https:\/\/dmcsrb.com\/wp-content\/uploads\/2026\/01\/Krapovic-i-Becic-foto-vlada-cg.jpg\",\"contentUrl\":\"https:\/\/dmcsrb.com\/wp-content\/uploads\/2026\/01\/Krapovic-i-Becic-foto-vlada-cg.jpg\",\"width\":1023,\"height\":667},{\"@type\":\"BreadcrumbList\",\"@id\":\"https:\/\/dmcsrb.com\/drustvo\/vojnicima-koji-su-ucestvovali-u-gasenju-pozara-bice-isplacen-dodatak-na-zaradu\/#breadcrumb\",\"itemListElement\":[{\"@type\":\"ListItem\",\"position\":1,\"name\":\"Home\",\"item\":\"https:\/\/dmcsrb.com\/\"},{\"@type\":\"ListItem\",\"position\":2,\"name\":\"Vojnicima koji su u\u010destvovali u ga\u0161enju po\u017eara bi\u0107e ispla\u0107en dodatak na zaradu\"}]},{\"@type\":\"WebSite\",\"@id\":\"https:\/\/dmcsrb.com\/#website\",\"url\":\"https:\/\/dmcsrb.com\/\",\"name\":\"dmcsrb.com\",\"description\":\"\",\"potentialAction\":[{\"@type\":\"SearchAction\",\"target\":{\"@type\":\"EntryPoint\",\"urlTemplate\":\"https:\/\/dmcsrb.com\/?s={search_term_string}\"},\"query-input\":{\"@type\":\"PropertyValueSpecification\",\"valueRequired\":true,\"valueName\":\"search_term_string\"}}],\"inLanguage\":\"en-GB\"},{\"@type\":\"Person\",\"@id\":\"https:\/\/dmcsrb.com\/#\/schema\/person\/5c39170f12db1b8b457732d0b5c854e2\",\"name\":\"dmcsrbija.com@gmail.com\",\"image\":{\"@type\":\"ImageObject\",\"inLanguage\":\"en-GB\",\"@id\":\"https:\/\/dmcsrb.com\/#\/schema\/person\/image\/\",\"url\":\"https:\/\/secure.gravatar.com\/avatar\/68592660ad6347fad0fb587f8d5d8f1a7b44961362f56e4f2cd524feb87e9069?s=96&d=mm&r=g\",\"contentUrl\":\"https:\/\/secure.gravatar.com\/avatar\/68592660ad6347fad0fb587f8d5d8f1a7b44961362f56e4f2cd524feb87e9069?s=96&d=mm&r=g\",\"caption\":\"dmcsrbija.com@gmail.com\"},\"sameAs\":[\"https:\/\/dmcsrb.com\"],\"url\":\"https:\/\/dmcsrb.com\/en\/author\/dmcsrbija-comgmail-com\/\"}]}<\/script>\n<!-- \/ Yoast SEO plugin. -->","yoast_head_json":{"title":"Vojnicima koji su u\u010destvovali u ga\u0161enju po\u017eara bi\u0107e ispla\u0107en dodatak na zaradu - dmcsrb.com","robots":{"index":"index","follow":"follow","max-snippet":"max-snippet:-1","max-image-preview":"max-image-preview:large","max-video-preview":"max-video-preview:-1"},"canonical":"https:\/\/dmcsrb.com\/en\/drustvo\/vojnicima-koji-su-ucestvovali-u-gasenju-pozara-bice-isplacen-dodatak-na-zaradu\/","og_locale":"en_GB","og_type":"article","og_title":"Vojnicima koji su u\u010destvovali u ga\u0161enju po\u017eara bi\u0107e ispla\u0107en dodatak na zaradu - dmcsrb.com","og_description":"Na predlog ministra odbrane, Dragana Krapovi\u0107a, Vlada Crne Gore je donijela Uredbu o dopunama Uredbe o zaradama lica u slu\u017ebi u Vojsci Crne Gore, na osnovu koje \u0107e pripadnicima Vojske koji su tokom ljeta ove godine bili anga\u017eovani na ga\u0161enju po\u017eara biti ispla\u0107en dodatak na zaradu za poseban doprinos u izvr\u0161avanju zadataka u okviru tre\u0107e misije: \u201cPomo\u0107 drugim institucijama\u201d.","og_url":"https:\/\/dmcsrb.com\/en\/drustvo\/vojnicima-koji-su-ucestvovali-u-gasenju-pozara-bice-isplacen-dodatak-na-zaradu\/","og_site_name":"dmcsrb.com","article_published_time":"2025-12-25T06:37:00+00:00","og_image":[{"width":1023,"height":667,"url":"https:\/\/dmcsrb.com\/wp-content\/uploads\/2026\/01\/Krapovic-i-Becic-foto-vlada-cg.jpg","type":"image\/jpeg"}],"author":"dmcsrbija.com@gmail.com","twitter_card":"summary_large_image","twitter_misc":{"Written by":"dmcsrbija.com@gmail.com","Estimated reading time":"1 minute"},"schema":{"@context":"https:\/\/schema.org","@graph":[{"@type":"Article","@id":"https:\/\/dmcsrb.com\/drustvo\/vojnicima-koji-su-ucestvovali-u-gasenju-pozara-bice-isplacen-dodatak-na-zaradu\/#article","isPartOf":{"@id":"https:\/\/dmcsrb.com\/drustvo\/vojnicima-koji-su-ucestvovali-u-gasenju-pozara-bice-isplacen-dodatak-na-zaradu\/"},"author":{"name":"dmcsrbija.com@gmail.com","@id":"https:\/\/dmcsrb.com\/#\/schema\/person\/5c39170f12db1b8b457732d0b5c854e2"},"headline":"Vojnicima koji su u\u010destvovali u ga\u0161enju po\u017eara bi\u0107e ispla\u0107en dodatak na zaradu","datePublished":"2025-12-25T06:37:00+00:00","mainEntityOfPage":{"@id":"https:\/\/dmcsrb.com\/drustvo\/vojnicima-koji-su-ucestvovali-u-gasenju-pozara-bice-isplacen-dodatak-na-zaradu\/"},"wordCount":189,"commentCount":0,"image":{"@id":"https:\/\/dmcsrb.com\/drustvo\/vojnicima-koji-su-ucestvovali-u-gasenju-pozara-bice-isplacen-dodatak-na-zaradu\/#primaryimage"},"thumbnailUrl":"https:\/\/dmcsrb.com\/wp-content\/uploads\/2026\/01\/Krapovic-i-Becic-foto-vlada-cg.jpg","keywords":["Aleksa Be\u010di\u0107","Dragan Krapovi\u0107","Ga\u0161enje po\u017eara","vojnici"],"articleSection":["Dru\u0161tvo"],"inLanguage":"en-GB","potentialAction":[{"@type":"CommentAction","name":"Comment","target":["https:\/\/dmcsrb.com\/drustvo\/vojnicima-koji-su-ucestvovali-u-gasenju-pozara-bice-isplacen-dodatak-na-zaradu\/#respond"]}]},{"@type":"WebPage","@id":"https:\/\/dmcsrb.com\/drustvo\/vojnicima-koji-su-ucestvovali-u-gasenju-pozara-bice-isplacen-dodatak-na-zaradu\/","url":"https:\/\/dmcsrb.com\/drustvo\/vojnicima-koji-su-ucestvovali-u-gasenju-pozara-bice-isplacen-dodatak-na-zaradu\/","name":"Vojnicima koji su u\u010destvovali u ga\u0161enju po\u017eara bi\u0107e ispla\u0107en dodatak na zaradu - dmcsrb.com","isPartOf":{"@id":"https:\/\/dmcsrb.com\/#website"},"primaryImageOfPage":{"@id":"https:\/\/dmcsrb.com\/drustvo\/vojnicima-koji-su-ucestvovali-u-gasenju-pozara-bice-isplacen-dodatak-na-zaradu\/#primaryimage"},"image":{"@id":"https:\/\/dmcsrb.com\/drustvo\/vojnicima-koji-su-ucestvovali-u-gasenju-pozara-bice-isplacen-dodatak-na-zaradu\/#primaryimage"},"thumbnailUrl":"https:\/\/dmcsrb.com\/wp-content\/uploads\/2026\/01\/Krapovic-i-Becic-foto-vlada-cg.jpg","datePublished":"2025-12-25T06:37:00+00:00","author":{"@id":"https:\/\/dmcsrb.com\/#\/schema\/person\/5c39170f12db1b8b457732d0b5c854e2"},"breadcrumb":{"@id":"https:\/\/dmcsrb.com\/drustvo\/vojnicima-koji-su-ucestvovali-u-gasenju-pozara-bice-isplacen-dodatak-na-zaradu\/#breadcrumb"},"inLanguage":"en-GB","potentialAction":[{"@type":"ReadAction","target":["https:\/\/dmcsrb.com\/drustvo\/vojnicima-koji-su-ucestvovali-u-gasenju-pozara-bice-isplacen-dodatak-na-zaradu\/"]}]},{"@type":"ImageObject","inLanguage":"en-GB","@id":"https:\/\/dmcsrb.com\/drustvo\/vojnicima-koji-su-ucestvovali-u-gasenju-pozara-bice-isplacen-dodatak-na-zaradu\/#primaryimage","url":"https:\/\/dmcsrb.com\/wp-content\/uploads\/2026\/01\/Krapovic-i-Becic-foto-vlada-cg.jpg","contentUrl":"https:\/\/dmcsrb.com\/wp-content\/uploads\/2026\/01\/Krapovic-i-Becic-foto-vlada-cg.jpg","width":1023,"height":667},{"@type":"BreadcrumbList","@id":"https:\/\/dmcsrb.com\/drustvo\/vojnicima-koji-su-ucestvovali-u-gasenju-pozara-bice-isplacen-dodatak-na-zaradu\/#breadcrumb","itemListElement":[{"@type":"ListItem","position":1,"name":"Home","item":"https:\/\/dmcsrb.com\/"},{"@type":"ListItem","position":2,"name":"Vojnicima koji su u\u010destvovali u ga\u0161enju po\u017eara bi\u0107e ispla\u0107en dodatak na zaradu"}]},{"@type":"WebSite","@id":"https:\/\/dmcsrb.com\/#website","url":"https:\/\/dmcsrb.com\/","name":"dmcsrb.com","description":"","potentialAction":[{"@type":"SearchAction","target":{"@type":"EntryPoint","urlTemplate":"https:\/\/dmcsrb.com\/?s={search_term_string}"},"query-input":{"@type":"PropertyValueSpecification","valueRequired":true,"valueName":"search_term_string"}}],"inLanguage":"en-GB"},{"@type":"Person","@id":"https:\/\/dmcsrb.com\/#\/schema\/person\/5c39170f12db1b8b457732d0b5c854e2","name":"dmcsrbija.com@gmail.com","image":{"@type":"ImageObject","inLanguage":"en-GB","@id":"https:\/\/dmcsrb.com\/#\/schema\/person\/image\/","url":"https:\/\/secure.gravatar.com\/avatar\/68592660ad6347fad0fb587f8d5d8f1a7b44961362f56e4f2cd524feb87e9069?s=96&d=mm&r=g","contentUrl":"https:\/\/secure.gravatar.com\/avatar\/68592660ad6347fad0fb587f8d5d8f1a7b44961362f56e4f2cd524feb87e9069?s=96&d=mm&r=g","caption":"dmcsrbija.com@gmail.com"},"sameAs":["https:\/\/dmcsrb.com"],"url":"https:\/\/dmcsrb.com\/en\/author\/dmcsrbija-comgmail-com\/"}]}},"_links":{"self":[{"href":"https:\/\/dmcsrb.com\/en\/wp-json\/wp\/v2\/posts\/915606","targetHints":{"allow":["GET"]}}],"collection":[{"href":"https:\/\/dmcsrb.com\/en\/wp-json\/wp\/v2\/posts"}],"about":[{"href":"https:\/\/dmcsrb.com\/en\/wp-json\/wp\/v2\/types\/post"}],"author":[{"embeddable":true,"href":"https:\/\/dmcsrb.com\/en\/wp-json\/wp\/v2\/users\/1"}],"replies":[{"embeddable":true,"href":"https:\/\/dmcsrb.com\/en\/wp-json\/wp\/v2\/comments?post=915606"}],"version-history":[{"count":0,"href":"https:\/\/dmcsrb.com\/en\/wp-json\/wp\/v2\/posts\/915606\/revisions"}],"wp:featuredmedia":[{"embeddable":true,"href":"https:\/\/dmcsrb.com\/en\/wp-json\/wp\/v2\/media\/915607"}],"wp:attachment":[{"href":"https:\/\/dmcsrb.com\/en\/wp-json\/wp\/v2\/media?parent=915606"}],"wp:term":[{"taxonomy":"category","embeddable":true,"href":"https:\/\/dmcsrb.com\/en\/wp-json\/wp\/v2\/categories?post=915606"},{"taxonomy":"post_tag","embeddable":true,"href":"https:\/\/dmcsrb.com\/en\/wp-json\/wp\/v2\/tags?post=915606"},{"taxonomy":"naslovna","embeddable":true,"href":"https:\/\/dmcsrb.com\/en\/wp-json\/wp\/v2\/naslovna?post=915606"}],"curies":[{"name":"wp","href":"https:\/\/api.w.org\/{rel}","templated":true}]}}