{"id":915599,"date":"2025-12-25T06:25:00","date_gmt":"2025-12-25T05:25:00","guid":{"rendered":"https:\/\/dmcsrb.com\/uncategorized\/borovinic-bojovic-postavljeni-temelji-za-odrziv-pravedan-i-moderan-razvoj-podgorice\/"},"modified":"2025-12-25T06:25:00","modified_gmt":"2025-12-25T05:25:00","slug":"borovinic-bojovic-postavljeni-temelji-za-odrziv-pravedan-i-moderan-razvoj-podgorice","status":"publish","type":"post","link":"https:\/\/dmcsrb.com\/en\/podgorica\/borovinic-bojovic-postavljeni-temelji-za-odrziv-pravedan-i-moderan-razvoj-podgorice\/","title":{"rendered":"Borovini\u0107 Bojovi\u0107: Postavljeni temelji za odr\u017eiv, pravedan i moderan razvoj Podgorice"},"content":{"rendered":"<p><\/p>\n\n\n\n<p><\/p>\n\n\n\n<p><\/p>\n\n\n\n<p>Navodi da sa ponosom mo\u017ee da ka\u017ee da je Skup\u0161tina Glavnog grada na ju\u010dera\u0161njoj sjednici donijela odluke od istorijskog zna\u010daja za Podgoricu.<\/p>\n\n\n\n<p>&#8220;Ovo nisu samo brojke i dokumenti. Ovo je jasna poruka da znamo kuda idemo i da smo spremni da taj put vodimo odgovorno, u interesu svih gra\u0111anki i gra\u0111ana Podgorice. Bud\u017eet i strategija razvoja su izraz zajedni\u010dke vizije \u2013 da Podgorica bude grad jednakih \u0161ansi, sna\u017ene ekonomije, razvijene infrastrukture i visokog kvaliteta \u017eivota&#8221; kazala je Borovini\u0107 Bojovi\u0107.<\/p>\n\n\n\n<p>Zahvalila je odbornicima na konstruktivnom radu i osje\u0107aju odgovornosti prema budu\u0107nosti Glavnog grada.<\/p>\n\n\n\n<p>&#8220;Posebnu zahvalnost dugujem stru\u010dnim slu\u017ebama i vrijednim ljudima koji su neumorno radili na bud\u017eetskim rje\u0161enjima. Vjerujem da \u0107emo, uz zajedni\u0161tvo i posve\u0107enost, ove odluke pretvoriti u konkretne rezultate koji \u0107e Podgoricu u\u010diniti jo\u0161 boljim mjestom za \u017eivot&#8221;, istakla je predsjednica lokalnog parlamenta. <\/p>\n\n\n\n<p><\/p>","protected":false},"excerpt":{"rendered":"<p>Usvajanjem bud\u017eeta za 2026. godinu u iznosu od 164,2 miliona eura \u2013 najve\u0107eg u istoriji Glavnog grada, kao i Strate\u0161kog plana razvoja Podgorice za period 2026\u20132031, postavili smo \u010dvrste temelje za odr\u017eiv, pravedan i moderan razvoj na\u0161eg grada, poru\u010dila je predsjednica Skup\u0161tine Glavnog grada, Jelena Borovini\u0107 Bojovi\u0107.<\/p>","protected":false},"author":1,"featured_media":910735,"comment_status":"open","ping_status":"open","sticky":false,"template":"","format":"standard","meta":{"_acf_changed":false,"footnotes":""},"categories":[56],"tags":[574,1318],"naslovna":[],"class_list":["post-915599","post","type-post","status-publish","format-standard","has-post-thumbnail","hentry","category-podgorica","tag-jelena-borovinic-bojovic","tag-skupstina-glavnog-grada"],"acf":[],"yoast_head":"<!-- This site is optimized with the Yoast SEO plugin v27.4 - https:\/\/yoast.com\/product\/yoast-seo-wordpress\/ -->\n<title>Borovini\u0107 Bojovi\u0107: Postavljeni temelji za odr\u017eiv, pravedan i moderan razvoj Podgorice - dmcsrb.com<\/title>\n<meta name=\"robots\" content=\"index, follow, max-snippet:-1, max-image-preview:large, max-video-preview:-1\" \/>\n<link rel=\"canonical\" href=\"https:\/\/dmcsrb.com\/en\/podgorica\/borovinic-bojovic-postavljeni-temelji-za-odrziv-pravedan-i-moderan-razvoj-podgorice\/\" \/>\n<meta property=\"og:locale\" content=\"en_GB\" \/>\n<meta property=\"og:type\" content=\"article\" \/>\n<meta property=\"og:title\" content=\"Borovini\u0107 Bojovi\u0107: Postavljeni temelji za odr\u017eiv, pravedan i moderan razvoj Podgorice - dmcsrb.com\" \/>\n<meta property=\"og:description\" content=\"Usvajanjem bud\u017eeta za 2026. godinu u iznosu od 164,2 miliona eura \u2013 najve\u0107eg u istoriji Glavnog grada, kao i Strate\u0161kog plana razvoja Podgorice za period 2026\u20132031, postavili smo \u010dvrste temelje za odr\u017eiv, pravedan i moderan razvoj na\u0161eg grada, poru\u010dila je predsjednica Skup\u0161tine Glavnog grada, Jelena Borovini\u0107 Bojovi\u0107.\" \/>\n<meta property=\"og:url\" content=\"https:\/\/dmcsrb.com\/en\/podgorica\/borovinic-bojovic-postavljeni-temelji-za-odrziv-pravedan-i-moderan-razvoj-podgorice\/\" \/>\n<meta property=\"og:site_name\" content=\"dmcsrb.com\" \/>\n<meta property=\"article:published_time\" content=\"2025-12-25T05:25:00+00:00\" \/>\n<meta property=\"og:image\" content=\"https:\/\/dmcsrb.com\/wp-content\/uploads\/2026\/01\/Jelena-Borovinic-Bojovic.jpg\" \/>\n\t<meta property=\"og:image:width\" content=\"1024\" \/>\n\t<meta property=\"og:image:height\" content=\"704\" \/>\n\t<meta property=\"og:image:type\" content=\"image\/jpeg\" \/>\n<meta name=\"author\" content=\"dmcsrbija.com@gmail.com\" \/>\n<meta name=\"twitter:card\" content=\"summary_large_image\" \/>\n<meta name=\"twitter:label1\" content=\"Written by\" \/>\n\t<meta name=\"twitter:data1\" content=\"dmcsrbija.com@gmail.com\" \/>\n\t<meta name=\"twitter:label2\" content=\"Estimated reading time\" \/>\n\t<meta name=\"twitter:data2\" content=\"1 minute\" \/>\n<script type=\"application\/ld+json\" class=\"yoast-schema-graph\">{\"@context\":\"https:\\\/\\\/schema.org\",\"@graph\":[{\"@type\":\"Article\",\"@id\":\"https:\\\/\\\/dmcsrb.com\\\/podgorica\\\/borovinic-bojovic-postavljeni-temelji-za-odrziv-pravedan-i-moderan-razvoj-podgorice\\\/#article\",\"isPartOf\":{\"@id\":\"https:\\\/\\\/dmcsrb.com\\\/podgorica\\\/borovinic-bojovic-postavljeni-temelji-za-odrziv-pravedan-i-moderan-razvoj-podgorice\\\/\"},\"author\":{\"name\":\"dmcsrbija.com@gmail.com\",\"@id\":\"https:\\\/\\\/dmcsrb.com\\\/#\\\/schema\\\/person\\\/5c39170f12db1b8b457732d0b5c854e2\"},\"headline\":\"Borovini\u0107 Bojovi\u0107: Postavljeni temelji za odr\u017eiv, pravedan i moderan razvoj Podgorice\",\"datePublished\":\"2025-12-25T05:25:00+00:00\",\"mainEntityOfPage\":{\"@id\":\"https:\\\/\\\/dmcsrb.com\\\/podgorica\\\/borovinic-bojovic-postavljeni-temelji-za-odrziv-pravedan-i-moderan-razvoj-podgorice\\\/\"},\"wordCount\":165,\"commentCount\":0,\"image\":{\"@id\":\"https:\\\/\\\/dmcsrb.com\\\/podgorica\\\/borovinic-bojovic-postavljeni-temelji-za-odrziv-pravedan-i-moderan-razvoj-podgorice\\\/#primaryimage\"},\"thumbnailUrl\":\"https:\\\/\\\/dmcsrb.com\\\/wp-content\\\/uploads\\\/2026\\\/01\\\/Jelena-Borovinic-Bojovic.jpg\",\"keywords\":[\"Jelena Borovini\u0107 Bojovi\u0107\",\"Skup\u0161tina Glavnog grada\"],\"articleSection\":[\"Podgorica\"],\"inLanguage\":\"en-GB\",\"potentialAction\":[{\"@type\":\"CommentAction\",\"name\":\"Comment\",\"target\":[\"https:\\\/\\\/dmcsrb.com\\\/podgorica\\\/borovinic-bojovic-postavljeni-temelji-za-odrziv-pravedan-i-moderan-razvoj-podgorice\\\/#respond\"]}]},{\"@type\":\"WebPage\",\"@id\":\"https:\\\/\\\/dmcsrb.com\\\/podgorica\\\/borovinic-bojovic-postavljeni-temelji-za-odrziv-pravedan-i-moderan-razvoj-podgorice\\\/\",\"url\":\"https:\\\/\\\/dmcsrb.com\\\/podgorica\\\/borovinic-bojovic-postavljeni-temelji-za-odrziv-pravedan-i-moderan-razvoj-podgorice\\\/\",\"name\":\"Borovini\u0107 Bojovi\u0107: Postavljeni temelji za odr\u017eiv, pravedan i moderan razvoj Podgorice - dmcsrb.com\",\"isPartOf\":{\"@id\":\"https:\\\/\\\/dmcsrb.com\\\/#website\"},\"primaryImageOfPage\":{\"@id\":\"https:\\\/\\\/dmcsrb.com\\\/podgorica\\\/borovinic-bojovic-postavljeni-temelji-za-odrziv-pravedan-i-moderan-razvoj-podgorice\\\/#primaryimage\"},\"image\":{\"@id\":\"https:\\\/\\\/dmcsrb.com\\\/podgorica\\\/borovinic-bojovic-postavljeni-temelji-za-odrziv-pravedan-i-moderan-razvoj-podgorice\\\/#primaryimage\"},\"thumbnailUrl\":\"https:\\\/\\\/dmcsrb.com\\\/wp-content\\\/uploads\\\/2026\\\/01\\\/Jelena-Borovinic-Bojovic.jpg\",\"datePublished\":\"2025-12-25T05:25:00+00:00\",\"author\":{\"@id\":\"https:\\\/\\\/dmcsrb.com\\\/#\\\/schema\\\/person\\\/5c39170f12db1b8b457732d0b5c854e2\"},\"breadcrumb\":{\"@id\":\"https:\\\/\\\/dmcsrb.com\\\/podgorica\\\/borovinic-bojovic-postavljeni-temelji-za-odrziv-pravedan-i-moderan-razvoj-podgorice\\\/#breadcrumb\"},\"inLanguage\":\"en-GB\",\"potentialAction\":[{\"@type\":\"ReadAction\",\"target\":[\"https:\\\/\\\/dmcsrb.com\\\/podgorica\\\/borovinic-bojovic-postavljeni-temelji-za-odrziv-pravedan-i-moderan-razvoj-podgorice\\\/\"]}]},{\"@type\":\"ImageObject\",\"inLanguage\":\"en-GB\",\"@id\":\"https:\\\/\\\/dmcsrb.com\\\/podgorica\\\/borovinic-bojovic-postavljeni-temelji-za-odrziv-pravedan-i-moderan-razvoj-podgorice\\\/#primaryimage\",\"url\":\"https:\\\/\\\/dmcsrb.com\\\/wp-content\\\/uploads\\\/2026\\\/01\\\/Jelena-Borovinic-Bojovic.jpg\",\"contentUrl\":\"https:\\\/\\\/dmcsrb.com\\\/wp-content\\\/uploads\\\/2026\\\/01\\\/Jelena-Borovinic-Bojovic.jpg\",\"width\":1024,\"height\":704},{\"@type\":\"BreadcrumbList\",\"@id\":\"https:\\\/\\\/dmcsrb.com\\\/podgorica\\\/borovinic-bojovic-postavljeni-temelji-za-odrziv-pravedan-i-moderan-razvoj-podgorice\\\/#breadcrumb\",\"itemListElement\":[{\"@type\":\"ListItem\",\"position\":1,\"name\":\"Home\",\"item\":\"https:\\\/\\\/dmcsrb.com\\\/\"},{\"@type\":\"ListItem\",\"position\":2,\"name\":\"Borovini\u0107 Bojovi\u0107: Postavljeni temelji za odr\u017eiv, pravedan i moderan razvoj Podgorice\"}]},{\"@type\":\"WebSite\",\"@id\":\"https:\\\/\\\/dmcsrb.com\\\/#website\",\"url\":\"https:\\\/\\\/dmcsrb.com\\\/\",\"name\":\"dmcsrb.com\",\"description\":\"\",\"potentialAction\":[{\"@type\":\"SearchAction\",\"target\":{\"@type\":\"EntryPoint\",\"urlTemplate\":\"https:\\\/\\\/dmcsrb.com\\\/?s={search_term_string}\"},\"query-input\":{\"@type\":\"PropertyValueSpecification\",\"valueRequired\":true,\"valueName\":\"search_term_string\"}}],\"inLanguage\":\"en-GB\"},{\"@type\":\"Person\",\"@id\":\"https:\\\/\\\/dmcsrb.com\\\/#\\\/schema\\\/person\\\/5c39170f12db1b8b457732d0b5c854e2\",\"name\":\"dmcsrbija.com@gmail.com\",\"image\":{\"@type\":\"ImageObject\",\"inLanguage\":\"en-GB\",\"@id\":\"https:\\\/\\\/secure.gravatar.com\\\/avatar\\\/68592660ad6347fad0fb587f8d5d8f1a7b44961362f56e4f2cd524feb87e9069?s=96&d=mm&r=g\",\"url\":\"https:\\\/\\\/secure.gravatar.com\\\/avatar\\\/68592660ad6347fad0fb587f8d5d8f1a7b44961362f56e4f2cd524feb87e9069?s=96&d=mm&r=g\",\"contentUrl\":\"https:\\\/\\\/secure.gravatar.com\\\/avatar\\\/68592660ad6347fad0fb587f8d5d8f1a7b44961362f56e4f2cd524feb87e9069?s=96&d=mm&r=g\",\"caption\":\"dmcsrbija.com@gmail.com\"},\"sameAs\":[\"https:\\\/\\\/dmcsrb.com\"],\"url\":\"https:\\\/\\\/dmcsrb.com\\\/en\\\/author\\\/dmcsrbija-comgmail-com\\\/\"}]}<\/script>\n<!-- \/ Yoast SEO plugin. -->","yoast_head_json":{"title":"Borovini\u0107 Bojovi\u0107: Postavljeni temelji za odr\u017eiv, pravedan i moderan razvoj Podgorice - dmcsrb.com","robots":{"index":"index","follow":"follow","max-snippet":"max-snippet:-1","max-image-preview":"max-image-preview:large","max-video-preview":"max-video-preview:-1"},"canonical":"https:\/\/dmcsrb.com\/en\/podgorica\/borovinic-bojovic-postavljeni-temelji-za-odrziv-pravedan-i-moderan-razvoj-podgorice\/","og_locale":"en_GB","og_type":"article","og_title":"Borovini\u0107 Bojovi\u0107: Postavljeni temelji za odr\u017eiv, pravedan i moderan razvoj Podgorice - dmcsrb.com","og_description":"Usvajanjem bud\u017eeta za 2026. godinu u iznosu od 164,2 miliona eura \u2013 najve\u0107eg u istoriji Glavnog grada, kao i Strate\u0161kog plana razvoja Podgorice za period 2026\u20132031, postavili smo \u010dvrste temelje za odr\u017eiv, pravedan i moderan razvoj na\u0161eg grada, poru\u010dila je predsjednica Skup\u0161tine Glavnog grada, Jelena Borovini\u0107 Bojovi\u0107.","og_url":"https:\/\/dmcsrb.com\/en\/podgorica\/borovinic-bojovic-postavljeni-temelji-za-odrziv-pravedan-i-moderan-razvoj-podgorice\/","og_site_name":"dmcsrb.com","article_published_time":"2025-12-25T05:25:00+00:00","og_image":[{"width":1024,"height":704,"url":"https:\/\/dmcsrb.com\/wp-content\/uploads\/2026\/01\/Jelena-Borovinic-Bojovic.jpg","type":"image\/jpeg"}],"author":"dmcsrbija.com@gmail.com","twitter_card":"summary_large_image","twitter_misc":{"Written by":"dmcsrbija.com@gmail.com","Estimated reading time":"1 minute"},"schema":{"@context":"https:\/\/schema.org","@graph":[{"@type":"Article","@id":"https:\/\/dmcsrb.com\/podgorica\/borovinic-bojovic-postavljeni-temelji-za-odrziv-pravedan-i-moderan-razvoj-podgorice\/#article","isPartOf":{"@id":"https:\/\/dmcsrb.com\/podgorica\/borovinic-bojovic-postavljeni-temelji-za-odrziv-pravedan-i-moderan-razvoj-podgorice\/"},"author":{"name":"dmcsrbija.com@gmail.com","@id":"https:\/\/dmcsrb.com\/#\/schema\/person\/5c39170f12db1b8b457732d0b5c854e2"},"headline":"Borovini\u0107 Bojovi\u0107: Postavljeni temelji za odr\u017eiv, pravedan i moderan razvoj Podgorice","datePublished":"2025-12-25T05:25:00+00:00","mainEntityOfPage":{"@id":"https:\/\/dmcsrb.com\/podgorica\/borovinic-bojovic-postavljeni-temelji-za-odrziv-pravedan-i-moderan-razvoj-podgorice\/"},"wordCount":165,"commentCount":0,"image":{"@id":"https:\/\/dmcsrb.com\/podgorica\/borovinic-bojovic-postavljeni-temelji-za-odrziv-pravedan-i-moderan-razvoj-podgorice\/#primaryimage"},"thumbnailUrl":"https:\/\/dmcsrb.com\/wp-content\/uploads\/2026\/01\/Jelena-Borovinic-Bojovic.jpg","keywords":["Jelena Borovini\u0107 Bojovi\u0107","Skup\u0161tina Glavnog grada"],"articleSection":["Podgorica"],"inLanguage":"en-GB","potentialAction":[{"@type":"CommentAction","name":"Comment","target":["https:\/\/dmcsrb.com\/podgorica\/borovinic-bojovic-postavljeni-temelji-za-odrziv-pravedan-i-moderan-razvoj-podgorice\/#respond"]}]},{"@type":"WebPage","@id":"https:\/\/dmcsrb.com\/podgorica\/borovinic-bojovic-postavljeni-temelji-za-odrziv-pravedan-i-moderan-razvoj-podgorice\/","url":"https:\/\/dmcsrb.com\/podgorica\/borovinic-bojovic-postavljeni-temelji-za-odrziv-pravedan-i-moderan-razvoj-podgorice\/","name":"Borovini\u0107 Bojovi\u0107: Postavljeni temelji za odr\u017eiv, pravedan i moderan razvoj Podgorice - dmcsrb.com","isPartOf":{"@id":"https:\/\/dmcsrb.com\/#website"},"primaryImageOfPage":{"@id":"https:\/\/dmcsrb.com\/podgorica\/borovinic-bojovic-postavljeni-temelji-za-odrziv-pravedan-i-moderan-razvoj-podgorice\/#primaryimage"},"image":{"@id":"https:\/\/dmcsrb.com\/podgorica\/borovinic-bojovic-postavljeni-temelji-za-odrziv-pravedan-i-moderan-razvoj-podgorice\/#primaryimage"},"thumbnailUrl":"https:\/\/dmcsrb.com\/wp-content\/uploads\/2026\/01\/Jelena-Borovinic-Bojovic.jpg","datePublished":"2025-12-25T05:25:00+00:00","author":{"@id":"https:\/\/dmcsrb.com\/#\/schema\/person\/5c39170f12db1b8b457732d0b5c854e2"},"breadcrumb":{"@id":"https:\/\/dmcsrb.com\/podgorica\/borovinic-bojovic-postavljeni-temelji-za-odrziv-pravedan-i-moderan-razvoj-podgorice\/#breadcrumb"},"inLanguage":"en-GB","potentialAction":[{"@type":"ReadAction","target":["https:\/\/dmcsrb.com\/podgorica\/borovinic-bojovic-postavljeni-temelji-za-odrziv-pravedan-i-moderan-razvoj-podgorice\/"]}]},{"@type":"ImageObject","inLanguage":"en-GB","@id":"https:\/\/dmcsrb.com\/podgorica\/borovinic-bojovic-postavljeni-temelji-za-odrziv-pravedan-i-moderan-razvoj-podgorice\/#primaryimage","url":"https:\/\/dmcsrb.com\/wp-content\/uploads\/2026\/01\/Jelena-Borovinic-Bojovic.jpg","contentUrl":"https:\/\/dmcsrb.com\/wp-content\/uploads\/2026\/01\/Jelena-Borovinic-Bojovic.jpg","width":1024,"height":704},{"@type":"BreadcrumbList","@id":"https:\/\/dmcsrb.com\/podgorica\/borovinic-bojovic-postavljeni-temelji-za-odrziv-pravedan-i-moderan-razvoj-podgorice\/#breadcrumb","itemListElement":[{"@type":"ListItem","position":1,"name":"Home","item":"https:\/\/dmcsrb.com\/"},{"@type":"ListItem","position":2,"name":"Borovini\u0107 Bojovi\u0107: Postavljeni temelji za odr\u017eiv, pravedan i moderan razvoj Podgorice"}]},{"@type":"WebSite","@id":"https:\/\/dmcsrb.com\/#website","url":"https:\/\/dmcsrb.com\/","name":"dmcsrb.com","description":"","potentialAction":[{"@type":"SearchAction","target":{"@type":"EntryPoint","urlTemplate":"https:\/\/dmcsrb.com\/?s={search_term_string}"},"query-input":{"@type":"PropertyValueSpecification","valueRequired":true,"valueName":"search_term_string"}}],"inLanguage":"en-GB"},{"@type":"Person","@id":"https:\/\/dmcsrb.com\/#\/schema\/person\/5c39170f12db1b8b457732d0b5c854e2","name":"dmcsrbija.com@gmail.com","image":{"@type":"ImageObject","inLanguage":"en-GB","@id":"https:\/\/secure.gravatar.com\/avatar\/68592660ad6347fad0fb587f8d5d8f1a7b44961362f56e4f2cd524feb87e9069?s=96&d=mm&r=g","url":"https:\/\/secure.gravatar.com\/avatar\/68592660ad6347fad0fb587f8d5d8f1a7b44961362f56e4f2cd524feb87e9069?s=96&d=mm&r=g","contentUrl":"https:\/\/secure.gravatar.com\/avatar\/68592660ad6347fad0fb587f8d5d8f1a7b44961362f56e4f2cd524feb87e9069?s=96&d=mm&r=g","caption":"dmcsrbija.com@gmail.com"},"sameAs":["https:\/\/dmcsrb.com"],"url":"https:\/\/dmcsrb.com\/en\/author\/dmcsrbija-comgmail-com\/"}]}},"_links":{"self":[{"href":"https:\/\/dmcsrb.com\/en\/wp-json\/wp\/v2\/posts\/915599","targetHints":{"allow":["GET"]}}],"collection":[{"href":"https:\/\/dmcsrb.com\/en\/wp-json\/wp\/v2\/posts"}],"about":[{"href":"https:\/\/dmcsrb.com\/en\/wp-json\/wp\/v2\/types\/post"}],"author":[{"embeddable":true,"href":"https:\/\/dmcsrb.com\/en\/wp-json\/wp\/v2\/users\/1"}],"replies":[{"embeddable":true,"href":"https:\/\/dmcsrb.com\/en\/wp-json\/wp\/v2\/comments?post=915599"}],"version-history":[{"count":0,"href":"https:\/\/dmcsrb.com\/en\/wp-json\/wp\/v2\/posts\/915599\/revisions"}],"wp:featuredmedia":[{"embeddable":true,"href":"https:\/\/dmcsrb.com\/en\/wp-json\/wp\/v2\/media\/910735"}],"wp:attachment":[{"href":"https:\/\/dmcsrb.com\/en\/wp-json\/wp\/v2\/media?parent=915599"}],"wp:term":[{"taxonomy":"category","embeddable":true,"href":"https:\/\/dmcsrb.com\/en\/wp-json\/wp\/v2\/categories?post=915599"},{"taxonomy":"post_tag","embeddable":true,"href":"https:\/\/dmcsrb.com\/en\/wp-json\/wp\/v2\/tags?post=915599"},{"taxonomy":"naslovna","embeddable":true,"href":"https:\/\/dmcsrb.com\/en\/wp-json\/wp\/v2\/naslovna?post=915599"}],"curies":[{"name":"wp","href":"https:\/\/api.w.org\/{rel}","templated":true}]}}