{"id":915578,"date":"2025-12-24T19:44:00","date_gmt":"2025-12-24T18:44:00","guid":{"rendered":"https:\/\/dmcsrb.com\/uncategorized\/muska-u18-reprezentacija-pocela-pripreme-za-evropske-kvalifikacije\/"},"modified":"2025-12-24T19:44:00","modified_gmt":"2025-12-24T18:44:00","slug":"muska-u18-reprezentacija-pocela-pripreme-za-evropske-kvalifikacije","status":"publish","type":"post","link":"https:\/\/dmcsrb.com\/en\/sport\/muska-u18-reprezentacija-pocela-pripreme-za-evropske-kvalifikacije\/","title":{"rendered":"Mu\u0161ka U18 reprezentacija po\u010dela pripreme za evropske kvalifikacije"},"content":{"rendered":"<p>Tokom treninga selektor\u00a0<strong>Miljan Bo\u0161kovi\u0107<\/strong>\u00a0na raspolaganju \u0107e imati 15 igra\u010da \u2013 tehni\u010dare:\u00a0<strong>Luku Milo\u0161evi\u0107a<\/strong>\u00a0i\u00a0<strong>Aleksu Kova\u010devi\u0107a<\/strong>\u00a0(Budu\u0107nost Volley); prima\u010de servisa i korektore:\u00a0<strong>Vuka Stanojevi\u0107a<\/strong>,\u00a0<strong>Filipa Milosavljevi\u0107a<\/strong>\u00a0(Budva),\u00a0<strong>Aleksu Radi\u0107a<\/strong>,\u00a0<strong>Filipa Radi\u0107a<\/strong>\u00a0(Budu\u0107nost Volley),\u00a0<strong>Mihajla Grupkovi\u0107a<\/strong>,\u00a0<strong>Vasilija Bo\u017eovi\u0107a<\/strong>,\u00a0<strong>Vuka Ojdani\u0107a<\/strong>\u00a0(Mornar) i\u00a0<strong>Pavla Kne\u017eevi\u0107a<\/strong>\u00a0(Jedinstvo); srednje blokere:\u00a0<strong>Vukotu \u010celebi\u0107a<\/strong>\u00a0(Budva),\u00a0<strong>Vasilija Obradovi\u0107a<\/strong>\u00a0(Ulcinj) i\u00a0<strong>Andreja Mila\u0161inovi\u0107a<\/strong>\u00a0(Mornar) i libera:\u00a0<strong>Mirzu Mujovi\u0107a<\/strong>\u00a0(Jedinstvo) i\u00a0<strong>Ognjena Marstrijepovi\u0107a<\/strong>\u00a0(Mornar).<\/p>\n\n\n\n<blockquote class=\"wp-block-quote is-layout-flow wp-block-quote-is-layout-flow\">\n<p><strong>\u201cOkupili smo se u lijepom broju i kre\u0107emo u akciju kod ku\u0107e. Stvarno nas o\u010dekuju lijepa de\u0161avanja od 3. do 7. januara, za \u0161ta \u0107emo trenirati tokom predstoje\u0107ih 10 dana, tokom kojih \u0107emo se maksimalno spremiti i fokusirati da \u0161to bolje do\u010dekamo kvalifikacije za Evropsko prvenstvo. Dugo smo zajedno, dosta smo ulo\u017eili u ovu djecu, treba da nastavimo tako i vjerujem da \u0107e se sve na kraju isplatiti\u201c<\/strong>, kazao je selektor&nbsp;<strong>Bo\u0161kovi\u0107<\/strong>&nbsp;i dodao da selekciju o\u010dekuju dvije test utakmice prije po\u010detka turnira.<\/p>\n<\/blockquote>\n\n\n\n<figure class=\"wp-block-embed is-type-video is-provider-youtube wp-block-embed-youtube wp-embed-aspect-16-9 wp-has-aspect-ratio\"><div class=\"wp-block-embed__wrapper\">\n<iframe loading=\"lazy\" title=\"Selektor U18 mu\u0161ke reprezentacije Miljan Bo\u0161kovi\u0107 uo\u010di po\u010detka priprema za kvalifikacije za EP\" width=\"500\" height=\"281\" src=\"https:\/\/www.youtube.com\/embed\/4mvRsZ7LuW0?feature=oembed\" frameborder=\"0\" allow=\"accelerometer; autoplay; clipboard-write; encrypted-media; gyroscope; picture-in-picture; web-share\" referrerpolicy=\"strict-origin-when-cross-origin\" allowfullscreen><\/iframe>\n<\/div><\/figure>\n\n\n\n<blockquote class=\"wp-block-quote is-layout-flow wp-block-quote-is-layout-flow\">\n<p><strong>\u201eOve sedmice \u0107emo odigrati jednu utakmicu protiv ekipe Budu\u0107nosti, a 31. decembra nas o\u010dekuje jo\u0161 jedna pripremna utakmica protiv reprezentacije Srbije, \u010dime \u0107e biti zaklju\u010den prvi dio priprema, nakon \u010dega \u0107emo se fokusirati na skauting protivnika koji nas o\u010dekuju.\u201c<\/strong><\/p>\n<\/blockquote>\n\n\n\n<p>Ekipa \u0107e zajedno provesti novogodi\u0161nje i bo\u017ei\u0107ne praznike, \u0161to je jo\u0161 jedan na\u010din da se igra\u010di koji od odbojka\u0161kih po\u010detaka dijele teren dodatno pove\u017eu.<\/p>\n\n\n\n<p><strong>\u201eOvdje smo kao porodica, tako \u0107emo do\u010dekati Novu godinu i bo\u017ei\u0107ne praznike. Igra\u010di su danas na sastanku prihvatili sve to kako treba i svjesni su da za ovo \u017eivimo i da za grb koji nosimo vrijedi sve izgurati\u201c,\u00a0<\/strong>zaklju\u010dio je\u00a0<strong>Bo\u0161kovi\u0107.<\/strong><\/p>\n\n\n\n<p>U stru\u010dnom \u0161tabu selektora Bo\u0161kovi\u0107a su: pomo\u0107ni trener&nbsp;<strong>Miodrag Jeli\u0107<\/strong>, kondicioni trener&nbsp;<strong>Milan \u010cutovi\u0107<\/strong>, statisti\u010dar&nbsp;<strong>Ismet Istrefi<\/strong>&nbsp;i psiholog&nbsp;<strong>Nikola Miju\u0161kovi\u0107<\/strong>.<\/p>\n\n\n\n<p>Selekciju su po dolasku u hotel \u201eVOCO\u201c pozdravili predsjednik Odbojka\u0161kog saveza Crne Gore (OSCG)&nbsp;<strong>Nikola Ka\u017ei\u0107<\/strong>&nbsp;i direktor mu\u0161kih selekcija u OSCG&nbsp;<strong>Ivan Je\u010dmenica<\/strong>, koji su talentovanom timu i stru\u010dnom \u0161tabu po\u017eeljeli uspje\u0161an rad i sre\u0107u na turniru.<\/p>\n\n\n\n<p>Po\u010dev od 3. januara, Crnu Goru \u010dekaju me\u010devi u grupi, svaki od 18 sati, redom sa Turskom, Kosovom i Rumunijom, a u drugoj grupi su selekcije Srbije, Bugarske i Gr\u010dke. Po dvije najbolje reprezentacije iz grupa igra\u0107e u polufinalu, u utorak, 6. januara, kada je na programu i me\u010d za peto mjesto, a utakmica za tre\u0107u poziciju i finale igraju se 7. januara.<\/p>\n\n\n\n<p>Samo pobjednik turnira obezbijedi\u0107e direktan plasman na Evropsko prvenstvo, koje \u0107e se odr\u017eati od 7. do 18. jula 2026. godine u Italiji, a naredne \u010detiri najbolje rangirane selekcije sa BVA zonskog turnira obezbijedi\u0107e drugu rundu kvalifikacija, koja je planirana od 26. do 29. marta naredne godine.<\/p>\n\n\n\n<h3 class=\"wp-block-heading\">Raspored utakmica:<\/h3>\n\n\n\n<p><strong><em>SC \u201cVoco\u201d, Podgorica<\/em><\/strong><\/p>\n\n\n\n<p><em>Subota, 3. januar<\/em><\/p>\n\n\n\n<p>Srbija \u2013 Gr\u010dka (15.30)<\/p>\n\n\n\n<p><strong>Crna Gora \u2013 Turska (18h)<\/strong><\/p>\n\n\n\n<p>Rumunija \u2013 Kosovo (20.30h)<\/p>\n\n\n\n<p><em>Nedjelja, 4. januar<\/em><\/p>\n\n\n\n<p>Gr\u010dka \u2013 Bugarska (15.30h)<\/p>\n\n\n\n<p><strong>Crna Gora \u2013 Kosovo (18h)<\/strong><\/p>\n\n\n\n<p>Turska \u2013 Rumunija (20.30h)<\/p>\n\n\n\n<p><em>Ponedjeljak, 5. januar<\/em><\/p>\n\n\n\n<p>Kosovo \u2013 Turska (15.30h)<\/p>\n\n\n\n<p><strong>Crna Gora \u2013 Rumunija (18h)<\/strong><\/p>\n\n\n\n<p>Bugrska \u2013 Srbija (20.30h)<\/p>\n\n\n\n<p><em>Utorak, 6. januar<\/em><\/p>\n\n\n\n<p>5 \u2013 6. mjesto: 3A \u2013&nbsp; 3B (15.30h)<\/p>\n\n\n\n<p>Polufinale 1: A1 \u2013 B2 (18h)<\/p>\n\n\n\n<p>Polufinale 2: B1- A2 (20.30h)<\/p>\n\n\n\n<p><em>Srijeda, 7. januar:<\/em><\/p>\n\n\n\n<p>Me\u010d za 3. mjesto (16h)<\/p>\n\n\n\n<p>Finale (19h)<\/p>","protected":false},"excerpt":{"rendered":"<p>Mu\u0161ka U18 odbojka\u0161ka reprezentacija okupila se u Podgorici, u hotelu \u201eVOCO\u201c i startovala sa pripremama za prvu rundu zonskih kvalifikacija za Evropsko prvenstvo 2026, koja \u0107e se odr\u017eati u na\u0161em glavnom gradu od 3. do 7. januara.<\/p>","protected":false},"author":1,"featured_media":915579,"comment_status":"open","ping_status":"open","sticky":false,"template":"","format":"standard","meta":{"_acf_changed":false,"footnotes":""},"categories":[148],"tags":[4385,1903,4386,3835],"naslovna":[],"class_list":["post-915578","post","type-post","status-publish","format-standard","has-post-thumbnail","hentry","category-sport","tag-kvalifikacije-za-ep","tag-miljan-boskovic","tag-muska-u18-odbojkaska-reprezentacija-crne-gore","tag-spisak"],"acf":[],"yoast_head":"<!-- This site is optimized with the Yoast SEO plugin v27.0 - https:\/\/yoast.com\/product\/yoast-seo-wordpress\/ -->\n<title>Mu\u0161ka U18 reprezentacija po\u010dela pripreme za evropske kvalifikacije - dmcsrb.com<\/title>\n<meta name=\"robots\" content=\"index, follow, max-snippet:-1, max-image-preview:large, max-video-preview:-1\" \/>\n<link rel=\"canonical\" href=\"https:\/\/dmcsrb.com\/en\/sport\/muska-u18-reprezentacija-pocela-pripreme-za-evropske-kvalifikacije\/\" \/>\n<meta property=\"og:locale\" content=\"en_GB\" \/>\n<meta property=\"og:type\" content=\"article\" \/>\n<meta property=\"og:title\" content=\"Mu\u0161ka U18 reprezentacija po\u010dela pripreme za evropske kvalifikacije - dmcsrb.com\" \/>\n<meta property=\"og:description\" content=\"Mu\u0161ka U18 odbojka\u0161ka reprezentacija okupila se u Podgorici, u hotelu \u201eVOCO\u201c i startovala sa pripremama za prvu rundu zonskih kvalifikacija za Evropsko prvenstvo 2026, koja \u0107e se odr\u017eati u na\u0161em glavnom gradu od 3. do 7. januara.\" \/>\n<meta property=\"og:url\" content=\"https:\/\/dmcsrb.com\/en\/sport\/muska-u18-reprezentacija-pocela-pripreme-za-evropske-kvalifikacije\/\" \/>\n<meta property=\"og:site_name\" content=\"dmcsrb.com\" \/>\n<meta property=\"article:published_time\" content=\"2025-12-24T18:44:00+00:00\" \/>\n<meta property=\"og:image\" content=\"https:\/\/dmcsrb.com\/wp-content\/uploads\/2026\/01\/U18-OSCG.jpg\" \/>\n\t<meta property=\"og:image:width\" content=\"2000\" \/>\n\t<meta property=\"og:image:height\" content=\"1066\" \/>\n\t<meta property=\"og:image:type\" content=\"image\/jpeg\" \/>\n<meta name=\"author\" content=\"dmcsrbija.com@gmail.com\" \/>\n<meta name=\"twitter:card\" content=\"summary_large_image\" \/>\n<meta name=\"twitter:label1\" content=\"Written by\" \/>\n\t<meta name=\"twitter:data1\" content=\"dmcsrbija.com@gmail.com\" \/>\n\t<meta name=\"twitter:label2\" content=\"Estimated reading time\" \/>\n\t<meta name=\"twitter:data2\" content=\"3 minutes\" \/>\n<script type=\"application\/ld+json\" class=\"yoast-schema-graph\">{\"@context\":\"https:\/\/schema.org\",\"@graph\":[{\"@type\":\"Article\",\"@id\":\"https:\/\/dmcsrb.com\/sport\/muska-u18-reprezentacija-pocela-pripreme-za-evropske-kvalifikacije\/#article\",\"isPartOf\":{\"@id\":\"https:\/\/dmcsrb.com\/sport\/muska-u18-reprezentacija-pocela-pripreme-za-evropske-kvalifikacije\/\"},\"author\":{\"name\":\"dmcsrbija.com@gmail.com\",\"@id\":\"https:\/\/dmcsrb.com\/#\/schema\/person\/5c39170f12db1b8b457732d0b5c854e2\"},\"headline\":\"Mu\u0161ka U18 reprezentacija po\u010dela pripreme za evropske kvalifikacije\",\"datePublished\":\"2025-12-24T18:44:00+00:00\",\"mainEntityOfPage\":{\"@id\":\"https:\/\/dmcsrb.com\/sport\/muska-u18-reprezentacija-pocela-pripreme-za-evropske-kvalifikacije\/\"},\"wordCount\":574,\"commentCount\":0,\"image\":{\"@id\":\"https:\/\/dmcsrb.com\/sport\/muska-u18-reprezentacija-pocela-pripreme-za-evropske-kvalifikacije\/#primaryimage\"},\"thumbnailUrl\":\"https:\/\/dmcsrb.com\/wp-content\/uploads\/2026\/01\/U18-OSCG.jpg\",\"keywords\":[\"kvalifikacije za EP\",\"Miljan Bo\u0161kovi\u0107\",\"Mu\u0161ka U18 odbojka\u0161ka reprezentacija Crne Gore\",\"spisak\"],\"articleSection\":[\"Sport\"],\"inLanguage\":\"en-GB\",\"potentialAction\":[{\"@type\":\"CommentAction\",\"name\":\"Comment\",\"target\":[\"https:\/\/dmcsrb.com\/sport\/muska-u18-reprezentacija-pocela-pripreme-za-evropske-kvalifikacije\/#respond\"]}]},{\"@type\":\"WebPage\",\"@id\":\"https:\/\/dmcsrb.com\/sport\/muska-u18-reprezentacija-pocela-pripreme-za-evropske-kvalifikacije\/\",\"url\":\"https:\/\/dmcsrb.com\/sport\/muska-u18-reprezentacija-pocela-pripreme-za-evropske-kvalifikacije\/\",\"name\":\"Mu\u0161ka U18 reprezentacija po\u010dela pripreme za evropske kvalifikacije - dmcsrb.com\",\"isPartOf\":{\"@id\":\"https:\/\/dmcsrb.com\/#website\"},\"primaryImageOfPage\":{\"@id\":\"https:\/\/dmcsrb.com\/sport\/muska-u18-reprezentacija-pocela-pripreme-za-evropske-kvalifikacije\/#primaryimage\"},\"image\":{\"@id\":\"https:\/\/dmcsrb.com\/sport\/muska-u18-reprezentacija-pocela-pripreme-za-evropske-kvalifikacije\/#primaryimage\"},\"thumbnailUrl\":\"https:\/\/dmcsrb.com\/wp-content\/uploads\/2026\/01\/U18-OSCG.jpg\",\"datePublished\":\"2025-12-24T18:44:00+00:00\",\"author\":{\"@id\":\"https:\/\/dmcsrb.com\/#\/schema\/person\/5c39170f12db1b8b457732d0b5c854e2\"},\"breadcrumb\":{\"@id\":\"https:\/\/dmcsrb.com\/sport\/muska-u18-reprezentacija-pocela-pripreme-za-evropske-kvalifikacije\/#breadcrumb\"},\"inLanguage\":\"en-GB\",\"potentialAction\":[{\"@type\":\"ReadAction\",\"target\":[\"https:\/\/dmcsrb.com\/sport\/muska-u18-reprezentacija-pocela-pripreme-za-evropske-kvalifikacije\/\"]}]},{\"@type\":\"ImageObject\",\"inLanguage\":\"en-GB\",\"@id\":\"https:\/\/dmcsrb.com\/sport\/muska-u18-reprezentacija-pocela-pripreme-za-evropske-kvalifikacije\/#primaryimage\",\"url\":\"https:\/\/dmcsrb.com\/wp-content\/uploads\/2026\/01\/U18-OSCG.jpg\",\"contentUrl\":\"https:\/\/dmcsrb.com\/wp-content\/uploads\/2026\/01\/U18-OSCG.jpg\",\"width\":2000,\"height\":1066},{\"@type\":\"BreadcrumbList\",\"@id\":\"https:\/\/dmcsrb.com\/sport\/muska-u18-reprezentacija-pocela-pripreme-za-evropske-kvalifikacije\/#breadcrumb\",\"itemListElement\":[{\"@type\":\"ListItem\",\"position\":1,\"name\":\"Home\",\"item\":\"https:\/\/dmcsrb.com\/\"},{\"@type\":\"ListItem\",\"position\":2,\"name\":\"Mu\u0161ka U18 reprezentacija po\u010dela pripreme za evropske kvalifikacije\"}]},{\"@type\":\"WebSite\",\"@id\":\"https:\/\/dmcsrb.com\/#website\",\"url\":\"https:\/\/dmcsrb.com\/\",\"name\":\"dmcsrb.com\",\"description\":\"\",\"potentialAction\":[{\"@type\":\"SearchAction\",\"target\":{\"@type\":\"EntryPoint\",\"urlTemplate\":\"https:\/\/dmcsrb.com\/?s={search_term_string}\"},\"query-input\":{\"@type\":\"PropertyValueSpecification\",\"valueRequired\":true,\"valueName\":\"search_term_string\"}}],\"inLanguage\":\"en-GB\"},{\"@type\":\"Person\",\"@id\":\"https:\/\/dmcsrb.com\/#\/schema\/person\/5c39170f12db1b8b457732d0b5c854e2\",\"name\":\"dmcsrbija.com@gmail.com\",\"image\":{\"@type\":\"ImageObject\",\"inLanguage\":\"en-GB\",\"@id\":\"https:\/\/dmcsrb.com\/#\/schema\/person\/image\/\",\"url\":\"https:\/\/secure.gravatar.com\/avatar\/68592660ad6347fad0fb587f8d5d8f1a7b44961362f56e4f2cd524feb87e9069?s=96&d=mm&r=g\",\"contentUrl\":\"https:\/\/secure.gravatar.com\/avatar\/68592660ad6347fad0fb587f8d5d8f1a7b44961362f56e4f2cd524feb87e9069?s=96&d=mm&r=g\",\"caption\":\"dmcsrbija.com@gmail.com\"},\"sameAs\":[\"https:\/\/dmcsrb.com\"],\"url\":\"https:\/\/dmcsrb.com\/en\/author\/dmcsrbija-comgmail-com\/\"}]}<\/script>\n<!-- \/ Yoast SEO plugin. -->","yoast_head_json":{"title":"Mu\u0161ka U18 reprezentacija po\u010dela pripreme za evropske kvalifikacije - dmcsrb.com","robots":{"index":"index","follow":"follow","max-snippet":"max-snippet:-1","max-image-preview":"max-image-preview:large","max-video-preview":"max-video-preview:-1"},"canonical":"https:\/\/dmcsrb.com\/en\/sport\/muska-u18-reprezentacija-pocela-pripreme-za-evropske-kvalifikacije\/","og_locale":"en_GB","og_type":"article","og_title":"Mu\u0161ka U18 reprezentacija po\u010dela pripreme za evropske kvalifikacije - dmcsrb.com","og_description":"Mu\u0161ka U18 odbojka\u0161ka reprezentacija okupila se u Podgorici, u hotelu \u201eVOCO\u201c i startovala sa pripremama za prvu rundu zonskih kvalifikacija za Evropsko prvenstvo 2026, koja \u0107e se odr\u017eati u na\u0161em glavnom gradu od 3. do 7. januara.","og_url":"https:\/\/dmcsrb.com\/en\/sport\/muska-u18-reprezentacija-pocela-pripreme-za-evropske-kvalifikacije\/","og_site_name":"dmcsrb.com","article_published_time":"2025-12-24T18:44:00+00:00","og_image":[{"width":2000,"height":1066,"url":"https:\/\/dmcsrb.com\/wp-content\/uploads\/2026\/01\/U18-OSCG.jpg","type":"image\/jpeg"}],"author":"dmcsrbija.com@gmail.com","twitter_card":"summary_large_image","twitter_misc":{"Written by":"dmcsrbija.com@gmail.com","Estimated reading time":"3 minutes"},"schema":{"@context":"https:\/\/schema.org","@graph":[{"@type":"Article","@id":"https:\/\/dmcsrb.com\/sport\/muska-u18-reprezentacija-pocela-pripreme-za-evropske-kvalifikacije\/#article","isPartOf":{"@id":"https:\/\/dmcsrb.com\/sport\/muska-u18-reprezentacija-pocela-pripreme-za-evropske-kvalifikacije\/"},"author":{"name":"dmcsrbija.com@gmail.com","@id":"https:\/\/dmcsrb.com\/#\/schema\/person\/5c39170f12db1b8b457732d0b5c854e2"},"headline":"Mu\u0161ka U18 reprezentacija po\u010dela pripreme za evropske kvalifikacije","datePublished":"2025-12-24T18:44:00+00:00","mainEntityOfPage":{"@id":"https:\/\/dmcsrb.com\/sport\/muska-u18-reprezentacija-pocela-pripreme-za-evropske-kvalifikacije\/"},"wordCount":574,"commentCount":0,"image":{"@id":"https:\/\/dmcsrb.com\/sport\/muska-u18-reprezentacija-pocela-pripreme-za-evropske-kvalifikacije\/#primaryimage"},"thumbnailUrl":"https:\/\/dmcsrb.com\/wp-content\/uploads\/2026\/01\/U18-OSCG.jpg","keywords":["kvalifikacije za EP","Miljan Bo\u0161kovi\u0107","Mu\u0161ka U18 odbojka\u0161ka reprezentacija Crne Gore","spisak"],"articleSection":["Sport"],"inLanguage":"en-GB","potentialAction":[{"@type":"CommentAction","name":"Comment","target":["https:\/\/dmcsrb.com\/sport\/muska-u18-reprezentacija-pocela-pripreme-za-evropske-kvalifikacije\/#respond"]}]},{"@type":"WebPage","@id":"https:\/\/dmcsrb.com\/sport\/muska-u18-reprezentacija-pocela-pripreme-za-evropske-kvalifikacije\/","url":"https:\/\/dmcsrb.com\/sport\/muska-u18-reprezentacija-pocela-pripreme-za-evropske-kvalifikacije\/","name":"Mu\u0161ka U18 reprezentacija po\u010dela pripreme za evropske kvalifikacije - dmcsrb.com","isPartOf":{"@id":"https:\/\/dmcsrb.com\/#website"},"primaryImageOfPage":{"@id":"https:\/\/dmcsrb.com\/sport\/muska-u18-reprezentacija-pocela-pripreme-za-evropske-kvalifikacije\/#primaryimage"},"image":{"@id":"https:\/\/dmcsrb.com\/sport\/muska-u18-reprezentacija-pocela-pripreme-za-evropske-kvalifikacije\/#primaryimage"},"thumbnailUrl":"https:\/\/dmcsrb.com\/wp-content\/uploads\/2026\/01\/U18-OSCG.jpg","datePublished":"2025-12-24T18:44:00+00:00","author":{"@id":"https:\/\/dmcsrb.com\/#\/schema\/person\/5c39170f12db1b8b457732d0b5c854e2"},"breadcrumb":{"@id":"https:\/\/dmcsrb.com\/sport\/muska-u18-reprezentacija-pocela-pripreme-za-evropske-kvalifikacije\/#breadcrumb"},"inLanguage":"en-GB","potentialAction":[{"@type":"ReadAction","target":["https:\/\/dmcsrb.com\/sport\/muska-u18-reprezentacija-pocela-pripreme-za-evropske-kvalifikacije\/"]}]},{"@type":"ImageObject","inLanguage":"en-GB","@id":"https:\/\/dmcsrb.com\/sport\/muska-u18-reprezentacija-pocela-pripreme-za-evropske-kvalifikacije\/#primaryimage","url":"https:\/\/dmcsrb.com\/wp-content\/uploads\/2026\/01\/U18-OSCG.jpg","contentUrl":"https:\/\/dmcsrb.com\/wp-content\/uploads\/2026\/01\/U18-OSCG.jpg","width":2000,"height":1066},{"@type":"BreadcrumbList","@id":"https:\/\/dmcsrb.com\/sport\/muska-u18-reprezentacija-pocela-pripreme-za-evropske-kvalifikacije\/#breadcrumb","itemListElement":[{"@type":"ListItem","position":1,"name":"Home","item":"https:\/\/dmcsrb.com\/"},{"@type":"ListItem","position":2,"name":"Mu\u0161ka U18 reprezentacija po\u010dela pripreme za evropske kvalifikacije"}]},{"@type":"WebSite","@id":"https:\/\/dmcsrb.com\/#website","url":"https:\/\/dmcsrb.com\/","name":"dmcsrb.com","description":"","potentialAction":[{"@type":"SearchAction","target":{"@type":"EntryPoint","urlTemplate":"https:\/\/dmcsrb.com\/?s={search_term_string}"},"query-input":{"@type":"PropertyValueSpecification","valueRequired":true,"valueName":"search_term_string"}}],"inLanguage":"en-GB"},{"@type":"Person","@id":"https:\/\/dmcsrb.com\/#\/schema\/person\/5c39170f12db1b8b457732d0b5c854e2","name":"dmcsrbija.com@gmail.com","image":{"@type":"ImageObject","inLanguage":"en-GB","@id":"https:\/\/dmcsrb.com\/#\/schema\/person\/image\/","url":"https:\/\/secure.gravatar.com\/avatar\/68592660ad6347fad0fb587f8d5d8f1a7b44961362f56e4f2cd524feb87e9069?s=96&d=mm&r=g","contentUrl":"https:\/\/secure.gravatar.com\/avatar\/68592660ad6347fad0fb587f8d5d8f1a7b44961362f56e4f2cd524feb87e9069?s=96&d=mm&r=g","caption":"dmcsrbija.com@gmail.com"},"sameAs":["https:\/\/dmcsrb.com"],"url":"https:\/\/dmcsrb.com\/en\/author\/dmcsrbija-comgmail-com\/"}]}},"_links":{"self":[{"href":"https:\/\/dmcsrb.com\/en\/wp-json\/wp\/v2\/posts\/915578","targetHints":{"allow":["GET"]}}],"collection":[{"href":"https:\/\/dmcsrb.com\/en\/wp-json\/wp\/v2\/posts"}],"about":[{"href":"https:\/\/dmcsrb.com\/en\/wp-json\/wp\/v2\/types\/post"}],"author":[{"embeddable":true,"href":"https:\/\/dmcsrb.com\/en\/wp-json\/wp\/v2\/users\/1"}],"replies":[{"embeddable":true,"href":"https:\/\/dmcsrb.com\/en\/wp-json\/wp\/v2\/comments?post=915578"}],"version-history":[{"count":0,"href":"https:\/\/dmcsrb.com\/en\/wp-json\/wp\/v2\/posts\/915578\/revisions"}],"wp:featuredmedia":[{"embeddable":true,"href":"https:\/\/dmcsrb.com\/en\/wp-json\/wp\/v2\/media\/915579"}],"wp:attachment":[{"href":"https:\/\/dmcsrb.com\/en\/wp-json\/wp\/v2\/media?parent=915578"}],"wp:term":[{"taxonomy":"category","embeddable":true,"href":"https:\/\/dmcsrb.com\/en\/wp-json\/wp\/v2\/categories?post=915578"},{"taxonomy":"post_tag","embeddable":true,"href":"https:\/\/dmcsrb.com\/en\/wp-json\/wp\/v2\/tags?post=915578"},{"taxonomy":"naslovna","embeddable":true,"href":"https:\/\/dmcsrb.com\/en\/wp-json\/wp\/v2\/naslovna?post=915578"}],"curies":[{"name":"wp","href":"https:\/\/api.w.org\/{rel}","templated":true}]}}