{"id":915530,"date":"2025-12-24T16:02:59","date_gmt":"2025-12-24T15:02:59","guid":{"rendered":"https:\/\/dmcsrb.com\/uncategorized\/vukovic-ekonomija-ce-zadrzati-stabilan-rast-ostvarujuci-realan-rast-bdp-a-od-32-odsto\/"},"modified":"2025-12-24T16:02:59","modified_gmt":"2025-12-24T15:02:59","slug":"vukovic-ekonomija-ce-zadrzati-stabilan-rast-ostvarujuci-realan-rast-bdp-a-od-32-odsto","status":"publish","type":"post","link":"https:\/\/dmcsrb.com\/en\/politika\/vukovic-ekonomija-ce-zadrzati-stabilan-rast-ostvarujuci-realan-rast-bdp-a-od-32-odsto\/","title":{"rendered":"Vukovi\u0107: Ekonomija \u0107e zadr\u017eati stabilan rast, ostvaruju\u0107i realan rast BDP-a od 3,2 odsto"},"content":{"rendered":"<p><br><\/p>\n\n\n\n<p><br>Ministar finansija Novica Vukovi\u0107 kazao je u uvodnom izlaganju da se o\u010dekuje da \u0107e crnogorska ekonomija zadr\u017eati stabilan rast, ostvaruju\u0107i realan rast bruto doma\u0107eg proizvoda (BDP) od 3,2 odsto u narednoj godini.<\/p>\n\n\n\n<p>Prema njegovim rije\u010dima, dinamiku rasta ekonomije u srednjem roku prvenstveno \u0107e opredijeliti sna\u017ena doma\u0107a tra\u017enja sa privatnom potro\u0161njom i investicijama kao pokreta\u010dima privredne aktivnosti.<\/p>\n\n\n\n<p>\u201eNa osnovu projektovanih ukupnih izvornih prihoda bud\u017eeta, zajedno sa planiranim depozitima koji \u0107e biti prene\u0161eni iz ove godine, kao i planiranim projekcijama zadu\u017eenja, ukupni primici dr\u017eave projektovani su na nivou od 3,79 milijardi eura, koji se raspore\u0111uju na teku\u0107i bud\u017eet, rezervu, bud\u017eet dr\u017eavnih fondova, kapitalni bud\u017eet i transakcije, finansiranje izdataka\u201c, precizirao je Vukovi\u0107.<\/p>\n\n\n\n<p>On je naveo da su, u odnosu na Zakon o bud\u017eetu za ovu godinu, izdaci teku\u0107eg bud\u017eeta uve\u0107ani 100,1 milion eura, bud\u017eeta dr\u017eavnih fondova 99,1 milion, kapitalni bud\u017eet 25 miliona, dok su transakcije finansiranja umanjene 459,3 miliona i rezerva za 3,3 miliona eura.<\/p>\n\n\n\n<p>Najzna\u010dajnije izdvajanje odnosi se na oblast socijalnog staranja, javne finansije, zdravstvo, obrazovanje nauka i sport, javna bezbjednost i odbrana, saobra\u0107aj, poljoprvreda i \u0161umarstvo.<\/p>\n\n\n\n<p>\u201eUzimaju\u0107i u obzir o\u010dekivane prihode u narednoj godini, kao i planirane izdatke, o\u010dekuje se ostvarenje deficita bud\u017eetske potro\u0161nje u iznosu od 3,2 odsto BDP-a, odnosno 278 miliona eura, sa projektovanim trendom pada u srednjem roku u iznosu od 2,7 odsto u 2027. godini i 2,8 odsto BDP-a u 2028. godini\u201c, dodao je Vukovi\u0107.<\/p>\n\n\n\n<p>Novo zadu\u017eivanje se isklju\u010divo odnosi na servisiranje duga dr\u017eave i finansiranje kapitalnih izdataka, \u010dime se zadovoljava takozvano zlatno fiskalno pravilo.<\/p>\n\n\n\n<p>U narednoj godini se, kako je kazao, projektuje zadu\u017eivanje od 500 miliona eura za potrebe otplate pristiglog duga u iznosu od 384 miliona i finansiranje kapitalnih izdataka.<\/p>\n\n\n\n<p>Vukovi\u0107 je, govore\u0107i o Predlogu odluke o zadu\u017eivanju Crne Gore za narednu godinu, kazao da je njome definisan iznos sredstava koji je potrebno obezbijediti za otplatu duga i finansiranje kapitalnih izdataka, odnosno razvojnih infrastrukturnih projekata za narednu godinu, a koji iznose do 710 miliona eura.<\/p>\n\n\n\n<p>U narednoj godini za otplatu duga iz prethodnog perioda potrebno je obezbijediti oko 383,6 miliona eura.<\/p>\n\n\n\n<p>\u201eOstavljanje mogu\u0107nosti da se zadu\u017eimo jo\u0161 jednu milijardu eura ne zna\u010di da \u0107emo se i zadu\u017eiti, ve\u0107 stvaramo pravni odsnov da, ukoliko situacija na tr\u017ei\u0161tu bude povoljna, stvorimo depozite za naredni period u cilju rastere\u0107enja bud\u017eeta i pravovremenog obezbje\u0111ivanja velikih iznosa za otplate koje dospijevaju\u201c, objasnio je Vukovi\u0107.<\/p>\n\n\n\n<p><br>Predstavnik Kluba poslanika ZBCG &#8211; Nova srpska demokratija, Dejan \u0110urovi\u0107, kazao je da predlo\u017eeni bud\u017eet predstavlja jasan izraz opredijeljenosti dr\u017eave ka fiskalnoj stabilnosti, institucionalnoj odgovornosti i dugoro\u010dnom razvoju.<\/p>\n\n\n\n<p>\u201eBud\u017eetski okvir postavljen je sa ciljem da obezbijedi predvidivost javnih finansija i pouzdanost u izvr\u0161avanju klju\u010dnih obaveza prema gra\u0111anima, prije svega u pogledu redovne isplate zarada penzija i socijalnih davanja\u201c, rekao je \u0110urovi\u0107.<\/p>\n\n\n\n<p>Prema njegovim rije\u010dima, bud\u017eet za narednu godinu zasniva se na realnim makroekonomskih projekcijama i principima odgovornog planiranja i prihoda i rashoda.<\/p>\n\n\n\n<p>\u201eRazvojna komponenta bud\u017eeta ogleda se u sna\u017enoj orijentaciji ka kapitalnim ulaganjima i infrastrukturnim projektima koji imaju efekte umno\u017eavanja na privredni rast\u201c, dodao je \u0110urovi\u0107.<\/p>\n\n\n\n<p>Poslanik Pokreta Evropa sad (PES), Dra\u017een Petri\u0107, ocijenio je Crna Gora trenutno ima fiskalno odgovorne i odr\u017eive javne finansije i u najboljem su interesu gra\u0111ana.<\/p>\n\n\n\n<p>\u201eBud\u017eet je socijalno odgovoran i razvojni, koji ima zna\u010dajnu fiskalnu komponentu\u201c, ocijenio je Petri\u0107.<\/p>\n\n\n\n<p>On je naveo da stabilna situacija raspr\u0161uje sve one kritike koje smo slu\u0161ali u ovoj i prethodnim godinama o odlukama koje je PES donio, a ti\u010du se ve\u0107ih plata i penzija.<\/p>\n\n\n\n<p>\u201eSada se pokazuje da je to bilo odr\u017eivo rje\u0161enje i u interesu gra\u0111ana. Imamo suficit teku\u0107e potro\u0161nje da kada se izmire svi tro\u0161kovi, imamo u bud\u017eetu 95 miliona eura\u201c, rekao je Petri\u0107.<\/p>\n\n\n\n<p>On je, govore\u0107i o Fondu penzijskog i invalidskog osiguranja (PIO), kazao da slu\u0161amo pri\u010de kako je neodr\u017eiv, a penzije se uredno izmiruju.<\/p>\n\n\n\n<p>\u201eSlu\u0161ali smo i kada je finansiranje zdravstvenog sistema da tu imamo probleme, a vidimo da ljekova imamo dovoljno\u201c, dodao je Petri\u0107.<\/p>\n\n\n\n<p>Prema njegovim rije\u010dima, osim finansiranja penzija iz bud\u017eeta, on ima dodatnu socijalnu komponentu jer su izmireni brojni dugovi prema radnicima.<\/p>\n\n\n\n<p>Poslanik Demokratske partije socijalista (DPS), Danijel \u017divkovi\u0107, kazao je da pet godina traje politi\u010dka nestabilnost, koja je izazvala ekonomsku nestabilnost.<\/p>\n\n\n\n<p>\u201eImamo populizam koji razjeda crnogorsko dru\u0161tvo. Ne znam imate li vi snage u izvr\u0161noj vlasti da zaustavite taj populizam. Ali on \u0107e pojesti ekonomsku supstancu. Novca o kojem pri\u010damo da bi trebalo imati, nema\u201c, ocijenio je \u017divkovi\u0107.<\/p>\n\n\n\n<p>On je naveo da je prvo pokrenut jedan krug inflacije, pa se desio drugi.<\/p>\n\n\n\n<p>\u201eNesporno je da je do\u0161lo do pove\u0107anja plata i penzija, ali je pitanje da li gra\u0111anin mo\u017ee danas da kupi vi\u0161e nego onaj prije 2020. godine. Ukupnu inflaciju gra\u0111anin osje\u0107a na svojoj ko\u017ei. Svako \u0107e vam kazati da to \u0161to kupi danas u marketu, \u0161to je ko\u0161talo 50 eura 2020. godine, danas ko\u0161ta 100 ili 110 eura\u201c, kazao je \u017divkovi\u0107.<\/p>\n\n\n\n<p>Prema njegovim rije\u010dima, danas imamo narastaju\u0107u inflaciju zbog strukturnih problema kojima se ne bavimo.<\/p>\n\n\n\n<p>\u201eIz godine u godinu nema stranih direktnih investicija. Bez toga ne mo\u017eemo da uspostavimo odr\u017eiv ekonomski model. \u0160ta je dr\u017eava investirala u smislu novih projekata\u201c, pitao je \u017divkovi\u0107.<\/p>\n\n\n\n<p>On je dodao da ulazimo u \u0161estu godinu u kojoj nema nastavka druge dionice autoputa.<\/p>\n\n\n\n<p><br>Poslanik Socijaldemokrata (SD), Boris Mugo\u0161a, saop\u0161tio je da mu je degutantno da poslanici u parlamentu pri\u010daju gra\u0111anina je li im bolji standard ili ne, jer to oni najbolje znaju.<\/p>\n\n\n\n<p>\u201eGra\u0111ani se najvi\u0161e osvr\u0107u na cijene, kad pogledate rast BDP-a. Ako pogledate strukturu tog rasta preko 60 odsto su efekti inflacije. Na\u0161a ekonomija raste ali se ne razvija i drasti\u010dno rastu cijene\u201c, rekao je Mugo\u0161a.<\/p>\n\n\n\n<p>On je pitao kako mo\u017ee biti razvojni bud\u017eet ako je manje od devet odsto kapitalni bud\u017eet, a preko 80 odsto su mandatorni tro\u0161kovi.<\/p>\n\n\n\n<p>\u201eMeni je postalo degutantno da slu\u0161am da mi lekciju gra\u0111anima dr\u017eimo kako \u017eive i da ih mi ubje\u0111ujemo kako oni \u017eive\u201c, dodao je Mugo\u0161a.<\/p>\n\n\n\n<p>On je, govore\u0107i o privredi, kazao da se za unapre\u0111enje konkurentnosti izdvojilo 0,2 odsto izvornih prihoda.<\/p>\n\n\n\n<p>\u201eI mi govorimo kako ovaj bud\u017eet poma\u017ee priredi, a ona ve\u0107 \u0161estu godinu zaredom posluje sa gubitkom. Mali, mikro i srednji biznis se gu\u0161i\u201c, ocijenio je Mugo\u0161a.<\/p>\n\n\n\n<p>On je, govore\u0107i o turizmu, kazao da imamo drugu godinu pad no\u0107enja.<\/p>\n\n\n\n<p>\u201ePoslovni ambijent nam je gori sada nego 2019. godine\u201c, dodao je Mugo\u0161a.<\/p>\n\n\n\n<p>Poslanik Gra\u0111anskog pokreta URA, Milo\u0161 Konatar, ocijenio je da je situacija ozbiljna.<\/p>\n\n\n\n<p>\u201eMi smo odlu\u010dili da vjerujemo u politi\u010dki progam koji je gra\u0111ane ko\u0161tao milijardu eura i koji \u0107e naredne generacije pla\u0107ati i u budu\u0107nosti\u201c, naveo je Konatar.<\/p>","protected":false},"excerpt":{"rendered":"<p>Skup\u0161tina je danas zavr\u0161ila raspravu o Predlogu zakona o bud\u017eetu za narednu godinu i odluci o zadu\u017eivanju, o kojima \u0107e se izjasniti naknadno.<\/p>","protected":false},"author":1,"featured_media":915531,"comment_status":"open","ping_status":"open","sticky":false,"template":"","format":"standard","meta":{"_acf_changed":false,"footnotes":""},"categories":[12],"tags":[626,2655,1571,461],"naslovna":[],"class_list":["post-915530","post","type-post","status-publish","format-standard","has-post-thumbnail","hentry","category-politika","tag-ekonomija","tag-novica-vukovic","tag-rast","tag-skupstina-crne-gore"],"acf":[],"yoast_head":"<!-- This site is optimized with the Yoast SEO plugin v27.0 - https:\/\/yoast.com\/product\/yoast-seo-wordpress\/ -->\n<title>Vukovi\u0107: Ekonomija \u0107e zadr\u017eati stabilan rast, ostvaruju\u0107i realan rast BDP-a od 3,2 odsto - dmcsrb.com<\/title>\n<meta name=\"robots\" content=\"index, follow, max-snippet:-1, max-image-preview:large, max-video-preview:-1\" \/>\n<link rel=\"canonical\" href=\"https:\/\/dmcsrb.com\/en\/politika\/vukovic-ekonomija-ce-zadrzati-stabilan-rast-ostvarujuci-realan-rast-bdp-a-od-32-odsto\/\" \/>\n<meta property=\"og:locale\" content=\"en_GB\" \/>\n<meta property=\"og:type\" content=\"article\" \/>\n<meta property=\"og:title\" content=\"Vukovi\u0107: Ekonomija \u0107e zadr\u017eati stabilan rast, ostvaruju\u0107i realan rast BDP-a od 3,2 odsto - dmcsrb.com\" \/>\n<meta property=\"og:description\" content=\"Skup\u0161tina je danas zavr\u0161ila raspravu o Predlogu zakona o bud\u017eetu za narednu godinu i odluci o zadu\u017eivanju, o kojima \u0107e se izjasniti naknadno.\" \/>\n<meta property=\"og:url\" content=\"https:\/\/dmcsrb.com\/en\/politika\/vukovic-ekonomija-ce-zadrzati-stabilan-rast-ostvarujuci-realan-rast-bdp-a-od-32-odsto\/\" \/>\n<meta property=\"og:site_name\" content=\"dmcsrb.com\" \/>\n<meta property=\"article:published_time\" content=\"2025-12-24T15:02:59+00:00\" \/>\n<meta property=\"og:image\" content=\"https:\/\/dmcsrb.com\/wp-content\/uploads\/2026\/01\/novica.jpg\" \/>\n\t<meta property=\"og:image:width\" content=\"900\" \/>\n\t<meta property=\"og:image:height\" content=\"600\" \/>\n\t<meta property=\"og:image:type\" content=\"image\/jpeg\" \/>\n<meta name=\"author\" content=\"dmcsrbija.com@gmail.com\" \/>\n<meta name=\"twitter:card\" content=\"summary_large_image\" \/>\n<meta name=\"twitter:label1\" content=\"Written by\" \/>\n\t<meta name=\"twitter:data1\" content=\"dmcsrbija.com@gmail.com\" \/>\n\t<meta name=\"twitter:label2\" content=\"Estimated reading time\" \/>\n\t<meta name=\"twitter:data2\" content=\"6 minutes\" \/>\n<script type=\"application\/ld+json\" class=\"yoast-schema-graph\">{\"@context\":\"https:\/\/schema.org\",\"@graph\":[{\"@type\":\"Article\",\"@id\":\"https:\/\/dmcsrb.com\/politika\/vukovic-ekonomija-ce-zadrzati-stabilan-rast-ostvarujuci-realan-rast-bdp-a-od-32-odsto\/#article\",\"isPartOf\":{\"@id\":\"https:\/\/dmcsrb.com\/politika\/vukovic-ekonomija-ce-zadrzati-stabilan-rast-ostvarujuci-realan-rast-bdp-a-od-32-odsto\/\"},\"author\":{\"name\":\"dmcsrbija.com@gmail.com\",\"@id\":\"https:\/\/dmcsrb.com\/#\/schema\/person\/5c39170f12db1b8b457732d0b5c854e2\"},\"headline\":\"Vukovi\u0107: Ekonomija \u0107e zadr\u017eati stabilan rast, ostvaruju\u0107i realan rast BDP-a od 3,2 odsto\",\"datePublished\":\"2025-12-24T15:02:59+00:00\",\"mainEntityOfPage\":{\"@id\":\"https:\/\/dmcsrb.com\/politika\/vukovic-ekonomija-ce-zadrzati-stabilan-rast-ostvarujuci-realan-rast-bdp-a-od-32-odsto\/\"},\"wordCount\":1185,\"commentCount\":0,\"image\":{\"@id\":\"https:\/\/dmcsrb.com\/politika\/vukovic-ekonomija-ce-zadrzati-stabilan-rast-ostvarujuci-realan-rast-bdp-a-od-32-odsto\/#primaryimage\"},\"thumbnailUrl\":\"https:\/\/dmcsrb.com\/wp-content\/uploads\/2026\/01\/novica.jpg\",\"keywords\":[\"Ekonomija\",\"Novica Vukovi\u0107\",\"Rast\",\"Skup\u0161tina Crne Gore\"],\"articleSection\":[\"Politika\"],\"inLanguage\":\"en-GB\",\"potentialAction\":[{\"@type\":\"CommentAction\",\"name\":\"Comment\",\"target\":[\"https:\/\/dmcsrb.com\/politika\/vukovic-ekonomija-ce-zadrzati-stabilan-rast-ostvarujuci-realan-rast-bdp-a-od-32-odsto\/#respond\"]}]},{\"@type\":\"WebPage\",\"@id\":\"https:\/\/dmcsrb.com\/politika\/vukovic-ekonomija-ce-zadrzati-stabilan-rast-ostvarujuci-realan-rast-bdp-a-od-32-odsto\/\",\"url\":\"https:\/\/dmcsrb.com\/politika\/vukovic-ekonomija-ce-zadrzati-stabilan-rast-ostvarujuci-realan-rast-bdp-a-od-32-odsto\/\",\"name\":\"Vukovi\u0107: Ekonomija \u0107e zadr\u017eati stabilan rast, ostvaruju\u0107i realan rast BDP-a od 3,2 odsto - dmcsrb.com\",\"isPartOf\":{\"@id\":\"https:\/\/dmcsrb.com\/#website\"},\"primaryImageOfPage\":{\"@id\":\"https:\/\/dmcsrb.com\/politika\/vukovic-ekonomija-ce-zadrzati-stabilan-rast-ostvarujuci-realan-rast-bdp-a-od-32-odsto\/#primaryimage\"},\"image\":{\"@id\":\"https:\/\/dmcsrb.com\/politika\/vukovic-ekonomija-ce-zadrzati-stabilan-rast-ostvarujuci-realan-rast-bdp-a-od-32-odsto\/#primaryimage\"},\"thumbnailUrl\":\"https:\/\/dmcsrb.com\/wp-content\/uploads\/2026\/01\/novica.jpg\",\"datePublished\":\"2025-12-24T15:02:59+00:00\",\"author\":{\"@id\":\"https:\/\/dmcsrb.com\/#\/schema\/person\/5c39170f12db1b8b457732d0b5c854e2\"},\"breadcrumb\":{\"@id\":\"https:\/\/dmcsrb.com\/politika\/vukovic-ekonomija-ce-zadrzati-stabilan-rast-ostvarujuci-realan-rast-bdp-a-od-32-odsto\/#breadcrumb\"},\"inLanguage\":\"en-GB\",\"potentialAction\":[{\"@type\":\"ReadAction\",\"target\":[\"https:\/\/dmcsrb.com\/politika\/vukovic-ekonomija-ce-zadrzati-stabilan-rast-ostvarujuci-realan-rast-bdp-a-od-32-odsto\/\"]}]},{\"@type\":\"ImageObject\",\"inLanguage\":\"en-GB\",\"@id\":\"https:\/\/dmcsrb.com\/politika\/vukovic-ekonomija-ce-zadrzati-stabilan-rast-ostvarujuci-realan-rast-bdp-a-od-32-odsto\/#primaryimage\",\"url\":\"https:\/\/dmcsrb.com\/wp-content\/uploads\/2026\/01\/novica.jpg\",\"contentUrl\":\"https:\/\/dmcsrb.com\/wp-content\/uploads\/2026\/01\/novica.jpg\",\"width\":900,\"height\":600},{\"@type\":\"BreadcrumbList\",\"@id\":\"https:\/\/dmcsrb.com\/politika\/vukovic-ekonomija-ce-zadrzati-stabilan-rast-ostvarujuci-realan-rast-bdp-a-od-32-odsto\/#breadcrumb\",\"itemListElement\":[{\"@type\":\"ListItem\",\"position\":1,\"name\":\"Home\",\"item\":\"https:\/\/dmcsrb.com\/\"},{\"@type\":\"ListItem\",\"position\":2,\"name\":\"Vukovi\u0107: Ekonomija \u0107e zadr\u017eati stabilan rast, ostvaruju\u0107i realan rast BDP-a od 3,2 odsto\"}]},{\"@type\":\"WebSite\",\"@id\":\"https:\/\/dmcsrb.com\/#website\",\"url\":\"https:\/\/dmcsrb.com\/\",\"name\":\"dmcsrb.com\",\"description\":\"\",\"potentialAction\":[{\"@type\":\"SearchAction\",\"target\":{\"@type\":\"EntryPoint\",\"urlTemplate\":\"https:\/\/dmcsrb.com\/?s={search_term_string}\"},\"query-input\":{\"@type\":\"PropertyValueSpecification\",\"valueRequired\":true,\"valueName\":\"search_term_string\"}}],\"inLanguage\":\"en-GB\"},{\"@type\":\"Person\",\"@id\":\"https:\/\/dmcsrb.com\/#\/schema\/person\/5c39170f12db1b8b457732d0b5c854e2\",\"name\":\"dmcsrbija.com@gmail.com\",\"image\":{\"@type\":\"ImageObject\",\"inLanguage\":\"en-GB\",\"@id\":\"https:\/\/dmcsrb.com\/#\/schema\/person\/image\/\",\"url\":\"https:\/\/secure.gravatar.com\/avatar\/68592660ad6347fad0fb587f8d5d8f1a7b44961362f56e4f2cd524feb87e9069?s=96&d=mm&r=g\",\"contentUrl\":\"https:\/\/secure.gravatar.com\/avatar\/68592660ad6347fad0fb587f8d5d8f1a7b44961362f56e4f2cd524feb87e9069?s=96&d=mm&r=g\",\"caption\":\"dmcsrbija.com@gmail.com\"},\"sameAs\":[\"https:\/\/dmcsrb.com\"],\"url\":\"https:\/\/dmcsrb.com\/en\/author\/dmcsrbija-comgmail-com\/\"}]}<\/script>\n<!-- \/ Yoast SEO plugin. -->","yoast_head_json":{"title":"Vukovi\u0107: Ekonomija \u0107e zadr\u017eati stabilan rast, ostvaruju\u0107i realan rast BDP-a od 3,2 odsto - dmcsrb.com","robots":{"index":"index","follow":"follow","max-snippet":"max-snippet:-1","max-image-preview":"max-image-preview:large","max-video-preview":"max-video-preview:-1"},"canonical":"https:\/\/dmcsrb.com\/en\/politika\/vukovic-ekonomija-ce-zadrzati-stabilan-rast-ostvarujuci-realan-rast-bdp-a-od-32-odsto\/","og_locale":"en_GB","og_type":"article","og_title":"Vukovi\u0107: Ekonomija \u0107e zadr\u017eati stabilan rast, ostvaruju\u0107i realan rast BDP-a od 3,2 odsto - dmcsrb.com","og_description":"Skup\u0161tina je danas zavr\u0161ila raspravu o Predlogu zakona o bud\u017eetu za narednu godinu i odluci o zadu\u017eivanju, o kojima \u0107e se izjasniti naknadno.","og_url":"https:\/\/dmcsrb.com\/en\/politika\/vukovic-ekonomija-ce-zadrzati-stabilan-rast-ostvarujuci-realan-rast-bdp-a-od-32-odsto\/","og_site_name":"dmcsrb.com","article_published_time":"2025-12-24T15:02:59+00:00","og_image":[{"width":900,"height":600,"url":"https:\/\/dmcsrb.com\/wp-content\/uploads\/2026\/01\/novica.jpg","type":"image\/jpeg"}],"author":"dmcsrbija.com@gmail.com","twitter_card":"summary_large_image","twitter_misc":{"Written by":"dmcsrbija.com@gmail.com","Estimated reading time":"6 minutes"},"schema":{"@context":"https:\/\/schema.org","@graph":[{"@type":"Article","@id":"https:\/\/dmcsrb.com\/politika\/vukovic-ekonomija-ce-zadrzati-stabilan-rast-ostvarujuci-realan-rast-bdp-a-od-32-odsto\/#article","isPartOf":{"@id":"https:\/\/dmcsrb.com\/politika\/vukovic-ekonomija-ce-zadrzati-stabilan-rast-ostvarujuci-realan-rast-bdp-a-od-32-odsto\/"},"author":{"name":"dmcsrbija.com@gmail.com","@id":"https:\/\/dmcsrb.com\/#\/schema\/person\/5c39170f12db1b8b457732d0b5c854e2"},"headline":"Vukovi\u0107: Ekonomija \u0107e zadr\u017eati stabilan rast, ostvaruju\u0107i realan rast BDP-a od 3,2 odsto","datePublished":"2025-12-24T15:02:59+00:00","mainEntityOfPage":{"@id":"https:\/\/dmcsrb.com\/politika\/vukovic-ekonomija-ce-zadrzati-stabilan-rast-ostvarujuci-realan-rast-bdp-a-od-32-odsto\/"},"wordCount":1185,"commentCount":0,"image":{"@id":"https:\/\/dmcsrb.com\/politika\/vukovic-ekonomija-ce-zadrzati-stabilan-rast-ostvarujuci-realan-rast-bdp-a-od-32-odsto\/#primaryimage"},"thumbnailUrl":"https:\/\/dmcsrb.com\/wp-content\/uploads\/2026\/01\/novica.jpg","keywords":["Ekonomija","Novica Vukovi\u0107","Rast","Skup\u0161tina Crne Gore"],"articleSection":["Politika"],"inLanguage":"en-GB","potentialAction":[{"@type":"CommentAction","name":"Comment","target":["https:\/\/dmcsrb.com\/politika\/vukovic-ekonomija-ce-zadrzati-stabilan-rast-ostvarujuci-realan-rast-bdp-a-od-32-odsto\/#respond"]}]},{"@type":"WebPage","@id":"https:\/\/dmcsrb.com\/politika\/vukovic-ekonomija-ce-zadrzati-stabilan-rast-ostvarujuci-realan-rast-bdp-a-od-32-odsto\/","url":"https:\/\/dmcsrb.com\/politika\/vukovic-ekonomija-ce-zadrzati-stabilan-rast-ostvarujuci-realan-rast-bdp-a-od-32-odsto\/","name":"Vukovi\u0107: Ekonomija \u0107e zadr\u017eati stabilan rast, ostvaruju\u0107i realan rast BDP-a od 3,2 odsto - dmcsrb.com","isPartOf":{"@id":"https:\/\/dmcsrb.com\/#website"},"primaryImageOfPage":{"@id":"https:\/\/dmcsrb.com\/politika\/vukovic-ekonomija-ce-zadrzati-stabilan-rast-ostvarujuci-realan-rast-bdp-a-od-32-odsto\/#primaryimage"},"image":{"@id":"https:\/\/dmcsrb.com\/politika\/vukovic-ekonomija-ce-zadrzati-stabilan-rast-ostvarujuci-realan-rast-bdp-a-od-32-odsto\/#primaryimage"},"thumbnailUrl":"https:\/\/dmcsrb.com\/wp-content\/uploads\/2026\/01\/novica.jpg","datePublished":"2025-12-24T15:02:59+00:00","author":{"@id":"https:\/\/dmcsrb.com\/#\/schema\/person\/5c39170f12db1b8b457732d0b5c854e2"},"breadcrumb":{"@id":"https:\/\/dmcsrb.com\/politika\/vukovic-ekonomija-ce-zadrzati-stabilan-rast-ostvarujuci-realan-rast-bdp-a-od-32-odsto\/#breadcrumb"},"inLanguage":"en-GB","potentialAction":[{"@type":"ReadAction","target":["https:\/\/dmcsrb.com\/politika\/vukovic-ekonomija-ce-zadrzati-stabilan-rast-ostvarujuci-realan-rast-bdp-a-od-32-odsto\/"]}]},{"@type":"ImageObject","inLanguage":"en-GB","@id":"https:\/\/dmcsrb.com\/politika\/vukovic-ekonomija-ce-zadrzati-stabilan-rast-ostvarujuci-realan-rast-bdp-a-od-32-odsto\/#primaryimage","url":"https:\/\/dmcsrb.com\/wp-content\/uploads\/2026\/01\/novica.jpg","contentUrl":"https:\/\/dmcsrb.com\/wp-content\/uploads\/2026\/01\/novica.jpg","width":900,"height":600},{"@type":"BreadcrumbList","@id":"https:\/\/dmcsrb.com\/politika\/vukovic-ekonomija-ce-zadrzati-stabilan-rast-ostvarujuci-realan-rast-bdp-a-od-32-odsto\/#breadcrumb","itemListElement":[{"@type":"ListItem","position":1,"name":"Home","item":"https:\/\/dmcsrb.com\/"},{"@type":"ListItem","position":2,"name":"Vukovi\u0107: Ekonomija \u0107e zadr\u017eati stabilan rast, ostvaruju\u0107i realan rast BDP-a od 3,2 odsto"}]},{"@type":"WebSite","@id":"https:\/\/dmcsrb.com\/#website","url":"https:\/\/dmcsrb.com\/","name":"dmcsrb.com","description":"","potentialAction":[{"@type":"SearchAction","target":{"@type":"EntryPoint","urlTemplate":"https:\/\/dmcsrb.com\/?s={search_term_string}"},"query-input":{"@type":"PropertyValueSpecification","valueRequired":true,"valueName":"search_term_string"}}],"inLanguage":"en-GB"},{"@type":"Person","@id":"https:\/\/dmcsrb.com\/#\/schema\/person\/5c39170f12db1b8b457732d0b5c854e2","name":"dmcsrbija.com@gmail.com","image":{"@type":"ImageObject","inLanguage":"en-GB","@id":"https:\/\/dmcsrb.com\/#\/schema\/person\/image\/","url":"https:\/\/secure.gravatar.com\/avatar\/68592660ad6347fad0fb587f8d5d8f1a7b44961362f56e4f2cd524feb87e9069?s=96&d=mm&r=g","contentUrl":"https:\/\/secure.gravatar.com\/avatar\/68592660ad6347fad0fb587f8d5d8f1a7b44961362f56e4f2cd524feb87e9069?s=96&d=mm&r=g","caption":"dmcsrbija.com@gmail.com"},"sameAs":["https:\/\/dmcsrb.com"],"url":"https:\/\/dmcsrb.com\/en\/author\/dmcsrbija-comgmail-com\/"}]}},"_links":{"self":[{"href":"https:\/\/dmcsrb.com\/en\/wp-json\/wp\/v2\/posts\/915530","targetHints":{"allow":["GET"]}}],"collection":[{"href":"https:\/\/dmcsrb.com\/en\/wp-json\/wp\/v2\/posts"}],"about":[{"href":"https:\/\/dmcsrb.com\/en\/wp-json\/wp\/v2\/types\/post"}],"author":[{"embeddable":true,"href":"https:\/\/dmcsrb.com\/en\/wp-json\/wp\/v2\/users\/1"}],"replies":[{"embeddable":true,"href":"https:\/\/dmcsrb.com\/en\/wp-json\/wp\/v2\/comments?post=915530"}],"version-history":[{"count":0,"href":"https:\/\/dmcsrb.com\/en\/wp-json\/wp\/v2\/posts\/915530\/revisions"}],"wp:featuredmedia":[{"embeddable":true,"href":"https:\/\/dmcsrb.com\/en\/wp-json\/wp\/v2\/media\/915531"}],"wp:attachment":[{"href":"https:\/\/dmcsrb.com\/en\/wp-json\/wp\/v2\/media?parent=915530"}],"wp:term":[{"taxonomy":"category","embeddable":true,"href":"https:\/\/dmcsrb.com\/en\/wp-json\/wp\/v2\/categories?post=915530"},{"taxonomy":"post_tag","embeddable":true,"href":"https:\/\/dmcsrb.com\/en\/wp-json\/wp\/v2\/tags?post=915530"},{"taxonomy":"naslovna","embeddable":true,"href":"https:\/\/dmcsrb.com\/en\/wp-json\/wp\/v2\/naslovna?post=915530"}],"curies":[{"name":"wp","href":"https:\/\/api.w.org\/{rel}","templated":true}]}}