{"id":915523,"date":"2025-12-24T15:37:00","date_gmt":"2025-12-24T14:37:00","guid":{"rendered":"https:\/\/dmcsrb.com\/uncategorized\/simovic-nocas-kod-sudije-za-istragu\/"},"modified":"2025-12-24T15:37:00","modified_gmt":"2025-12-24T14:37:00","slug":"simovic-nocas-kod-sudije-za-istragu","status":"publish","type":"post","link":"https:\/\/dmcsrb.com\/en\/hronika\/simovic-nocas-kod-sudije-za-istragu\/","title":{"rendered":"Simovi\u0107 no\u0107as kod sudije za istragu"},"content":{"rendered":"<p><br><\/p>\n\n\n\n<p>Njega \u0107e saslu\u0161ati istra\u017eni sudija podgori\u010dkog Vi\u0161eg suda, nakon \u010dega \u0107e biti poznato da li \u0107e se on u daljem toku postupka braniti sa slobode ili iz pritvora.<\/p>\n\n\n\n<p><br>Podsje\u0107amo, Simovi\u0107u je ranije bilo odre\u0111eno tu\u017eila\u010dko zadr\u017eavanje do 72 sata.<\/p>\n\n\n\n<p>On je, kako su mediji nakon njegovog hap\u0161enja objavili, osumnji\u010den za zloupotrebu slu\u017ebenog polo\u017eaja. SDT sumnja da je Simovi\u0107 u periodu od 2017. do 2020. godine kao ministar poljoprivrede zloupotrijebio pravo na reprezentaciju.<\/p>\n\n\n\n<p>Po nalogu Specijalnog dr\u017eavnog tu\u017eila\u0161tva, Specijalno policijsko odjeljenje je li\u0161ilo slobode M.S., biv\u0161eg ministra poljoprivrede i ruralnog razvoja u Vladi Crne Gore i protiv njega podnijelo krivi\u010dnu prijavu za produ\u017eeno krivi\u010dno djelo zloupotreba slu\u017ebenog polo\u017eaja.<\/p>\n\n\n\n<p>Lice li\u0161eno slobode je saslu\u0161ano u Specijalnom dr\u017eavnom tu\u017eila\u0161tvu kao osumnji\u010deni, nakon \u010dega mu je odre\u0111eno zadr\u017eavanje, najdu\u017ee 72 \u010dasa od \u010dasa li\u0161enja slobode.<\/p>\n\n\n\n<p>Postupak je pokrenut jer postoje osnovi sumnje da je osumnji\u010deni, u periodu od juna 2017. do avgusta 2020. godine, protivpravno iskori\u0161\u0107avao svoj slu\u017ebeni polo\u017eaj i ovla\u0161\u0107enja i prekora\u010dio granice svog slu\u017ebenog ovla\u0161\u0107enja i sebi pribavio imovinsku korist, jer je sam ili sa suprugom i drugim \u010dlanovima porodice ili drugim njemu bliskim licima, boravio u hotelima \u201eSplendid&#8221;, u Be\u010di\u0107ima, \u201eBjanka&#8221;, u Kola\u0161inu i drugim, odnosno, konzumirao hranu i pi\u0107e u restoranima \u201ePorto&#8221; i \u201eImanje Knjaz&#8221; u Podorici, \u201eIzvor&#8221; u Re\u017eevi\u0107ima, \u201eIl Brodetto&#8221;, u Pru\u017enu, \u201eRistorante Life&#8221;, \u201eTartufi &amp; Friends&#8221;, \u201eLe Grotte&#8221; u Rimu i drugim, pa i u dane vikenda, a pla\u0107ene ra\u010dune dostavljao blagajni Ministarstva poljoprivrede i ruralnog razvoja i po osnovu njih mu je vr\u0161ena nadoknada tro\u0161kova u vidu gotovinskih isplata, iako se o\u010digledno nije radilo o tro\u0161kovima vezanim za vr\u0161enje slu\u017ebene du\u017enosti.<\/p>\n\n\n\n<p>U odnosu na navode pojedinih dru\u0161tvenih subjekata da se pokretanjem ovog postupka vr\u0161i njihov progon, za ukazati je da je ustavna i zakonska obaveza Specijalnog dr\u017eavnog tu\u017eila\u0161tva da preduzme krivi\u010dno gonjenje u svim slu\u010dajevima kada postoje osnovi sumje da je odre\u0111eno lice u\u010dinilo krivi\u010dno djelo iz njegove stvarne nadle\u017enosti &#8211; saop\u0161teno je ranije na sajtu SDT-a.<\/p>","protected":false},"excerpt":{"rendered":"<p>Biv\u0161i ministar poljoprivrede i ruralnog razvoja Milutin Simovi\u0107 no\u0107as \u0107e biti priveden kod sudije za istragu.<br \/>\nTo je nezvani\u010dno potvr\u0111eno za portal Dan.<\/p>","protected":false},"author":1,"featured_media":909486,"comment_status":"open","ping_status":"open","sticky":false,"template":"","format":"standard","meta":{"_acf_changed":false,"footnotes":""},"categories":[17],"tags":[4341,4342],"naslovna":[],"class_list":["post-915523","post","type-post","status-publish","format-standard","has-post-thumbnail","hentry","category-hronika","tag-miltin-simovic","tag-saslusanje"],"acf":[],"yoast_head":"<!-- This site is optimized with the Yoast SEO plugin v27.4 - https:\/\/yoast.com\/product\/yoast-seo-wordpress\/ -->\n<title>Simovi\u0107 no\u0107as kod sudije za istragu - dmcsrb.com<\/title>\n<meta name=\"robots\" content=\"index, follow, max-snippet:-1, max-image-preview:large, max-video-preview:-1\" \/>\n<link rel=\"canonical\" href=\"https:\/\/dmcsrb.com\/en\/hronika\/simovic-nocas-kod-sudije-za-istragu\/\" \/>\n<meta property=\"og:locale\" content=\"en_GB\" \/>\n<meta property=\"og:type\" content=\"article\" \/>\n<meta property=\"og:title\" content=\"Simovi\u0107 no\u0107as kod sudije za istragu - dmcsrb.com\" \/>\n<meta property=\"og:description\" content=\"Biv\u0161i ministar poljoprivrede i ruralnog razvoja Milutin Simovi\u0107 no\u0107as \u0107e biti priveden kod sudije za istragu. To je nezvani\u010dno potvr\u0111eno za portal Dan.\" \/>\n<meta property=\"og:url\" content=\"https:\/\/dmcsrb.com\/en\/hronika\/simovic-nocas-kod-sudije-za-istragu\/\" \/>\n<meta property=\"og:site_name\" content=\"dmcsrb.com\" \/>\n<meta property=\"article:published_time\" content=\"2025-12-24T14:37:00+00:00\" \/>\n<meta property=\"og:image\" content=\"https:\/\/dmcsrb.com\/wp-content\/uploads\/2026\/01\/9ceb8a71-9844-4861-a028-0653a272cb3c-i_1920x1280.jpg\" \/>\n\t<meta property=\"og:image:width\" content=\"1920\" \/>\n\t<meta property=\"og:image:height\" content=\"1280\" \/>\n\t<meta property=\"og:image:type\" content=\"image\/jpeg\" \/>\n<meta name=\"author\" content=\"dmcsrbija.com@gmail.com\" \/>\n<meta name=\"twitter:card\" content=\"summary_large_image\" \/>\n<meta name=\"twitter:label1\" content=\"Written by\" \/>\n\t<meta name=\"twitter:data1\" content=\"dmcsrbija.com@gmail.com\" \/>\n\t<meta name=\"twitter:label2\" content=\"Estimated reading time\" \/>\n\t<meta name=\"twitter:data2\" content=\"2 minutes\" \/>\n<script type=\"application\/ld+json\" class=\"yoast-schema-graph\">{\"@context\":\"https:\\\/\\\/schema.org\",\"@graph\":[{\"@type\":\"Article\",\"@id\":\"https:\\\/\\\/dmcsrb.com\\\/hronika\\\/simovic-nocas-kod-sudije-za-istragu\\\/#article\",\"isPartOf\":{\"@id\":\"https:\\\/\\\/dmcsrb.com\\\/hronika\\\/simovic-nocas-kod-sudije-za-istragu\\\/\"},\"author\":{\"name\":\"dmcsrbija.com@gmail.com\",\"@id\":\"https:\\\/\\\/dmcsrb.com\\\/#\\\/schema\\\/person\\\/5c39170f12db1b8b457732d0b5c854e2\"},\"headline\":\"Simovi\u0107 no\u0107as kod sudije za istragu\",\"datePublished\":\"2025-12-24T14:37:00+00:00\",\"mainEntityOfPage\":{\"@id\":\"https:\\\/\\\/dmcsrb.com\\\/hronika\\\/simovic-nocas-kod-sudije-za-istragu\\\/\"},\"wordCount\":393,\"commentCount\":0,\"image\":{\"@id\":\"https:\\\/\\\/dmcsrb.com\\\/hronika\\\/simovic-nocas-kod-sudije-za-istragu\\\/#primaryimage\"},\"thumbnailUrl\":\"https:\\\/\\\/dmcsrb.com\\\/wp-content\\\/uploads\\\/2026\\\/01\\\/9ceb8a71-9844-4861-a028-0653a272cb3c-i_1920x1280.jpg\",\"keywords\":[\"Miltin simovi\u0107\",\"saslu\u0161anje\"],\"articleSection\":[\"Hronika\"],\"inLanguage\":\"en-GB\",\"potentialAction\":[{\"@type\":\"CommentAction\",\"name\":\"Comment\",\"target\":[\"https:\\\/\\\/dmcsrb.com\\\/hronika\\\/simovic-nocas-kod-sudije-za-istragu\\\/#respond\"]}]},{\"@type\":\"WebPage\",\"@id\":\"https:\\\/\\\/dmcsrb.com\\\/hronika\\\/simovic-nocas-kod-sudije-za-istragu\\\/\",\"url\":\"https:\\\/\\\/dmcsrb.com\\\/hronika\\\/simovic-nocas-kod-sudije-za-istragu\\\/\",\"name\":\"Simovi\u0107 no\u0107as kod sudije za istragu - dmcsrb.com\",\"isPartOf\":{\"@id\":\"https:\\\/\\\/dmcsrb.com\\\/#website\"},\"primaryImageOfPage\":{\"@id\":\"https:\\\/\\\/dmcsrb.com\\\/hronika\\\/simovic-nocas-kod-sudije-za-istragu\\\/#primaryimage\"},\"image\":{\"@id\":\"https:\\\/\\\/dmcsrb.com\\\/hronika\\\/simovic-nocas-kod-sudije-za-istragu\\\/#primaryimage\"},\"thumbnailUrl\":\"https:\\\/\\\/dmcsrb.com\\\/wp-content\\\/uploads\\\/2026\\\/01\\\/9ceb8a71-9844-4861-a028-0653a272cb3c-i_1920x1280.jpg\",\"datePublished\":\"2025-12-24T14:37:00+00:00\",\"author\":{\"@id\":\"https:\\\/\\\/dmcsrb.com\\\/#\\\/schema\\\/person\\\/5c39170f12db1b8b457732d0b5c854e2\"},\"breadcrumb\":{\"@id\":\"https:\\\/\\\/dmcsrb.com\\\/hronika\\\/simovic-nocas-kod-sudije-za-istragu\\\/#breadcrumb\"},\"inLanguage\":\"en-GB\",\"potentialAction\":[{\"@type\":\"ReadAction\",\"target\":[\"https:\\\/\\\/dmcsrb.com\\\/hronika\\\/simovic-nocas-kod-sudije-za-istragu\\\/\"]}]},{\"@type\":\"ImageObject\",\"inLanguage\":\"en-GB\",\"@id\":\"https:\\\/\\\/dmcsrb.com\\\/hronika\\\/simovic-nocas-kod-sudije-za-istragu\\\/#primaryimage\",\"url\":\"https:\\\/\\\/dmcsrb.com\\\/wp-content\\\/uploads\\\/2026\\\/01\\\/9ceb8a71-9844-4861-a028-0653a272cb3c-i_1920x1280.jpg\",\"contentUrl\":\"https:\\\/\\\/dmcsrb.com\\\/wp-content\\\/uploads\\\/2026\\\/01\\\/9ceb8a71-9844-4861-a028-0653a272cb3c-i_1920x1280.jpg\",\"width\":1920,\"height\":1280},{\"@type\":\"BreadcrumbList\",\"@id\":\"https:\\\/\\\/dmcsrb.com\\\/hronika\\\/simovic-nocas-kod-sudije-za-istragu\\\/#breadcrumb\",\"itemListElement\":[{\"@type\":\"ListItem\",\"position\":1,\"name\":\"Home\",\"item\":\"https:\\\/\\\/dmcsrb.com\\\/\"},{\"@type\":\"ListItem\",\"position\":2,\"name\":\"Simovi\u0107 no\u0107as kod sudije za istragu\"}]},{\"@type\":\"WebSite\",\"@id\":\"https:\\\/\\\/dmcsrb.com\\\/#website\",\"url\":\"https:\\\/\\\/dmcsrb.com\\\/\",\"name\":\"dmcsrb.com\",\"description\":\"\",\"potentialAction\":[{\"@type\":\"SearchAction\",\"target\":{\"@type\":\"EntryPoint\",\"urlTemplate\":\"https:\\\/\\\/dmcsrb.com\\\/?s={search_term_string}\"},\"query-input\":{\"@type\":\"PropertyValueSpecification\",\"valueRequired\":true,\"valueName\":\"search_term_string\"}}],\"inLanguage\":\"en-GB\"},{\"@type\":\"Person\",\"@id\":\"https:\\\/\\\/dmcsrb.com\\\/#\\\/schema\\\/person\\\/5c39170f12db1b8b457732d0b5c854e2\",\"name\":\"dmcsrbija.com@gmail.com\",\"image\":{\"@type\":\"ImageObject\",\"inLanguage\":\"en-GB\",\"@id\":\"https:\\\/\\\/secure.gravatar.com\\\/avatar\\\/68592660ad6347fad0fb587f8d5d8f1a7b44961362f56e4f2cd524feb87e9069?s=96&d=mm&r=g\",\"url\":\"https:\\\/\\\/secure.gravatar.com\\\/avatar\\\/68592660ad6347fad0fb587f8d5d8f1a7b44961362f56e4f2cd524feb87e9069?s=96&d=mm&r=g\",\"contentUrl\":\"https:\\\/\\\/secure.gravatar.com\\\/avatar\\\/68592660ad6347fad0fb587f8d5d8f1a7b44961362f56e4f2cd524feb87e9069?s=96&d=mm&r=g\",\"caption\":\"dmcsrbija.com@gmail.com\"},\"sameAs\":[\"https:\\\/\\\/dmcsrb.com\"],\"url\":\"https:\\\/\\\/dmcsrb.com\\\/en\\\/author\\\/dmcsrbija-comgmail-com\\\/\"}]}<\/script>\n<!-- \/ Yoast SEO plugin. -->","yoast_head_json":{"title":"Simovi\u0107 no\u0107as kod sudije za istragu - dmcsrb.com","robots":{"index":"index","follow":"follow","max-snippet":"max-snippet:-1","max-image-preview":"max-image-preview:large","max-video-preview":"max-video-preview:-1"},"canonical":"https:\/\/dmcsrb.com\/en\/hronika\/simovic-nocas-kod-sudije-za-istragu\/","og_locale":"en_GB","og_type":"article","og_title":"Simovi\u0107 no\u0107as kod sudije za istragu - dmcsrb.com","og_description":"Biv\u0161i ministar poljoprivrede i ruralnog razvoja Milutin Simovi\u0107 no\u0107as \u0107e biti priveden kod sudije za istragu. To je nezvani\u010dno potvr\u0111eno za portal Dan.","og_url":"https:\/\/dmcsrb.com\/en\/hronika\/simovic-nocas-kod-sudije-za-istragu\/","og_site_name":"dmcsrb.com","article_published_time":"2025-12-24T14:37:00+00:00","og_image":[{"width":1920,"height":1280,"url":"https:\/\/dmcsrb.com\/wp-content\/uploads\/2026\/01\/9ceb8a71-9844-4861-a028-0653a272cb3c-i_1920x1280.jpg","type":"image\/jpeg"}],"author":"dmcsrbija.com@gmail.com","twitter_card":"summary_large_image","twitter_misc":{"Written by":"dmcsrbija.com@gmail.com","Estimated reading time":"2 minutes"},"schema":{"@context":"https:\/\/schema.org","@graph":[{"@type":"Article","@id":"https:\/\/dmcsrb.com\/hronika\/simovic-nocas-kod-sudije-za-istragu\/#article","isPartOf":{"@id":"https:\/\/dmcsrb.com\/hronika\/simovic-nocas-kod-sudije-za-istragu\/"},"author":{"name":"dmcsrbija.com@gmail.com","@id":"https:\/\/dmcsrb.com\/#\/schema\/person\/5c39170f12db1b8b457732d0b5c854e2"},"headline":"Simovi\u0107 no\u0107as kod sudije za istragu","datePublished":"2025-12-24T14:37:00+00:00","mainEntityOfPage":{"@id":"https:\/\/dmcsrb.com\/hronika\/simovic-nocas-kod-sudije-za-istragu\/"},"wordCount":393,"commentCount":0,"image":{"@id":"https:\/\/dmcsrb.com\/hronika\/simovic-nocas-kod-sudije-za-istragu\/#primaryimage"},"thumbnailUrl":"https:\/\/dmcsrb.com\/wp-content\/uploads\/2026\/01\/9ceb8a71-9844-4861-a028-0653a272cb3c-i_1920x1280.jpg","keywords":["Miltin simovi\u0107","saslu\u0161anje"],"articleSection":["Hronika"],"inLanguage":"en-GB","potentialAction":[{"@type":"CommentAction","name":"Comment","target":["https:\/\/dmcsrb.com\/hronika\/simovic-nocas-kod-sudije-za-istragu\/#respond"]}]},{"@type":"WebPage","@id":"https:\/\/dmcsrb.com\/hronika\/simovic-nocas-kod-sudije-za-istragu\/","url":"https:\/\/dmcsrb.com\/hronika\/simovic-nocas-kod-sudije-za-istragu\/","name":"Simovi\u0107 no\u0107as kod sudije za istragu - dmcsrb.com","isPartOf":{"@id":"https:\/\/dmcsrb.com\/#website"},"primaryImageOfPage":{"@id":"https:\/\/dmcsrb.com\/hronika\/simovic-nocas-kod-sudije-za-istragu\/#primaryimage"},"image":{"@id":"https:\/\/dmcsrb.com\/hronika\/simovic-nocas-kod-sudije-za-istragu\/#primaryimage"},"thumbnailUrl":"https:\/\/dmcsrb.com\/wp-content\/uploads\/2026\/01\/9ceb8a71-9844-4861-a028-0653a272cb3c-i_1920x1280.jpg","datePublished":"2025-12-24T14:37:00+00:00","author":{"@id":"https:\/\/dmcsrb.com\/#\/schema\/person\/5c39170f12db1b8b457732d0b5c854e2"},"breadcrumb":{"@id":"https:\/\/dmcsrb.com\/hronika\/simovic-nocas-kod-sudije-za-istragu\/#breadcrumb"},"inLanguage":"en-GB","potentialAction":[{"@type":"ReadAction","target":["https:\/\/dmcsrb.com\/hronika\/simovic-nocas-kod-sudije-za-istragu\/"]}]},{"@type":"ImageObject","inLanguage":"en-GB","@id":"https:\/\/dmcsrb.com\/hronika\/simovic-nocas-kod-sudije-za-istragu\/#primaryimage","url":"https:\/\/dmcsrb.com\/wp-content\/uploads\/2026\/01\/9ceb8a71-9844-4861-a028-0653a272cb3c-i_1920x1280.jpg","contentUrl":"https:\/\/dmcsrb.com\/wp-content\/uploads\/2026\/01\/9ceb8a71-9844-4861-a028-0653a272cb3c-i_1920x1280.jpg","width":1920,"height":1280},{"@type":"BreadcrumbList","@id":"https:\/\/dmcsrb.com\/hronika\/simovic-nocas-kod-sudije-za-istragu\/#breadcrumb","itemListElement":[{"@type":"ListItem","position":1,"name":"Home","item":"https:\/\/dmcsrb.com\/"},{"@type":"ListItem","position":2,"name":"Simovi\u0107 no\u0107as kod sudije za istragu"}]},{"@type":"WebSite","@id":"https:\/\/dmcsrb.com\/#website","url":"https:\/\/dmcsrb.com\/","name":"dmcsrb.com","description":"","potentialAction":[{"@type":"SearchAction","target":{"@type":"EntryPoint","urlTemplate":"https:\/\/dmcsrb.com\/?s={search_term_string}"},"query-input":{"@type":"PropertyValueSpecification","valueRequired":true,"valueName":"search_term_string"}}],"inLanguage":"en-GB"},{"@type":"Person","@id":"https:\/\/dmcsrb.com\/#\/schema\/person\/5c39170f12db1b8b457732d0b5c854e2","name":"dmcsrbija.com@gmail.com","image":{"@type":"ImageObject","inLanguage":"en-GB","@id":"https:\/\/secure.gravatar.com\/avatar\/68592660ad6347fad0fb587f8d5d8f1a7b44961362f56e4f2cd524feb87e9069?s=96&d=mm&r=g","url":"https:\/\/secure.gravatar.com\/avatar\/68592660ad6347fad0fb587f8d5d8f1a7b44961362f56e4f2cd524feb87e9069?s=96&d=mm&r=g","contentUrl":"https:\/\/secure.gravatar.com\/avatar\/68592660ad6347fad0fb587f8d5d8f1a7b44961362f56e4f2cd524feb87e9069?s=96&d=mm&r=g","caption":"dmcsrbija.com@gmail.com"},"sameAs":["https:\/\/dmcsrb.com"],"url":"https:\/\/dmcsrb.com\/en\/author\/dmcsrbija-comgmail-com\/"}]}},"_links":{"self":[{"href":"https:\/\/dmcsrb.com\/en\/wp-json\/wp\/v2\/posts\/915523","targetHints":{"allow":["GET"]}}],"collection":[{"href":"https:\/\/dmcsrb.com\/en\/wp-json\/wp\/v2\/posts"}],"about":[{"href":"https:\/\/dmcsrb.com\/en\/wp-json\/wp\/v2\/types\/post"}],"author":[{"embeddable":true,"href":"https:\/\/dmcsrb.com\/en\/wp-json\/wp\/v2\/users\/1"}],"replies":[{"embeddable":true,"href":"https:\/\/dmcsrb.com\/en\/wp-json\/wp\/v2\/comments?post=915523"}],"version-history":[{"count":0,"href":"https:\/\/dmcsrb.com\/en\/wp-json\/wp\/v2\/posts\/915523\/revisions"}],"wp:featuredmedia":[{"embeddable":true,"href":"https:\/\/dmcsrb.com\/en\/wp-json\/wp\/v2\/media\/909486"}],"wp:attachment":[{"href":"https:\/\/dmcsrb.com\/en\/wp-json\/wp\/v2\/media?parent=915523"}],"wp:term":[{"taxonomy":"category","embeddable":true,"href":"https:\/\/dmcsrb.com\/en\/wp-json\/wp\/v2\/categories?post=915523"},{"taxonomy":"post_tag","embeddable":true,"href":"https:\/\/dmcsrb.com\/en\/wp-json\/wp\/v2\/tags?post=915523"},{"taxonomy":"naslovna","embeddable":true,"href":"https:\/\/dmcsrb.com\/en\/wp-json\/wp\/v2\/naslovna?post=915523"}],"curies":[{"name":"wp","href":"https:\/\/api.w.org\/{rel}","templated":true}]}}