{"id":915496,"date":"2025-12-24T13:47:00","date_gmt":"2025-12-24T12:47:00","guid":{"rendered":"https:\/\/dmcsrb.com\/uncategorized\/ferero-o-razlozima-okoncanja-saradnje-sa-alkarasom-novac-nije-bio-problem\/"},"modified":"2025-12-24T13:47:00","modified_gmt":"2025-12-24T12:47:00","slug":"ferero-o-razlozima-okoncanja-saradnje-sa-alkarasom-novac-nije-bio-problem","status":"publish","type":"post","link":"https:\/\/dmcsrb.com\/en\/sport\/ferero-o-razlozima-okoncanja-saradnje-sa-alkarasom-novac-nije-bio-problem\/","title":{"rendered":"Ferero o razlozima okon\u010danja saradnje sa Alkarasom: Novac nije bio problem"},"content":{"rendered":"<p>Kako je objasnio, problemi su se pojavili prilikom razgovora o budu\u0107nosti i nastavku saradnje.<\/p>\n\n\n\n<p>&#8220;Na kraju svake sezone normalno je da se preispitaju odre\u0111eni uslovi. Razmi\u0161ljaju\u0107i o narednoj godini, postojale su ta\u010dke oko kojih se nismo slagali. Kao i u svakom ugovoru, jedna strana gleda svoje interese, druga svoje. Karlosov tim razmi\u0161lja o onome \u0161to je najbolje za njega, a moj o onome \u0161to je najbolje za mene&#8221;, istakao je Ferero.<\/p>\n\n\n\n<p>Dodao je da su postojala otvorena pitanja koja su mo\u017eda mogla da se rije\u0161e razgovorom, ali do toga na kraju nije do\u0161lo.<\/p>\n\n\n\n<p>&#8220;Postoje odre\u0111ene stvari o kojima ne \u017eelim da ulazim u detalje. Jednostavno, nismo uspjeli da prona\u0111emo zajedni\u010dki jezik i odlu\u010dili smo da svako krene svojim putem&#8221;.<\/p>\n\n\n\n<p>Posebno je demantovao spekulacije da je novac bio razlog razlaza.<\/p>\n\n\n\n<p>&#8220;Od po\u010detka sam pokazivao da finansije nisu moj prioritet. Pojavile su se pri\u010de da sam tra\u017eio vi\u0161e, ali to nije ta\u010dno. Uvijek su bili vrlo korektni i izda\u0161ni, naro\u010dito u ranim godinama saradnje, i na tome sam im zahvalan. Novac nije bio problem, niti razlog mog odlaska&#8221;.<\/p>\n\n\n\n<p>Osvrnuo se i na tvrdnje da je insistirao da se Alkaras preseli u Viljenu i prilagodi njegovom sistemu rada.<\/p>\n\n\n\n<p>&#8220;To jednostavno nije istina. Tokom posljednje dvije godine shvatili smo da Karlos \u017eeli da provodi vi\u0161e vremena kod ku\u0107e. Mi smo se prilago\u0111avali njemu, ne obrnuto. Akademija mu je uvijek bila na raspolaganju, ali nikada kao obaveza. Va\u017eno mi je da to bude jasno&#8221;.<\/p>\n\n\n\n<p>Zanimljivo je da u samom zavr\u0161etku procesa nije direktno razgovarao sa Alkarasom.<\/p>\n\n\n\n<p>&#8220;Prije toga sam ga pitao da li je svjestan situacije i rekao mi je da jeste. Nakon toga sam razgovarao sa ljudima sa kojima je bilo potrebno. Smatrao sam da nema potrebe da ga dodatno uklju\u010dujem&#8221;.<\/p>\n\n\n\n<p>Ferero je uvjeren da je dao maksimum kako bi Alkaras stigao do vrha.<\/p>\n\n\n\n<p>&#8220;Ulo\u017eio sam sve \u2013 vrijeme, energiju i znanje. Kada smo po\u010deli, imao je 15 godina. Vidio sam ogroman potencijal, ali nikada ne znate dokle neko mo\u017ee da dogura. Zato sam dao sve od sebe i savjest mi je mirna&#8221;.<\/p>\n\n\n\n<p>Iako je saradnja zavr\u0161ena, vrata nisu potpuno zatvorena.<\/p>\n\n\n\n<p>&#8220;Ne isklju\u010dujem mogu\u0107nost da se na\u0161i putevi ponovo ukrste. S obzirom na odnos koji smo imali, bilo bi nelogi\u010dno potpuno zatvoriti ta vrata. Neslaganja ne zna\u010de da nismo u dobrim odnosima. Karlosu \u017eelim sve najbolje i i dalje vjerujem da ima potencijal da postane najbolji teniser u istoriji&#8221;.<\/p>\n\n\n\n<p>Na kraju je dobio i pitanje o eventualnoj ponudi Janika Sinera.<\/p>\n\n\n\n<p>&#8220;To je ne\u0161to o \u010demu bih morao ozbiljno da razmislim, ali sada nije trenutak za takve teme. Trenutno prolazim kroz te\u017eak period i i dalje svakodnevno mislim na Karlosa&#8221;, rekao je Ferero.<\/p>","protected":false},"excerpt":{"rendered":"<p>U razgovoru za \u0161pansku &#8220;Marku\u201c, Huan Karlos Ferero je otvoreno govorio o razlozima rastanka poslije sedam sezona tokom kojih je Alkaras stigao do \u0161est grend slem trofeja i samog vrha svjetskog tenisa.<\/p>","protected":false},"author":1,"featured_media":914022,"comment_status":"open","ping_status":"open","sticky":false,"template":"","format":"standard","meta":{"_acf_changed":false,"footnotes":""},"categories":[148],"tags":[3455,3456],"naslovna":[],"class_list":["post-915496","post","type-post","status-publish","format-standard","has-post-thumbnail","hentry","category-sport","tag-huan-karlos-ferero","tag-karlos-alkaraz"],"acf":[],"yoast_head":"<!-- This site is optimized with the Yoast SEO plugin v27.0 - https:\/\/yoast.com\/product\/yoast-seo-wordpress\/ -->\n<title>Ferero o razlozima okon\u010danja saradnje sa Alkarasom: Novac nije bio problem - dmcsrb.com<\/title>\n<meta name=\"robots\" content=\"index, follow, max-snippet:-1, max-image-preview:large, max-video-preview:-1\" \/>\n<link rel=\"canonical\" href=\"https:\/\/dmcsrb.com\/en\/sport\/ferero-o-razlozima-okoncanja-saradnje-sa-alkarasom-novac-nije-bio-problem\/\" \/>\n<meta property=\"og:locale\" content=\"en_GB\" \/>\n<meta property=\"og:type\" content=\"article\" \/>\n<meta property=\"og:title\" content=\"Ferero o razlozima okon\u010danja saradnje sa Alkarasom: Novac nije bio problem - dmcsrb.com\" \/>\n<meta property=\"og:description\" content=\"U razgovoru za \u0161pansku &quot;Marku\u201c, Huan Karlos Ferero je otvoreno govorio o razlozima rastanka poslije sedam sezona tokom kojih je Alkaras stigao do \u0161est grend slem trofeja i samog vrha svjetskog tenisa.\" \/>\n<meta property=\"og:url\" content=\"https:\/\/dmcsrb.com\/en\/sport\/ferero-o-razlozima-okoncanja-saradnje-sa-alkarasom-novac-nije-bio-problem\/\" \/>\n<meta property=\"og:site_name\" content=\"dmcsrb.com\" \/>\n<meta property=\"article:published_time\" content=\"2025-12-24T12:47:00+00:00\" \/>\n<meta property=\"og:image\" content=\"https:\/\/dmcsrb.com\/wp-content\/uploads\/2026\/01\/Ferero-i-Alkaraz-ATP-Tour.jpg\" \/>\n\t<meta property=\"og:image:width\" content=\"1920\" \/>\n\t<meta property=\"og:image:height\" content=\"1080\" \/>\n\t<meta property=\"og:image:type\" content=\"image\/jpeg\" \/>\n<meta name=\"author\" content=\"dmcsrbija.com@gmail.com\" \/>\n<meta name=\"twitter:card\" content=\"summary_large_image\" \/>\n<meta name=\"twitter:label1\" content=\"Written by\" \/>\n\t<meta name=\"twitter:data1\" content=\"dmcsrbija.com@gmail.com\" \/>\n\t<meta name=\"twitter:label2\" content=\"Estimated reading time\" \/>\n\t<meta name=\"twitter:data2\" content=\"2 minutes\" \/>\n<script type=\"application\/ld+json\" class=\"yoast-schema-graph\">{\"@context\":\"https:\/\/schema.org\",\"@graph\":[{\"@type\":\"Article\",\"@id\":\"https:\/\/dmcsrb.com\/sport\/ferero-o-razlozima-okoncanja-saradnje-sa-alkarasom-novac-nije-bio-problem\/#article\",\"isPartOf\":{\"@id\":\"https:\/\/dmcsrb.com\/sport\/ferero-o-razlozima-okoncanja-saradnje-sa-alkarasom-novac-nije-bio-problem\/\"},\"author\":{\"name\":\"dmcsrbija.com@gmail.com\",\"@id\":\"https:\/\/dmcsrb.com\/#\/schema\/person\/5c39170f12db1b8b457732d0b5c854e2\"},\"headline\":\"Ferero o razlozima okon\u010danja saradnje sa Alkarasom: Novac nije bio problem\",\"datePublished\":\"2025-12-24T12:47:00+00:00\",\"mainEntityOfPage\":{\"@id\":\"https:\/\/dmcsrb.com\/sport\/ferero-o-razlozima-okoncanja-saradnje-sa-alkarasom-novac-nije-bio-problem\/\"},\"wordCount\":485,\"commentCount\":0,\"image\":{\"@id\":\"https:\/\/dmcsrb.com\/sport\/ferero-o-razlozima-okoncanja-saradnje-sa-alkarasom-novac-nije-bio-problem\/#primaryimage\"},\"thumbnailUrl\":\"https:\/\/dmcsrb.com\/wp-content\/uploads\/2026\/01\/Ferero-i-Alkaraz-ATP-Tour.jpg\",\"keywords\":[\"Huan Karlos Ferero\",\"Karlos Alkaraz\"],\"articleSection\":[\"Sport\"],\"inLanguage\":\"en-GB\",\"potentialAction\":[{\"@type\":\"CommentAction\",\"name\":\"Comment\",\"target\":[\"https:\/\/dmcsrb.com\/sport\/ferero-o-razlozima-okoncanja-saradnje-sa-alkarasom-novac-nije-bio-problem\/#respond\"]}]},{\"@type\":\"WebPage\",\"@id\":\"https:\/\/dmcsrb.com\/sport\/ferero-o-razlozima-okoncanja-saradnje-sa-alkarasom-novac-nije-bio-problem\/\",\"url\":\"https:\/\/dmcsrb.com\/sport\/ferero-o-razlozima-okoncanja-saradnje-sa-alkarasom-novac-nije-bio-problem\/\",\"name\":\"Ferero o razlozima okon\u010danja saradnje sa Alkarasom: Novac nije bio problem - dmcsrb.com\",\"isPartOf\":{\"@id\":\"https:\/\/dmcsrb.com\/#website\"},\"primaryImageOfPage\":{\"@id\":\"https:\/\/dmcsrb.com\/sport\/ferero-o-razlozima-okoncanja-saradnje-sa-alkarasom-novac-nije-bio-problem\/#primaryimage\"},\"image\":{\"@id\":\"https:\/\/dmcsrb.com\/sport\/ferero-o-razlozima-okoncanja-saradnje-sa-alkarasom-novac-nije-bio-problem\/#primaryimage\"},\"thumbnailUrl\":\"https:\/\/dmcsrb.com\/wp-content\/uploads\/2026\/01\/Ferero-i-Alkaraz-ATP-Tour.jpg\",\"datePublished\":\"2025-12-24T12:47:00+00:00\",\"author\":{\"@id\":\"https:\/\/dmcsrb.com\/#\/schema\/person\/5c39170f12db1b8b457732d0b5c854e2\"},\"breadcrumb\":{\"@id\":\"https:\/\/dmcsrb.com\/sport\/ferero-o-razlozima-okoncanja-saradnje-sa-alkarasom-novac-nije-bio-problem\/#breadcrumb\"},\"inLanguage\":\"en-GB\",\"potentialAction\":[{\"@type\":\"ReadAction\",\"target\":[\"https:\/\/dmcsrb.com\/sport\/ferero-o-razlozima-okoncanja-saradnje-sa-alkarasom-novac-nije-bio-problem\/\"]}]},{\"@type\":\"ImageObject\",\"inLanguage\":\"en-GB\",\"@id\":\"https:\/\/dmcsrb.com\/sport\/ferero-o-razlozima-okoncanja-saradnje-sa-alkarasom-novac-nije-bio-problem\/#primaryimage\",\"url\":\"https:\/\/dmcsrb.com\/wp-content\/uploads\/2026\/01\/Ferero-i-Alkaraz-ATP-Tour.jpg\",\"contentUrl\":\"https:\/\/dmcsrb.com\/wp-content\/uploads\/2026\/01\/Ferero-i-Alkaraz-ATP-Tour.jpg\",\"width\":1920,\"height\":1080},{\"@type\":\"BreadcrumbList\",\"@id\":\"https:\/\/dmcsrb.com\/sport\/ferero-o-razlozima-okoncanja-saradnje-sa-alkarasom-novac-nije-bio-problem\/#breadcrumb\",\"itemListElement\":[{\"@type\":\"ListItem\",\"position\":1,\"name\":\"Home\",\"item\":\"https:\/\/dmcsrb.com\/\"},{\"@type\":\"ListItem\",\"position\":2,\"name\":\"Ferero o razlozima okon\u010danja saradnje sa Alkarasom: Novac nije bio problem\"}]},{\"@type\":\"WebSite\",\"@id\":\"https:\/\/dmcsrb.com\/#website\",\"url\":\"https:\/\/dmcsrb.com\/\",\"name\":\"dmcsrb.com\",\"description\":\"\",\"potentialAction\":[{\"@type\":\"SearchAction\",\"target\":{\"@type\":\"EntryPoint\",\"urlTemplate\":\"https:\/\/dmcsrb.com\/?s={search_term_string}\"},\"query-input\":{\"@type\":\"PropertyValueSpecification\",\"valueRequired\":true,\"valueName\":\"search_term_string\"}}],\"inLanguage\":\"en-GB\"},{\"@type\":\"Person\",\"@id\":\"https:\/\/dmcsrb.com\/#\/schema\/person\/5c39170f12db1b8b457732d0b5c854e2\",\"name\":\"dmcsrbija.com@gmail.com\",\"image\":{\"@type\":\"ImageObject\",\"inLanguage\":\"en-GB\",\"@id\":\"https:\/\/dmcsrb.com\/#\/schema\/person\/image\/\",\"url\":\"https:\/\/secure.gravatar.com\/avatar\/68592660ad6347fad0fb587f8d5d8f1a7b44961362f56e4f2cd524feb87e9069?s=96&d=mm&r=g\",\"contentUrl\":\"https:\/\/secure.gravatar.com\/avatar\/68592660ad6347fad0fb587f8d5d8f1a7b44961362f56e4f2cd524feb87e9069?s=96&d=mm&r=g\",\"caption\":\"dmcsrbija.com@gmail.com\"},\"sameAs\":[\"https:\/\/dmcsrb.com\"],\"url\":\"https:\/\/dmcsrb.com\/en\/author\/dmcsrbija-comgmail-com\/\"}]}<\/script>\n<!-- \/ Yoast SEO plugin. -->","yoast_head_json":{"title":"Ferero o razlozima okon\u010danja saradnje sa Alkarasom: Novac nije bio problem - dmcsrb.com","robots":{"index":"index","follow":"follow","max-snippet":"max-snippet:-1","max-image-preview":"max-image-preview:large","max-video-preview":"max-video-preview:-1"},"canonical":"https:\/\/dmcsrb.com\/en\/sport\/ferero-o-razlozima-okoncanja-saradnje-sa-alkarasom-novac-nije-bio-problem\/","og_locale":"en_GB","og_type":"article","og_title":"Ferero o razlozima okon\u010danja saradnje sa Alkarasom: Novac nije bio problem - dmcsrb.com","og_description":"U razgovoru za \u0161pansku \"Marku\u201c, Huan Karlos Ferero je otvoreno govorio o razlozima rastanka poslije sedam sezona tokom kojih je Alkaras stigao do \u0161est grend slem trofeja i samog vrha svjetskog tenisa.","og_url":"https:\/\/dmcsrb.com\/en\/sport\/ferero-o-razlozima-okoncanja-saradnje-sa-alkarasom-novac-nije-bio-problem\/","og_site_name":"dmcsrb.com","article_published_time":"2025-12-24T12:47:00+00:00","og_image":[{"width":1920,"height":1080,"url":"https:\/\/dmcsrb.com\/wp-content\/uploads\/2026\/01\/Ferero-i-Alkaraz-ATP-Tour.jpg","type":"image\/jpeg"}],"author":"dmcsrbija.com@gmail.com","twitter_card":"summary_large_image","twitter_misc":{"Written by":"dmcsrbija.com@gmail.com","Estimated reading time":"2 minutes"},"schema":{"@context":"https:\/\/schema.org","@graph":[{"@type":"Article","@id":"https:\/\/dmcsrb.com\/sport\/ferero-o-razlozima-okoncanja-saradnje-sa-alkarasom-novac-nije-bio-problem\/#article","isPartOf":{"@id":"https:\/\/dmcsrb.com\/sport\/ferero-o-razlozima-okoncanja-saradnje-sa-alkarasom-novac-nije-bio-problem\/"},"author":{"name":"dmcsrbija.com@gmail.com","@id":"https:\/\/dmcsrb.com\/#\/schema\/person\/5c39170f12db1b8b457732d0b5c854e2"},"headline":"Ferero o razlozima okon\u010danja saradnje sa Alkarasom: Novac nije bio problem","datePublished":"2025-12-24T12:47:00+00:00","mainEntityOfPage":{"@id":"https:\/\/dmcsrb.com\/sport\/ferero-o-razlozima-okoncanja-saradnje-sa-alkarasom-novac-nije-bio-problem\/"},"wordCount":485,"commentCount":0,"image":{"@id":"https:\/\/dmcsrb.com\/sport\/ferero-o-razlozima-okoncanja-saradnje-sa-alkarasom-novac-nije-bio-problem\/#primaryimage"},"thumbnailUrl":"https:\/\/dmcsrb.com\/wp-content\/uploads\/2026\/01\/Ferero-i-Alkaraz-ATP-Tour.jpg","keywords":["Huan Karlos Ferero","Karlos Alkaraz"],"articleSection":["Sport"],"inLanguage":"en-GB","potentialAction":[{"@type":"CommentAction","name":"Comment","target":["https:\/\/dmcsrb.com\/sport\/ferero-o-razlozima-okoncanja-saradnje-sa-alkarasom-novac-nije-bio-problem\/#respond"]}]},{"@type":"WebPage","@id":"https:\/\/dmcsrb.com\/sport\/ferero-o-razlozima-okoncanja-saradnje-sa-alkarasom-novac-nije-bio-problem\/","url":"https:\/\/dmcsrb.com\/sport\/ferero-o-razlozima-okoncanja-saradnje-sa-alkarasom-novac-nije-bio-problem\/","name":"Ferero o razlozima okon\u010danja saradnje sa Alkarasom: Novac nije bio problem - dmcsrb.com","isPartOf":{"@id":"https:\/\/dmcsrb.com\/#website"},"primaryImageOfPage":{"@id":"https:\/\/dmcsrb.com\/sport\/ferero-o-razlozima-okoncanja-saradnje-sa-alkarasom-novac-nije-bio-problem\/#primaryimage"},"image":{"@id":"https:\/\/dmcsrb.com\/sport\/ferero-o-razlozima-okoncanja-saradnje-sa-alkarasom-novac-nije-bio-problem\/#primaryimage"},"thumbnailUrl":"https:\/\/dmcsrb.com\/wp-content\/uploads\/2026\/01\/Ferero-i-Alkaraz-ATP-Tour.jpg","datePublished":"2025-12-24T12:47:00+00:00","author":{"@id":"https:\/\/dmcsrb.com\/#\/schema\/person\/5c39170f12db1b8b457732d0b5c854e2"},"breadcrumb":{"@id":"https:\/\/dmcsrb.com\/sport\/ferero-o-razlozima-okoncanja-saradnje-sa-alkarasom-novac-nije-bio-problem\/#breadcrumb"},"inLanguage":"en-GB","potentialAction":[{"@type":"ReadAction","target":["https:\/\/dmcsrb.com\/sport\/ferero-o-razlozima-okoncanja-saradnje-sa-alkarasom-novac-nije-bio-problem\/"]}]},{"@type":"ImageObject","inLanguage":"en-GB","@id":"https:\/\/dmcsrb.com\/sport\/ferero-o-razlozima-okoncanja-saradnje-sa-alkarasom-novac-nije-bio-problem\/#primaryimage","url":"https:\/\/dmcsrb.com\/wp-content\/uploads\/2026\/01\/Ferero-i-Alkaraz-ATP-Tour.jpg","contentUrl":"https:\/\/dmcsrb.com\/wp-content\/uploads\/2026\/01\/Ferero-i-Alkaraz-ATP-Tour.jpg","width":1920,"height":1080},{"@type":"BreadcrumbList","@id":"https:\/\/dmcsrb.com\/sport\/ferero-o-razlozima-okoncanja-saradnje-sa-alkarasom-novac-nije-bio-problem\/#breadcrumb","itemListElement":[{"@type":"ListItem","position":1,"name":"Home","item":"https:\/\/dmcsrb.com\/"},{"@type":"ListItem","position":2,"name":"Ferero o razlozima okon\u010danja saradnje sa Alkarasom: Novac nije bio problem"}]},{"@type":"WebSite","@id":"https:\/\/dmcsrb.com\/#website","url":"https:\/\/dmcsrb.com\/","name":"dmcsrb.com","description":"","potentialAction":[{"@type":"SearchAction","target":{"@type":"EntryPoint","urlTemplate":"https:\/\/dmcsrb.com\/?s={search_term_string}"},"query-input":{"@type":"PropertyValueSpecification","valueRequired":true,"valueName":"search_term_string"}}],"inLanguage":"en-GB"},{"@type":"Person","@id":"https:\/\/dmcsrb.com\/#\/schema\/person\/5c39170f12db1b8b457732d0b5c854e2","name":"dmcsrbija.com@gmail.com","image":{"@type":"ImageObject","inLanguage":"en-GB","@id":"https:\/\/dmcsrb.com\/#\/schema\/person\/image\/","url":"https:\/\/secure.gravatar.com\/avatar\/68592660ad6347fad0fb587f8d5d8f1a7b44961362f56e4f2cd524feb87e9069?s=96&d=mm&r=g","contentUrl":"https:\/\/secure.gravatar.com\/avatar\/68592660ad6347fad0fb587f8d5d8f1a7b44961362f56e4f2cd524feb87e9069?s=96&d=mm&r=g","caption":"dmcsrbija.com@gmail.com"},"sameAs":["https:\/\/dmcsrb.com"],"url":"https:\/\/dmcsrb.com\/en\/author\/dmcsrbija-comgmail-com\/"}]}},"_links":{"self":[{"href":"https:\/\/dmcsrb.com\/en\/wp-json\/wp\/v2\/posts\/915496","targetHints":{"allow":["GET"]}}],"collection":[{"href":"https:\/\/dmcsrb.com\/en\/wp-json\/wp\/v2\/posts"}],"about":[{"href":"https:\/\/dmcsrb.com\/en\/wp-json\/wp\/v2\/types\/post"}],"author":[{"embeddable":true,"href":"https:\/\/dmcsrb.com\/en\/wp-json\/wp\/v2\/users\/1"}],"replies":[{"embeddable":true,"href":"https:\/\/dmcsrb.com\/en\/wp-json\/wp\/v2\/comments?post=915496"}],"version-history":[{"count":0,"href":"https:\/\/dmcsrb.com\/en\/wp-json\/wp\/v2\/posts\/915496\/revisions"}],"wp:featuredmedia":[{"embeddable":true,"href":"https:\/\/dmcsrb.com\/en\/wp-json\/wp\/v2\/media\/914022"}],"wp:attachment":[{"href":"https:\/\/dmcsrb.com\/en\/wp-json\/wp\/v2\/media?parent=915496"}],"wp:term":[{"taxonomy":"category","embeddable":true,"href":"https:\/\/dmcsrb.com\/en\/wp-json\/wp\/v2\/categories?post=915496"},{"taxonomy":"post_tag","embeddable":true,"href":"https:\/\/dmcsrb.com\/en\/wp-json\/wp\/v2\/tags?post=915496"},{"taxonomy":"naslovna","embeddable":true,"href":"https:\/\/dmcsrb.com\/en\/wp-json\/wp\/v2\/naslovna?post=915496"}],"curies":[{"name":"wp","href":"https:\/\/api.w.org\/{rel}","templated":true}]}}