{"id":915408,"date":"2025-12-24T10:07:00","date_gmt":"2025-12-24T09:07:00","guid":{"rendered":"https:\/\/dmcsrb.com\/uncategorized\/americka-ekonomija-porasla-najjace-u-dvije-godine\/"},"modified":"2025-12-24T10:07:00","modified_gmt":"2025-12-24T09:07:00","slug":"americka-ekonomija-porasla-najjace-u-dvije-godine","status":"publish","type":"post","link":"https:\/\/dmcsrb.com\/en\/svijet\/americka-ekonomija-porasla-najjace-u-dvije-godine\/","title":{"rendered":"Ameri\u010dka ekonomija porasla najja\u010de u dvije godine"},"content":{"rendered":"<p>Ameri\u010dka ekonomija je u tre\u0107em tromjese\u010dju rasla po godi\u0161njoj stopi od 4,3 odsto, potaknuta ve\u0107om potro\u0161njom, saop\u0161teno je iz Ministarstva trgovine Sjedinjenih Ameri\u010dkih Dr\u017eava (SAD).<\/p>\n\n\n\n<p>Izvje\u0161taj o bruto doma\u0107em proizvodu (BDP), koji je kasnio gotovo dva mjeseca zbog zatvaranja ameri\u010dke vlade, pokazao je rast potro\u0161nje doma\u0107instava, izvoza i dr\u017eavne potro\u0161nje. S druge strane, ulaganja su pala. Pove\u0107anje potro\u0161nje doma\u0107instava bila je najve\u0107a u gotovo godinu, prenosi SEEbiz.<\/p>\n\n\n\n<p>Ekonomisti su saop\u0161tili da su potro\u0161nju podstakla doma\u0107instva s vi\u0161im prihodima &#8211; podstaknuta naglim rastom na berzi &#8211; dok je potro\u0161nja doma\u0107instava sa srednjim i ni\u017eim prihodima pala uglavnom zbog visoke inflacije, dijelom i zbog tarifa predsjednika Donalda Trumpa.<\/p>\n\n\n\n<p>Iako je izvje\u0161taj zastario, budu\u0107i da je kasnio 43 dana zbog zatvaranja vlade, ekonomisti ka\u017eu da sna\u017ean privredni rast u posljednjem tromjese\u010dju ne opravdava jo\u0161 jedno smanjenje kamatnih stopa Federalnih rezervi. Inflacija je porasla u tre\u0107em tromjese\u010dju.<\/p>\n\n\n\n<p>BDP je porastao po godi\u0161njoj stopi od 4,3 odsto u posljednjem tromjese\u010dju, \u0161to je najbr\u017ei tempo od tre\u0107eg tromjese\u010dja 2023, navodi se u po\u010detnoj procjeni Zavoda za ekonomske analize Ministarstva trgovine. Ekonomisti su predvi\u0111ali rast BDP-a od 3,3 odsto, a ekonomija je u drugom tromjese\u010dju sko\u010dila 3,8 odsto.<\/p>\n\n\n\n<p>Potro\u0161nja je porasla 3,5 odsto u posljednjem tromjese\u010dju, \u0161to je najbr\u017ei tempo od \u010detvrtog kvartala pro\u0161le godine.<\/p>\n\n\n\n<p>Osim pove\u0107ane kupovine rekreacijske robe i vozila, porasla je i potro\u0161nja na netrajna dobra poput hrane, lijekova, odje\u0107e i obu\u0107e. Potro\u0161a\u010di su tako\u0111e vi\u0161e tro\u0161ili na zdravstvenu za\u0161titu, uklju\u010duju\u0107i bolni\u010dku i medicinsku njegu.<\/p>\n\n\n\n<p>Ipak, ti podaci sada su zastarjeli. Maloprodaja je stagnirala u oktobru, a kupovina motornih vozila tako\u0111e je pala u posljednja dva mjeseca. Kongresni ured za bud\u017eet, nezavisni think tank, procijenio je da bi zatvaranje vlade moglo smanjiti BDP u \u010detvrtom tromjese\u010dju za jedan do dva procentna boda.&nbsp;<\/p>\n\n\n\n<p>Tako\u0111e je predvidio da \u0107e se ve\u0107ina gubitka BDP-a nadoknaditi, s deficitom izme\u0111u sedam i 14 milijardi USD.<\/p>\n\n\n\n<p>Ekonomisti ka\u017eu da su, poput bogatijih potro\u0161a\u010da, ve\u0107e kompanije prebrodile udar uvoznih tarifa i sve vi\u0161e ula\u017eu u vje\u0161ta\u010dku inteligenciju, dok se manje bore s tarifama. Korporativni profit porastao je 166,1 milijardu USD u tre\u0107em tromjese\u010dju, u pore\u0111enju s pove\u0107anjem od 6,8 milijardi USD u drugom kvartalu.<\/p>\n\n\n\n<p>Me\u0111utim, inflacija je porasla u posljednjem tromjese\u010dju. Doma\u0107instva se bore s vi\u0161im cijenama u supermarketima i vi\u0161im ra\u010dunima za komunalne usluge, jer brzi rast vje\u0161ta\u010dke inteligencije i prate\u0107e infrastrukture pove\u0107ava potra\u017enju za elektri\u010dnom energijom.<\/p>\n\n\n\n<p>Neki \u0107e potro\u0161a\u010di naredne godine vidjeti nagli rast premija zdravstvenog osiguranja. Indeks potro\u0161a\u010dkih cijena porastao je 2,8 odsto.<\/p>\n\n\n\n<p>Federalne rezerve snizile su referentnu kamatnu stopu jo\u0161 25 baznih bodova ovog mjeseca, na raspon od 3,5 odsto do 3,75 odsto, ali su pokazale da tro\u0161kovi zadu\u017eivanja vjerovatno ne\u0107e pasti u bliskoj budu\u0107nosti.<\/p>\n\n\n\n<p>Dionice na Wall Streetu trgovale su se neznatno vi\u0161e, dolar je pao, a prinosi na kratkoro\u010dne ameri\u010dke dr\u017eavne obveznice porasli su.<\/p>\n\n\n\n<p>Poslovna ulaganja usporila su se u posljednjem tromjese\u010dju, jer su izdaci za infrastrukturu pali sedmo tromjese\u010dje zaredom. Usporavanje je nadokna\u0111eno sna\u017enim ulaganjima u opremu povezanu s vje\u0161ta\u010dkom inteligencijom i izdacima za intelektualno vlasni\u0161tvo.<\/p>\n\n\n\n<p>Izvoz je naglo porastao, dok je uvoz pao drugo tromjese\u010dje zaredom, \u0161to je pomoglo u smanjenju trgovinskog deficita. Carine su uzrokovale velike fluktuacije uvoza.<\/p>\n\n\n\n<p><\/p>","protected":false},"excerpt":{"rendered":"<p>Ameri\u010dka ekonomija je u tre\u0107em tromjese\u010dju rasla po godi\u0161njoj stopi od 4,3 odsto, potaknuta ve\u0107om potro\u0161njom, saop\u0161teno je iz Ministarstva trgovine Sjedinjenih Ameri\u010dkih Dr\u017eava (SAD).<\/p>","protected":false},"author":1,"featured_media":909869,"comment_status":"open","ping_status":"open","sticky":false,"template":"","format":"standard","meta":{"_acf_changed":false,"footnotes":""},"categories":[144],"tags":[626,1571,195],"naslovna":[],"class_list":["post-915408","post","type-post","status-publish","format-standard","has-post-thumbnail","hentry","category-svijet","tag-ekonomija","tag-rast","tag-sad"],"acf":[],"yoast_head":"<!-- This site is optimized with the Yoast SEO plugin v27.0 - https:\/\/yoast.com\/product\/yoast-seo-wordpress\/ -->\n<title>Ameri\u010dka ekonomija porasla najja\u010de u dvije godine - dmcsrb.com<\/title>\n<meta name=\"robots\" content=\"index, follow, max-snippet:-1, max-image-preview:large, max-video-preview:-1\" \/>\n<link rel=\"canonical\" href=\"https:\/\/dmcsrb.com\/en\/svijet\/americka-ekonomija-porasla-najjace-u-dvije-godine\/\" \/>\n<meta property=\"og:locale\" content=\"en_GB\" \/>\n<meta property=\"og:type\" content=\"article\" \/>\n<meta property=\"og:title\" content=\"Ameri\u010dka ekonomija porasla najja\u010de u dvije godine - dmcsrb.com\" \/>\n<meta property=\"og:description\" content=\"Ameri\u010dka ekonomija je u tre\u0107em tromjese\u010dju rasla po godi\u0161njoj stopi od 4,3 odsto, potaknuta ve\u0107om potro\u0161njom, saop\u0161teno je iz Ministarstva trgovine Sjedinjenih Ameri\u010dkih Dr\u017eava (SAD).\" \/>\n<meta property=\"og:url\" content=\"https:\/\/dmcsrb.com\/en\/svijet\/americka-ekonomija-porasla-najjace-u-dvije-godine\/\" \/>\n<meta property=\"og:site_name\" content=\"dmcsrb.com\" \/>\n<meta property=\"article:published_time\" content=\"2025-12-24T09:07:00+00:00\" \/>\n<meta property=\"og:image\" content=\"https:\/\/dmcsrb.com\/wp-content\/uploads\/2026\/01\/banner-3585161_1280.jpg\" \/>\n\t<meta property=\"og:image:width\" content=\"1280\" \/>\n\t<meta property=\"og:image:height\" content=\"853\" \/>\n\t<meta property=\"og:image:type\" content=\"image\/jpeg\" \/>\n<meta name=\"author\" content=\"dmcsrbija.com@gmail.com\" \/>\n<meta name=\"twitter:card\" content=\"summary_large_image\" \/>\n<meta name=\"twitter:label1\" content=\"Written by\" \/>\n\t<meta name=\"twitter:data1\" content=\"dmcsrbija.com@gmail.com\" \/>\n\t<meta name=\"twitter:label2\" content=\"Estimated reading time\" \/>\n\t<meta name=\"twitter:data2\" content=\"3 minutes\" \/>\n<script type=\"application\/ld+json\" class=\"yoast-schema-graph\">{\"@context\":\"https:\/\/schema.org\",\"@graph\":[{\"@type\":\"Article\",\"@id\":\"https:\/\/dmcsrb.com\/svijet\/americka-ekonomija-porasla-najjace-u-dvije-godine\/#article\",\"isPartOf\":{\"@id\":\"https:\/\/dmcsrb.com\/svijet\/americka-ekonomija-porasla-najjace-u-dvije-godine\/\"},\"author\":{\"name\":\"dmcsrbija.com@gmail.com\",\"@id\":\"https:\/\/dmcsrb.com\/#\/schema\/person\/5c39170f12db1b8b457732d0b5c854e2\"},\"headline\":\"Ameri\u010dka ekonomija porasla najja\u010de u dvije godine\",\"datePublished\":\"2025-12-24T09:07:00+00:00\",\"mainEntityOfPage\":{\"@id\":\"https:\/\/dmcsrb.com\/svijet\/americka-ekonomija-porasla-najjace-u-dvije-godine\/\"},\"wordCount\":622,\"commentCount\":0,\"image\":{\"@id\":\"https:\/\/dmcsrb.com\/svijet\/americka-ekonomija-porasla-najjace-u-dvije-godine\/#primaryimage\"},\"thumbnailUrl\":\"https:\/\/dmcsrb.com\/wp-content\/uploads\/2026\/01\/banner-3585161_1280.jpg\",\"keywords\":[\"Ekonomija\",\"Rast\",\"SAD\"],\"articleSection\":[\"Svijet\"],\"inLanguage\":\"en-GB\",\"potentialAction\":[{\"@type\":\"CommentAction\",\"name\":\"Comment\",\"target\":[\"https:\/\/dmcsrb.com\/svijet\/americka-ekonomija-porasla-najjace-u-dvije-godine\/#respond\"]}]},{\"@type\":\"WebPage\",\"@id\":\"https:\/\/dmcsrb.com\/svijet\/americka-ekonomija-porasla-najjace-u-dvije-godine\/\",\"url\":\"https:\/\/dmcsrb.com\/svijet\/americka-ekonomija-porasla-najjace-u-dvije-godine\/\",\"name\":\"Ameri\u010dka ekonomija porasla najja\u010de u dvije godine - dmcsrb.com\",\"isPartOf\":{\"@id\":\"https:\/\/dmcsrb.com\/#website\"},\"primaryImageOfPage\":{\"@id\":\"https:\/\/dmcsrb.com\/svijet\/americka-ekonomija-porasla-najjace-u-dvije-godine\/#primaryimage\"},\"image\":{\"@id\":\"https:\/\/dmcsrb.com\/svijet\/americka-ekonomija-porasla-najjace-u-dvije-godine\/#primaryimage\"},\"thumbnailUrl\":\"https:\/\/dmcsrb.com\/wp-content\/uploads\/2026\/01\/banner-3585161_1280.jpg\",\"datePublished\":\"2025-12-24T09:07:00+00:00\",\"author\":{\"@id\":\"https:\/\/dmcsrb.com\/#\/schema\/person\/5c39170f12db1b8b457732d0b5c854e2\"},\"breadcrumb\":{\"@id\":\"https:\/\/dmcsrb.com\/svijet\/americka-ekonomija-porasla-najjace-u-dvije-godine\/#breadcrumb\"},\"inLanguage\":\"en-GB\",\"potentialAction\":[{\"@type\":\"ReadAction\",\"target\":[\"https:\/\/dmcsrb.com\/svijet\/americka-ekonomija-porasla-najjace-u-dvije-godine\/\"]}]},{\"@type\":\"ImageObject\",\"inLanguage\":\"en-GB\",\"@id\":\"https:\/\/dmcsrb.com\/svijet\/americka-ekonomija-porasla-najjace-u-dvije-godine\/#primaryimage\",\"url\":\"https:\/\/dmcsrb.com\/wp-content\/uploads\/2026\/01\/banner-3585161_1280.jpg\",\"contentUrl\":\"https:\/\/dmcsrb.com\/wp-content\/uploads\/2026\/01\/banner-3585161_1280.jpg\",\"width\":1280,\"height\":853},{\"@type\":\"BreadcrumbList\",\"@id\":\"https:\/\/dmcsrb.com\/svijet\/americka-ekonomija-porasla-najjace-u-dvije-godine\/#breadcrumb\",\"itemListElement\":[{\"@type\":\"ListItem\",\"position\":1,\"name\":\"Home\",\"item\":\"https:\/\/dmcsrb.com\/\"},{\"@type\":\"ListItem\",\"position\":2,\"name\":\"Ameri\u010dka ekonomija porasla najja\u010de u dvije godine\"}]},{\"@type\":\"WebSite\",\"@id\":\"https:\/\/dmcsrb.com\/#website\",\"url\":\"https:\/\/dmcsrb.com\/\",\"name\":\"dmcsrb.com\",\"description\":\"\",\"potentialAction\":[{\"@type\":\"SearchAction\",\"target\":{\"@type\":\"EntryPoint\",\"urlTemplate\":\"https:\/\/dmcsrb.com\/?s={search_term_string}\"},\"query-input\":{\"@type\":\"PropertyValueSpecification\",\"valueRequired\":true,\"valueName\":\"search_term_string\"}}],\"inLanguage\":\"en-GB\"},{\"@type\":\"Person\",\"@id\":\"https:\/\/dmcsrb.com\/#\/schema\/person\/5c39170f12db1b8b457732d0b5c854e2\",\"name\":\"dmcsrbija.com@gmail.com\",\"image\":{\"@type\":\"ImageObject\",\"inLanguage\":\"en-GB\",\"@id\":\"https:\/\/dmcsrb.com\/#\/schema\/person\/image\/\",\"url\":\"https:\/\/secure.gravatar.com\/avatar\/68592660ad6347fad0fb587f8d5d8f1a7b44961362f56e4f2cd524feb87e9069?s=96&d=mm&r=g\",\"contentUrl\":\"https:\/\/secure.gravatar.com\/avatar\/68592660ad6347fad0fb587f8d5d8f1a7b44961362f56e4f2cd524feb87e9069?s=96&d=mm&r=g\",\"caption\":\"dmcsrbija.com@gmail.com\"},\"sameAs\":[\"https:\/\/dmcsrb.com\"],\"url\":\"https:\/\/dmcsrb.com\/en\/author\/dmcsrbija-comgmail-com\/\"}]}<\/script>\n<!-- \/ Yoast SEO plugin. -->","yoast_head_json":{"title":"Ameri\u010dka ekonomija porasla najja\u010de u dvije godine - dmcsrb.com","robots":{"index":"index","follow":"follow","max-snippet":"max-snippet:-1","max-image-preview":"max-image-preview:large","max-video-preview":"max-video-preview:-1"},"canonical":"https:\/\/dmcsrb.com\/en\/svijet\/americka-ekonomija-porasla-najjace-u-dvije-godine\/","og_locale":"en_GB","og_type":"article","og_title":"Ameri\u010dka ekonomija porasla najja\u010de u dvije godine - dmcsrb.com","og_description":"Ameri\u010dka ekonomija je u tre\u0107em tromjese\u010dju rasla po godi\u0161njoj stopi od 4,3 odsto, potaknuta ve\u0107om potro\u0161njom, saop\u0161teno je iz Ministarstva trgovine Sjedinjenih Ameri\u010dkih Dr\u017eava (SAD).","og_url":"https:\/\/dmcsrb.com\/en\/svijet\/americka-ekonomija-porasla-najjace-u-dvije-godine\/","og_site_name":"dmcsrb.com","article_published_time":"2025-12-24T09:07:00+00:00","og_image":[{"width":1280,"height":853,"url":"https:\/\/dmcsrb.com\/wp-content\/uploads\/2026\/01\/banner-3585161_1280.jpg","type":"image\/jpeg"}],"author":"dmcsrbija.com@gmail.com","twitter_card":"summary_large_image","twitter_misc":{"Written by":"dmcsrbija.com@gmail.com","Estimated reading time":"3 minutes"},"schema":{"@context":"https:\/\/schema.org","@graph":[{"@type":"Article","@id":"https:\/\/dmcsrb.com\/svijet\/americka-ekonomija-porasla-najjace-u-dvije-godine\/#article","isPartOf":{"@id":"https:\/\/dmcsrb.com\/svijet\/americka-ekonomija-porasla-najjace-u-dvije-godine\/"},"author":{"name":"dmcsrbija.com@gmail.com","@id":"https:\/\/dmcsrb.com\/#\/schema\/person\/5c39170f12db1b8b457732d0b5c854e2"},"headline":"Ameri\u010dka ekonomija porasla najja\u010de u dvije godine","datePublished":"2025-12-24T09:07:00+00:00","mainEntityOfPage":{"@id":"https:\/\/dmcsrb.com\/svijet\/americka-ekonomija-porasla-najjace-u-dvije-godine\/"},"wordCount":622,"commentCount":0,"image":{"@id":"https:\/\/dmcsrb.com\/svijet\/americka-ekonomija-porasla-najjace-u-dvije-godine\/#primaryimage"},"thumbnailUrl":"https:\/\/dmcsrb.com\/wp-content\/uploads\/2026\/01\/banner-3585161_1280.jpg","keywords":["Ekonomija","Rast","SAD"],"articleSection":["Svijet"],"inLanguage":"en-GB","potentialAction":[{"@type":"CommentAction","name":"Comment","target":["https:\/\/dmcsrb.com\/svijet\/americka-ekonomija-porasla-najjace-u-dvije-godine\/#respond"]}]},{"@type":"WebPage","@id":"https:\/\/dmcsrb.com\/svijet\/americka-ekonomija-porasla-najjace-u-dvije-godine\/","url":"https:\/\/dmcsrb.com\/svijet\/americka-ekonomija-porasla-najjace-u-dvije-godine\/","name":"Ameri\u010dka ekonomija porasla najja\u010de u dvije godine - dmcsrb.com","isPartOf":{"@id":"https:\/\/dmcsrb.com\/#website"},"primaryImageOfPage":{"@id":"https:\/\/dmcsrb.com\/svijet\/americka-ekonomija-porasla-najjace-u-dvije-godine\/#primaryimage"},"image":{"@id":"https:\/\/dmcsrb.com\/svijet\/americka-ekonomija-porasla-najjace-u-dvije-godine\/#primaryimage"},"thumbnailUrl":"https:\/\/dmcsrb.com\/wp-content\/uploads\/2026\/01\/banner-3585161_1280.jpg","datePublished":"2025-12-24T09:07:00+00:00","author":{"@id":"https:\/\/dmcsrb.com\/#\/schema\/person\/5c39170f12db1b8b457732d0b5c854e2"},"breadcrumb":{"@id":"https:\/\/dmcsrb.com\/svijet\/americka-ekonomija-porasla-najjace-u-dvije-godine\/#breadcrumb"},"inLanguage":"en-GB","potentialAction":[{"@type":"ReadAction","target":["https:\/\/dmcsrb.com\/svijet\/americka-ekonomija-porasla-najjace-u-dvije-godine\/"]}]},{"@type":"ImageObject","inLanguage":"en-GB","@id":"https:\/\/dmcsrb.com\/svijet\/americka-ekonomija-porasla-najjace-u-dvije-godine\/#primaryimage","url":"https:\/\/dmcsrb.com\/wp-content\/uploads\/2026\/01\/banner-3585161_1280.jpg","contentUrl":"https:\/\/dmcsrb.com\/wp-content\/uploads\/2026\/01\/banner-3585161_1280.jpg","width":1280,"height":853},{"@type":"BreadcrumbList","@id":"https:\/\/dmcsrb.com\/svijet\/americka-ekonomija-porasla-najjace-u-dvije-godine\/#breadcrumb","itemListElement":[{"@type":"ListItem","position":1,"name":"Home","item":"https:\/\/dmcsrb.com\/"},{"@type":"ListItem","position":2,"name":"Ameri\u010dka ekonomija porasla najja\u010de u dvije godine"}]},{"@type":"WebSite","@id":"https:\/\/dmcsrb.com\/#website","url":"https:\/\/dmcsrb.com\/","name":"dmcsrb.com","description":"","potentialAction":[{"@type":"SearchAction","target":{"@type":"EntryPoint","urlTemplate":"https:\/\/dmcsrb.com\/?s={search_term_string}"},"query-input":{"@type":"PropertyValueSpecification","valueRequired":true,"valueName":"search_term_string"}}],"inLanguage":"en-GB"},{"@type":"Person","@id":"https:\/\/dmcsrb.com\/#\/schema\/person\/5c39170f12db1b8b457732d0b5c854e2","name":"dmcsrbija.com@gmail.com","image":{"@type":"ImageObject","inLanguage":"en-GB","@id":"https:\/\/dmcsrb.com\/#\/schema\/person\/image\/","url":"https:\/\/secure.gravatar.com\/avatar\/68592660ad6347fad0fb587f8d5d8f1a7b44961362f56e4f2cd524feb87e9069?s=96&d=mm&r=g","contentUrl":"https:\/\/secure.gravatar.com\/avatar\/68592660ad6347fad0fb587f8d5d8f1a7b44961362f56e4f2cd524feb87e9069?s=96&d=mm&r=g","caption":"dmcsrbija.com@gmail.com"},"sameAs":["https:\/\/dmcsrb.com"],"url":"https:\/\/dmcsrb.com\/en\/author\/dmcsrbija-comgmail-com\/"}]}},"_links":{"self":[{"href":"https:\/\/dmcsrb.com\/en\/wp-json\/wp\/v2\/posts\/915408","targetHints":{"allow":["GET"]}}],"collection":[{"href":"https:\/\/dmcsrb.com\/en\/wp-json\/wp\/v2\/posts"}],"about":[{"href":"https:\/\/dmcsrb.com\/en\/wp-json\/wp\/v2\/types\/post"}],"author":[{"embeddable":true,"href":"https:\/\/dmcsrb.com\/en\/wp-json\/wp\/v2\/users\/1"}],"replies":[{"embeddable":true,"href":"https:\/\/dmcsrb.com\/en\/wp-json\/wp\/v2\/comments?post=915408"}],"version-history":[{"count":0,"href":"https:\/\/dmcsrb.com\/en\/wp-json\/wp\/v2\/posts\/915408\/revisions"}],"wp:featuredmedia":[{"embeddable":true,"href":"https:\/\/dmcsrb.com\/en\/wp-json\/wp\/v2\/media\/909869"}],"wp:attachment":[{"href":"https:\/\/dmcsrb.com\/en\/wp-json\/wp\/v2\/media?parent=915408"}],"wp:term":[{"taxonomy":"category","embeddable":true,"href":"https:\/\/dmcsrb.com\/en\/wp-json\/wp\/v2\/categories?post=915408"},{"taxonomy":"post_tag","embeddable":true,"href":"https:\/\/dmcsrb.com\/en\/wp-json\/wp\/v2\/tags?post=915408"},{"taxonomy":"naslovna","embeddable":true,"href":"https:\/\/dmcsrb.com\/en\/wp-json\/wp\/v2\/naslovna?post=915408"}],"curies":[{"name":"wp","href":"https:\/\/api.w.org\/{rel}","templated":true}]}}