{"id":915389,"date":"2025-12-24T19:40:00","date_gmt":"2025-12-24T18:40:00","guid":{"rendered":"https:\/\/dmcsrb.com\/uncategorized\/skupstina-glavnog-grada-usvojen-rekordni-budzet-za-narednu-godinu-u-kasi-1642-miliona\/"},"modified":"2025-12-24T19:40:00","modified_gmt":"2025-12-24T18:40:00","slug":"skupstina-glavnog-grada-usvojen-rekordni-budzet-za-narednu-godinu-u-kasi-1642-miliona","status":"publish","type":"post","link":"https:\/\/dmcsrb.com\/en\/podgorica\/skupstina-glavnog-grada-usvojen-rekordni-budzet-za-narednu-godinu-u-kasi-1642-miliona\/","title":{"rendered":"Skup\u0161tina Glavnog grada: Usvojen rekordni bud\u017eet &#8211; za narednu godinu u kasi 164,2 miliona"},"content":{"rendered":"<p>Skup\u0161tina je odbila pet amandmana za bud\u017eet odbornika Milo\u0161a Ma\u0161kovi\u0107a, kao i tri amandmana odbornika Ilije Mugo\u0161e i tri amandmana odbornika Sr\u0111ana Peri\u0107a, kao i dva amandmana odbornika Mirze Krni\u0107a. Gradona\u010delnik Mujovi\u0107 je prihvatio \u010detiri podnijeta amandmana na bud\u017eet koji nisu bili sastavni dio glasanja.<\/p>\n\n\n\n<p>Zeleno svjetlo dato je i za Predlog odluke o prenosu prava svojine Pravoslavnoj Mitropoliji Crnogorsko-Primorskoj na gra\u0111evinskom zemlji\u0161tu.<\/p>\n\n\n\n<p>Glasovima svih 50 odbornika usvojen je Predlog odluke o odre\u0111ivanju lokacije sa elementima urbanisti\u010dko-tehni\u010dkih uslova za izgradnju lokalnog objekta od op\u0161teg interesa objekat sporta i rekreacije, kao i bez glasova protiv Predlog odluke o uslovima i na\u010dinu dr\u017eanja ku\u0107nih ljubimaca i na\u010dinu postupanja sa napu\u0161tenim i izgubljenim ku\u0107nim ljubimcima.<\/p>\n\n\n\n<p>Odbornici su dali podr\u0161ku i Predlogu odluke o radnom vremenu, Predlogu odluke o podizanju spomen \u2013 obilje\u017eja davanjem naziva ulicama u Podgorici, dok su odbijeni amandmani odbornika Milivoja Brkovi\u0107a.<\/p>\n\n\n\n<p>Skup\u0161tina je podr\u017eala i Predlog odluke o dono\u0161enju Statuta dru\u0161tva sa ograni\u010denom odgovorno\u0161\u0107u \u201cAgencija za izradu lokalnih planskih dokumenata\u201d Podgorica, Predlog odluke o davanju saglasnosti na Odluku o dopuni Statuta \u201cTr\u017enice i pijace\u201d d.o.o. Podgorica, Predlog odluke o davanju saglasnosti na Odluku o izmjenama i dopunama Statuta Javne ustanove Dnevni centar za djecu i omladinu sa smetnjama i te\u0161ko\u0107ama u razvoju \u2013 Podgorica, Predlog odluke o dopuni Odluke o osnivanju \u201cPutevi\u201d d.o.o. Podgorica, Predlog odluke o izmjenama i dopunama Odluke o uslovima i postupku finansiranja projekata i programa nevladinih organizacija, Predlog odluke o dono\u0161enju izmjena i dopuna Elaborata o parking zonama, dozvoljenom vremenu parkiranja, kategoriji motornih vozila koja se mogu parkirati i na\u010dinu naplate naknade za parkiranje na op\u0161tim i posebnim parkirali\u0161tima u Podgorici \u2013 dio grada preko Mora\u010de i centralne gradske zone.<\/p>\n\n\n\n<p>Skup\u0161tina nije usvojila Predlog odluke o stavljanju van snage Odluke o prestanku va\u017eenja Odluke o dono\u0161enju Detaljnog urbanisti\u010dkog plana \u201cGorica C\u201d u Podgorici.<\/p>\n\n\n\n<p>Odbornici su podr\u017eai Predlog odluke o davanju saglasnosti na Odluku o raspodjeli ostvarene dobiti \u201cAgencije za izgradnju i razvoj Podgorice\u201d d.o.o. Podgorica, Predlog odluke o davanju saglasnosti na Cjenovnik sakupljanja i odvoza komunalnog otpada \u201c\u010cisto\u0107a\u201d d.o.o. Podgorica, Predlog odluke o davanju saglasnosti na Cjenovnik usluga na odr\u017eavanju javne rasvjete i svjetlosne signalizacije \u201cKomunalne usluge\u201d d.o.o. Podgorica, Predlog odluke o davanju saglasnosti na Cjenovnik roba, usluga i radova \u201cZelenilo\u201d d.o.o. \u2013 Podgorica.<\/p>\n\n\n\n<p>Skup\u0161tina je jednoglasno usvojila Predlog odluke o isplati zimnice zaposlenima u organima lokalne uprave, slu\u017ebama i javnim ustanovama Glavnog grada za 2025. godinu, kao i amandman odbornika Milo\u0161a Ma\u0161kovi\u0107a na ovaj predlog. Jednoglasno je usvojen i Predlog programa rada Skup\u0161tine Glavnog grada \u2013 Podgorice za 2026. godinu.<\/p>\n\n\n\n<p>Iako ju\u010de povu\u010dena ta\u010dka, Skup\u0161tina je danas usvojila Predlog odluke o izmjeni Odluke o naknadama odbornicima u Skup\u0161tini Glavnog grada \u2013 Podgorice.<\/p>\n\n\n\n<p>Usvojeni su programi obavljanja komunalnih djelatnosti za preduze\u0107a Vodovod i kanalizacija, \u010cisto\u0107a, Deponija, Komunalne usluge, Pogrebne usluge, Zelenilo, Tr\u017enice i pijace, Putevi, kao i programe rada Agencije za stanovanje, Agencije za upravljanje za\u0161ti\u0107enim podru\u010djima Glavnog grada, Sportskih objekata, JU Biblioteka Radosav Ljumovi\u0107, JU KIC Budo Tomovi\u0107, JU Gradsko pozori\u0161te, JU Muzeji i galerije, JU Za brigu o djeci &#8211; Dje\u010dji savez, JU Dnevni centar za djecu i omladinu sa smetnjama i te\u0161ko\u0107ama u razvoju i JU Kakaricka gora.<\/p>\n\n\n\n<p>Usvojena je i Povelja o dru\u0161tvenoj koheziji Glavnog grada \u2013 Podgorice, kao i Lokalni akcioni plan za podsticanje rodne ravnopravnosti u Glavnom gradu Podgorica za period.<\/p>\n\n\n\n<p><strong>Ze\u010devi\u0107 direktorica KIC-a Budo Tomovi\u0107<\/strong><\/p>\n\n\n\n<p>Skup\u0161tina je razrije\u0161ila direktoricu KIC Budo Tomovi\u0107, Aidu Batilovi\u0107 zbog neusvajanja godi\u0161njeg izvje\u0161taja o radu ustanove za 2024. godinu.<\/p>\n\n\n\n<p>Za direktoricu KIC-a imenovana je Marijana Ze\u010devi\u0107.<\/p>\n\n\n\n<p>Skup\u0161tina je usvojila i Predlog rje\u0161enja o razrje\u0161enju \u010dlana Savjeta RTV Podgorica, kojim se razrje\u0161ava Zoran Rako\u010devi\u0107 zbog podno\u0161enja ostavke, kao i Predlog kojim se Mitar \u0160u\u0161i\u0107 razrje\u0161ava du\u017enosti \u010dlana Odbora za finansije, privredu i razvoj Skup\u0161tine Glavnog grada zbog podno\u0161enja ostavke, a za \u010dlanicu Odbora se imenuje Ma\u0161a Stevovi\u0107.<\/p>\n\n\n\n<p><strong>Tok sjednice mogli ste pratiti u\u017eivo na Portalu RTV Podgorica:<\/strong><\/p>\n\n\n\n<p>Odbornici Skup\u0161tine Glavnog grada zavr\u0161ili su raspravu o 53 ta\u010dke dnevnog reda, me\u0111u kojima i Predlog bud\u017eeta Glavnog grada i Strate\u0161ki plan Podgorice.<\/p>\n\n\n\n<p>Predsjednica Skup\u0161tine Glavnog grada Jelena Borovini\u0107 Bojovi\u0107 saop\u0161tila je da je dio \u0161efova odborni\u010dkih klubova apelovao da se na dnevni red vrati ta\u010dka za pove\u0107anje naknada odbornicima, a ovo su potpisali \u0161efovi odborni\u010dkih klubova An\u0111ela Mi\u0107ovi\u0107, Mitar Paunovi\u0107, Vladimir Bulatovi\u0107, Andrija Klikovac i Milo\u0161 Ma\u0161kovi\u0107.<\/p>\n\n\n\n<p>Ona je podsjetila da je odbornik Mitar \u0160u\u0161i\u0107 ju\u010de povukao ovu ta\u010dku, ali da su \u0161efovi zahtijevali da se vrati ova ta\u010dka.<\/p>\n\n\n\n<p><strong>IZBORI I IMENOVANJA<\/strong><\/p>\n\n\n\n<p>Odbornik DPS-a Andrija Klikovac, odbornik Preokreta Sr\u0111an Peri\u0107 i odbornik Evropskog saveza Milo\u0161 Ma\u0161kovi\u0107, komentari\u0161u\u0107i konkurs za \u010dlanove Savjeta RTV Podgorica, izrazili su nezadovoljstvo radom ovog medija i ure\u0111iva\u010dke politike.<\/p>\n\n\n\n<p><strong>ZAVR\u0160ENA RASPRAVA O ANEKSIMA UGOVORA SA OSAM PREDUZE\u0106A<\/strong><\/p>\n\n\n\n<p>Sekretar Sekretarijata za socijalno staranje, <strong>Stefan Ve\u0161ovi\u0107<\/strong> je pojasnio da se akcioni plan Glavnog grada za period od 2026. do 2028. godine zasniva na Zakonu o rodnoj ravnopravnosti i Evropskoj povelji o rodnoj ravnopravnosti na lokalnom nivou.<\/p>\n\n\n\n<p>&#8220;Obaveza lokalne samouprave je da ovo pravo sprovodi i da elimini\u0161e sve oblike diskriminacij, bilo direktne ili indirektne. Ovaj dokument predstavlja razvojni okvir Glavnog grada za sprovo\u0111enje politike rodne ravnopravnosti&#8221;, naveo je Ve\u0161ovi\u0107.<\/p>\n\n\n\n<p><strong>Ljiljani\u0107: Glavni grad je posve\u0107en vrijednostima dru\u0161tvene kohezije \u2013 dijalogu, inkluziji, solidarnosti i transparentnosti<\/strong><\/p>\n\n\n\n<p>Zamjenica gradona\u010delnika Na\u0111a Ljiljani\u0107 je kazala da je Povelja o dru\u0161tvenoj koheziji Glavnog grada Podgorice proistekla  iz projekta \u2018Zajedno za op\u0161te dobro\u2019, koji realizuju UNDP, UNICEF i UNESCO u saradnji sa Vladom Crne Gore, sa ciljem ja\u010danja povjerenja i dru\u0161tvene povezanosti kroz dijalog i zajedni\u010dke inicijative.<\/p>\n\n\n\n<p>&#8220;Na osnovu preporuka gra\u0111ana i relevantnih aktera sa Podgori\u010dkog dijaloga iz decembra 2024. godine, izra\u0111ena je Povelja sa planom implementacije za period 2026\u20132028. godine. Ona predvi\u0111a formiranje radnih tijela, redovno pra\u0107enje i aktivno uklju\u010divanje gra\u0111ana kroz lokalne dijaloge&#8221;, rekla je Ljiljani\u0107.<\/p>\n\n\n\n<p>Ona navodi da se dru\u0161tvena kohezija unapre\u0111uje kroz kulturu, turizam, obrazovanje, sport, bezbjednost i pristupa\u010dnost. <\/p>\n\n\n\n<p>&#8220;Ovo nije jednokratan projekat, ve\u0107 trajna obaveza. Usvajanjem Povelje \u0161aljemo jasnu poruku da \u017eelimo Podgoricu kao otvoren, solidaran i stabilan grad koji se razvija zajedno sa svojim gra\u0111anima&#8221;, istakla je Ljiljani\u0107.<\/p>\n\n\n\n<p>Sekretar za komunalne poslove&nbsp;<strong>Andrija Babovi\u0107&nbsp;<\/strong>je rekao da su postoje\u0107i ugovori o povjerevanju komunalnih djelatnosti bili donijeti na \u0161est godina, te da su u me\u0111uvremenu izmjenama i dopunama Zakonama o komunalnoj djelatnosti rok produ\u017eili na deset godina.<\/p>\n\n\n\n<p>&#8220;Iz toga razloga se pristupilo dono\u0161enju aneksa za osam komunalnoih preduze\u0107a i njihovo trajanje je produ\u017eeno za \u010detiri godine&#8221;, naveo je Babovi\u0107.&nbsp;<\/p>\n\n\n\n<p><strong>ZAVR\u0160ENA RASPRAVA O PROGRAMIMA RADA JAVNIH USTANOVA<\/strong><\/p>\n\n\n\n<p><strong>Ljiljani\u0107: Opozicija \u0107e uvijek kritikovati &#8211; nekad s pravom, nekad politi\u010dki<\/strong><\/p>\n\n\n\n<p>Zamjenica gradona\u010delnika, <strong>Na\u0111a Ljiljani\u0107 <\/strong>je istakla da su prava svih gra\u0111ana Podgorice i Crne Gore da koriste gradske ustanove, koje su otvorene za sve.<\/p>\n\n\n\n<p>&#8220;Moja reakcija se odnosi na konstruktivnu kritiku opozicije na rad biblioteke. Iskoristi\u0107u priliku da, ispred rukovodstva, skrenem pa\u017enju kolegi Sinanovi\u0107u da ovdje, prije svega predstavljate ustanovu i da na kritike opozicije odgovarate u skladu sa poslom koji obavljate, a ne u odnosu na to da li neko dolazi u biblioteku ili ne dolazi&#8221;, navela je Ljiljani\u0107.<\/p>\n\n\n\n<p>Kako ka\u017ee, opozicija \u0107e uvijek kritikovati &#8211;  &#8220;nekad s pravom, nekad politi\u010dki&#8221;.<\/p>\n\n\n\n<p>&#8220;Moram pohvaliti rad direktorice&nbsp;Dnevni centar za djecu i omladinu sa smetnjama u razvoju, tako\u0111e saglasna sam sa kolegom Peri\u0107em da postoje nedostaci, da samo jedan broj djece ima pravo na potrebu kori\u0161\u0107enja Dnevnog centra&#8221;, navela je Ljiljani\u0107.&nbsp;&nbsp;&nbsp;<\/p>\n\n\n\n<p>Zamjenica gradona\u010delnika je tako\u0111e apelovala da se moraju se po\u0161tovati koleginice i kolege, bez neprimjerenih dobacivanja.<\/p>\n\n\n\n<p>Direktor JU Muzeji i galerije Podgorice, <strong>Dragan Radovi\u0107<\/strong>, kazao je da iz te ustanove nikada nije ukraden nijedan predmet, kako se vi\u0161e puta moglo \u010duti u javnosti.<\/p>\n\n\n\n<p>&#8220;Nikada&nbsp;iz JU Muzei galerija Podgorica nije ukraden nijedan predmet. Na taj na\u010din se baca ljaga i na muzej i na zaposlene. Mi \u0107emo dokazati da se to nikada nije desilo&#8221;, kazao je Radovi\u0107.<\/p>\n\n\n\n<p>Sekretar Sekretarijata za socijalno staranje, <strong>Stefan Ve\u0161ovi\u0107<\/strong> naveo je da su programi rad javnih ustanova iz oblasti socijalne za\u0161tite ura\u0111eni u skladu sa uputstvom o izradi godi\u0161njeg programa rada.<\/p>\n\n\n\n<p>Sekretarijat stoga, kako je rekao, predla\u017ee Skup\u0161tini Glavnog grada da usvoji odluke.<\/p>\n\n\n\n<p>Odbornica DPS-a, <strong>Ana Krivokapi\u0107 <\/strong>je navela da je plan Gradskog pozori\u0161ta za narednu godinu vrlo ambiciozan, kao i da \u0107e imati odre\u0111ene probleme.<\/p>\n\n\n\n<p>&#8220;Imamo problem sa nedostatkom kadra iz tehni\u010dkog sektora, a i kao sa in\u017eenjerima zadu\u017eenim za odr\u017eavanje zgrade kojima nije isplativo da rade u javnoj ustanovi koja ima najmanje plate u ovom sistemu&#8221;, kazala je Krivokapi\u0107.<\/p>\n\n\n\n<p>Ona je navela i da je pola miliona eura malo za ugovore o djelu i da su mjese\u010dni ugovori najmanje 20.000 eura, s obzirom na veliki broj gostuju\u0107ih glumaca. <\/p>\n\n\n\n<p>&#8220;Mislim da jedna ustanova kulture koja u 2026. puni 75 godina postojanja i za koju je sramota da radi u ovakvim uslovima, zaslu\u017euje da dobije zgradu za sve potrebe i kakvu zaslu\u017euje&#8221;, kazala je Krivokapi\u0107.<\/p>\n\n\n\n<p>Odbornik DPS-a <strong>Andrija Klikovac<\/strong> naveo je da \u0107e podnijeti krivi\u010dnu prijavu protiv direktorice Biblioteke, jer je, kako ka\u017ee, o\u0161tetila bud\u017eet te ustanove.<\/p>\n\n\n\n<p>&#8220;Imamo vrlo zanimljivu JU Muzeji i galerije, a malo joj se pridaje zna\u010daja. Nisam zadovoljan koji iznos sredstava se izdvaja za ovu ustanovu. To se posebno odnosi na najave brojnih arheolo\u0161kih istra\u017eivanja na lokalitetu Duklja. Ova javna ustanova ima kapaciteta da rukovodi zna\u010dajnim projektima&#8221;, kazao je Klikovac.<\/p>\n\n\n\n<p>Odbornica <strong>Jelena Milo\u0161evi\u0107<\/strong> navodi da je interesantno da se na svakoj sjednici spominje direktorica Biblioteke, Slavica Ilin\u010di\u0107, te da je to malo \u010dudno.<\/p>\n\n\n\n<p>&#8220;\u0160ta je to \u0161to bode o\u010di toliko odbornicima opozicije? Upravo onaj ko dobro radi, njega treba najvi\u0161e napadati. Popunjenost Biblioteke je na veoma zavidnom nivou i imamo raznovrsne posjetioce. Za vrijeme mandata Ilin\u010di\u0107 uvedena je elektronska revizija fonda, \u010dasopis Kult, oprema za podkast, muzi\u010dki studio i digitalizacija zgrade&#8221;, navela je Milo\u0161evi\u0107.<\/p>\n\n\n\n<p>Odbornik Klikovac (DPS) smatra da je u Biblioteci do\u0161lo do revan\u0161izma.<\/p>\n\n\n\n<p>Odbornik PES-a <strong>Stevan Kandi\u0107<\/strong> je kazao da gre\u0161ke koje napravi Glavni grad pla\u0107aju gra\u0111ani, te da je to slu\u010daj i sa zgradom Gradskog pozori\u0161ta, koja se predugo gradi.<\/p>\n\n\n\n<p>Odbornica SEP-a <strong>Jelena Kne\u017eevi\u0107<\/strong> ukazala je na nedostatke Dnevnog centra, jer prostorna ograni\u010denja dovode u mogu\u0107nost da boravi po 20 djece, a u Podgorici \u017eivi jedna tre\u0107ina stanovni\u0161tva Crne Gore.<\/p>\n\n\n\n<p>&#8220;Defitivno moramo znati da ovi potencijali nisu dovoljni. Problem je i kadrovski potencijal, jer nemamo dovoljan broj stru\u010dnih lica, ne samo u ovom centru ve\u0107 i u cijelom gradu. Mo\u017eete imati odli\u010dnu infrastrukturu, ali ako nemate stru\u010dne i edukovane ljude onda ni\u0161ta niste uradili&#8221;, kazala je Kne\u017eevi\u0107.<\/p>\n\n\n\n<p>Sekretar Ve\u0161ovi\u0107 je naveo da su kada je u pitanju JU Dnevni centar, zahvaljuju\u0107i gradona\u010delniku Mujovi\u0107i i ministru Radunovi\u0107u, prona\u0161li lokaciju gdje \u0107e se graditi novi Dnevni centar i Dnevni centar za osobe starije od 27 godina.<\/p>\n\n\n\n<p>&#8220;To je prvi pomak kada pri\u010damo o tome \u0161ta se uradilo i \u0161ta \u0107e se uraditi. Dobili smo urbanisti\u010dko-tehni\u010dke uslove i ozbiljno smo se posvetili toj temi i ozbiljno radimo na tome da krenemo dalje u naredne korake koji prethode izgradnji dnevnih centara&#8221;, istakao je Ve\u0161ovi\u0107.<\/p>\n\n\n\n<p><strong>ZAVR\u0160ENA RASPRAVA O PROGRAMIMA RADA PREDUZE\u0106A<\/strong><\/p>\n\n\n\n<p><strong>Mujovi\u0107: Rekonstrukcija Trga Bo\u017eane Vu\u010dini\u0107 u drugom kvartalu naredne godine<\/strong><\/p>\n\n\n\n<p>Gradona\u010delnik Mujovi\u0107 o\u010dekuje da rekonstrukcija Trga Bo\u017eane Vu\u010dini\u0107 po\u010dne u drugom kvartalu naredne godine.<\/p>\n\n\n\n<p>&#8220;Govorite da je DPS zapo\u010deo projekat Trga Bo\u017eane Vu\u010dini\u0107, pa ja pitam je li on renoviran i \u0161ta je u\u010dinjeno do sada? Gdje je podzemna gara\u017ea? Vidimo li mi isto? Znate li koje je napore uradila ova gradska administracija uradila zajedno sa Ministarstvom za javne radove da bi taj projekat do\u0161ao u ovu fazu da u drugom kvartalu zapo\u010dnemo radove na rekonstrukciji&#8221;, kazao je Mujovi\u0107.<\/p>\n\n\n\n<p>Isti\u010de da se pominjao i plan za \u0161etali\u0161te Ljubovi\u0107, ali da nije vidio da je tamo bilo \u0161ta radio DPS.<\/p>\n\n\n\n<p>&#8220;U planu javnih radova je i Trg Golooto\u010dkih \u017ertava, Isto\u010dna tribina, pa mi recite je li i to DPS uradio. Jedna stvar je imati ideju, a druga realizovati ove projekte&#8221;, istakao je Mujovi\u0107.<\/p>\n\n\n\n<p>Prema njegovim rije\u010dima, stanje u preduze\u0107ima moralo je da se popravlja, a da su poskupljenja u nekim preduze\u0107ima neminovna.<\/p>\n\n\n\n<p>&#8220;\u010cisto\u0107a je prvo morala da utvrdi ko pla\u0107a i koliko, jer se \u010dini da su u prethodnom periodu postojali povla\u0161\u0107eni krugovi koji su umjesto odre\u0111ene kvadrature pla\u0107ali duplo manje&#8221;, kazao je Mujovi\u0107.<\/p>\n\n\n\n<p>Podsje\u0107a na jo\u0161 jedan zna\u010dajni projekat.<\/p>\n\n\n\n<p>&#8220;Dobili smo saglasnost da postavimo kamere na mjestima koja su detektovana kao divlje deponije. \u010cak 80 divljih deponija bi\u0107e pokriveno video-nadzorom. Raspisan je tender i to je ne\u0161to \u010demu se jako radujem. Na dobrom smo putu da taj veliki problem rije\u0161imo&#8221;, istakao je Mujovi\u0107.<\/p>\n\n\n\n<p><strong>Ze\u010devi\u0107: Kamenolom potreban Glavnom gradu<\/strong><\/p>\n\n\n\n<p>Kamenolom je potreban Glavnom gradu i preduze\u0107u Putevi. Oko 1,64 miliona smo pro\u0161le godine kupili frakcije od koje pravimo asfalt, kazao je direktor Puteva, Rado\u0161 Ze\u010devi\u0107.<\/p>\n\n\n\n<p>Problem je, kako ka\u017ee, \u0161to ovog materijala i nema dovoljno na tr\u017ei\u0161tu, pa je i to dodatni razlog za realizaciju.<\/p>\n\n\n\n<p>&#8220;Kompletan posao nabavke osnovne mehanizacije ko\u0161ta oko 2 miliona. Ako znate da sami kupimo 1,6 milion, onda se vidi koliko je to isplativo. Naravno da \u0107emo raditi i za tre\u0107a lica i za\u0161to ne bi vi\u0161ak usmjeravali za zaradu&#8221;, kazao je Ze\u010devi\u0107.<\/p>\n\n\n\n<p>On je naveo da je ovo sigurno profitabilan posao, ali da to jo\u0161 nije precizno definisano.<\/p>\n\n\n\n<p><strong>Tomovi\u0107: Za ure\u0111enje stambenih objekata naredne godine predvi\u0111eno 1,8 miliona<\/strong><\/p>\n\n\n\n<p>O\u010duvanje stambenog fonda u Glavnom gradu je zahtijevan posao, a posebno treba da raduje je interesovanje i spremnost eta\u017enih vlasnika da ula\u017eu u o\u010duvanje zajedni\u010dkih djelova zgrade i iz godine u godinu je sve ve\u0107e. Bud\u017eetom za 2025. godinu je za ovu namjenu izdvojeno 1,65 miliona, a bud\u017eetom na narednu godinu je predvi\u0111eno 1,8 miliona, kazao je direktor Agencije za stanovanje, Vladimir Tomovi\u0107.<\/p>\n\n\n\n<p>&#8220;Nadam se da \u0107e i naredna godina biti uspje\u0161na kao ova, pa da \u0107e biti potrebe da se opredjeljuju i dodatna sredstva kroz preusmjerenje kako bi se iza\u017elo u susret svim gra\u0111anima. Postavljeni su temelji da naredna godina bude jo\u0161 uspje\u0161nija. Ovih dana bi\u0107e raspisani tenderi za jo\u0161 tri solitera&#8221;, naveo je Tomovi\u0107.<\/p>\n\n\n\n<p>Isti\u010de da se trude da do\u0111e do ustupka da se usluge pla\u0107aju i u ratama, ali da postoji problem da se posao ne naplati. <\/p>\n\n\n\n<p><strong>Katni\u0107: Gra\u0111ani prvo moraju da se ekolo\u0161ki<\/strong> <strong>osvijeste<\/strong><\/p>\n\n\n\n<p>Pomo\u0107nik direktora \u010cisto\u0107e, Vojin Katni\u0107 istakao je da odvajanje otpada ne funkcioni\u0161e na adekvatan na\u010din.<\/p>\n\n\n\n<p>&#8220;Mo\u017eete da izdvojite i milijarde eura i unaprijedite komunalnu infrastrukuru, ali ako mene kao gra\u0111anina ne osvjestite ekolo\u0161ki i stavite u kontekst onoga \u0161to treba, a na\u017ealost to mo\u017ee samo izricanjem kazne. Disciplina mora prvo ku\u0107i da se napravi. Puno mora da se radi na ovom problemu. Da bi motivisali gra\u0111ane da ne\u0161to rade onda moraju da imaju i finansijski interes. Iskustva iz Evrope su da se u dr\u017eavni bud\u017eet opredijele odre\u0111ene sredstva za tzv. sistem depozita, pa se ona daju lokalnim samoupravama i onda imate mogu\u0107nost da za svaku koli\u010dinu otpada date neku naknadu gra\u0111anima. Mi smo takvi da \u0107emo odma napraviti i odre\u0111ena ku\u0107na odlagali\u0161ta kako bi napravili odre\u0111ene prihode i na taj na\u010din&#8221;, kazao je Katni\u0107.<\/p>\n\n\n\n<p><strong>Ni\u0161avi\u0107: Cijena vode bi\u0107e ni\u017ea za \u0161est centi po kubiku<\/strong><\/p>\n\n\n\n<p>Zbog metodologije koja na godi\u0161njem nivou revidira cijenu, u narednoj godini ima\u0107emo ni\u017eu cijenu vode za sve gra\u0111ane, kazao je direktor podgori\u010dkog Vodovoda, Aleksandar Ni\u0161avi\u0107.<\/p>\n\n\n\n<p>&#8220;Cijena vode bi\u0107e ni\u017ea za \u0161est centi po kubiku za sve gra\u0111ani. To zna\u010di da \u0107e i prihodi preduze\u0107a biti zna\u010dajno ni\u017ei, \u0161to pokazuje i program rada, ali je to makar lijepa poruka za gra\u0111ane&#8221;, istakao je Ni\u0161avi\u0107.<\/p>\n\n\n\n<p><strong>Ma\u0161kovi\u0107: U programima rada preduze\u0107a nema ni\u0161ta specijalno \u0161to bi opravdalo pove\u0107anje cijena<\/strong><\/p>\n\n\n\n<p>Odbornik Evropskog saveza Milo\u0161 Ma\u0161kovi\u0107 naveo je da u programima rada preduze\u0107a ne vidi ni\u0161ta specijalno \u0161to bi opravdalo pove\u0107anje cijena usluga.<\/p>\n\n\n\n<p>&#8220;Nismo sigurni da \u0107e gra\u0111ani uz podizanje svih ovih cijena dobiti bolju uslugu ili neke nove usluge&#8221;, istakao je Ma\u0161kovi\u0107.<\/p>\n\n\n\n<p>On je pozvao Sportske objekte da dostave ugovor sa Mtel-om i da je u interesu da se zna kakav je ugovor.<\/p>\n\n\n\n<p>&#8220;Treba da znamo \u0161ta se nalazi u tom ugovoru i ako nema ni\u0161ta sporno ne vidim razlog da se on i ne objavi&#8221;, kazao je Ma\u0161kovi\u0107.<\/p>\n\n\n\n<p>Prema njegovim rije\u010dima, pove\u0107anje cijena usluga bi\u0107e jo\u0161 jedan udar na bud\u017eete gra\u0111ana.<\/p>\n\n\n\n<p><strong>Mara\u0161: Preduze\u0107e Pogrebne usluge godinu zavr\u0161ava godinu sa dobitom od 58.000 eura<\/strong><\/p>\n\n\n\n<p>Odbornica Demokratske Crne Gore Ljiljana Mara\u0161 pohvalila je rad preduze\u0107a Pogrebne usluge, navode\u0107i da je u prethodnom periodu ostvarena dobit od 46.800 eura.<\/p>\n\n\n\n<p>&#8220;Preduze\u0107e ima dobro poslovanje i rukovo\u0111enje. Funkcionalno organizovanje, planiranje i maksimalna posve\u0107enost realizaciji projekata je model po kojem rade uspje\u0161na preduze\u0107a. Ovo preduze\u0107e nije zadu\u017eeno, uspje\u0161no izmiruje zarade i poslovanje finansira iz sopstvenih sredstava. U pro\u0161loj godini dobit je bila 46.800 eura, a za naredni period planirana dobit je 58.000 eura&#8221;, kazala je Mara\u0161.<\/p>\n\n\n\n<p>Isti\u010de da je u ovoj godini za investicije izdvojeno 2,3 miliona, a za narednu godinu bi\u0107e opredijeljeno 1,3 milion eura.<\/p>\n\n\n\n<p>Podsje\u0107a da preduze\u0107e nije mijenjalo cijene usluga, te da \u0107e se u narednom periodu stvoriti uslovi da se grobnice mogu kupiti unaprijed.<\/p>\n\n\n\n<p><strong>Ni\u0161avi\u0107: Vodovod ove godine posluje sa dobitkom od dva miliona eura<\/strong><\/p>\n\n\n\n<p>Na pitanje za\u0161to zaposleni u Vodovodu nisu zaslu\u017eili zimnicu, Ni\u0161avi\u0107 je naveo da su u tom preduze\u0107u zatekli preko \u0161est miliona eura duga i da situacija ne dozvoljava da se ispla\u0107uje bilo koji tro\u0161ak koji nije obavezan.<\/p>\n\n\n\n<p>&#8220;Nerad i neadekvatno tro\u0161enje novca je ostavilo takve posljedice da \u0107e u narednim godinama posebno morati da se vodi ra\u010duna o tome, kao \u0161to se i sada vodi. Tro\u0161kovi su znatno ni\u017ei iz kvartala u kvartal i to je razlog za\u0161to ove godine, nakon \u010detiri godine, prvi put poslujemo sa dobitkom koji \u0107e biti oko dva miliona eura. U prethodnom periodu menad\u017ementi su bili \u0161iroke ruke pa je to ostavilo zna\u010dajne posljedice. Da nije bilo svega toga, vjerovatno bi danas imali za zimnicu, a ovako se borimo sa likvidno\u0161\u0107u&#8221;, kazao je Ni\u0161avi\u0107, odgovaraju\u0107i na pitanje odborniku DPS-a Vladanu Arsovi\u0107u.<\/p>\n\n\n\n<p>Ni\u0161avi\u0107 poru\u010duje da struka rje\u0161ava problem Mareze, te da se radi na \u010di\u0161\u0107enju kanala koji nije \u010di\u0161\u0107en preko 20 godina.<\/p>\n\n\n\n<p><strong>Ze\u010devi\u0107: Naredne godine radi\u0107emo na infrastrukturi u Piperima<\/strong><\/p>\n\n\n\n<p>Agencija za izgradnju i razvoj Podgorice raspisala je tender od 1,1 milion eura, odabran je izvo\u0111a\u010d, a mi iz Puteva nastupamo nakon toga i mi \u0107emo zavr\u0161iti ostatak. Infrastruktura u Piperima je u katastrofalnom stanju i naredna godina bi\u0107e dobra i radi\u0107emo na tome, kazao je direktor Puteva, Rado\u0161 Ze\u010devi\u0107, odgovaraju\u0107i na pitanje odbornika Demokrata Mitra Vukovi\u0107a \u0161ta \u0107e biti ura\u0111eno u ovom mjestu u narednom periodu.<\/p>\n\n\n\n<figure class=\"wp-block-image size-full\"><img decoding=\"async\" src=\"https:\/\/gradski.me\/wp-content\/uploads\/2025\/12\/Rados-Zecevic-Putevi-foto-rtv-pg.jpg\" alt=\"\" class=\"wp-image-899825\"\/><figcaption class=\"wp-element-caption\"><strong><em>Ze\u010devi\u0107\/Foto: RTV PG<\/em><\/strong><\/figcaption><\/figure>\n\n\n\n<p><strong>Paunovi\u0107: Vodovod ulazio u minus, ali davao pola miliona fizi\u010dkim licima<\/strong><\/p>\n\n\n\n<p>Odbornik Demokrata Mitar Paunovi\u0107 kazao je da su u Vodovodu ra\u0111ene razne zloupotrebe tokom vladavine DPS-a.<\/p>\n\n\n\n<p>&#8220;Gradsko preduze\u0107e &#8220;Vodovod i kanalizacije&#8221; je 2016. godine nabavilo navodno terensko vozilo Rend\u017e Rover, a za potrebe tada\u0161njeg direktora i to po cijeni od 15.000 eura. Preduze\u0107e je u\u0161lo u minus, ali su davali pola miliona fizi\u010dkim licima, navija\u010dkim grupama. Osnovni sud u Podgorici je poni\u0161tio aneks ugovora Andrije \u010ca\u0111enovi\u0107a, biv\u0161eg DPS direktora, koji je po prestanku mandata dobio 24 mjese\u010dne neto zarade otpremnine. Pored toga, njihov funkcioner Oskar Huter je dobio naknadu za tri mjeseca obavljanja pozicije od 21.000 eura. Gradona\u010delnik Prijestonice iz Evropskog saveza ga je pozvao da vrati taj novac, a danas je Huter poslanik DPS-a u Skup\u0161tini Crne Gore&#8221;, kazao je Paunovi\u0107.<\/p>\n\n\n\n<p>On je, odgovaraju\u0107i Klikovcu, naveo da nije bio u hotelu Hajat, ali da zna ko je bio u hotelu Splendid:<\/p>\n\n\n\n<p>&#8220;Po mi\u0161ljenju SDT-a sa familijom o tro\u0161ku Ministarstva poljoprivrede, nedavno uhap\u0161eni Milutin Simovi\u0107. Vidje\u0107emo \u0161ta \u0107e pokazati sudski proces, a on je o tro\u0161ku Ministarstva poljoprivrede kojem je fakturisao te boravke sa familijom redovno boravio u deset crnogorskih hotela&#8221;, istakao je Paunovi\u0107.<\/p>\n\n\n\n<p><strong>Klikovac: Ne\u0107emo podr\u017eati pove\u0107anje cijena usluga \u010cisto\u0107e<\/strong><\/p>\n\n\n\n<p>Odbornik DPS-a Andrija Klikovac je naveo da ne\u0107e podr\u017eati pove\u0107anje cijena usluga preduze\u0107a &#8220;\u010cisto\u0107a&#8221;, navode\u0107i da gra\u0111ani pla\u0107aju neke stvari koje ne bi trebalo i da postoje politi\u010dke zloupotrebe.<\/p>\n\n\n\n<p><strong>Bo\u017eovi\u0107: Kapacitet sanitarne kade broj 4 znatno manji od projektovanog<\/strong><\/p>\n\n\n\n<p>Direktor preduze\u0107a &#8220;Deponija&#8221;, Aleksandar Bo\u017eovi\u0107 je kazao da je vrijeme ograni\u010deno kada su u pitanju kapaciteti sanitarnih kada, podsjetiv\u0161i da su Cetinje i Danilovgrad jo\u0161 prije 10 godina po\u010deli da odla\u017eu otpad na deponiji u Podgorici, dok su Plu\u017eine i \u0160avnik po\u010deli 2017. i 2018. godine.<\/p>\n\n\n\n<p>&#8220;Nove lokacije za deponije nama nisu dozvoljene kao Crnoj Gori &#8211; pristupnoj \u010dlanici EU. Do 2035. smo se obavezali da ne\u0107emo graditi nove sanitarne deponije, ve\u0107 \u0107emo samo tra\u017eiti lokacije za centar za upravljanje otpadom, a samim tim \u0107e se umanjivati otpad koji zavr\u0161ava na deponiji&#8221;, kazao je Bo\u017eovi\u0107.<\/p>\n\n\n\n<p>Navodi da sada grade sanitarnu kadu broj 5 i zavr\u0161i\u0107e je za oko dva mjeseca.<\/p>\n\n\n\n<p>&#8220;Imamo spornu situaciju sa sanitarnom kadom broj 4, jer je kapacitet znatno manji nego \u0161to je to planirano. Planirano je na 340.000 tona, a kada se zatvori bi\u0107e oko 250.000 tona. Negdje nam se prakti\u010dno izgubila jedna godina u toj kadi. Sanitarna kada broj 5 bi\u0107e predvi\u0111ena za 400.000 tona, a broj 6 bi\u0107e jo\u0161 ve\u0107a&#8221;, istakao je Bo\u017eovi\u0107.<\/p>\n\n\n\n<figure class=\"wp-block-image size-full\"><img decoding=\"async\" src=\"https:\/\/gradski.me\/wp-content\/uploads\/2025\/12\/Aleksandar-Bozovic-deponija-foto-rtv-pg.jpg\" alt=\"\" class=\"wp-image-899741\"\/><figcaption class=\"wp-element-caption\"><strong><em>Bo\u017eovi\u0107\/Foto: RTV PG<\/em><\/strong><\/figcaption><\/figure>\n\n\n\n<p><strong>Ivanovi\u0107: Krov na SC &#8220;Mora\u010da&#8221; saniran 2017, nakon 35 dana po\u010deo da propu\u0161ta, ali garancija nije aktivirana<\/strong><\/p>\n\n\n\n<p>Izvr\u0161ni direktor preduze\u0107a Sportski objekti, Miljan Ivanovi\u0107 kazao je da se radi na problemu sanacije krova na SC &#8220;Mora\u010da&#8221;.<\/p>\n\n\n\n<p>&#8220;Prvi poziv nije uspio, sada je ponovljen i brzo se o\u010dekuje odgovor drugostepene komisije i nadam se odabiru ponu\u0111a\u010da. Odbornici opozicije su vjerovatno vidoviti i znaju kakav \u0107e biti odgovor. Mi gledamo da se \u0161to prije i kvalitetno zavr\u0161i ovaj posao. Podsje\u0107am da je 2017. ra\u0111ena adaptacija krova, a nakon 35 dana je po\u010deo da propu\u0161ta krov. Garancija je bila osam godina i istekla je 2025. godine. Nakon 35 dana od zavr\u0161etka radova ni\u0161ta se nije preduzelo da se garancija aktivira. Garancija je bila samo 8.000 eura i da li tu prepoznajete neke stvari?&#8221;, kazao je Ivanovi\u0107.<\/p>\n\n\n\n<figure class=\"wp-block-image size-full\"><img decoding=\"async\" src=\"https:\/\/gradski.me\/wp-content\/uploads\/2025\/12\/Miljan-Ivanovic-Sportski-objekti-foto-rtv-pg.jpg\" alt=\"\" class=\"wp-image-899713\"\/><figcaption class=\"wp-element-caption\"><strong><em>Ivanovi\u0107\/Foto: RTV PG<\/em><\/strong><\/figcaption><\/figure>\n\n\n\n<p>Pomo\u0107nik direktora Sportskih direktora, Maja Vujovi\u0107 pojasnila je da u ugovoru prethodnog direktora, Aleksandra Vu\u010dkovi\u0107a, nije predvi\u0111ena otpremnina, ve\u0107 naknada ukoliko do\u0111e do raskida ugovora, \u0161to je bilo predvi\u0111eno i za ranijeg direktora Vojislava Markovi\u0107a.<\/p>\n\n\n\n<p>Na njene rije\u010di reagovao je odbornik Klikovac, tvrde\u0107i da su ra\u0111eni \u0161tetni ugovori za ovo gradsko preduze\u0107e.<\/p>\n\n\n\n<p><strong>Ni\u0161avi\u0107: Funkcioner DPS-a &#8220;posadio&#8221; stub za rasvjetu u korito Mareze<\/strong><\/p>\n\n\n\n<p>Direktor podgori\u010dkog Vodovoda, Aleksandar Ni\u0161avi\u0107 demantovao je odbornike DPS-a o navodnoj pove\u0107anoj mutno\u0107i vode sa Mareze, istakav\u0161i da podaci govore druga\u010dije.<\/p>\n\n\n\n<p>&#8220;Dok je prethodna vlast i prethodni menad\u017ement u Vodovodu 2022. godine imali smo 22 dana mutno\u0107u, 2023. &#8211; 17, a 2024. &#8211; 15 dana i ove godine 16 dana. Broj dana mutno\u0107e se smanjuje i radimo sve na tome da to iskorijenimo. Nerad iz prethodnih godina uti\u010de na mutno\u0107u. Korito rijeke Mareze je zatrpano na na\u010din da se stub od stadiona nalazi u samom koritu, a to je stub stadiona \u010diji je vlasnik funkcioner DPS-a. Tako da je bilo bitnije da va\u0161 funkcioner &#8216;posadi&#8217; stub za rasvjetu za stadion u korito rijeke nego da se korito redovno odr\u017eava. Do\u0161lo je vrijeme da se i za to odgovara i snose posljedice. Sve smo prijavili nadle\u017enim institucijama i vidje\u0107emo reakciju u narednom periodu&#8221;, kazao je Ni\u0161avi\u0107.<\/p>\n\n\n\n<figure class=\"wp-block-image size-full\"><img decoding=\"async\" src=\"https:\/\/gradski.me\/wp-content\/uploads\/2025\/12\/Aleksandar-Nisavic-vodovod-foto-rtv-pg.jpg\" alt=\"\" class=\"wp-image-899702\"\/><figcaption class=\"wp-element-caption\"><strong><em>Ni\u0161avi\u0107\/Foto: RTV PG<\/em><\/strong><\/figcaption><\/figure>\n\n\n\n<p>Isti\u010de da restoran ima uticaj na vodoizvori\u0161te i pregra\u0111ivanje korita rijeke Mareze uti\u010de na to.<\/p>\n\n\n\n<p>&#8220;U va\u0161e vrijeme (DPS) izdata je dozvola za","protected":false},"excerpt":{"rendered":"<p>Skup\u0161tina Glavnog grada usvojila je Predlog odluke o bud\u017eetu Glavnog grada Podgorice za 2026. godinu, \u0161to je ujedno i rekordni bud\u017eet &#8211; 164,2 miliona eura. Odbornici su usvojili i Predlog Strate\u0161kog plana razvoja Glavnog grada Podgorica 2026-2031.<\/p>","protected":false},"author":1,"featured_media":915390,"comment_status":"open","ping_status":"open","sticky":false,"template":"","format":"standard","meta":{"_acf_changed":false,"footnotes":""},"categories":[56],"tags":[4367,4368,174,1318],"naslovna":[],"class_list":["post-915389","post","type-post","status-publish","format-standard","has-post-thumbnail","hentry","category-podgorica","tag-odbornici","tag-rasaprava","tag-sasa-mujovic","tag-skupstina-glavnog-grada"],"acf":[],"yoast_head":"<!-- This site is optimized with the Yoast SEO plugin v27.4 - https:\/\/yoast.com\/product\/yoast-seo-wordpress\/ -->\n<title>Skup\u0161tina Glavnog grada: Usvojen rekordni bud\u017eet - za narednu godinu u kasi 164,2 miliona - dmcsrb.com<\/title>\n<meta name=\"robots\" content=\"index, follow, max-snippet:-1, max-image-preview:large, max-video-preview:-1\" \/>\n<link rel=\"canonical\" href=\"https:\/\/dmcsrb.com\/en\/podgorica\/skupstina-glavnog-grada-usvojen-rekordni-budzet-za-narednu-godinu-u-kasi-1642-miliona\/\" \/>\n<meta property=\"og:locale\" content=\"en_GB\" \/>\n<meta property=\"og:type\" content=\"article\" \/>\n<meta property=\"og:title\" content=\"Skup\u0161tina Glavnog grada: Usvojen rekordni bud\u017eet - za narednu godinu u kasi 164,2 miliona - dmcsrb.com\" \/>\n<meta property=\"og:description\" content=\"Skup\u0161tina Glavnog grada usvojila je Predlog odluke o bud\u017eetu Glavnog grada Podgorice za 2026. godinu, \u0161to je ujedno i rekordni bud\u017eet - 164,2 miliona eura. Odbornici su usvojili i Predlog Strate\u0161kog plana razvoja Glavnog grada Podgorica 2026-2031.\" \/>\n<meta property=\"og:url\" content=\"https:\/\/dmcsrb.com\/en\/podgorica\/skupstina-glavnog-grada-usvojen-rekordni-budzet-za-narednu-godinu-u-kasi-1642-miliona\/\" \/>\n<meta property=\"og:site_name\" content=\"dmcsrb.com\" \/>\n<meta property=\"article:published_time\" content=\"2025-12-24T18:40:00+00:00\" \/>\n<meta property=\"og:image\" content=\"https:\/\/dmcsrb.com\/wp-content\/uploads\/2026\/01\/Sjednica-Skupstine-Glavnog-grada-foto-ss-yt.jpg\" \/>\n\t<meta property=\"og:image:width\" content=\"1320\" \/>\n\t<meta property=\"og:image:height\" content=\"688\" \/>\n\t<meta property=\"og:image:type\" content=\"image\/jpeg\" \/>\n<meta name=\"author\" content=\"dmcsrbija.com@gmail.com\" \/>\n<meta name=\"twitter:card\" content=\"summary_large_image\" \/>\n<meta name=\"twitter:label1\" content=\"Written by\" \/>\n\t<meta name=\"twitter:data1\" content=\"dmcsrbija.com@gmail.com\" \/>\n\t<meta name=\"twitter:label2\" content=\"Estimated reading time\" \/>\n\t<meta name=\"twitter:data2\" content=\"21 minutes\" \/>\n<script type=\"application\/ld+json\" class=\"yoast-schema-graph\">{\"@context\":\"https:\\\/\\\/schema.org\",\"@graph\":[{\"@type\":\"Article\",\"@id\":\"https:\\\/\\\/dmcsrb.com\\\/podgorica\\\/skupstina-glavnog-grada-usvojen-rekordni-budzet-za-narednu-godinu-u-kasi-1642-miliona\\\/#article\",\"isPartOf\":{\"@id\":\"https:\\\/\\\/dmcsrb.com\\\/podgorica\\\/skupstina-glavnog-grada-usvojen-rekordni-budzet-za-narednu-godinu-u-kasi-1642-miliona\\\/\"},\"author\":{\"name\":\"dmcsrbija.com@gmail.com\",\"@id\":\"https:\\\/\\\/dmcsrb.com\\\/#\\\/schema\\\/person\\\/5c39170f12db1b8b457732d0b5c854e2\"},\"headline\":\"Skup\u0161tina Glavnog grada: Usvojen rekordni bud\u017eet &#8211; za narednu godinu u kasi 164,2 miliona\",\"datePublished\":\"2025-12-24T18:40:00+00:00\",\"mainEntityOfPage\":{\"@id\":\"https:\\\/\\\/dmcsrb.com\\\/podgorica\\\/skupstina-glavnog-grada-usvojen-rekordni-budzet-za-narednu-godinu-u-kasi-1642-miliona\\\/\"},\"wordCount\":4242,\"commentCount\":0,\"image\":{\"@id\":\"https:\\\/\\\/dmcsrb.com\\\/podgorica\\\/skupstina-glavnog-grada-usvojen-rekordni-budzet-za-narednu-godinu-u-kasi-1642-miliona\\\/#primaryimage\"},\"thumbnailUrl\":\"https:\\\/\\\/dmcsrb.com\\\/wp-content\\\/uploads\\\/2026\\\/01\\\/Sjednica-Skupstine-Glavnog-grada-foto-ss-yt.jpg\",\"keywords\":[\"odbornici\",\"RAsaprava\",\"Sa\u0161a Mujovi\u0107\",\"Skup\u0161tina Glavnog grada\"],\"articleSection\":[\"Podgorica\"],\"inLanguage\":\"en-GB\",\"potentialAction\":[{\"@type\":\"CommentAction\",\"name\":\"Comment\",\"target\":[\"https:\\\/\\\/dmcsrb.com\\\/podgorica\\\/skupstina-glavnog-grada-usvojen-rekordni-budzet-za-narednu-godinu-u-kasi-1642-miliona\\\/#respond\"]}]},{\"@type\":\"WebPage\",\"@id\":\"https:\\\/\\\/dmcsrb.com\\\/podgorica\\\/skupstina-glavnog-grada-usvojen-rekordni-budzet-za-narednu-godinu-u-kasi-1642-miliona\\\/\",\"url\":\"https:\\\/\\\/dmcsrb.com\\\/podgorica\\\/skupstina-glavnog-grada-usvojen-rekordni-budzet-za-narednu-godinu-u-kasi-1642-miliona\\\/\",\"name\":\"Skup\u0161tina Glavnog grada: Usvojen rekordni bud\u017eet - za narednu godinu u kasi 164,2 miliona - dmcsrb.com\",\"isPartOf\":{\"@id\":\"https:\\\/\\\/dmcsrb.com\\\/#website\"},\"primaryImageOfPage\":{\"@id\":\"https:\\\/\\\/dmcsrb.com\\\/podgorica\\\/skupstina-glavnog-grada-usvojen-rekordni-budzet-za-narednu-godinu-u-kasi-1642-miliona\\\/#primaryimage\"},\"image\":{\"@id\":\"https:\\\/\\\/dmcsrb.com\\\/podgorica\\\/skupstina-glavnog-grada-usvojen-rekordni-budzet-za-narednu-godinu-u-kasi-1642-miliona\\\/#primaryimage\"},\"thumbnailUrl\":\"https:\\\/\\\/dmcsrb.com\\\/wp-content\\\/uploads\\\/2026\\\/01\\\/Sjednica-Skupstine-Glavnog-grada-foto-ss-yt.jpg\",\"datePublished\":\"2025-12-24T18:40:00+00:00\",\"author\":{\"@id\":\"https:\\\/\\\/dmcsrb.com\\\/#\\\/schema\\\/person\\\/5c39170f12db1b8b457732d0b5c854e2\"},\"breadcrumb\":{\"@id\":\"https:\\\/\\\/dmcsrb.com\\\/podgorica\\\/skupstina-glavnog-grada-usvojen-rekordni-budzet-za-narednu-godinu-u-kasi-1642-miliona\\\/#breadcrumb\"},\"inLanguage\":\"en-GB\",\"potentialAction\":[{\"@type\":\"ReadAction\",\"target\":[\"https:\\\/\\\/dmcsrb.com\\\/podgorica\\\/skupstina-glavnog-grada-usvojen-rekordni-budzet-za-narednu-godinu-u-kasi-1642-miliona\\\/\"]}]},{\"@type\":\"ImageObject\",\"inLanguage\":\"en-GB\",\"@id\":\"https:\\\/\\\/dmcsrb.com\\\/podgorica\\\/skupstina-glavnog-grada-usvojen-rekordni-budzet-za-narednu-godinu-u-kasi-1642-miliona\\\/#primaryimage\",\"url\":\"https:\\\/\\\/dmcsrb.com\\\/wp-content\\\/uploads\\\/2026\\\/01\\\/Sjednica-Skupstine-Glavnog-grada-foto-ss-yt.jpg\",\"contentUrl\":\"https:\\\/\\\/dmcsrb.com\\\/wp-content\\\/uploads\\\/2026\\\/01\\\/Sjednica-Skupstine-Glavnog-grada-foto-ss-yt.jpg\",\"width\":1320,\"height\":688},{\"@type\":\"BreadcrumbList\",\"@id\":\"https:\\\/\\\/dmcsrb.com\\\/podgorica\\\/skupstina-glavnog-grada-usvojen-rekordni-budzet-za-narednu-godinu-u-kasi-1642-miliona\\\/#breadcrumb\",\"itemListElement\":[{\"@type\":\"ListItem\",\"position\":1,\"name\":\"Home\",\"item\":\"https:\\\/\\\/dmcsrb.com\\\/\"},{\"@type\":\"ListItem\",\"position\":2,\"name\":\"Skup\u0161tina Glavnog grada: Usvojen rekordni bud\u017eet &#8211; za narednu godinu u kasi 164,2 miliona\"}]},{\"@type\":\"WebSite\",\"@id\":\"https:\\\/\\\/dmcsrb.com\\\/#website\",\"url\":\"https:\\\/\\\/dmcsrb.com\\\/\",\"name\":\"dmcsrb.com\",\"description\":\"\",\"potentialAction\":[{\"@type\":\"SearchAction\",\"target\":{\"@type\":\"EntryPoint\",\"urlTemplate\":\"https:\\\/\\\/dmcsrb.com\\\/?s={search_term_string}\"},\"query-input\":{\"@type\":\"PropertyValueSpecification\",\"valueRequired\":true,\"valueName\":\"search_term_string\"}}],\"inLanguage\":\"en-GB\"},{\"@type\":\"Person\",\"@id\":\"https:\\\/\\\/dmcsrb.com\\\/#\\\/schema\\\/person\\\/5c39170f12db1b8b457732d0b5c854e2\",\"name\":\"dmcsrbija.com@gmail.com\",\"image\":{\"@type\":\"ImageObject\",\"inLanguage\":\"en-GB\",\"@id\":\"https:\\\/\\\/secure.gravatar.com\\\/avatar\\\/68592660ad6347fad0fb587f8d5d8f1a7b44961362f56e4f2cd524feb87e9069?s=96&d=mm&r=g\",\"url\":\"https:\\\/\\\/secure.gravatar.com\\\/avatar\\\/68592660ad6347fad0fb587f8d5d8f1a7b44961362f56e4f2cd524feb87e9069?s=96&d=mm&r=g\",\"contentUrl\":\"https:\\\/\\\/secure.gravatar.com\\\/avatar\\\/68592660ad6347fad0fb587f8d5d8f1a7b44961362f56e4f2cd524feb87e9069?s=96&d=mm&r=g\",\"caption\":\"dmcsrbija.com@gmail.com\"},\"sameAs\":[\"https:\\\/\\\/dmcsrb.com\"],\"url\":\"https:\\\/\\\/dmcsrb.com\\\/en\\\/author\\\/dmcsrbija-comgmail-com\\\/\"}]}<\/script>\n<!-- \/ Yoast SEO plugin. -->","yoast_head_json":{"title":"Skup\u0161tina Glavnog grada: Usvojen rekordni bud\u017eet - za narednu godinu u kasi 164,2 miliona - dmcsrb.com","robots":{"index":"index","follow":"follow","max-snippet":"max-snippet:-1","max-image-preview":"max-image-preview:large","max-video-preview":"max-video-preview:-1"},"canonical":"https:\/\/dmcsrb.com\/en\/podgorica\/skupstina-glavnog-grada-usvojen-rekordni-budzet-za-narednu-godinu-u-kasi-1642-miliona\/","og_locale":"en_GB","og_type":"article","og_title":"Skup\u0161tina Glavnog grada: Usvojen rekordni bud\u017eet - za narednu godinu u kasi 164,2 miliona - dmcsrb.com","og_description":"Skup\u0161tina Glavnog grada usvojila je Predlog odluke o bud\u017eetu Glavnog grada Podgorice za 2026. godinu, \u0161to je ujedno i rekordni bud\u017eet - 164,2 miliona eura. Odbornici su usvojili i Predlog Strate\u0161kog plana razvoja Glavnog grada Podgorica 2026-2031.","og_url":"https:\/\/dmcsrb.com\/en\/podgorica\/skupstina-glavnog-grada-usvojen-rekordni-budzet-za-narednu-godinu-u-kasi-1642-miliona\/","og_site_name":"dmcsrb.com","article_published_time":"2025-12-24T18:40:00+00:00","og_image":[{"width":1320,"height":688,"url":"https:\/\/dmcsrb.com\/wp-content\/uploads\/2026\/01\/Sjednica-Skupstine-Glavnog-grada-foto-ss-yt.jpg","type":"image\/jpeg"}],"author":"dmcsrbija.com@gmail.com","twitter_card":"summary_large_image","twitter_misc":{"Written by":"dmcsrbija.com@gmail.com","Estimated reading time":"21 minutes"},"schema":{"@context":"https:\/\/schema.org","@graph":[{"@type":"Article","@id":"https:\/\/dmcsrb.com\/podgorica\/skupstina-glavnog-grada-usvojen-rekordni-budzet-za-narednu-godinu-u-kasi-1642-miliona\/#article","isPartOf":{"@id":"https:\/\/dmcsrb.com\/podgorica\/skupstina-glavnog-grada-usvojen-rekordni-budzet-za-narednu-godinu-u-kasi-1642-miliona\/"},"author":{"name":"dmcsrbija.com@gmail.com","@id":"https:\/\/dmcsrb.com\/#\/schema\/person\/5c39170f12db1b8b457732d0b5c854e2"},"headline":"Skup\u0161tina Glavnog grada: Usvojen rekordni bud\u017eet &#8211; za narednu godinu u kasi 164,2 miliona","datePublished":"2025-12-24T18:40:00+00:00","mainEntityOfPage":{"@id":"https:\/\/dmcsrb.com\/podgorica\/skupstina-glavnog-grada-usvojen-rekordni-budzet-za-narednu-godinu-u-kasi-1642-miliona\/"},"wordCount":4242,"commentCount":0,"image":{"@id":"https:\/\/dmcsrb.com\/podgorica\/skupstina-glavnog-grada-usvojen-rekordni-budzet-za-narednu-godinu-u-kasi-1642-miliona\/#primaryimage"},"thumbnailUrl":"https:\/\/dmcsrb.com\/wp-content\/uploads\/2026\/01\/Sjednica-Skupstine-Glavnog-grada-foto-ss-yt.jpg","keywords":["odbornici","RAsaprava","Sa\u0161a Mujovi\u0107","Skup\u0161tina Glavnog grada"],"articleSection":["Podgorica"],"inLanguage":"en-GB","potentialAction":[{"@type":"CommentAction","name":"Comment","target":["https:\/\/dmcsrb.com\/podgorica\/skupstina-glavnog-grada-usvojen-rekordni-budzet-za-narednu-godinu-u-kasi-1642-miliona\/#respond"]}]},{"@type":"WebPage","@id":"https:\/\/dmcsrb.com\/podgorica\/skupstina-glavnog-grada-usvojen-rekordni-budzet-za-narednu-godinu-u-kasi-1642-miliona\/","url":"https:\/\/dmcsrb.com\/podgorica\/skupstina-glavnog-grada-usvojen-rekordni-budzet-za-narednu-godinu-u-kasi-1642-miliona\/","name":"Skup\u0161tina Glavnog grada: Usvojen rekordni bud\u017eet - za narednu godinu u kasi 164,2 miliona - dmcsrb.com","isPartOf":{"@id":"https:\/\/dmcsrb.com\/#website"},"primaryImageOfPage":{"@id":"https:\/\/dmcsrb.com\/podgorica\/skupstina-glavnog-grada-usvojen-rekordni-budzet-za-narednu-godinu-u-kasi-1642-miliona\/#primaryimage"},"image":{"@id":"https:\/\/dmcsrb.com\/podgorica\/skupstina-glavnog-grada-usvojen-rekordni-budzet-za-narednu-godinu-u-kasi-1642-miliona\/#primaryimage"},"thumbnailUrl":"https:\/\/dmcsrb.com\/wp-content\/uploads\/2026\/01\/Sjednica-Skupstine-Glavnog-grada-foto-ss-yt.jpg","datePublished":"2025-12-24T18:40:00+00:00","author":{"@id":"https:\/\/dmcsrb.com\/#\/schema\/person\/5c39170f12db1b8b457732d0b5c854e2"},"breadcrumb":{"@id":"https:\/\/dmcsrb.com\/podgorica\/skupstina-glavnog-grada-usvojen-rekordni-budzet-za-narednu-godinu-u-kasi-1642-miliona\/#breadcrumb"},"inLanguage":"en-GB","potentialAction":[{"@type":"ReadAction","target":["https:\/\/dmcsrb.com\/podgorica\/skupstina-glavnog-grada-usvojen-rekordni-budzet-za-narednu-godinu-u-kasi-1642-miliona\/"]}]},{"@type":"ImageObject","inLanguage":"en-GB","@id":"https:\/\/dmcsrb.com\/podgorica\/skupstina-glavnog-grada-usvojen-rekordni-budzet-za-narednu-godinu-u-kasi-1642-miliona\/#primaryimage","url":"https:\/\/dmcsrb.com\/wp-content\/uploads\/2026\/01\/Sjednica-Skupstine-Glavnog-grada-foto-ss-yt.jpg","contentUrl":"https:\/\/dmcsrb.com\/wp-content\/uploads\/2026\/01\/Sjednica-Skupstine-Glavnog-grada-foto-ss-yt.jpg","width":1320,"height":688},{"@type":"BreadcrumbList","@id":"https:\/\/dmcsrb.com\/podgorica\/skupstina-glavnog-grada-usvojen-rekordni-budzet-za-narednu-godinu-u-kasi-1642-miliona\/#breadcrumb","itemListElement":[{"@type":"ListItem","position":1,"name":"Home","item":"https:\/\/dmcsrb.com\/"},{"@type":"ListItem","position":2,"name":"Skup\u0161tina Glavnog grada: Usvojen rekordni bud\u017eet &#8211; za narednu godinu u kasi 164,2 miliona"}]},{"@type":"WebSite","@id":"https:\/\/dmcsrb.com\/#website","url":"https:\/\/dmcsrb.com\/","name":"dmcsrb.com","description":"","potentialAction":[{"@type":"SearchAction","target":{"@type":"EntryPoint","urlTemplate":"https:\/\/dmcsrb.com\/?s={search_term_string}"},"query-input":{"@type":"PropertyValueSpecification","valueRequired":true,"valueName":"search_term_string"}}],"inLanguage":"en-GB"},{"@type":"Person","@id":"https:\/\/dmcsrb.com\/#\/schema\/person\/5c39170f12db1b8b457732d0b5c854e2","name":"dmcsrbija.com@gmail.com","image":{"@type":"ImageObject","inLanguage":"en-GB","@id":"https:\/\/secure.gravatar.com\/avatar\/68592660ad6347fad0fb587f8d5d8f1a7b44961362f56e4f2cd524feb87e9069?s=96&d=mm&r=g","url":"https:\/\/secure.gravatar.com\/avatar\/68592660ad6347fad0fb587f8d5d8f1a7b44961362f56e4f2cd524feb87e9069?s=96&d=mm&r=g","contentUrl":"https:\/\/secure.gravatar.com\/avatar\/68592660ad6347fad0fb587f8d5d8f1a7b44961362f56e4f2cd524feb87e9069?s=96&d=mm&r=g","caption":"dmcsrbija.com@gmail.com"},"sameAs":["https:\/\/dmcsrb.com"],"url":"https:\/\/dmcsrb.com\/en\/author\/dmcsrbija-comgmail-com\/"}]}},"_links":{"self":[{"href":"https:\/\/dmcsrb.com\/en\/wp-json\/wp\/v2\/posts\/915389","targetHints":{"allow":["GET"]}}],"collection":[{"href":"https:\/\/dmcsrb.com\/en\/wp-json\/wp\/v2\/posts"}],"about":[{"href":"https:\/\/dmcsrb.com\/en\/wp-json\/wp\/v2\/types\/post"}],"author":[{"embeddable":true,"href":"https:\/\/dmcsrb.com\/en\/wp-json\/wp\/v2\/users\/1"}],"replies":[{"embeddable":true,"href":"https:\/\/dmcsrb.com\/en\/wp-json\/wp\/v2\/comments?post=915389"}],"version-history":[{"count":0,"href":"https:\/\/dmcsrb.com\/en\/wp-json\/wp\/v2\/posts\/915389\/revisions"}],"wp:featuredmedia":[{"embeddable":true,"href":"https:\/\/dmcsrb.com\/en\/wp-json\/wp\/v2\/media\/915390"}],"wp:attachment":[{"href":"https:\/\/dmcsrb.com\/en\/wp-json\/wp\/v2\/media?parent=915389"}],"wp:term":[{"taxonomy":"category","embeddable":true,"href":"https:\/\/dmcsrb.com\/en\/wp-json\/wp\/v2\/categories?post=915389"},{"taxonomy":"post_tag","embeddable":true,"href":"https:\/\/dmcsrb.com\/en\/wp-json\/wp\/v2\/tags?post=915389"},{"taxonomy":"naslovna","embeddable":true,"href":"https:\/\/dmcsrb.com\/en\/wp-json\/wp\/v2\/naslovna?post=915389"}],"curies":[{"name":"wp","href":"https:\/\/api.w.org\/{rel}","templated":true}]}}