{"id":915363,"date":"2025-12-23T21:56:00","date_gmt":"2025-12-23T20:56:00","guid":{"rendered":"https:\/\/dmcsrb.com\/uncategorized\/tramp-njujork-tajms-nazvao-neprijateljem-naroda\/"},"modified":"2025-12-23T21:56:00","modified_gmt":"2025-12-23T20:56:00","slug":"tramp-njujork-tajms-nazvao-neprijateljem-naroda","status":"publish","type":"post","link":"https:\/\/dmcsrb.com\/en\/svijet\/tramp-njujork-tajms-nazvao-neprijateljem-naroda\/","title":{"rendered":"Tramp \u201eNjujork tajms\u201c nazvao neprijateljem naroda"},"content":{"rendered":"<p><\/p>\n\n\n\n<p>\u201eA ka\u017eu da je izraz \u2018neprijatelj naroda\u2019 \u010disto sovjetski izum. Ovde je jo\u0161 i napisano velikim slovima!\u201c, navela je Margarita Simonjan.<\/p>\n\n\n\n<p>Ranije je ameri\u010dki lider na mre\u017eama napisao da \u201eposrnuli \u2018Njujork tajms\u2019 , sa svojim la\u017eima i namernim izvrtanjem \u010dinjenica, predstavlja ozbiljnu pretnju\u201c nacionalnoj bezbednosti SAD.<\/p>\n\n\n\n<p>Tramp je i tu\u017eio \u201eNjujork tajms\u201c zbog la\u017ei i klevete<a href=\"https:\/\/borba.me\/lavrov-zapad-je-politizovao-i-ukrajinizovao-rad-uneska\/\"><\/a><\/p>\n\n\n\n<p>\u201eNjihovo radikalno levi\u010darsko, neura\u010dunljivo pona\u0161anje, uz neprestano pisanje LA\u017dNIH tekstova i mi\u0161ljenja, mora biti zaustavljeno i tome se mora stati na put. ONI SU PRAVI NEPRIJATELj NARODA! Hvala vam na pa\u017enji posve\u0107enoj ovom pitanju\u201c, poru\u010dio je Tramp.<\/p>\n\n\n\n<p>Po njemu, ne\u010duveno je da je \u201eTajms\u201c svoju podr\u0161ku Kamali Haris, kandidatu demokrata na pro\u0161lim izborima, stavio na naslovnu stranicu, \u0161to maltene predstavlja protivzakoniti doprinos njenoj kampanji.<\/p>\n\n\n\n<p>Ameri\u010dki predsednik je napomenuo da je ve\u0107 uspe\u0161no tu\u017eio \u201ela\u017ene vesti\u201c, navode\u0107i Ej-Bi-Si i D\u017eord\u017ea Stefanopulosa, kao i Si-Bi-Es i \u201e60 minuta\u201c, zbog zle namere i obrasca pona\u0161anja kojem se mora stati na kraj.<\/p>\n\n\n\n<p>\u201ePrevi\u0161e dugo smo dozvolili \u2018Njujork tajmsu\u2019 da me neka\u017enjeno la\u017ee, blati i kleve\u0107e, i to \u0107e sada da prestane\u201c, dodao je Tramp.<\/p>\n\n\n\n<p>Tu\u017eba je podnesena na Floridi, gde Tramp ima stalno prebivali\u0161te, pa se ve\u0107 naga\u0111a da bi sudije i porote mogli biti naklonjeniji njemu nego njujor\u0161kom listu.<\/p>\n\n\n\n<p>Prethodne Trampove tu\u017ebe su se zavr\u0161ile vansudskim poravnanjem. Iako su finansijski detalji tih dogovora obi\u010dno poverljivi, po navodima ameri\u010dkih medija Ej-Bi-Si je platio 15 miliona dolara, a Si-Bi-Es 16 miliona.<\/p>\n\n\n\n<p><\/p>","protected":false},"excerpt":{"rendered":"<p>Ameri\u010dki predsednik Donald Tramp je list \u201eNjujork tajms\u201c nazvao neprijateljem naroda, napisala je na svom Telegramu glavna urednica RT i medijske grupe \u201eRusija sevodnja\u201c Margarita Simonjan.<\/p>","protected":false},"author":1,"featured_media":909320,"comment_status":"open","ping_status":"open","sticky":false,"template":"","format":"standard","meta":{"_acf_changed":false,"footnotes":""},"categories":[144],"tags":[195,2045],"naslovna":[],"class_list":["post-915363","post","type-post","status-publish","format-standard","has-post-thumbnail","hentry","category-svijet","tag-sad","tag-tramp"],"acf":[],"yoast_head":"<!-- This site is optimized with the Yoast SEO plugin v27.4 - https:\/\/yoast.com\/product\/yoast-seo-wordpress\/ -->\n<title>Tramp \u201eNjujork tajms\u201c nazvao neprijateljem naroda - dmcsrb.com<\/title>\n<meta name=\"robots\" content=\"index, follow, max-snippet:-1, max-image-preview:large, max-video-preview:-1\" \/>\n<link rel=\"canonical\" href=\"https:\/\/dmcsrb.com\/en\/svijet\/tramp-njujork-tajms-nazvao-neprijateljem-naroda\/\" \/>\n<meta property=\"og:locale\" content=\"en_GB\" \/>\n<meta property=\"og:type\" content=\"article\" \/>\n<meta property=\"og:title\" content=\"Tramp \u201eNjujork tajms\u201c nazvao neprijateljem naroda - dmcsrb.com\" \/>\n<meta property=\"og:description\" content=\"Ameri\u010dki predsednik Donald Tramp je list \u201eNjujork tajms\u201c nazvao neprijateljem naroda, napisala je na svom Telegramu glavna urednica RT i medijske grupe \u201eRusija sevodnja\u201c Margarita Simonjan.\" \/>\n<meta property=\"og:url\" content=\"https:\/\/dmcsrb.com\/en\/svijet\/tramp-njujork-tajms-nazvao-neprijateljem-naroda\/\" \/>\n<meta property=\"og:site_name\" content=\"dmcsrb.com\" \/>\n<meta property=\"article:published_time\" content=\"2025-12-23T20:56:00+00:00\" \/>\n<meta property=\"og:image\" content=\"https:\/\/dmcsrb.com\/wp-content\/uploads\/2026\/01\/Dinald-Tramp-AP.jpg\" \/>\n\t<meta property=\"og:image:width\" content=\"750\" \/>\n\t<meta property=\"og:image:height\" content=\"482\" \/>\n\t<meta property=\"og:image:type\" content=\"image\/jpeg\" \/>\n<meta name=\"author\" content=\"dmcsrbija.com@gmail.com\" \/>\n<meta name=\"twitter:card\" content=\"summary_large_image\" \/>\n<meta name=\"twitter:label1\" content=\"Written by\" \/>\n\t<meta name=\"twitter:data1\" content=\"dmcsrbija.com@gmail.com\" \/>\n\t<meta name=\"twitter:label2\" content=\"Estimated reading time\" \/>\n\t<meta name=\"twitter:data2\" content=\"1 minute\" \/>\n<script type=\"application\/ld+json\" class=\"yoast-schema-graph\">{\"@context\":\"https:\\\/\\\/schema.org\",\"@graph\":[{\"@type\":\"Article\",\"@id\":\"https:\\\/\\\/dmcsrb.com\\\/svijet\\\/tramp-njujork-tajms-nazvao-neprijateljem-naroda\\\/#article\",\"isPartOf\":{\"@id\":\"https:\\\/\\\/dmcsrb.com\\\/svijet\\\/tramp-njujork-tajms-nazvao-neprijateljem-naroda\\\/\"},\"author\":{\"name\":\"dmcsrbija.com@gmail.com\",\"@id\":\"https:\\\/\\\/dmcsrb.com\\\/#\\\/schema\\\/person\\\/5c39170f12db1b8b457732d0b5c854e2\"},\"headline\":\"Tramp \u201eNjujork tajms\u201c nazvao neprijateljem naroda\",\"datePublished\":\"2025-12-23T20:56:00+00:00\",\"mainEntityOfPage\":{\"@id\":\"https:\\\/\\\/dmcsrb.com\\\/svijet\\\/tramp-njujork-tajms-nazvao-neprijateljem-naroda\\\/\"},\"wordCount\":271,\"commentCount\":0,\"image\":{\"@id\":\"https:\\\/\\\/dmcsrb.com\\\/svijet\\\/tramp-njujork-tajms-nazvao-neprijateljem-naroda\\\/#primaryimage\"},\"thumbnailUrl\":\"https:\\\/\\\/dmcsrb.com\\\/wp-content\\\/uploads\\\/2026\\\/01\\\/Dinald-Tramp-AP.jpg\",\"keywords\":[\"SAD\",\"Tramp\"],\"articleSection\":[\"Svijet\"],\"inLanguage\":\"en-GB\",\"potentialAction\":[{\"@type\":\"CommentAction\",\"name\":\"Comment\",\"target\":[\"https:\\\/\\\/dmcsrb.com\\\/svijet\\\/tramp-njujork-tajms-nazvao-neprijateljem-naroda\\\/#respond\"]}]},{\"@type\":\"WebPage\",\"@id\":\"https:\\\/\\\/dmcsrb.com\\\/svijet\\\/tramp-njujork-tajms-nazvao-neprijateljem-naroda\\\/\",\"url\":\"https:\\\/\\\/dmcsrb.com\\\/svijet\\\/tramp-njujork-tajms-nazvao-neprijateljem-naroda\\\/\",\"name\":\"Tramp \u201eNjujork tajms\u201c nazvao neprijateljem naroda - dmcsrb.com\",\"isPartOf\":{\"@id\":\"https:\\\/\\\/dmcsrb.com\\\/#website\"},\"primaryImageOfPage\":{\"@id\":\"https:\\\/\\\/dmcsrb.com\\\/svijet\\\/tramp-njujork-tajms-nazvao-neprijateljem-naroda\\\/#primaryimage\"},\"image\":{\"@id\":\"https:\\\/\\\/dmcsrb.com\\\/svijet\\\/tramp-njujork-tajms-nazvao-neprijateljem-naroda\\\/#primaryimage\"},\"thumbnailUrl\":\"https:\\\/\\\/dmcsrb.com\\\/wp-content\\\/uploads\\\/2026\\\/01\\\/Dinald-Tramp-AP.jpg\",\"datePublished\":\"2025-12-23T20:56:00+00:00\",\"author\":{\"@id\":\"https:\\\/\\\/dmcsrb.com\\\/#\\\/schema\\\/person\\\/5c39170f12db1b8b457732d0b5c854e2\"},\"breadcrumb\":{\"@id\":\"https:\\\/\\\/dmcsrb.com\\\/svijet\\\/tramp-njujork-tajms-nazvao-neprijateljem-naroda\\\/#breadcrumb\"},\"inLanguage\":\"en-GB\",\"potentialAction\":[{\"@type\":\"ReadAction\",\"target\":[\"https:\\\/\\\/dmcsrb.com\\\/svijet\\\/tramp-njujork-tajms-nazvao-neprijateljem-naroda\\\/\"]}]},{\"@type\":\"ImageObject\",\"inLanguage\":\"en-GB\",\"@id\":\"https:\\\/\\\/dmcsrb.com\\\/svijet\\\/tramp-njujork-tajms-nazvao-neprijateljem-naroda\\\/#primaryimage\",\"url\":\"https:\\\/\\\/dmcsrb.com\\\/wp-content\\\/uploads\\\/2026\\\/01\\\/Dinald-Tramp-AP.jpg\",\"contentUrl\":\"https:\\\/\\\/dmcsrb.com\\\/wp-content\\\/uploads\\\/2026\\\/01\\\/Dinald-Tramp-AP.jpg\",\"width\":750,\"height\":482},{\"@type\":\"BreadcrumbList\",\"@id\":\"https:\\\/\\\/dmcsrb.com\\\/svijet\\\/tramp-njujork-tajms-nazvao-neprijateljem-naroda\\\/#breadcrumb\",\"itemListElement\":[{\"@type\":\"ListItem\",\"position\":1,\"name\":\"Home\",\"item\":\"https:\\\/\\\/dmcsrb.com\\\/\"},{\"@type\":\"ListItem\",\"position\":2,\"name\":\"Tramp \u201eNjujork tajms\u201c nazvao neprijateljem naroda\"}]},{\"@type\":\"WebSite\",\"@id\":\"https:\\\/\\\/dmcsrb.com\\\/#website\",\"url\":\"https:\\\/\\\/dmcsrb.com\\\/\",\"name\":\"dmcsrb.com\",\"description\":\"\",\"potentialAction\":[{\"@type\":\"SearchAction\",\"target\":{\"@type\":\"EntryPoint\",\"urlTemplate\":\"https:\\\/\\\/dmcsrb.com\\\/?s={search_term_string}\"},\"query-input\":{\"@type\":\"PropertyValueSpecification\",\"valueRequired\":true,\"valueName\":\"search_term_string\"}}],\"inLanguage\":\"en-GB\"},{\"@type\":\"Person\",\"@id\":\"https:\\\/\\\/dmcsrb.com\\\/#\\\/schema\\\/person\\\/5c39170f12db1b8b457732d0b5c854e2\",\"name\":\"dmcsrbija.com@gmail.com\",\"image\":{\"@type\":\"ImageObject\",\"inLanguage\":\"en-GB\",\"@id\":\"https:\\\/\\\/secure.gravatar.com\\\/avatar\\\/68592660ad6347fad0fb587f8d5d8f1a7b44961362f56e4f2cd524feb87e9069?s=96&d=mm&r=g\",\"url\":\"https:\\\/\\\/secure.gravatar.com\\\/avatar\\\/68592660ad6347fad0fb587f8d5d8f1a7b44961362f56e4f2cd524feb87e9069?s=96&d=mm&r=g\",\"contentUrl\":\"https:\\\/\\\/secure.gravatar.com\\\/avatar\\\/68592660ad6347fad0fb587f8d5d8f1a7b44961362f56e4f2cd524feb87e9069?s=96&d=mm&r=g\",\"caption\":\"dmcsrbija.com@gmail.com\"},\"sameAs\":[\"https:\\\/\\\/dmcsrb.com\"],\"url\":\"https:\\\/\\\/dmcsrb.com\\\/en\\\/author\\\/dmcsrbija-comgmail-com\\\/\"}]}<\/script>\n<!-- \/ Yoast SEO plugin. -->","yoast_head_json":{"title":"Tramp \u201eNjujork tajms\u201c nazvao neprijateljem naroda - dmcsrb.com","robots":{"index":"index","follow":"follow","max-snippet":"max-snippet:-1","max-image-preview":"max-image-preview:large","max-video-preview":"max-video-preview:-1"},"canonical":"https:\/\/dmcsrb.com\/en\/svijet\/tramp-njujork-tajms-nazvao-neprijateljem-naroda\/","og_locale":"en_GB","og_type":"article","og_title":"Tramp \u201eNjujork tajms\u201c nazvao neprijateljem naroda - dmcsrb.com","og_description":"Ameri\u010dki predsednik Donald Tramp je list \u201eNjujork tajms\u201c nazvao neprijateljem naroda, napisala je na svom Telegramu glavna urednica RT i medijske grupe \u201eRusija sevodnja\u201c Margarita Simonjan.","og_url":"https:\/\/dmcsrb.com\/en\/svijet\/tramp-njujork-tajms-nazvao-neprijateljem-naroda\/","og_site_name":"dmcsrb.com","article_published_time":"2025-12-23T20:56:00+00:00","og_image":[{"width":750,"height":482,"url":"https:\/\/dmcsrb.com\/wp-content\/uploads\/2026\/01\/Dinald-Tramp-AP.jpg","type":"image\/jpeg"}],"author":"dmcsrbija.com@gmail.com","twitter_card":"summary_large_image","twitter_misc":{"Written by":"dmcsrbija.com@gmail.com","Estimated reading time":"1 minute"},"schema":{"@context":"https:\/\/schema.org","@graph":[{"@type":"Article","@id":"https:\/\/dmcsrb.com\/svijet\/tramp-njujork-tajms-nazvao-neprijateljem-naroda\/#article","isPartOf":{"@id":"https:\/\/dmcsrb.com\/svijet\/tramp-njujork-tajms-nazvao-neprijateljem-naroda\/"},"author":{"name":"dmcsrbija.com@gmail.com","@id":"https:\/\/dmcsrb.com\/#\/schema\/person\/5c39170f12db1b8b457732d0b5c854e2"},"headline":"Tramp \u201eNjujork tajms\u201c nazvao neprijateljem naroda","datePublished":"2025-12-23T20:56:00+00:00","mainEntityOfPage":{"@id":"https:\/\/dmcsrb.com\/svijet\/tramp-njujork-tajms-nazvao-neprijateljem-naroda\/"},"wordCount":271,"commentCount":0,"image":{"@id":"https:\/\/dmcsrb.com\/svijet\/tramp-njujork-tajms-nazvao-neprijateljem-naroda\/#primaryimage"},"thumbnailUrl":"https:\/\/dmcsrb.com\/wp-content\/uploads\/2026\/01\/Dinald-Tramp-AP.jpg","keywords":["SAD","Tramp"],"articleSection":["Svijet"],"inLanguage":"en-GB","potentialAction":[{"@type":"CommentAction","name":"Comment","target":["https:\/\/dmcsrb.com\/svijet\/tramp-njujork-tajms-nazvao-neprijateljem-naroda\/#respond"]}]},{"@type":"WebPage","@id":"https:\/\/dmcsrb.com\/svijet\/tramp-njujork-tajms-nazvao-neprijateljem-naroda\/","url":"https:\/\/dmcsrb.com\/svijet\/tramp-njujork-tajms-nazvao-neprijateljem-naroda\/","name":"Tramp \u201eNjujork tajms\u201c nazvao neprijateljem naroda - dmcsrb.com","isPartOf":{"@id":"https:\/\/dmcsrb.com\/#website"},"primaryImageOfPage":{"@id":"https:\/\/dmcsrb.com\/svijet\/tramp-njujork-tajms-nazvao-neprijateljem-naroda\/#primaryimage"},"image":{"@id":"https:\/\/dmcsrb.com\/svijet\/tramp-njujork-tajms-nazvao-neprijateljem-naroda\/#primaryimage"},"thumbnailUrl":"https:\/\/dmcsrb.com\/wp-content\/uploads\/2026\/01\/Dinald-Tramp-AP.jpg","datePublished":"2025-12-23T20:56:00+00:00","author":{"@id":"https:\/\/dmcsrb.com\/#\/schema\/person\/5c39170f12db1b8b457732d0b5c854e2"},"breadcrumb":{"@id":"https:\/\/dmcsrb.com\/svijet\/tramp-njujork-tajms-nazvao-neprijateljem-naroda\/#breadcrumb"},"inLanguage":"en-GB","potentialAction":[{"@type":"ReadAction","target":["https:\/\/dmcsrb.com\/svijet\/tramp-njujork-tajms-nazvao-neprijateljem-naroda\/"]}]},{"@type":"ImageObject","inLanguage":"en-GB","@id":"https:\/\/dmcsrb.com\/svijet\/tramp-njujork-tajms-nazvao-neprijateljem-naroda\/#primaryimage","url":"https:\/\/dmcsrb.com\/wp-content\/uploads\/2026\/01\/Dinald-Tramp-AP.jpg","contentUrl":"https:\/\/dmcsrb.com\/wp-content\/uploads\/2026\/01\/Dinald-Tramp-AP.jpg","width":750,"height":482},{"@type":"BreadcrumbList","@id":"https:\/\/dmcsrb.com\/svijet\/tramp-njujork-tajms-nazvao-neprijateljem-naroda\/#breadcrumb","itemListElement":[{"@type":"ListItem","position":1,"name":"Home","item":"https:\/\/dmcsrb.com\/"},{"@type":"ListItem","position":2,"name":"Tramp \u201eNjujork tajms\u201c nazvao neprijateljem naroda"}]},{"@type":"WebSite","@id":"https:\/\/dmcsrb.com\/#website","url":"https:\/\/dmcsrb.com\/","name":"dmcsrb.com","description":"","potentialAction":[{"@type":"SearchAction","target":{"@type":"EntryPoint","urlTemplate":"https:\/\/dmcsrb.com\/?s={search_term_string}"},"query-input":{"@type":"PropertyValueSpecification","valueRequired":true,"valueName":"search_term_string"}}],"inLanguage":"en-GB"},{"@type":"Person","@id":"https:\/\/dmcsrb.com\/#\/schema\/person\/5c39170f12db1b8b457732d0b5c854e2","name":"dmcsrbija.com@gmail.com","image":{"@type":"ImageObject","inLanguage":"en-GB","@id":"https:\/\/secure.gravatar.com\/avatar\/68592660ad6347fad0fb587f8d5d8f1a7b44961362f56e4f2cd524feb87e9069?s=96&d=mm&r=g","url":"https:\/\/secure.gravatar.com\/avatar\/68592660ad6347fad0fb587f8d5d8f1a7b44961362f56e4f2cd524feb87e9069?s=96&d=mm&r=g","contentUrl":"https:\/\/secure.gravatar.com\/avatar\/68592660ad6347fad0fb587f8d5d8f1a7b44961362f56e4f2cd524feb87e9069?s=96&d=mm&r=g","caption":"dmcsrbija.com@gmail.com"},"sameAs":["https:\/\/dmcsrb.com"],"url":"https:\/\/dmcsrb.com\/en\/author\/dmcsrbija-comgmail-com\/"}]}},"_links":{"self":[{"href":"https:\/\/dmcsrb.com\/en\/wp-json\/wp\/v2\/posts\/915363","targetHints":{"allow":["GET"]}}],"collection":[{"href":"https:\/\/dmcsrb.com\/en\/wp-json\/wp\/v2\/posts"}],"about":[{"href":"https:\/\/dmcsrb.com\/en\/wp-json\/wp\/v2\/types\/post"}],"author":[{"embeddable":true,"href":"https:\/\/dmcsrb.com\/en\/wp-json\/wp\/v2\/users\/1"}],"replies":[{"embeddable":true,"href":"https:\/\/dmcsrb.com\/en\/wp-json\/wp\/v2\/comments?post=915363"}],"version-history":[{"count":0,"href":"https:\/\/dmcsrb.com\/en\/wp-json\/wp\/v2\/posts\/915363\/revisions"}],"wp:featuredmedia":[{"embeddable":true,"href":"https:\/\/dmcsrb.com\/en\/wp-json\/wp\/v2\/media\/909320"}],"wp:attachment":[{"href":"https:\/\/dmcsrb.com\/en\/wp-json\/wp\/v2\/media?parent=915363"}],"wp:term":[{"taxonomy":"category","embeddable":true,"href":"https:\/\/dmcsrb.com\/en\/wp-json\/wp\/v2\/categories?post=915363"},{"taxonomy":"post_tag","embeddable":true,"href":"https:\/\/dmcsrb.com\/en\/wp-json\/wp\/v2\/tags?post=915363"},{"taxonomy":"naslovna","embeddable":true,"href":"https:\/\/dmcsrb.com\/en\/wp-json\/wp\/v2\/naslovna?post=915363"}],"curies":[{"name":"wp","href":"https:\/\/api.w.org\/{rel}","templated":true}]}}