{"id":915347,"date":"2025-12-23T20:05:00","date_gmt":"2025-12-23T19:05:00","guid":{"rendered":"https:\/\/dmcsrb.com\/uncategorized\/smanjen-broj-stranaca-snizio-kirije-na-primorju\/"},"modified":"2025-12-23T20:05:00","modified_gmt":"2025-12-23T19:05:00","slug":"smanjen-broj-stranaca-snizio-kirije-na-primorju","status":"publish","type":"post","link":"https:\/\/dmcsrb.com\/en\/ekonomija\/smanjen-broj-stranaca-snizio-kirije-na-primorju\/","title":{"rendered":"Smanjen broj stranaca snizio kirije na primorju"},"content":{"rendered":"<p>Manje stranaca i ni\u017ee kirije \u2013 to pokazuju posljednji podaci agencija za nekretnine. Odlazak dijela stranih dr\u017eavljana ve\u0107 se osje\u0107a na tr\u017ei\u0161tu, posebno na primorju, gdje je potra\u017enja za stanovima u padu.<\/p>\n\n\n\n<p>&#8220;Odlazak stranaca smanjuje potra\u017enju za objektima. Na primorju je do\u0161lo do smanjenog najma. Dugoro\u010dni najam je opao kao i cijene stanova za 15 i 20 posto&#8221;, ka\u017ee Sne\u017eana Vlaovi\u0107 iz agencije za nekretnine.<\/p>\n\n\n\n<p>Odlazak stranaca neminovno ce se odraziti i na turisti\u010dki sektor, ali fokus mora biti na dugoro\u010dnim rje\u0161enjima, upozorava profesor turizma Mi\u0161ko Ra\u0111enovi\u0107.<br><br>&#8220;Ja se ne bih brinuo da li \u0107e dr\u017eavljani Turske ostvariti manje ili vi\u0161e dolazaka nego bih se veoma potrudio a rije\u0161im sistemske stvari, a to je na koji na\u010din uspostaviti odr\u017eivi turizam u CG&#8221;, ka\u017ee&nbsp;Mi\u0161ko Ra\u0111enovi\u0107, profesor turizma.<\/p>\n\n\n\n<p>Ra\u0111enovi\u0107 isti\u010de da je klju\u010d u sna\u017enijem marketingu i promociji Crne Gore, uz okretanje ka novim tr\u017ei\u0161tima i jasnije pozicioniranje zemlje kao odr\u017eive turisti\u010dke destinacije.<\/p>\n\n\n\n<p>&#8220;Ono \u0161to zabrinjava je da CG jo\u0161 uvijek veoma malo ula\u017ee u turisti\u010dki marketnig&#8221;, ka\u017ee on i dodaje da moramo ispraviti tu sistemsku gre\u0161ku, ne zavisiti od nekog tr\u017ei\u0161ta direktno.<\/p>\n\n\n\n<p>U pozadini ovih promjena nalazi se bezbjednosni incident koji se dogodio na Zabjelu, nakon kojeg su uvedene vize za turske dr\u017eavljane. Iz Poreske uprave saop\u0161tili su da su od kraja oktobra do danas obrisana 63 privredna subjekta koja su imala makar jednog osniva\u010da iz Turske.<\/p>\n\n\n\n<p>&#8220;Djelatnosti u kojima su zatvorene kompanije poslovale: nespecijalizovana trgovina na veliko, djelatanost reklamnih agencija, izgradnja stambenih i nestambenih zgrada, kompjutersko programiranje, konsultantske aktivnosti u vezi s poslovanjem i ostalim upravljanjem&#8221;, ka\u017eu iz Poreske uprave.<\/p>\n\n\n\n<p>Sprovo\u0111enje bezbjednosnih mjera, uklju\u010duju\u0107i poja\u010dane provjere dolazaka iz zemalja oslobo\u0111enih viza, nije samo unutra\u0161nje pitanje, ve\u0107 i obaveza Crne Gore na putu ka Evropskoj uniji. U posljednjem izvje\u0161taju Evropske komisije navodi se da je 2024. i 2025. ostvaren napredak u uskla\u0111ivanju vizne politike s pravilima Evropske unije, uz o\u010dekivanje da se efikasnost tih mjera jasno dokumentuje.<\/p>","protected":false},"excerpt":{"rendered":"<p>Odlazak stranih dr\u017eavljana ve\u0107 se odra\u017eava na tr\u017ei\u0161te nekretnina i turizam u Crnoj Gori. Agenti za nekretnine ka\u017eu da odlazak stranaca zna\u010di i manje interesovanje za iznajmljivanje stanova ali ne i ni\u017ee cijene nekretnina. S druge strane, profesor turizma Mi\u0161ko Ra\u0111enovi\u0107 ka\u017ee da Crna Gora ne treba da brine zbog odlaska stranaca, ve\u0107 da prona\u0111e na\u010din da promovi\u0161e odr\u017eivi turizam. Odlazak stranih dr\u017eavljana ve\u0107 se odra\u017eava na tr\u017ei\u0161te nekretnina i turizam u Crnoj Gori. Da li pad potra\u017enje zna\u010di i ni\u017ee cijene, kakav je uticaj vizne politike i \u0161ta o\u010dekuju stru\u010dnjaci pogledajte u prilogu koji slijedi.<\/p>","protected":false},"author":1,"featured_media":915348,"comment_status":"open","ping_status":"open","sticky":false,"template":"","format":"standard","meta":{"_acf_changed":false,"footnotes":""},"categories":[27],"tags":[4257,1581,2909],"naslovna":[],"class_list":["post-915347","post","type-post","status-publish","format-standard","has-post-thumbnail","hentry","category-ekonomija","tag-kirije","tag-primorje","tag-stranci"],"acf":[],"yoast_head":"<!-- This site is optimized with the Yoast SEO plugin v27.4 - https:\/\/yoast.com\/product\/yoast-seo-wordpress\/ -->\n<title>Smanjen broj stranaca snizio kirije na primorju - dmcsrb.com<\/title>\n<meta name=\"robots\" content=\"index, follow, max-snippet:-1, max-image-preview:large, max-video-preview:-1\" \/>\n<link rel=\"canonical\" href=\"https:\/\/dmcsrb.com\/en\/ekonomija\/smanjen-broj-stranaca-snizio-kirije-na-primorju\/\" \/>\n<meta property=\"og:locale\" content=\"en_GB\" \/>\n<meta property=\"og:type\" content=\"article\" \/>\n<meta property=\"og:title\" content=\"Smanjen broj stranaca snizio kirije na primorju - dmcsrb.com\" \/>\n<meta property=\"og:description\" content=\"Odlazak stranih dr\u017eavljana ve\u0107 se odra\u017eava na tr\u017ei\u0161te nekretnina i turizam u Crnoj Gori. Agenti za nekretnine ka\u017eu da odlazak stranaca zna\u010di i manje interesovanje za iznajmljivanje stanova ali ne i ni\u017ee cijene nekretnina. S druge strane, profesor turizma Mi\u0161ko Ra\u0111enovi\u0107 ka\u017ee da Crna Gora ne treba da brine zbog odlaska stranaca, ve\u0107 da prona\u0111e na\u010din da promovi\u0161e odr\u017eivi turizam. Odlazak stranih dr\u017eavljana ve\u0107 se odra\u017eava na tr\u017ei\u0161te nekretnina i turizam u Crnoj Gori. Da li pad potra\u017enje zna\u010di i ni\u017ee cijene, kakav je uticaj vizne politike i \u0161ta o\u010dekuju stru\u010dnjaci pogledajte u prilogu koji slijedi.\" \/>\n<meta property=\"og:url\" content=\"https:\/\/dmcsrb.com\/en\/ekonomija\/smanjen-broj-stranaca-snizio-kirije-na-primorju\/\" \/>\n<meta property=\"og:site_name\" content=\"dmcsrb.com\" \/>\n<meta property=\"article:published_time\" content=\"2025-12-23T19:05:00+00:00\" \/>\n<meta property=\"og:image\" content=\"https:\/\/dmcsrb.com\/wp-content\/uploads\/2026\/01\/foto-RTCG.jpg\" \/>\n\t<meta property=\"og:image:width\" content=\"1841\" \/>\n\t<meta property=\"og:image:height\" content=\"894\" \/>\n\t<meta property=\"og:image:type\" content=\"image\/jpeg\" \/>\n<meta name=\"author\" content=\"dmcsrbija.com@gmail.com\" \/>\n<meta name=\"twitter:card\" content=\"summary_large_image\" \/>\n<meta name=\"twitter:label1\" content=\"Written by\" \/>\n\t<meta name=\"twitter:data1\" content=\"dmcsrbija.com@gmail.com\" \/>\n\t<meta name=\"twitter:label2\" content=\"Estimated reading time\" \/>\n\t<meta name=\"twitter:data2\" content=\"2 minutes\" \/>\n<script type=\"application\/ld+json\" class=\"yoast-schema-graph\">{\"@context\":\"https:\\\/\\\/schema.org\",\"@graph\":[{\"@type\":\"Article\",\"@id\":\"https:\\\/\\\/dmcsrb.com\\\/ekonomija\\\/smanjen-broj-stranaca-snizio-kirije-na-primorju\\\/#article\",\"isPartOf\":{\"@id\":\"https:\\\/\\\/dmcsrb.com\\\/ekonomija\\\/smanjen-broj-stranaca-snizio-kirije-na-primorju\\\/\"},\"author\":{\"name\":\"dmcsrbija.com@gmail.com\",\"@id\":\"https:\\\/\\\/dmcsrb.com\\\/#\\\/schema\\\/person\\\/5c39170f12db1b8b457732d0b5c854e2\"},\"headline\":\"Smanjen broj stranaca snizio kirije na primorju\",\"datePublished\":\"2025-12-23T19:05:00+00:00\",\"mainEntityOfPage\":{\"@id\":\"https:\\\/\\\/dmcsrb.com\\\/ekonomija\\\/smanjen-broj-stranaca-snizio-kirije-na-primorju\\\/\"},\"wordCount\":369,\"commentCount\":0,\"image\":{\"@id\":\"https:\\\/\\\/dmcsrb.com\\\/ekonomija\\\/smanjen-broj-stranaca-snizio-kirije-na-primorju\\\/#primaryimage\"},\"thumbnailUrl\":\"https:\\\/\\\/dmcsrb.com\\\/wp-content\\\/uploads\\\/2026\\\/01\\\/foto-RTCG.jpg\",\"keywords\":[\"kirije\",\"Primorje\",\"stranci\"],\"articleSection\":[\"Ekonomija\"],\"inLanguage\":\"en-GB\",\"potentialAction\":[{\"@type\":\"CommentAction\",\"name\":\"Comment\",\"target\":[\"https:\\\/\\\/dmcsrb.com\\\/ekonomija\\\/smanjen-broj-stranaca-snizio-kirije-na-primorju\\\/#respond\"]}]},{\"@type\":\"WebPage\",\"@id\":\"https:\\\/\\\/dmcsrb.com\\\/ekonomija\\\/smanjen-broj-stranaca-snizio-kirije-na-primorju\\\/\",\"url\":\"https:\\\/\\\/dmcsrb.com\\\/ekonomija\\\/smanjen-broj-stranaca-snizio-kirije-na-primorju\\\/\",\"name\":\"Smanjen broj stranaca snizio kirije na primorju - dmcsrb.com\",\"isPartOf\":{\"@id\":\"https:\\\/\\\/dmcsrb.com\\\/#website\"},\"primaryImageOfPage\":{\"@id\":\"https:\\\/\\\/dmcsrb.com\\\/ekonomija\\\/smanjen-broj-stranaca-snizio-kirije-na-primorju\\\/#primaryimage\"},\"image\":{\"@id\":\"https:\\\/\\\/dmcsrb.com\\\/ekonomija\\\/smanjen-broj-stranaca-snizio-kirije-na-primorju\\\/#primaryimage\"},\"thumbnailUrl\":\"https:\\\/\\\/dmcsrb.com\\\/wp-content\\\/uploads\\\/2026\\\/01\\\/foto-RTCG.jpg\",\"datePublished\":\"2025-12-23T19:05:00+00:00\",\"author\":{\"@id\":\"https:\\\/\\\/dmcsrb.com\\\/#\\\/schema\\\/person\\\/5c39170f12db1b8b457732d0b5c854e2\"},\"breadcrumb\":{\"@id\":\"https:\\\/\\\/dmcsrb.com\\\/ekonomija\\\/smanjen-broj-stranaca-snizio-kirije-na-primorju\\\/#breadcrumb\"},\"inLanguage\":\"en-GB\",\"potentialAction\":[{\"@type\":\"ReadAction\",\"target\":[\"https:\\\/\\\/dmcsrb.com\\\/ekonomija\\\/smanjen-broj-stranaca-snizio-kirije-na-primorju\\\/\"]}]},{\"@type\":\"ImageObject\",\"inLanguage\":\"en-GB\",\"@id\":\"https:\\\/\\\/dmcsrb.com\\\/ekonomija\\\/smanjen-broj-stranaca-snizio-kirije-na-primorju\\\/#primaryimage\",\"url\":\"https:\\\/\\\/dmcsrb.com\\\/wp-content\\\/uploads\\\/2026\\\/01\\\/foto-RTCG.jpg\",\"contentUrl\":\"https:\\\/\\\/dmcsrb.com\\\/wp-content\\\/uploads\\\/2026\\\/01\\\/foto-RTCG.jpg\",\"width\":1841,\"height\":894},{\"@type\":\"BreadcrumbList\",\"@id\":\"https:\\\/\\\/dmcsrb.com\\\/ekonomija\\\/smanjen-broj-stranaca-snizio-kirije-na-primorju\\\/#breadcrumb\",\"itemListElement\":[{\"@type\":\"ListItem\",\"position\":1,\"name\":\"Home\",\"item\":\"https:\\\/\\\/dmcsrb.com\\\/\"},{\"@type\":\"ListItem\",\"position\":2,\"name\":\"Smanjen broj stranaca snizio kirije na primorju\"}]},{\"@type\":\"WebSite\",\"@id\":\"https:\\\/\\\/dmcsrb.com\\\/#website\",\"url\":\"https:\\\/\\\/dmcsrb.com\\\/\",\"name\":\"dmcsrb.com\",\"description\":\"\",\"potentialAction\":[{\"@type\":\"SearchAction\",\"target\":{\"@type\":\"EntryPoint\",\"urlTemplate\":\"https:\\\/\\\/dmcsrb.com\\\/?s={search_term_string}\"},\"query-input\":{\"@type\":\"PropertyValueSpecification\",\"valueRequired\":true,\"valueName\":\"search_term_string\"}}],\"inLanguage\":\"en-GB\"},{\"@type\":\"Person\",\"@id\":\"https:\\\/\\\/dmcsrb.com\\\/#\\\/schema\\\/person\\\/5c39170f12db1b8b457732d0b5c854e2\",\"name\":\"dmcsrbija.com@gmail.com\",\"image\":{\"@type\":\"ImageObject\",\"inLanguage\":\"en-GB\",\"@id\":\"https:\\\/\\\/secure.gravatar.com\\\/avatar\\\/68592660ad6347fad0fb587f8d5d8f1a7b44961362f56e4f2cd524feb87e9069?s=96&d=mm&r=g\",\"url\":\"https:\\\/\\\/secure.gravatar.com\\\/avatar\\\/68592660ad6347fad0fb587f8d5d8f1a7b44961362f56e4f2cd524feb87e9069?s=96&d=mm&r=g\",\"contentUrl\":\"https:\\\/\\\/secure.gravatar.com\\\/avatar\\\/68592660ad6347fad0fb587f8d5d8f1a7b44961362f56e4f2cd524feb87e9069?s=96&d=mm&r=g\",\"caption\":\"dmcsrbija.com@gmail.com\"},\"sameAs\":[\"https:\\\/\\\/dmcsrb.com\"],\"url\":\"https:\\\/\\\/dmcsrb.com\\\/en\\\/author\\\/dmcsrbija-comgmail-com\\\/\"}]}<\/script>\n<!-- \/ Yoast SEO plugin. -->","yoast_head_json":{"title":"Smanjen broj stranaca snizio kirije na primorju - dmcsrb.com","robots":{"index":"index","follow":"follow","max-snippet":"max-snippet:-1","max-image-preview":"max-image-preview:large","max-video-preview":"max-video-preview:-1"},"canonical":"https:\/\/dmcsrb.com\/en\/ekonomija\/smanjen-broj-stranaca-snizio-kirije-na-primorju\/","og_locale":"en_GB","og_type":"article","og_title":"Smanjen broj stranaca snizio kirije na primorju - dmcsrb.com","og_description":"Odlazak stranih dr\u017eavljana ve\u0107 se odra\u017eava na tr\u017ei\u0161te nekretnina i turizam u Crnoj Gori. Agenti za nekretnine ka\u017eu da odlazak stranaca zna\u010di i manje interesovanje za iznajmljivanje stanova ali ne i ni\u017ee cijene nekretnina. S druge strane, profesor turizma Mi\u0161ko Ra\u0111enovi\u0107 ka\u017ee da Crna Gora ne treba da brine zbog odlaska stranaca, ve\u0107 da prona\u0111e na\u010din da promovi\u0161e odr\u017eivi turizam. Odlazak stranih dr\u017eavljana ve\u0107 se odra\u017eava na tr\u017ei\u0161te nekretnina i turizam u Crnoj Gori. Da li pad potra\u017enje zna\u010di i ni\u017ee cijene, kakav je uticaj vizne politike i \u0161ta o\u010dekuju stru\u010dnjaci pogledajte u prilogu koji slijedi.","og_url":"https:\/\/dmcsrb.com\/en\/ekonomija\/smanjen-broj-stranaca-snizio-kirije-na-primorju\/","og_site_name":"dmcsrb.com","article_published_time":"2025-12-23T19:05:00+00:00","og_image":[{"width":1841,"height":894,"url":"https:\/\/dmcsrb.com\/wp-content\/uploads\/2026\/01\/foto-RTCG.jpg","type":"image\/jpeg"}],"author":"dmcsrbija.com@gmail.com","twitter_card":"summary_large_image","twitter_misc":{"Written by":"dmcsrbija.com@gmail.com","Estimated reading time":"2 minutes"},"schema":{"@context":"https:\/\/schema.org","@graph":[{"@type":"Article","@id":"https:\/\/dmcsrb.com\/ekonomija\/smanjen-broj-stranaca-snizio-kirije-na-primorju\/#article","isPartOf":{"@id":"https:\/\/dmcsrb.com\/ekonomija\/smanjen-broj-stranaca-snizio-kirije-na-primorju\/"},"author":{"name":"dmcsrbija.com@gmail.com","@id":"https:\/\/dmcsrb.com\/#\/schema\/person\/5c39170f12db1b8b457732d0b5c854e2"},"headline":"Smanjen broj stranaca snizio kirije na primorju","datePublished":"2025-12-23T19:05:00+00:00","mainEntityOfPage":{"@id":"https:\/\/dmcsrb.com\/ekonomija\/smanjen-broj-stranaca-snizio-kirije-na-primorju\/"},"wordCount":369,"commentCount":0,"image":{"@id":"https:\/\/dmcsrb.com\/ekonomija\/smanjen-broj-stranaca-snizio-kirije-na-primorju\/#primaryimage"},"thumbnailUrl":"https:\/\/dmcsrb.com\/wp-content\/uploads\/2026\/01\/foto-RTCG.jpg","keywords":["kirije","Primorje","stranci"],"articleSection":["Ekonomija"],"inLanguage":"en-GB","potentialAction":[{"@type":"CommentAction","name":"Comment","target":["https:\/\/dmcsrb.com\/ekonomija\/smanjen-broj-stranaca-snizio-kirije-na-primorju\/#respond"]}]},{"@type":"WebPage","@id":"https:\/\/dmcsrb.com\/ekonomija\/smanjen-broj-stranaca-snizio-kirije-na-primorju\/","url":"https:\/\/dmcsrb.com\/ekonomija\/smanjen-broj-stranaca-snizio-kirije-na-primorju\/","name":"Smanjen broj stranaca snizio kirije na primorju - dmcsrb.com","isPartOf":{"@id":"https:\/\/dmcsrb.com\/#website"},"primaryImageOfPage":{"@id":"https:\/\/dmcsrb.com\/ekonomija\/smanjen-broj-stranaca-snizio-kirije-na-primorju\/#primaryimage"},"image":{"@id":"https:\/\/dmcsrb.com\/ekonomija\/smanjen-broj-stranaca-snizio-kirije-na-primorju\/#primaryimage"},"thumbnailUrl":"https:\/\/dmcsrb.com\/wp-content\/uploads\/2026\/01\/foto-RTCG.jpg","datePublished":"2025-12-23T19:05:00+00:00","author":{"@id":"https:\/\/dmcsrb.com\/#\/schema\/person\/5c39170f12db1b8b457732d0b5c854e2"},"breadcrumb":{"@id":"https:\/\/dmcsrb.com\/ekonomija\/smanjen-broj-stranaca-snizio-kirije-na-primorju\/#breadcrumb"},"inLanguage":"en-GB","potentialAction":[{"@type":"ReadAction","target":["https:\/\/dmcsrb.com\/ekonomija\/smanjen-broj-stranaca-snizio-kirije-na-primorju\/"]}]},{"@type":"ImageObject","inLanguage":"en-GB","@id":"https:\/\/dmcsrb.com\/ekonomija\/smanjen-broj-stranaca-snizio-kirije-na-primorju\/#primaryimage","url":"https:\/\/dmcsrb.com\/wp-content\/uploads\/2026\/01\/foto-RTCG.jpg","contentUrl":"https:\/\/dmcsrb.com\/wp-content\/uploads\/2026\/01\/foto-RTCG.jpg","width":1841,"height":894},{"@type":"BreadcrumbList","@id":"https:\/\/dmcsrb.com\/ekonomija\/smanjen-broj-stranaca-snizio-kirije-na-primorju\/#breadcrumb","itemListElement":[{"@type":"ListItem","position":1,"name":"Home","item":"https:\/\/dmcsrb.com\/"},{"@type":"ListItem","position":2,"name":"Smanjen broj stranaca snizio kirije na primorju"}]},{"@type":"WebSite","@id":"https:\/\/dmcsrb.com\/#website","url":"https:\/\/dmcsrb.com\/","name":"dmcsrb.com","description":"","potentialAction":[{"@type":"SearchAction","target":{"@type":"EntryPoint","urlTemplate":"https:\/\/dmcsrb.com\/?s={search_term_string}"},"query-input":{"@type":"PropertyValueSpecification","valueRequired":true,"valueName":"search_term_string"}}],"inLanguage":"en-GB"},{"@type":"Person","@id":"https:\/\/dmcsrb.com\/#\/schema\/person\/5c39170f12db1b8b457732d0b5c854e2","name":"dmcsrbija.com@gmail.com","image":{"@type":"ImageObject","inLanguage":"en-GB","@id":"https:\/\/secure.gravatar.com\/avatar\/68592660ad6347fad0fb587f8d5d8f1a7b44961362f56e4f2cd524feb87e9069?s=96&d=mm&r=g","url":"https:\/\/secure.gravatar.com\/avatar\/68592660ad6347fad0fb587f8d5d8f1a7b44961362f56e4f2cd524feb87e9069?s=96&d=mm&r=g","contentUrl":"https:\/\/secure.gravatar.com\/avatar\/68592660ad6347fad0fb587f8d5d8f1a7b44961362f56e4f2cd524feb87e9069?s=96&d=mm&r=g","caption":"dmcsrbija.com@gmail.com"},"sameAs":["https:\/\/dmcsrb.com"],"url":"https:\/\/dmcsrb.com\/en\/author\/dmcsrbija-comgmail-com\/"}]}},"_links":{"self":[{"href":"https:\/\/dmcsrb.com\/en\/wp-json\/wp\/v2\/posts\/915347","targetHints":{"allow":["GET"]}}],"collection":[{"href":"https:\/\/dmcsrb.com\/en\/wp-json\/wp\/v2\/posts"}],"about":[{"href":"https:\/\/dmcsrb.com\/en\/wp-json\/wp\/v2\/types\/post"}],"author":[{"embeddable":true,"href":"https:\/\/dmcsrb.com\/en\/wp-json\/wp\/v2\/users\/1"}],"replies":[{"embeddable":true,"href":"https:\/\/dmcsrb.com\/en\/wp-json\/wp\/v2\/comments?post=915347"}],"version-history":[{"count":0,"href":"https:\/\/dmcsrb.com\/en\/wp-json\/wp\/v2\/posts\/915347\/revisions"}],"wp:featuredmedia":[{"embeddable":true,"href":"https:\/\/dmcsrb.com\/en\/wp-json\/wp\/v2\/media\/915348"}],"wp:attachment":[{"href":"https:\/\/dmcsrb.com\/en\/wp-json\/wp\/v2\/media?parent=915347"}],"wp:term":[{"taxonomy":"category","embeddable":true,"href":"https:\/\/dmcsrb.com\/en\/wp-json\/wp\/v2\/categories?post=915347"},{"taxonomy":"post_tag","embeddable":true,"href":"https:\/\/dmcsrb.com\/en\/wp-json\/wp\/v2\/tags?post=915347"},{"taxonomy":"naslovna","embeddable":true,"href":"https:\/\/dmcsrb.com\/en\/wp-json\/wp\/v2\/naslovna?post=915347"}],"curies":[{"name":"wp","href":"https:\/\/api.w.org\/{rel}","templated":true}]}}