{"id":915345,"date":"2025-12-23T19:10:00","date_gmt":"2025-12-23T18:10:00","guid":{"rendered":"https:\/\/dmcsrb.com\/uncategorized\/vukicevic-potpisan-novi-kolektivni-ugovor-u-zicg-kojim-je-znacajno-poboljsan-polozaj-zaposlenih\/"},"modified":"2025-12-23T19:10:00","modified_gmt":"2025-12-23T18:10:00","slug":"vukicevic-potpisan-novi-kolektivni-ugovor-u-zicg-kojim-je-znacajno-poboljsan-polozaj-zaposlenih","status":"publish","type":"post","link":"https:\/\/dmcsrb.com\/en\/ekonomija\/vukicevic-potpisan-novi-kolektivni-ugovor-u-zicg-kojim-je-znacajno-poboljsan-polozaj-zaposlenih\/","title":{"rendered":"Vuki\u0107evi\u0107: Potpisan novi Kolektivni ugovor u \u017dICG kojim je zna\u010dajno pobolj\u0161an polo\u017eaj zaposlenih"},"content":{"rendered":"<p><\/p>\n\n\n\n<p><br>\u201eDanas je zna\u010dajan dan za sve zaposlene u \u017deljezni\u010dkoj infrastrukturi Crne Gore. Kao \u0161to smo ranije ove godine i obe\u0107ali, potpisan je novi Kolektivni ugovor, kojim zna\u010dajno unapre\u0111ujemo polo\u017eaj radnika u ovoj, za sektor saobra\u0107aja izuzetno zna\u010dajnoj kompaniji\u201c, navela je Vuki\u0107evi\u0107.<\/p>\n\n\n\n<p><br>Prema njenim rije\u010dima, unapre\u0111enje statusa zaposlenih prati i nastavak sna\u017enog investicionog ciklusa u \u017eeljezni\u010dku infrastrukturu.<\/p>\n\n\n\n<p><br>\u201eUskoro se o\u010dekuje potpisivanje ugovora o grantu sa Evropskom investicionom bankom, \u010dime \u0107e se stvoriti uslovi za realizaciju projekta rekonstrukcije pruge. Tako\u0111e, zavr\u0161ena je prva faza tendera za nabavku novih vozova, a nakon vi\u0161e od 20 godina popravljena je i okretnica za lokomotive u Baru\u201c, istakla je ministarka.<\/p>\n\n\n\n<p><br>Ona je poru\u010dila da ovi potezi potvr\u0111uju jasnu posve\u0107enost dr\u017eave modernizaciji \u017eeljeznice i stvaranju uslova za dugoro\u010dni razvoj odr\u017eivog i bezbjednog saobra\u0107aja u Crnoj Gori.<\/p>","protected":false},"excerpt":{"rendered":"<p>Zaposleni u \u017deljezni\u010dka infrastruktura Crne Gore dobili su novi Kolektivni ugovor, \u010dime je, kako je saop\u0161teno, zna\u010dajno unaprije\u0111en njihov radni i materijalni polo\u017eaj. Rije\u010d je o kompaniji od klju\u010dnog zna\u010daja za funkcionisanje saobra\u0107ajnog sistema Crne Gore. Ministarka saobra\u0107aja Maja Vuki\u0107evi\u0107 poru\u010dila je da je potpisivanje Kolektivnog ugovora ispunjenje ranije datog obe\u0107anja zaposlenima.<\/p>","protected":false},"author":1,"featured_media":915346,"comment_status":"open","ping_status":"open","sticky":false,"template":"","format":"standard","meta":{"_acf_changed":false,"footnotes":""},"categories":[27],"tags":[4255,1898,4256],"naslovna":[],"class_list":["post-915345","post","type-post","status-publish","format-standard","has-post-thumbnail","hentry","category-ekonomija","tag-kolektivni-ugovor","tag-maja-vukicevic","tag-zicg"],"acf":[],"yoast_head":"<!-- This site is optimized with the Yoast SEO plugin v27.0 - https:\/\/yoast.com\/product\/yoast-seo-wordpress\/ -->\n<title>Vuki\u0107evi\u0107: Potpisan novi Kolektivni ugovor u \u017dICG kojim je zna\u010dajno pobolj\u0161an polo\u017eaj zaposlenih - dmcsrb.com<\/title>\n<meta name=\"robots\" content=\"index, follow, max-snippet:-1, max-image-preview:large, max-video-preview:-1\" \/>\n<link rel=\"canonical\" href=\"https:\/\/dmcsrb.com\/en\/ekonomija\/vukicevic-potpisan-novi-kolektivni-ugovor-u-zicg-kojim-je-znacajno-poboljsan-polozaj-zaposlenih\/\" \/>\n<meta property=\"og:locale\" content=\"en_GB\" \/>\n<meta property=\"og:type\" content=\"article\" \/>\n<meta property=\"og:title\" content=\"Vuki\u0107evi\u0107: Potpisan novi Kolektivni ugovor u \u017dICG kojim je zna\u010dajno pobolj\u0161an polo\u017eaj zaposlenih - dmcsrb.com\" \/>\n<meta property=\"og:description\" content=\"Zaposleni u \u017deljezni\u010dka infrastruktura Crne Gore dobili su novi Kolektivni ugovor, \u010dime je, kako je saop\u0161teno, zna\u010dajno unaprije\u0111en njihov radni i materijalni polo\u017eaj. Rije\u010d je o kompaniji od klju\u010dnog zna\u010daja za funkcionisanje saobra\u0107ajnog sistema Crne Gore. Ministarka saobra\u0107aja Maja Vuki\u0107evi\u0107 poru\u010dila je da je potpisivanje Kolektivnog ugovora ispunjenje ranije datog obe\u0107anja zaposlenima.\" \/>\n<meta property=\"og:url\" content=\"https:\/\/dmcsrb.com\/en\/ekonomija\/vukicevic-potpisan-novi-kolektivni-ugovor-u-zicg-kojim-je-znacajno-poboljsan-polozaj-zaposlenih\/\" \/>\n<meta property=\"og:site_name\" content=\"dmcsrb.com\" \/>\n<meta property=\"article:published_time\" content=\"2025-12-23T18:10:00+00:00\" \/>\n<meta property=\"og:image\" content=\"https:\/\/dmcsrb.com\/wp-content\/uploads\/2026\/01\/Capture-51.jpg\" \/>\n\t<meta property=\"og:image:width\" content=\"1497\" \/>\n\t<meta property=\"og:image:height\" content=\"981\" \/>\n\t<meta property=\"og:image:type\" content=\"image\/jpeg\" \/>\n<meta name=\"author\" content=\"dmcsrbija.com@gmail.com\" \/>\n<meta name=\"twitter:card\" content=\"summary_large_image\" \/>\n<meta name=\"twitter:label1\" content=\"Written by\" \/>\n\t<meta name=\"twitter:data1\" content=\"dmcsrbija.com@gmail.com\" \/>\n\t<meta name=\"twitter:label2\" content=\"Estimated reading time\" \/>\n\t<meta name=\"twitter:data2\" content=\"1 minute\" \/>\n<script type=\"application\/ld+json\" class=\"yoast-schema-graph\">{\"@context\":\"https:\/\/schema.org\",\"@graph\":[{\"@type\":\"Article\",\"@id\":\"https:\/\/dmcsrb.com\/ekonomija\/vukicevic-potpisan-novi-kolektivni-ugovor-u-zicg-kojim-je-znacajno-poboljsan-polozaj-zaposlenih\/#article\",\"isPartOf\":{\"@id\":\"https:\/\/dmcsrb.com\/ekonomija\/vukicevic-potpisan-novi-kolektivni-ugovor-u-zicg-kojim-je-znacajno-poboljsan-polozaj-zaposlenih\/\"},\"author\":{\"name\":\"dmcsrbija.com@gmail.com\",\"@id\":\"https:\/\/dmcsrb.com\/#\/schema\/person\/5c39170f12db1b8b457732d0b5c854e2\"},\"headline\":\"Vuki\u0107evi\u0107: Potpisan novi Kolektivni ugovor u \u017dICG kojim je zna\u010dajno pobolj\u0161an polo\u017eaj zaposlenih\",\"datePublished\":\"2025-12-23T18:10:00+00:00\",\"mainEntityOfPage\":{\"@id\":\"https:\/\/dmcsrb.com\/ekonomija\/vukicevic-potpisan-novi-kolektivni-ugovor-u-zicg-kojim-je-znacajno-poboljsan-polozaj-zaposlenih\/\"},\"wordCount\":169,\"commentCount\":0,\"image\":{\"@id\":\"https:\/\/dmcsrb.com\/ekonomija\/vukicevic-potpisan-novi-kolektivni-ugovor-u-zicg-kojim-je-znacajno-poboljsan-polozaj-zaposlenih\/#primaryimage\"},\"thumbnailUrl\":\"https:\/\/dmcsrb.com\/wp-content\/uploads\/2026\/01\/Capture-51.jpg\",\"keywords\":[\"Kolektivni ugovor\",\"maja vuki\u0107evi\u0107\",\"\u017dICG\"],\"articleSection\":[\"Ekonomija\"],\"inLanguage\":\"en-GB\",\"potentialAction\":[{\"@type\":\"CommentAction\",\"name\":\"Comment\",\"target\":[\"https:\/\/dmcsrb.com\/ekonomija\/vukicevic-potpisan-novi-kolektivni-ugovor-u-zicg-kojim-je-znacajno-poboljsan-polozaj-zaposlenih\/#respond\"]}]},{\"@type\":\"WebPage\",\"@id\":\"https:\/\/dmcsrb.com\/ekonomija\/vukicevic-potpisan-novi-kolektivni-ugovor-u-zicg-kojim-je-znacajno-poboljsan-polozaj-zaposlenih\/\",\"url\":\"https:\/\/dmcsrb.com\/ekonomija\/vukicevic-potpisan-novi-kolektivni-ugovor-u-zicg-kojim-je-znacajno-poboljsan-polozaj-zaposlenih\/\",\"name\":\"Vuki\u0107evi\u0107: Potpisan novi Kolektivni ugovor u \u017dICG kojim je zna\u010dajno pobolj\u0161an polo\u017eaj zaposlenih - dmcsrb.com\",\"isPartOf\":{\"@id\":\"https:\/\/dmcsrb.com\/#website\"},\"primaryImageOfPage\":{\"@id\":\"https:\/\/dmcsrb.com\/ekonomija\/vukicevic-potpisan-novi-kolektivni-ugovor-u-zicg-kojim-je-znacajno-poboljsan-polozaj-zaposlenih\/#primaryimage\"},\"image\":{\"@id\":\"https:\/\/dmcsrb.com\/ekonomija\/vukicevic-potpisan-novi-kolektivni-ugovor-u-zicg-kojim-je-znacajno-poboljsan-polozaj-zaposlenih\/#primaryimage\"},\"thumbnailUrl\":\"https:\/\/dmcsrb.com\/wp-content\/uploads\/2026\/01\/Capture-51.jpg\",\"datePublished\":\"2025-12-23T18:10:00+00:00\",\"author\":{\"@id\":\"https:\/\/dmcsrb.com\/#\/schema\/person\/5c39170f12db1b8b457732d0b5c854e2\"},\"breadcrumb\":{\"@id\":\"https:\/\/dmcsrb.com\/ekonomija\/vukicevic-potpisan-novi-kolektivni-ugovor-u-zicg-kojim-je-znacajno-poboljsan-polozaj-zaposlenih\/#breadcrumb\"},\"inLanguage\":\"en-GB\",\"potentialAction\":[{\"@type\":\"ReadAction\",\"target\":[\"https:\/\/dmcsrb.com\/ekonomija\/vukicevic-potpisan-novi-kolektivni-ugovor-u-zicg-kojim-je-znacajno-poboljsan-polozaj-zaposlenih\/\"]}]},{\"@type\":\"ImageObject\",\"inLanguage\":\"en-GB\",\"@id\":\"https:\/\/dmcsrb.com\/ekonomija\/vukicevic-potpisan-novi-kolektivni-ugovor-u-zicg-kojim-je-znacajno-poboljsan-polozaj-zaposlenih\/#primaryimage\",\"url\":\"https:\/\/dmcsrb.com\/wp-content\/uploads\/2026\/01\/Capture-51.jpg\",\"contentUrl\":\"https:\/\/dmcsrb.com\/wp-content\/uploads\/2026\/01\/Capture-51.jpg\",\"width\":1497,\"height\":981},{\"@type\":\"BreadcrumbList\",\"@id\":\"https:\/\/dmcsrb.com\/ekonomija\/vukicevic-potpisan-novi-kolektivni-ugovor-u-zicg-kojim-je-znacajno-poboljsan-polozaj-zaposlenih\/#breadcrumb\",\"itemListElement\":[{\"@type\":\"ListItem\",\"position\":1,\"name\":\"Home\",\"item\":\"https:\/\/dmcsrb.com\/\"},{\"@type\":\"ListItem\",\"position\":2,\"name\":\"Vuki\u0107evi\u0107: Potpisan novi Kolektivni ugovor u \u017dICG kojim je zna\u010dajno pobolj\u0161an polo\u017eaj zaposlenih\"}]},{\"@type\":\"WebSite\",\"@id\":\"https:\/\/dmcsrb.com\/#website\",\"url\":\"https:\/\/dmcsrb.com\/\",\"name\":\"dmcsrb.com\",\"description\":\"\",\"potentialAction\":[{\"@type\":\"SearchAction\",\"target\":{\"@type\":\"EntryPoint\",\"urlTemplate\":\"https:\/\/dmcsrb.com\/?s={search_term_string}\"},\"query-input\":{\"@type\":\"PropertyValueSpecification\",\"valueRequired\":true,\"valueName\":\"search_term_string\"}}],\"inLanguage\":\"en-GB\"},{\"@type\":\"Person\",\"@id\":\"https:\/\/dmcsrb.com\/#\/schema\/person\/5c39170f12db1b8b457732d0b5c854e2\",\"name\":\"dmcsrbija.com@gmail.com\",\"image\":{\"@type\":\"ImageObject\",\"inLanguage\":\"en-GB\",\"@id\":\"https:\/\/dmcsrb.com\/#\/schema\/person\/image\/\",\"url\":\"https:\/\/secure.gravatar.com\/avatar\/68592660ad6347fad0fb587f8d5d8f1a7b44961362f56e4f2cd524feb87e9069?s=96&d=mm&r=g\",\"contentUrl\":\"https:\/\/secure.gravatar.com\/avatar\/68592660ad6347fad0fb587f8d5d8f1a7b44961362f56e4f2cd524feb87e9069?s=96&d=mm&r=g\",\"caption\":\"dmcsrbija.com@gmail.com\"},\"sameAs\":[\"https:\/\/dmcsrb.com\"],\"url\":\"https:\/\/dmcsrb.com\/en\/author\/dmcsrbija-comgmail-com\/\"}]}<\/script>\n<!-- \/ Yoast SEO plugin. -->","yoast_head_json":{"title":"Vuki\u0107evi\u0107: Potpisan novi Kolektivni ugovor u \u017dICG kojim je zna\u010dajno pobolj\u0161an polo\u017eaj zaposlenih - dmcsrb.com","robots":{"index":"index","follow":"follow","max-snippet":"max-snippet:-1","max-image-preview":"max-image-preview:large","max-video-preview":"max-video-preview:-1"},"canonical":"https:\/\/dmcsrb.com\/en\/ekonomija\/vukicevic-potpisan-novi-kolektivni-ugovor-u-zicg-kojim-je-znacajno-poboljsan-polozaj-zaposlenih\/","og_locale":"en_GB","og_type":"article","og_title":"Vuki\u0107evi\u0107: Potpisan novi Kolektivni ugovor u \u017dICG kojim je zna\u010dajno pobolj\u0161an polo\u017eaj zaposlenih - dmcsrb.com","og_description":"Zaposleni u \u017deljezni\u010dka infrastruktura Crne Gore dobili su novi Kolektivni ugovor, \u010dime je, kako je saop\u0161teno, zna\u010dajno unaprije\u0111en njihov radni i materijalni polo\u017eaj. Rije\u010d je o kompaniji od klju\u010dnog zna\u010daja za funkcionisanje saobra\u0107ajnog sistema Crne Gore. Ministarka saobra\u0107aja Maja Vuki\u0107evi\u0107 poru\u010dila je da je potpisivanje Kolektivnog ugovora ispunjenje ranije datog obe\u0107anja zaposlenima.","og_url":"https:\/\/dmcsrb.com\/en\/ekonomija\/vukicevic-potpisan-novi-kolektivni-ugovor-u-zicg-kojim-je-znacajno-poboljsan-polozaj-zaposlenih\/","og_site_name":"dmcsrb.com","article_published_time":"2025-12-23T18:10:00+00:00","og_image":[{"width":1497,"height":981,"url":"https:\/\/dmcsrb.com\/wp-content\/uploads\/2026\/01\/Capture-51.jpg","type":"image\/jpeg"}],"author":"dmcsrbija.com@gmail.com","twitter_card":"summary_large_image","twitter_misc":{"Written by":"dmcsrbija.com@gmail.com","Estimated reading time":"1 minute"},"schema":{"@context":"https:\/\/schema.org","@graph":[{"@type":"Article","@id":"https:\/\/dmcsrb.com\/ekonomija\/vukicevic-potpisan-novi-kolektivni-ugovor-u-zicg-kojim-je-znacajno-poboljsan-polozaj-zaposlenih\/#article","isPartOf":{"@id":"https:\/\/dmcsrb.com\/ekonomija\/vukicevic-potpisan-novi-kolektivni-ugovor-u-zicg-kojim-je-znacajno-poboljsan-polozaj-zaposlenih\/"},"author":{"name":"dmcsrbija.com@gmail.com","@id":"https:\/\/dmcsrb.com\/#\/schema\/person\/5c39170f12db1b8b457732d0b5c854e2"},"headline":"Vuki\u0107evi\u0107: Potpisan novi Kolektivni ugovor u \u017dICG kojim je zna\u010dajno pobolj\u0161an polo\u017eaj zaposlenih","datePublished":"2025-12-23T18:10:00+00:00","mainEntityOfPage":{"@id":"https:\/\/dmcsrb.com\/ekonomija\/vukicevic-potpisan-novi-kolektivni-ugovor-u-zicg-kojim-je-znacajno-poboljsan-polozaj-zaposlenih\/"},"wordCount":169,"commentCount":0,"image":{"@id":"https:\/\/dmcsrb.com\/ekonomija\/vukicevic-potpisan-novi-kolektivni-ugovor-u-zicg-kojim-je-znacajno-poboljsan-polozaj-zaposlenih\/#primaryimage"},"thumbnailUrl":"https:\/\/dmcsrb.com\/wp-content\/uploads\/2026\/01\/Capture-51.jpg","keywords":["Kolektivni ugovor","maja vuki\u0107evi\u0107","\u017dICG"],"articleSection":["Ekonomija"],"inLanguage":"en-GB","potentialAction":[{"@type":"CommentAction","name":"Comment","target":["https:\/\/dmcsrb.com\/ekonomija\/vukicevic-potpisan-novi-kolektivni-ugovor-u-zicg-kojim-je-znacajno-poboljsan-polozaj-zaposlenih\/#respond"]}]},{"@type":"WebPage","@id":"https:\/\/dmcsrb.com\/ekonomija\/vukicevic-potpisan-novi-kolektivni-ugovor-u-zicg-kojim-je-znacajno-poboljsan-polozaj-zaposlenih\/","url":"https:\/\/dmcsrb.com\/ekonomija\/vukicevic-potpisan-novi-kolektivni-ugovor-u-zicg-kojim-je-znacajno-poboljsan-polozaj-zaposlenih\/","name":"Vuki\u0107evi\u0107: Potpisan novi Kolektivni ugovor u \u017dICG kojim je zna\u010dajno pobolj\u0161an polo\u017eaj zaposlenih - dmcsrb.com","isPartOf":{"@id":"https:\/\/dmcsrb.com\/#website"},"primaryImageOfPage":{"@id":"https:\/\/dmcsrb.com\/ekonomija\/vukicevic-potpisan-novi-kolektivni-ugovor-u-zicg-kojim-je-znacajno-poboljsan-polozaj-zaposlenih\/#primaryimage"},"image":{"@id":"https:\/\/dmcsrb.com\/ekonomija\/vukicevic-potpisan-novi-kolektivni-ugovor-u-zicg-kojim-je-znacajno-poboljsan-polozaj-zaposlenih\/#primaryimage"},"thumbnailUrl":"https:\/\/dmcsrb.com\/wp-content\/uploads\/2026\/01\/Capture-51.jpg","datePublished":"2025-12-23T18:10:00+00:00","author":{"@id":"https:\/\/dmcsrb.com\/#\/schema\/person\/5c39170f12db1b8b457732d0b5c854e2"},"breadcrumb":{"@id":"https:\/\/dmcsrb.com\/ekonomija\/vukicevic-potpisan-novi-kolektivni-ugovor-u-zicg-kojim-je-znacajno-poboljsan-polozaj-zaposlenih\/#breadcrumb"},"inLanguage":"en-GB","potentialAction":[{"@type":"ReadAction","target":["https:\/\/dmcsrb.com\/ekonomija\/vukicevic-potpisan-novi-kolektivni-ugovor-u-zicg-kojim-je-znacajno-poboljsan-polozaj-zaposlenih\/"]}]},{"@type":"ImageObject","inLanguage":"en-GB","@id":"https:\/\/dmcsrb.com\/ekonomija\/vukicevic-potpisan-novi-kolektivni-ugovor-u-zicg-kojim-je-znacajno-poboljsan-polozaj-zaposlenih\/#primaryimage","url":"https:\/\/dmcsrb.com\/wp-content\/uploads\/2026\/01\/Capture-51.jpg","contentUrl":"https:\/\/dmcsrb.com\/wp-content\/uploads\/2026\/01\/Capture-51.jpg","width":1497,"height":981},{"@type":"BreadcrumbList","@id":"https:\/\/dmcsrb.com\/ekonomija\/vukicevic-potpisan-novi-kolektivni-ugovor-u-zicg-kojim-je-znacajno-poboljsan-polozaj-zaposlenih\/#breadcrumb","itemListElement":[{"@type":"ListItem","position":1,"name":"Home","item":"https:\/\/dmcsrb.com\/"},{"@type":"ListItem","position":2,"name":"Vuki\u0107evi\u0107: Potpisan novi Kolektivni ugovor u \u017dICG kojim je zna\u010dajno pobolj\u0161an polo\u017eaj zaposlenih"}]},{"@type":"WebSite","@id":"https:\/\/dmcsrb.com\/#website","url":"https:\/\/dmcsrb.com\/","name":"dmcsrb.com","description":"","potentialAction":[{"@type":"SearchAction","target":{"@type":"EntryPoint","urlTemplate":"https:\/\/dmcsrb.com\/?s={search_term_string}"},"query-input":{"@type":"PropertyValueSpecification","valueRequired":true,"valueName":"search_term_string"}}],"inLanguage":"en-GB"},{"@type":"Person","@id":"https:\/\/dmcsrb.com\/#\/schema\/person\/5c39170f12db1b8b457732d0b5c854e2","name":"dmcsrbija.com@gmail.com","image":{"@type":"ImageObject","inLanguage":"en-GB","@id":"https:\/\/dmcsrb.com\/#\/schema\/person\/image\/","url":"https:\/\/secure.gravatar.com\/avatar\/68592660ad6347fad0fb587f8d5d8f1a7b44961362f56e4f2cd524feb87e9069?s=96&d=mm&r=g","contentUrl":"https:\/\/secure.gravatar.com\/avatar\/68592660ad6347fad0fb587f8d5d8f1a7b44961362f56e4f2cd524feb87e9069?s=96&d=mm&r=g","caption":"dmcsrbija.com@gmail.com"},"sameAs":["https:\/\/dmcsrb.com"],"url":"https:\/\/dmcsrb.com\/en\/author\/dmcsrbija-comgmail-com\/"}]}},"_links":{"self":[{"href":"https:\/\/dmcsrb.com\/en\/wp-json\/wp\/v2\/posts\/915345","targetHints":{"allow":["GET"]}}],"collection":[{"href":"https:\/\/dmcsrb.com\/en\/wp-json\/wp\/v2\/posts"}],"about":[{"href":"https:\/\/dmcsrb.com\/en\/wp-json\/wp\/v2\/types\/post"}],"author":[{"embeddable":true,"href":"https:\/\/dmcsrb.com\/en\/wp-json\/wp\/v2\/users\/1"}],"replies":[{"embeddable":true,"href":"https:\/\/dmcsrb.com\/en\/wp-json\/wp\/v2\/comments?post=915345"}],"version-history":[{"count":0,"href":"https:\/\/dmcsrb.com\/en\/wp-json\/wp\/v2\/posts\/915345\/revisions"}],"wp:featuredmedia":[{"embeddable":true,"href":"https:\/\/dmcsrb.com\/en\/wp-json\/wp\/v2\/media\/915346"}],"wp:attachment":[{"href":"https:\/\/dmcsrb.com\/en\/wp-json\/wp\/v2\/media?parent=915345"}],"wp:term":[{"taxonomy":"category","embeddable":true,"href":"https:\/\/dmcsrb.com\/en\/wp-json\/wp\/v2\/categories?post=915345"},{"taxonomy":"post_tag","embeddable":true,"href":"https:\/\/dmcsrb.com\/en\/wp-json\/wp\/v2\/tags?post=915345"},{"taxonomy":"naslovna","embeddable":true,"href":"https:\/\/dmcsrb.com\/en\/wp-json\/wp\/v2\/naslovna?post=915345"}],"curies":[{"name":"wp","href":"https:\/\/api.w.org\/{rel}","templated":true}]}}